{"id":1,"date":"2020-01-02T09:41:08","date_gmt":"2020-01-02T08:41:08","guid":{"rendered":"https:\/\/teletrabajoynegocios.com\/telesecretarias\/?p=1"},"modified":"2020-02-10T13:30:46","modified_gmt":"2020-02-10T12:30:46","slug":"hola-mundo","status":"publish","type":"post","link":"https:\/\/teletrabajoynegocios.com\/telesecretarias\/hola-mundo\/","title":{"rendered":"\u00bfEl teletrabajo puede perjudicar a las mujeres en su carrera laboral?"},"content":{"rendered":"<div id=\"telet-1995200140\" class=\"telet-antes-del-contenido telet-entity-placement\"><a href=\"https:\/\/quaderno.io\/?via=jose-manuel94\" aria-label=\"Quaderno General (Spanish) &#8211; 728&#215;90\"><img loading=\"lazy\" decoding=\"async\" src=\"https:\/\/teletrabajoynegocios.com\/telesecretarias\/wp-content\/uploads\/sites\/2\/2020\/11\/Quaderno-General-Spanish-728x90-1.png\" alt=\"\"  srcset=\"https:\/\/teletrabajoynegocios.com\/telesecretarias\/wp-content\/uploads\/sites\/2\/2020\/11\/Quaderno-General-Spanish-728x90-1.png 728w, https:\/\/teletrabajoynegocios.com\/telesecretarias\/wp-content\/uploads\/sites\/2\/2020\/11\/Quaderno-General-Spanish-728x90-1-300x37.png 300w\" sizes=\"(max-width: 728px) 100vw, 728px\" width=\"728\" height=\"90\"   \/><\/a><\/div><p>Cada vez es m\u00e1s habitual ver c\u00f3mo algunos empleados deciden no ir a trabajar uno o dos d\u00edas a la semana a la oficina. En realidad, s\u00ed que desarrollar\u00e1n sus tareas habituales, pero lo har\u00e1n desde su casa, conectados a internet. Otros trabajadores apenas ni se dejan ver por la empresa: s\u00f3lo se acercan por all\u00ed para cuestiones puntuales y pasan la mayor\u00eda de su tiempo laboral en una habitaci\u00f3n, en su propio hogar. Sea de manera parcial o total, el&nbsp;<a href=\"https:\/\/www.hosteltur.com\/tag\/teletrabajo\" target=\"_blank\" rel=\"noopener noreferrer\">teletrabajo<\/a>&nbsp;sigue ganando terreno y ya representa el&nbsp;<strong>7,4% de los ocupados en Espa\u00f1a<\/strong>. No obstante, esta opci\u00f3n tambi\u00e9n tiene sus riesgos.<\/p>\n<p>Agentes de viajes y teleoperadores de compa\u00f1\u00edas a\u00e9reas son algunas de las primeras profesionales del sector tur\u00edstico que han abrazado el concepto de teletrabajo.<\/p>\n<p>En China, por ejemplo,&nbsp;<a href=\"https:\/\/www.hosteltur.com\/108416_trabajar-desde-casa-tres-lecciones-que-aprendio-una-gran-agencia-de-viajes.html\" target=\"_blank\" rel=\"noopener noreferrer\">la agencia de viajes Ctrip fue una de las pioneras en introducir el sistema de trabajo a distancia<\/a>&nbsp;entre una parte de su plantilla.<\/p>\n<p>Y&nbsp;<a href=\"https:\/\/www.hosteltur.com\/115190_40-agentes-norteamericanos-trabaja-casa.html\" target=\"_blank\" rel=\"noopener noreferrer\">en Estados Unidos, cuatro de cada diez agentes de viajes trabaja desde su hogar<\/a>.<\/p>\n<blockquote><p>Una de las primeras ventajas de trabajar desde casa es el ahorro de tiempo al no tener que desplazarse desde casa hasta la oficina<\/p><\/blockquote>\n<p>Otra ventaja es un&nbsp;<strong>aumento de la productividad<\/strong>&nbsp;entre los empleados que trabajan desde casa, tal como demostr\u00f3 la prueba realizada por la agencia de viajes china CTrip<\/p>\n<p>No obstante, cuando CTrip envi\u00f3 enviar a 250 de sus operadores del servicio a atenci\u00f3n al cliente a trabajar desde sus casas, conectados a internet y a la centralita telef\u00f3nica, casi la mitad decidi\u00f3 volver a la oficina al cabo de unos meses \u00absobre todo porque<strong>&nbsp;se sent\u00edan solos<\/strong>\u00ab.<\/p>\n<hr>\n<p><img decoding=\"async\" src=\"http:\/\/web.vallebro.biz\/wp-content\/uploads\/2020\/01\/articulos.png\"><\/p>\n<div class=\"wp-rss-template-container\" data-wpra-template=\"default\" data-template-ctx=\"W10=\">\n    <div class=\"wp-rss-aggregator wpra-list-template  \" data-page=\"1\">\n    \n    \n<ul class=\"wpra-item-list rss-aggregator wpra-item-list--bullets wpra-item-list--default\"\n    start=\"1\">\n                        <li class=\"wpra-item feed-item \">\n            \n            \n\n    <a  href=\"https:\/\/distritoemprendedores.com\/blog\/2026\/03\/16\/hello-world\/\" target=\"_blank\" rel=\"nofollow\" class=\"\">Hello world!<\/a>\n\n\n\n\n\n\n<div class=\"wprss-feed-meta\">\n            <span class=\"feed-source\">\n            Source:\n\n                            Distrito Emprendedores\n                    <\/span>\n    \n            <span class=\"feed-date\">\n            Published on 2026-03-16\n        <\/span>\n    \n    <\/div>\n\n\n\n\n\n            \n        <\/li>\n                    <li class=\"wpra-item feed-item \">\n            \n            \n\n    <a  href=\"https:\/\/www.dropbox.com\/scl\/fi\/b6csvpbfxu24vaezmo3es\/62bed0634df20e5ef35346439fdd423f_franquicias.pdf?rlkey=mfp2795s4n89mw35l0yeu2vl5&amp;e=2&amp;st=57kabuy0&amp;dl=0#new_tab\" target=\"_blank\" rel=\"nofollow\" class=\"\">Las franquicias espa\u00f1olas duplican su presencia en mercados for\u00e1neos<\/a>\n\n\n\n\n\n\n<div class=\"wprss-feed-meta\">\n            <span class=\"feed-source\">\n            Source:\n\n                            Distrito Emprendedores\n                    <\/span>\n    \n            <span class=\"feed-date\">\n            Published on 2026-03-11\n        <\/span>\n    \n    <\/div>\n\n\n\n\n\n            \n        <\/li>\n                    <li class=\"wpra-item feed-item \">\n            \n            \n\n    <a  href=\"https:\/\/distritoemprendedores.es\/blog\/5-errores-fatales-al-internacionalizar-tu-franquicia\/\" target=\"_blank\" rel=\"nofollow\" class=\"\">5 errores fatales al internacionalizar tu franquicia<\/a>\n\n\n\n\n\n\n<div class=\"wprss-feed-meta\">\n            <span class=\"feed-source\">\n            Source:\n\n                            Distrito Emprendedores\n                    <\/span>\n    \n            <span class=\"feed-date\">\n            Published on 2026-03-10\n        <\/span>\n    \n    <\/div>\n\n\n\n\n\n            \n        <\/li>\n                    <li class=\"wpra-item feed-item \">\n            \n            \n\n    <a  href=\"https:\/\/distritoemprendedores.es\/blog\/un-nuevo-prime-time-para-las-marcas-afterwork-tardeo-y-futbol-se-consolidan-como-los-grandes-motores-del-consumo-experiencial\/\" target=\"_blank\" rel=\"nofollow\" class=\"\">Un nuevo prime time para las marcas: afterwork, tardeo y f\u00fatbol se consolidan como los grandes motores del consumo experiencial<\/a>\n\n\n\n\n\n\n<div class=\"wprss-feed-meta\">\n            <span class=\"feed-source\">\n            Source:\n\n                            Distrito Emprendedores\n                    <\/span>\n    \n            <span class=\"feed-date\">\n            Published on 2026-03-09\n        <\/span>\n    \n    <\/div>\n\n\n\n\n\n            \n        <\/li>\n                    <li class=\"wpra-item feed-item \">\n            \n            \n\n    <a  href=\"https:\/\/distritoemprendedores.es\/blog\/la-ventaja-competitiva-esta-en-entender-como-pregunta-el-consumidor\/\" target=\"_blank\" rel=\"nofollow\" class=\"\">La ventaja competitiva est\u00e1 en entender c\u00f3mo pregunta el consumidor<\/a>\n\n\n\n\n\n\n<div class=\"wprss-feed-meta\">\n            <span class=\"feed-source\">\n            Source:\n\n                            Distrito Emprendedores\n                    <\/span>\n    \n            <span class=\"feed-date\">\n            Published on 2026-03-08\n        <\/span>\n    \n    <\/div>\n\n\n\n\n\n            \n        <\/li>\n                    <li class=\"wpra-item feed-item \">\n            \n            \n\n    <a  href=\"https:\/\/distritoemprendedores.es\/blog\/solo-el-7-de-los-espanoles-cree-a-las-marcas-cuando-comunican-sus-valores-con-hechos-demostrables\/\" target=\"_blank\" rel=\"nofollow\" class=\"\">Solo el 7% de los espa\u00f1oles cree a las marcas cuando comunican sus valores con hechos demostrables<\/a>\n\n\n\n\n\n\n<div class=\"wprss-feed-meta\">\n            <span class=\"feed-source\">\n            Source:\n\n                            Distrito Emprendedores\n                    <\/span>\n    \n            <span class=\"feed-date\">\n            Published on 2026-03-07\n        <\/span>\n    \n    <\/div>\n\n\n\n\n\n            \n        <\/li>\n                    <li class=\"wpra-item feed-item \">\n            \n            \n\n    <a  href=\"https:\/\/distritoemprendedores.es\/blog\/el-38-de-las-empresas-creadas-en-2019-ha-echado-ya-el-cierre\/\" target=\"_blank\" rel=\"nofollow\" class=\"\">El 38% de las empresas creadas en 2019 ha echado ya el cierre<\/a>\n\n\n\n\n\n\n<div class=\"wprss-feed-meta\">\n            <span class=\"feed-source\">\n            Source:\n\n                            Distrito Emprendedores\n                    <\/span>\n    \n            <span class=\"feed-date\">\n            Published on 2026-03-06\n        <\/span>\n    \n    <\/div>\n\n\n\n\n\n            \n        <\/li>\n                    <li class=\"wpra-item feed-item \">\n            \n            \n\n    <a  href=\"https:\/\/distritoemprendedores.es\/blog\/descubre-las-oportunidades-y-tendencias-en-el-mercado-de-la-franquicia-para-2026\/\" target=\"_blank\" rel=\"nofollow\" class=\"\">Descubre las oportunidades y tendencias en el mercado de la franquicia para 2026<\/a>\n\n\n\n\n\n\n<div class=\"wprss-feed-meta\">\n            <span class=\"feed-source\">\n            Source:\n\n                            Distrito Emprendedores\n                    <\/span>\n    \n            <span class=\"feed-date\">\n            Published on 2026-03-05\n        <\/span>\n    \n    <\/div>\n\n\n\n\n\n            \n        <\/li>\n                    <li class=\"wpra-item feed-item \">\n            \n            \n\n    <a  href=\"https:\/\/distritoemprendedores.es\/blog\/las-startups-de-salud-mas-punteras-del-mundo\/\" target=\"_blank\" rel=\"nofollow\" class=\"\">Las startups de salud m\u00e1s punteras del mundo<\/a>\n\n\n\n\n\n\n<div class=\"wprss-feed-meta\">\n            <span class=\"feed-source\">\n            Source:\n\n                            Distrito Emprendedores\n                    <\/span>\n    \n            <span class=\"feed-date\">\n            Published on 2026-03-04\n        <\/span>\n    \n    <\/div>\n\n\n\n\n\n            \n        <\/li>\n                    <li class=\"wpra-item feed-item \">\n            \n            \n\n    <a  href=\"https:\/\/distritoemprendedores.es\/blog\/puesta-en-marcha-de-un-negocio-primeros-pasos-para-validar-vender-y-controlar-la-tesoreria\/\" target=\"_blank\" rel=\"nofollow\" class=\"\">Puesta en marcha de un negocio: primeros pasos para validar, vender y controlar la tesorer\u00eda<\/a>\n\n\n\n\n\n\n<div class=\"wprss-feed-meta\">\n            <span class=\"feed-source\">\n            Source:\n\n                            Distrito Emprendedores\n                    <\/span>\n    \n            <span class=\"feed-date\">\n            Published on 2026-03-03\n        <\/span>\n    \n    <\/div>\n\n\n\n\n\n            \n        <\/li>\n                    <li class=\"wpra-item feed-item \">\n            \n            \n\n    <a  href=\"https:\/\/distritoemprendedores.es\/blog\/6-franquicias-sin-apenas-competencia-en-el-mercado\/\" target=\"_blank\" rel=\"nofollow\" class=\"\">6 franquicias sin apenas competencia en el mercado<\/a>\n\n\n\n\n\n\n<div class=\"wprss-feed-meta\">\n            <span class=\"feed-source\">\n            Source:\n\n                            Distrito Emprendedores\n                    <\/span>\n    \n            <span class=\"feed-date\">\n            Published on 2026-03-02\n        <\/span>\n    \n    <\/div>\n\n\n\n\n\n            \n        <\/li>\n                    <li class=\"wpra-item feed-item \">\n            \n            \n\n    <a  href=\"https:\/\/digistorage.es\/links\/71d78951-a420-4f5b-8de6-7b35ae7efc1c#new_tab\" target=\"_blank\" rel=\"nofollow\" class=\"\">Los algoritmos amenazan con filtrar las confesiones realizadas al abogado<\/a>\n\n\n\n\n\n\n<div class=\"wprss-feed-meta\">\n            <span class=\"feed-source\">\n            Source:\n\n                            Distrito Emprendedores\n                    <\/span>\n    \n            <span class=\"feed-date\">\n            Published on 2026-03-01\n        <\/span>\n    \n    <\/div>\n\n\n\n\n\n            \n        <\/li>\n                    <li class=\"wpra-item feed-item \">\n            \n            \n\n    <a  href=\"https:\/\/distritoemprendedores.es\/blog\/las-startups-que-mas-innovan-en-el-mundo\/\" target=\"_blank\" rel=\"nofollow\" class=\"\">Las startups que m\u00e1s innovan en el mundo<\/a>\n\n\n\n\n\n\n<div class=\"wprss-feed-meta\">\n            <span class=\"feed-source\">\n            Source:\n\n                            Distrito Emprendedores\n                    <\/span>\n    \n            <span class=\"feed-date\">\n            Published on 2026-02-28\n        <\/span>\n    \n    <\/div>\n\n\n\n\n\n            \n        <\/li>\n                    <li class=\"wpra-item feed-item \">\n            \n            \n\n    <a  href=\"https:\/\/distritoemprendedores.es\/blog\/tiktok-genera-31-000-millones-de-euros-para-las-empresas-europeas-y-3-000-millones-en-espana\/\" target=\"_blank\" rel=\"nofollow\" class=\"\">TikTok genera 31.000 millones de euros para las empresas europeas y 3.000 millones en Espa\u00f1a<\/a>\n\n\n\n\n\n\n<div class=\"wprss-feed-meta\">\n            <span class=\"feed-source\">\n            Source:\n\n                            Distrito Emprendedores\n                    <\/span>\n    \n            <span class=\"feed-date\">\n            Published on 2026-02-27\n        <\/span>\n    \n    <\/div>\n\n\n\n\n\n            \n        <\/li>\n                    <li class=\"wpra-item feed-item \">\n            \n            \n\n    <a  href=\"https:\/\/distritoemprendedores.es\/blog\/amazon-planea-un-marketplace-para-hacer-de-puente-entre-los-publishers-y-las-empresas-de-ia\/\" target=\"_blank\" rel=\"nofollow\" class=\"\">Amazon planea un \u00abmarketplace\u00bb para hacer de puente entre los \u00abpublishers\u00bb y las empresas de IA<\/a>\n\n\n\n\n\n\n<div class=\"wprss-feed-meta\">\n            <span class=\"feed-source\">\n            Source:\n\n                            Distrito Emprendedores\n                    <\/span>\n    \n            <span class=\"feed-date\">\n            Published on 2026-02-26\n        <\/span>\n    \n    <\/div>\n\n\n\n\n\n            \n        <\/li>\n        <\/ul>\n\n        \n<\/div>\n\n<\/div>\n\n<hr>\n<h2>Oportunidades<\/h2>\n<p>Seg\u00fan un informe de&nbsp;<strong>Adecco<\/strong>&nbsp;del pasado agosto, \u00ablas personas que trabajan al menos ocasionalmente desde su hogar equivalen ahora al 7,4% del total de ocupados en Espa\u00f1a. Aunque parece un porcentaje bajo,&nbsp;<strong>la tendencia es ascendente.<\/strong>&nbsp;De los casi 950.000 empleos creados en los \u00faltimos ocho trimestres, un 25% correspondi\u00f3 a teletrabajadores\u00bb.<\/p>\n<p>No obstante, el teletrabajo tambi\u00e9n presenta riesgos para los propios empleados y especialmente para las mujeres, seg\u00fan ha puesto de manifiesto un estudio elaborado por investigadoras de la&nbsp;<strong>UOC<\/strong>.<\/p>\n<p>Dicho estudio ha analizado a 72 mujeres con cargas familiares que se han acogido al teletrabajo de forma libre.<\/p>\n<p>De acuerdo con las conclusiones de ese informe, \u00abel teletrabajo permite a las empleadas reclamar un espacio propio que les facilita el derecho a ser madres y a desarrollar de forma plena su carrera profesional\u00bb.<\/p>\n<p>De hecho, en un reciente debate entre directoras generales de empresas tur\u00edsticas, se apunt\u00f3 que para facilitar la&nbsp;<strong>conciliaci\u00f3n laboral en determinadas etapas o casos<\/strong>, se puede recurrer al teletrabajo desde casa. Ver tambi\u00e9n&nbsp;<a href=\"https:\/\/www.hosteltur.com\/125802_mujeres-directivas-en-empresas-turisticas-a-esto-se-enfrentan.html\" target=\"_blank\" rel=\"noopener noreferrer\">Mujeres directivas en empresas tur\u00edsticas: a esto se enfrentan<\/a>.<\/p>\n<h2>Riesgos<\/h2>\n<p>Pero aunque las tecnolog\u00edas de la informaci\u00f3n \u00abfacilitan un modelo laboral paritario, trabajar desde casa puede ser todo un riesgo que lleve a las mujeres a dar un&nbsp;<strong>paso atr\u00e1s en su conquista de igualdad<\/strong>\u00ab, apunta el informe de la UOC, realizado conjuntamente por Ana G\u00e1lvez y los profesores Francisco Tirado y Jos\u00e9 M. Manuel Alcaraz.<\/p>\n<p>En este sentido, y seg\u00fan advierte&nbsp;<strong>Ana G\u00e1lvez<\/strong>, profesora de dicha Universidad, \u00abcorremos el riesgo de que las tecnolog\u00edas de la informaci\u00f3n se conviertan en un mecanismo m\u00e1s de reproducci\u00f3n de la diferenciaci\u00f3n tradicional entre los&nbsp;<strong>roles de g\u00e9nero<\/strong>&nbsp;y, por lo tanto, de&nbsp;<strong>profundizaci\u00f3n en la brecha<\/strong>&nbsp;que separa a hombres y mujeres en la cuesti\u00f3n de la&nbsp;<strong>conciliaci\u00f3n<\/strong>\u00ab.<\/p>\n<blockquote><p>\u00bfEl progreso profesional de las mujeres, el aumento de sueldo o su ascenso en el escalaf\u00f3n de la empresa, podr\u00eda verse frenado por el teletrabajo?<\/p><\/blockquote>\n<p>Seg\u00fan apunta&nbsp;<strong>Eva Rimbau<\/strong>, profesora de recursos humanos de la UOC, \u00abes probable que, dadas las&nbsp;<strong>creencias<\/strong>&nbsp;que prevalecen en nuestra sociedad, los supervisores tiendan a pensar que&nbsp;<strong>las mujeres usan el teletrabajo para conciliar<\/strong>&nbsp;y que&nbsp;<strong>los hombres lo usan para ser m\u00e1s productivos<\/strong>, lo que generar\u00eda&nbsp;<strong>menos recomendaciones<\/strong>&nbsp;de los supervisores para que se aumente el salario y se mejore la posici\u00f3n profesional de las teletrabajadoras\u00bb, a\u00f1ade esta experta.<\/p>\n<h2>Recomendaciones<\/h2>\n<p>Para evitar ese tipo de situaciones, la investigadora Ana G\u00e1lvez insiste en la importancia de \u00abcontinuar trabajando entre todos en un modelo laboral paritario\u00bb.<\/p>\n<p>\u00abLas TIC en general, y el teletrabajo en particular, obligan a hacer nuevos aprendizajes y ofrecen la oportunidad de un&nbsp;<strong>nuevo modelo de organizaci\u00f3n laboral\u00bb<\/strong>.<\/p>\n<p>\u00abPara que el teletrabajo funcione y pueda implantarse de forma eficiente en las organizaciones, se necesita una cultura organizacional que eval\u00fae a sus trabajadores y trabajadoras por&nbsp;<strong>objetivos<\/strong>&nbsp;y que deposite en ellos y ellas la m\u00e1xima&nbsp;<strong>confianza<\/strong>\u00ab, concluye esta experta. M\u00e1s detalles sobre el&nbsp;<a href=\"https:\/\/www.uoc.edu\/portal\/es\/news\/actualitat\/2019\/019-teletrabajo-perspectiva-genero.html\" target=\"_blank\" rel=\"noopener noreferrer\">informe de la UOC en este enlace<\/a>.<\/p>\n<p><a href=\"https:\/\/www.hosteltur.com\/\"><em>Xavier Canal\u00eds<\/em><\/a><\/p>\n<div id=\"telet-2341818339\" class=\"telet-despues-del-contenido telet-entity-placement\"><a target=\"_blank\" href=\"\/\/aff.lucushost.com\/resources\/click\/?n=gDxoXMAJ&aff=756\"><img decoding=\"async\" border=\"0\" alt=\"LucusHost, el mejor hosting\" src=\"\/\/aff.lucushost.com\/resources\/banners\/?zoneid=5123&n=gDxoXMAJ&aff=756\" \/><\/a><\/div>","protected":false},"excerpt":{"rendered":"<p>Cada vez es m\u00e1s habitual ver c\u00f3mo algunos empleados deciden no ir a trabajar uno o dos d\u00edas a la semana a la oficina. En realidad, s\u00ed que desarrollar\u00e1n sus&hellip; <\/p>\n","protected":false},"author":1,"featured_media":-1,"comment_status":"open","ping_status":"open","sticky":false,"template":"","format":"standard","meta":{"_jetpack_memberships_contains_paid_content":false,"footnotes":"","_links_to":"","_links_to_target":""},"categories":[1],"tags":[15,14],"class_list":["post-1","post","type-post","status-publish","format-standard","has-post-thumbnail","hentry","category-telesecretarias","tag-fuprisa","tag-jose-manuel-fuentes-prieto"],"nelio_content":{"autoShareEndMode":"never","automationSources":{"useCustomSentences":false,"customSentences":[]},"efiAlt":"","efiUrl":"https:\/\/teletrabajoynegocios.com\/wp-content\/uploads\/2020\/02\/teletrabajadora.jpg","followers":[1],"highlights":[],"isAutoShareEnabled":true,"networkImageIds":[],"permalinkQueryArgs":[],"series":[],"suggestedReferences":[]},"jetpack_featured_media_url":"https:\/\/teletrabajoynegocios.com\/wp-content\/uploads\/2020\/02\/teletrabajadora.jpg","jetpack_sharing_enabled":true,"_links":{"self":[{"href":"https:\/\/teletrabajoynegocios.com\/telesecretarias\/wp-json\/wp\/v2\/posts\/1","targetHints":{"allow":["GET"]}}],"collection":[{"href":"https:\/\/teletrabajoynegocios.com\/telesecretarias\/wp-json\/wp\/v2\/posts"}],"about":[{"href":"https:\/\/teletrabajoynegocios.com\/telesecretarias\/wp-json\/wp\/v2\/types\/post"}],"author":[{"embeddable":true,"href":"https:\/\/teletrabajoynegocios.com\/telesecretarias\/wp-json\/wp\/v2\/users\/1"}],"replies":[{"embeddable":true,"href":"https:\/\/teletrabajoynegocios.com\/telesecretarias\/wp-json\/wp\/v2\/comments?post=1"}],"version-history":[{"count":4,"href":"https:\/\/teletrabajoynegocios.com\/telesecretarias\/wp-json\/wp\/v2\/posts\/1\/revisions"}],"predecessor-version":[{"id":200,"href":"https:\/\/teletrabajoynegocios.com\/telesecretarias\/wp-json\/wp\/v2\/posts\/1\/revisions\/200"}],"wp:featuredmedia":[{"embeddable":true,"href":"https:\/\/teletrabajoynegocios.com\/telesecretarias\/wp-json\/"}],"wp:attachment":[{"href":"https:\/\/teletrabajoynegocios.com\/telesecretarias\/wp-json\/wp\/v2\/media?parent=1"}],"wp:term":[{"taxonomy":"category","embeddable":true,"href":"https:\/\/teletrabajoynegocios.com\/telesecretarias\/wp-json\/wp\/v2\/categories?post=1"},{"taxonomy":"post_tag","embeddable":true,"href":"https:\/\/teletrabajoynegocios.com\/telesecretarias\/wp-json\/wp\/v2\/tags?post=1"}],"curies":[{"name":"wp","href":"https:\/\/api.w.org\/{rel}","templated":true}]}}