{"id":10275,"date":"2022-08-26T11:23:17","date_gmt":"2022-08-26T09:23:17","guid":{"rendered":"https:\/\/teletrabajoynegocios.com\/telesecretarias\/?p=10275"},"modified":"2022-08-19T10:28:02","modified_gmt":"2022-08-19T08:28:02","slug":"como-desactivar-los-widgets-de-windows-11-guia-paso-a-paso","status":"publish","type":"post","link":"https:\/\/teletrabajoynegocios.com\/telesecretarias\/como-desactivar-los-widgets-de-windows-11-guia-paso-a-paso\/","title":{"rendered":"C\u00f3mo desactivar los widgets de Windows 11: gu\u00eda paso a paso"},"content":{"rendered":"<div id=\"telet-557267825\" class=\"telet-antes-del-contenido telet-entity-placement\"><a href=\"https:\/\/quaderno.io\/?via=jose-manuel94\" aria-label=\"Quaderno General (Spanish) &#8211; 728&#215;90\"><img loading=\"lazy\" decoding=\"async\" src=\"https:\/\/teletrabajoynegocios.com\/telesecretarias\/wp-content\/uploads\/sites\/2\/2020\/11\/Quaderno-General-Spanish-728x90-1.png\" alt=\"\"  srcset=\"https:\/\/teletrabajoynegocios.com\/telesecretarias\/wp-content\/uploads\/sites\/2\/2020\/11\/Quaderno-General-Spanish-728x90-1.png 728w, https:\/\/teletrabajoynegocios.com\/telesecretarias\/wp-content\/uploads\/sites\/2\/2020\/11\/Quaderno-General-Spanish-728x90-1-300x37.png 300w\" sizes=\"(max-width: 728px) 100vw, 728px\" width=\"728\" height=\"90\"   \/><\/a><\/div><p>Una de las caracter\u00edsticas\u00a0<a href=\"https:\/\/hipertextual.com\/2021\/12\/widgets-windows-11\">m\u00e1s interesantes<\/a>\u00a0de Windows 11 son sus widgets. Desde Microsoft confirm\u00f3 la llegada de esta funci\u00f3n, se convirti\u00f3 en una de las m\u00e1s promocionadas por la compa\u00f1\u00eda. De hecho, pronto permitir\u00e1n que los\u00a0<a href=\"https:\/\/hipertextual.com\/2022\/05\/windows-11-permitira-usar-widgets-terceros-proximamente\">desarrolladores creen sus propias versiones<\/a>\u00a0para apps de terceros. No obstante, los widgets no gustaron a todo el mundo, y\u00a0<strong>muchos han querido desactivarlos<\/strong>\u00a0desde la primera vez que los vieron.<\/p>\n<p>Si es tu caso,\u00a0<strong>te alegrar\u00e1 saber que existe una forma de desactivar los widgets<\/strong>\u00a0en Windows 11. De hecho, existen dos, una que te permitir\u00e1 ocultarlos de la barra de tareas, y otra con la que podr\u00e1s desactivar sus servicios por completo para que no sigan corriendo en segundo plano.<\/p>\n<p>Ambos m\u00e9todos cuentan con niveles de dificultad distintos. El primero de ellos es el m\u00e1s sencillo, y cualquier usuario puede llevarlo a cabo. El segundo, por otro lado, no es complicado. Eso s\u00ed, requerir\u00e1 entrar a zonas delicadas de tu ordenador con Windows 11. Pero no te preocupes,\u00a0<strong>si sigues los pasos exactos que te dejamos aqu\u00ed, estar\u00e1s totalmente fuera de peligro<\/strong>.<\/p>\n<hr \/>\n<p><img decoding=\"async\" src=\"https:\/\/teletrabajoynegocios.com\/teletrabajador\/wp-content\/uploads\/sites\/3\/2020\/07\/articulos.png\" \/><\/p>\n<div class=\"wp-rss-template-container\" data-wpra-template=\"default\" data-template-ctx=\"W10=\">\n    <div class=\"wp-rss-aggregator wpra-list-template  \" data-page=\"1\">\n    \n    \n<ul class=\"wpra-item-list rss-aggregator wpra-item-list--bullets wpra-item-list--default\"\n    start=\"1\">\n                        <li class=\"wpra-item feed-item \">\n            \n            \n\n    <a  href=\"https:\/\/distritoemprendedores.com\/blog\/2026\/03\/16\/hello-world\/\" target=\"_blank\" rel=\"nofollow\" class=\"\">Hello world!<\/a>\n\n\n\n\n\n\n<div class=\"wprss-feed-meta\">\n            <span class=\"feed-source\">\n            Source:\n\n                            Distrito Emprendedores\n                    <\/span>\n    \n            <span class=\"feed-date\">\n            Published on 2026-03-16\n        <\/span>\n    \n    <\/div>\n\n\n\n\n\n            \n        <\/li>\n                    <li class=\"wpra-item feed-item \">\n            \n            \n\n    <a  href=\"https:\/\/www.dropbox.com\/scl\/fi\/b6csvpbfxu24vaezmo3es\/62bed0634df20e5ef35346439fdd423f_franquicias.pdf?rlkey=mfp2795s4n89mw35l0yeu2vl5&amp;e=2&amp;st=57kabuy0&amp;dl=0#new_tab\" target=\"_blank\" rel=\"nofollow\" class=\"\">Las franquicias espa\u00f1olas duplican su presencia en mercados for\u00e1neos<\/a>\n\n\n\n\n\n\n<div class=\"wprss-feed-meta\">\n            <span class=\"feed-source\">\n            Source:\n\n                            Distrito Emprendedores\n                    <\/span>\n    \n            <span class=\"feed-date\">\n            Published on 2026-03-11\n        <\/span>\n    \n    <\/div>\n\n\n\n\n\n            \n        <\/li>\n                    <li class=\"wpra-item feed-item \">\n            \n            \n\n    <a  href=\"https:\/\/distritoemprendedores.es\/blog\/5-errores-fatales-al-internacionalizar-tu-franquicia\/\" target=\"_blank\" rel=\"nofollow\" class=\"\">5 errores fatales al internacionalizar tu franquicia<\/a>\n\n\n\n\n\n\n<div class=\"wprss-feed-meta\">\n            <span class=\"feed-source\">\n            Source:\n\n                            Distrito Emprendedores\n                    <\/span>\n    \n            <span class=\"feed-date\">\n            Published on 2026-03-10\n        <\/span>\n    \n    <\/div>\n\n\n\n\n\n            \n        <\/li>\n                    <li class=\"wpra-item feed-item \">\n            \n            \n\n    <a  href=\"https:\/\/distritoemprendedores.es\/blog\/un-nuevo-prime-time-para-las-marcas-afterwork-tardeo-y-futbol-se-consolidan-como-los-grandes-motores-del-consumo-experiencial\/\" target=\"_blank\" rel=\"nofollow\" class=\"\">Un nuevo prime time para las marcas: afterwork, tardeo y f\u00fatbol se consolidan como los grandes motores del consumo experiencial<\/a>\n\n\n\n\n\n\n<div class=\"wprss-feed-meta\">\n            <span class=\"feed-source\">\n            Source:\n\n                            Distrito Emprendedores\n                    <\/span>\n    \n            <span class=\"feed-date\">\n            Published on 2026-03-09\n        <\/span>\n    \n    <\/div>\n\n\n\n\n\n            \n        <\/li>\n                    <li class=\"wpra-item feed-item \">\n            \n            \n\n    <a  href=\"https:\/\/distritoemprendedores.es\/blog\/la-ventaja-competitiva-esta-en-entender-como-pregunta-el-consumidor\/\" target=\"_blank\" rel=\"nofollow\" class=\"\">La ventaja competitiva est\u00e1 en entender c\u00f3mo pregunta el consumidor<\/a>\n\n\n\n\n\n\n<div class=\"wprss-feed-meta\">\n            <span class=\"feed-source\">\n            Source:\n\n                            Distrito Emprendedores\n                    <\/span>\n    \n            <span class=\"feed-date\">\n            Published on 2026-03-08\n        <\/span>\n    \n    <\/div>\n\n\n\n\n\n            \n        <\/li>\n                    <li class=\"wpra-item feed-item \">\n            \n            \n\n    <a  href=\"https:\/\/distritoemprendedores.es\/blog\/solo-el-7-de-los-espanoles-cree-a-las-marcas-cuando-comunican-sus-valores-con-hechos-demostrables\/\" target=\"_blank\" rel=\"nofollow\" class=\"\">Solo el 7% de los espa\u00f1oles cree a las marcas cuando comunican sus valores con hechos demostrables<\/a>\n\n\n\n\n\n\n<div class=\"wprss-feed-meta\">\n            <span class=\"feed-source\">\n            Source:\n\n                            Distrito Emprendedores\n                    <\/span>\n    \n            <span class=\"feed-date\">\n            Published on 2026-03-07\n        <\/span>\n    \n    <\/div>\n\n\n\n\n\n            \n        <\/li>\n                    <li class=\"wpra-item feed-item \">\n            \n            \n\n    <a  href=\"https:\/\/distritoemprendedores.es\/blog\/el-38-de-las-empresas-creadas-en-2019-ha-echado-ya-el-cierre\/\" target=\"_blank\" rel=\"nofollow\" class=\"\">El 38% de las empresas creadas en 2019 ha echado ya el cierre<\/a>\n\n\n\n\n\n\n<div class=\"wprss-feed-meta\">\n            <span class=\"feed-source\">\n            Source:\n\n                            Distrito Emprendedores\n                    <\/span>\n    \n            <span class=\"feed-date\">\n            Published on 2026-03-06\n        <\/span>\n    \n    <\/div>\n\n\n\n\n\n            \n        <\/li>\n                    <li class=\"wpra-item feed-item \">\n            \n            \n\n    <a  href=\"https:\/\/distritoemprendedores.es\/blog\/descubre-las-oportunidades-y-tendencias-en-el-mercado-de-la-franquicia-para-2026\/\" target=\"_blank\" rel=\"nofollow\" class=\"\">Descubre las oportunidades y tendencias en el mercado de la franquicia para 2026<\/a>\n\n\n\n\n\n\n<div class=\"wprss-feed-meta\">\n            <span class=\"feed-source\">\n            Source:\n\n                            Distrito Emprendedores\n                    <\/span>\n    \n            <span class=\"feed-date\">\n            Published on 2026-03-05\n        <\/span>\n    \n    <\/div>\n\n\n\n\n\n            \n        <\/li>\n                    <li class=\"wpra-item feed-item \">\n            \n            \n\n    <a  href=\"https:\/\/distritoemprendedores.es\/blog\/las-startups-de-salud-mas-punteras-del-mundo\/\" target=\"_blank\" rel=\"nofollow\" class=\"\">Las startups de salud m\u00e1s punteras del mundo<\/a>\n\n\n\n\n\n\n<div class=\"wprss-feed-meta\">\n            <span class=\"feed-source\">\n            Source:\n\n                            Distrito Emprendedores\n                    <\/span>\n    \n            <span class=\"feed-date\">\n            Published on 2026-03-04\n        <\/span>\n    \n    <\/div>\n\n\n\n\n\n            \n        <\/li>\n                    <li class=\"wpra-item feed-item \">\n            \n            \n\n    <a  href=\"https:\/\/distritoemprendedores.es\/blog\/puesta-en-marcha-de-un-negocio-primeros-pasos-para-validar-vender-y-controlar-la-tesoreria\/\" target=\"_blank\" rel=\"nofollow\" class=\"\">Puesta en marcha de un negocio: primeros pasos para validar, vender y controlar la tesorer\u00eda<\/a>\n\n\n\n\n\n\n<div class=\"wprss-feed-meta\">\n            <span class=\"feed-source\">\n            Source:\n\n                            Distrito Emprendedores\n                    <\/span>\n    \n            <span class=\"feed-date\">\n            Published on 2026-03-03\n        <\/span>\n    \n    <\/div>\n\n\n\n\n\n            \n        <\/li>\n                    <li class=\"wpra-item feed-item \">\n            \n            \n\n    <a  href=\"https:\/\/distritoemprendedores.es\/blog\/6-franquicias-sin-apenas-competencia-en-el-mercado\/\" target=\"_blank\" rel=\"nofollow\" class=\"\">6 franquicias sin apenas competencia en el mercado<\/a>\n\n\n\n\n\n\n<div class=\"wprss-feed-meta\">\n            <span class=\"feed-source\">\n            Source:\n\n                            Distrito Emprendedores\n                    <\/span>\n    \n            <span class=\"feed-date\">\n            Published on 2026-03-02\n        <\/span>\n    \n    <\/div>\n\n\n\n\n\n            \n        <\/li>\n                    <li class=\"wpra-item feed-item \">\n            \n            \n\n    <a  href=\"https:\/\/digistorage.es\/links\/71d78951-a420-4f5b-8de6-7b35ae7efc1c#new_tab\" target=\"_blank\" rel=\"nofollow\" class=\"\">Los algoritmos amenazan con filtrar las confesiones realizadas al abogado<\/a>\n\n\n\n\n\n\n<div class=\"wprss-feed-meta\">\n            <span class=\"feed-source\">\n            Source:\n\n                            Distrito Emprendedores\n                    <\/span>\n    \n            <span class=\"feed-date\">\n            Published on 2026-03-01\n        <\/span>\n    \n    <\/div>\n\n\n\n\n\n            \n        <\/li>\n                    <li class=\"wpra-item feed-item \">\n            \n            \n\n    <a  href=\"https:\/\/distritoemprendedores.es\/blog\/las-startups-que-mas-innovan-en-el-mundo\/\" target=\"_blank\" rel=\"nofollow\" class=\"\">Las startups que m\u00e1s innovan en el mundo<\/a>\n\n\n\n\n\n\n<div class=\"wprss-feed-meta\">\n            <span class=\"feed-source\">\n            Source:\n\n                            Distrito Emprendedores\n                    <\/span>\n    \n            <span class=\"feed-date\">\n            Published on 2026-02-28\n        <\/span>\n    \n    <\/div>\n\n\n\n\n\n            \n        <\/li>\n                    <li class=\"wpra-item feed-item \">\n            \n            \n\n    <a  href=\"https:\/\/distritoemprendedores.es\/blog\/tiktok-genera-31-000-millones-de-euros-para-las-empresas-europeas-y-3-000-millones-en-espana\/\" target=\"_blank\" rel=\"nofollow\" class=\"\">TikTok genera 31.000 millones de euros para las empresas europeas y 3.000 millones en Espa\u00f1a<\/a>\n\n\n\n\n\n\n<div class=\"wprss-feed-meta\">\n            <span class=\"feed-source\">\n            Source:\n\n                            Distrito Emprendedores\n                    <\/span>\n    \n            <span class=\"feed-date\">\n            Published on 2026-02-27\n        <\/span>\n    \n    <\/div>\n\n\n\n\n\n            \n        <\/li>\n                    <li class=\"wpra-item feed-item \">\n            \n            \n\n    <a  href=\"https:\/\/distritoemprendedores.es\/blog\/amazon-planea-un-marketplace-para-hacer-de-puente-entre-los-publishers-y-las-empresas-de-ia\/\" target=\"_blank\" rel=\"nofollow\" class=\"\">Amazon planea un \u00abmarketplace\u00bb para hacer de puente entre los \u00abpublishers\u00bb y las empresas de IA<\/a>\n\n\n\n\n\n\n<div class=\"wprss-feed-meta\">\n            <span class=\"feed-source\">\n            Source:\n\n                            Distrito Emprendedores\n                    <\/span>\n    \n            <span class=\"feed-date\">\n            Published on 2026-02-26\n        <\/span>\n    \n    <\/div>\n\n\n\n\n\n            \n        <\/li>\n        <\/ul>\n\n        \n<\/div>\n\n<\/div>\n\n<hr \/>\n<h2 id=\"h-como-desactivar-los-widgets-de-windows-11\" class=\"has-text-align-center\">C\u00f3mo desactivar los widgets de Windows 11<\/h2>\n<h3 class=\"has-text-align-center\">Modo f\u00e1cil<\/h3>\n<p>Esta es la forma m\u00e1s sencilla de todas. No obstante,\u00a0<strong>los servicios ligados a los widgets se mantendr\u00e1n en segundo plano<\/strong>. S\u00ed, aunque los iconos desaparezcan de tu vista, esta funci\u00f3n seguir\u00e1 consumiendo recursos de tu ordenador con Windows 11<\/p>\n<p>Claro, no es un consumo dram\u00e1tico, pero si no cuentas con una PC muy potente, podr\u00edas ver una ligera ca\u00edda en el rendimiento. Si esto no te quita el sue\u00f1o y tu ordenador va bien incluso con los widgets en pantalla,\u00a0<strong>entonces no te preocupes y sigue estos pasos<\/strong>.<\/p>\n<ol>\n<li>Lleva el cursor del rat\u00f3n hasta la\u00a0<em>barra de tareas<\/em>\u00a0de Windows 11.<\/li>\n<li>Haz clic derecho sobre cualquier espacio vac\u00edo.<\/li>\n<li>En el men\u00fa contextual ver\u00e1s la opci\u00f3n\u00a0<em>Configuraci\u00f3n de barra de tareas<\/em>. Toca sobre ella.<\/li>\n<li>En el apartado\u00a0<em>Elementos de la barra de tareas<\/em>, busca\u00a0<em>Widgets<\/em>. Cuando lo encuentres, simplemente toca el interruptor para desactivarlos.<\/li>\n<\/ol>\n<p>Ya est\u00e1 hecho. Ahora\u00a0<strong>los widgets no deber\u00edan aparecer<\/strong>\u00a0en tu barra de tareas.<\/p>\n<h3 id=\"h-modo-avanzado\" class=\"has-text-align-center\">Modo avanzado<\/h3>\n<p>En esta ocasi\u00f3n,\u00a0<strong>vas a tener que entrar al registro de Windows 11<\/strong>. S\u00ed, no se trata de nada mortal, pero es un men\u00fa bastante delicado debido a todos los datos que contiene. Sin embargo, si sigues el procedimiento tal cual, estar\u00e1s libre de todo peligro.<\/p>\n<p>Por otro lado,\u00a0<strong>este procedimiento desactivar\u00e1 los widgets de Windows 11 por completo<\/strong>. Es decir, incluso sus servicios dejar\u00e1n de funcionar. De esta forma, no habr\u00e1 nada relacionado corriendo en segundo plano y consumiendo los preciados recursos de tu ordenador.<\/p>\n<ol>\n<li>Abre el cuadro\u00a0<em>Ejecutar<\/em>\u00a0de Windows 11. Para hacerlo, solo tienes que pulsar las teclas\u00a0<em>Windows + R<\/em>. Ver\u00e1s que se abre una ventanilla.<\/li>\n<li>En el recuadro de b\u00fasqueda, escribe lo siguiente (sin comillas): \u00ab<em>regedit<\/em>\u00ab. Pulsa\u00a0<em>Shift<\/em>\u00a0+\u00a0<em>Enter<\/em>, de esta forma se abrir\u00e1 el registro con permisos de administrador.<\/li>\n<li>Usando la barra lateral izquierda, navega hasta esta ruta:\u00a0<em>HKEY_LOCAL_MACHINE\\SOFTWARE\\Policies\\Microsoft<\/em><\/li>\n<li>Haz clic derecho sobre la carpeta\u00a0<em>Microsoft<\/em>. En el men\u00fa contextual, ve a\u00a0<em>Nuevo<\/em>\u00a0y posteriormente a\u00a0<em>Clave<\/em>.<\/li>\n<li>Se crear\u00e1 una carpeta. Ren\u00f3mbrala \u00ab<em>Dsh<\/em>\u00ab, sin comillas.<\/li>\n<li>Toca sobre esta nueva carpeta. Ahora, haz clic derecho en la parte derecha de la ventana.<\/li>\n<li>Ve a\u00a0<em>Nuevo<\/em>, y toca en\u00a0<em>Valor de DWORD (32)<\/em>. N\u00f3mbralo como \u00ab<em>AllowNewsAndInterests<\/em>\u00ab, sin comillas.<\/li>\n<li>Cuando est\u00e9 generado el nuevo valor, haz doble clic sobre \u00e9l. Se abrir\u00e1 una ventanilla. As\u00edgnale\u00a0<em>Hexadecimal<\/em>, y en el campo de\u00a0<em>Informaci\u00f3n de valor<\/em>\u00a0escribe 0.<\/li>\n<li>Pulsa\u00a0<em>Aceptar\u00a0<\/em>para guardar los cambios. Posteriormente, cierra la ventana del\u00a0<em>Editor de registro<\/em>.<\/li>\n<\/ol>\n<p>Ahora,\u00a0<strong>los widgets ya no deber\u00edan ser un problema para ti<\/strong>\u00a0en Windows 11. Si todav\u00eda los ves, solo reinicia tu ordenador y ya deber\u00edan haber desaparecido para siempre&#8230; O hasta que elimines la carpeta y el valor que acabas de crear.<\/p>\n<p><span class=\"author vcard\"><a class=\"url fn n\" href=\"https:\/\/hipertextual.com\/author\/tomasrivero\">Tom\u00e1s Rivero<\/a><\/span><\/p>\n<div id=\"telet-637229426\" class=\"telet-despues-del-contenido telet-entity-placement\"><a target=\"_blank\" href=\"\/\/aff.lucushost.com\/resources\/click\/?n=gDxoXMAJ&aff=756\"><img decoding=\"async\" border=\"0\" alt=\"LucusHost, el mejor hosting\" src=\"\/\/aff.lucushost.com\/resources\/banners\/?zoneid=5123&n=gDxoXMAJ&aff=756\" \/><\/a><\/div>","protected":false},"excerpt":{"rendered":"<p>Una de las caracter\u00edsticas\u00a0m\u00e1s interesantes\u00a0de Windows 11 son sus widgets. Desde Microsoft confirm\u00f3 la llegada de esta funci\u00f3n, se convirti\u00f3 en una de las m\u00e1s promocionadas por la compa\u00f1\u00eda. De&hellip; <\/p>\n","protected":false},"author":1,"featured_media":10276,"comment_status":"open","ping_status":"open","sticky":false,"template":"","format":"standard","meta":{"_jetpack_memberships_contains_paid_content":false,"footnotes":"","_links_to":"","_links_to_target":""},"categories":[9],"tags":[15,14],"class_list":["post-10275","post","type-post","status-publish","format-standard","has-post-thumbnail","hentry","category-ofimatica","tag-fuprisa","tag-jose-manuel-fuentes-prieto"],"nelio_content":{"autoShareEndMode":"never","automationSources":{"useCustomSentences":false,"customSentences":[]},"efiAlt":"","efiUrl":"","followers":[1],"highlights":[],"isAutoShareEnabled":true,"networkImageIds":[],"permalinkQueryArgs":[],"series":[],"suggestedReferences":[]},"jetpack_featured_media_url":"https:\/\/teletrabajoynegocios.com\/telesecretarias\/wp-content\/uploads\/sites\/2\/2022\/08\/autonoma-meditando.jpg","jetpack_sharing_enabled":true,"_links":{"self":[{"href":"https:\/\/teletrabajoynegocios.com\/telesecretarias\/wp-json\/wp\/v2\/posts\/10275","targetHints":{"allow":["GET"]}}],"collection":[{"href":"https:\/\/teletrabajoynegocios.com\/telesecretarias\/wp-json\/wp\/v2\/posts"}],"about":[{"href":"https:\/\/teletrabajoynegocios.com\/telesecretarias\/wp-json\/wp\/v2\/types\/post"}],"author":[{"embeddable":true,"href":"https:\/\/teletrabajoynegocios.com\/telesecretarias\/wp-json\/wp\/v2\/users\/1"}],"replies":[{"embeddable":true,"href":"https:\/\/teletrabajoynegocios.com\/telesecretarias\/wp-json\/wp\/v2\/comments?post=10275"}],"version-history":[{"count":1,"href":"https:\/\/teletrabajoynegocios.com\/telesecretarias\/wp-json\/wp\/v2\/posts\/10275\/revisions"}],"predecessor-version":[{"id":10277,"href":"https:\/\/teletrabajoynegocios.com\/telesecretarias\/wp-json\/wp\/v2\/posts\/10275\/revisions\/10277"}],"wp:featuredmedia":[{"embeddable":true,"href":"https:\/\/teletrabajoynegocios.com\/telesecretarias\/wp-json\/wp\/v2\/media\/10276"}],"wp:attachment":[{"href":"https:\/\/teletrabajoynegocios.com\/telesecretarias\/wp-json\/wp\/v2\/media?parent=10275"}],"wp:term":[{"taxonomy":"category","embeddable":true,"href":"https:\/\/teletrabajoynegocios.com\/telesecretarias\/wp-json\/wp\/v2\/categories?post=10275"},{"taxonomy":"post_tag","embeddable":true,"href":"https:\/\/teletrabajoynegocios.com\/telesecretarias\/wp-json\/wp\/v2\/tags?post=10275"}],"curies":[{"name":"wp","href":"https:\/\/api.w.org\/{rel}","templated":true}]}}