{"id":10302,"date":"2022-08-29T11:00:51","date_gmt":"2022-08-29T09:00:51","guid":{"rendered":"https:\/\/teletrabajoynegocios.com\/telesecretarias\/?p=10302"},"modified":"2022-08-19T18:35:57","modified_gmt":"2022-08-19T16:35:57","slug":"cuando-la-mujer-solo-es-invitada-para-cumplir-cuotas","status":"publish","type":"post","link":"https:\/\/teletrabajoynegocios.com\/telesecretarias\/cuando-la-mujer-solo-es-invitada-para-cumplir-cuotas\/","title":{"rendered":"Cuando la mujer solo es invitada para cumplir cuotas"},"content":{"rendered":"<div id=\"telet-2070861904\" class=\"telet-antes-del-contenido telet-entity-placement\"><a href=\"https:\/\/quaderno.io\/?via=jose-manuel94\" aria-label=\"Quaderno General (Spanish) &#8211; 728&#215;90\"><img loading=\"lazy\" decoding=\"async\" src=\"https:\/\/teletrabajoynegocios.com\/telesecretarias\/wp-content\/uploads\/sites\/2\/2020\/11\/Quaderno-General-Spanish-728x90-1.png\" alt=\"\"  srcset=\"https:\/\/teletrabajoynegocios.com\/telesecretarias\/wp-content\/uploads\/sites\/2\/2020\/11\/Quaderno-General-Spanish-728x90-1.png 728w, https:\/\/teletrabajoynegocios.com\/telesecretarias\/wp-content\/uploads\/sites\/2\/2020\/11\/Quaderno-General-Spanish-728x90-1-300x37.png 300w\" sizes=\"(max-width: 728px) 100vw, 728px\" width=\"728\" height=\"90\"   \/><\/a><\/div><p>Son muchas las voces que denuncian que empresas o instituciones solo se acuerdan de las mujeres en d\u00edas se\u00f1alados. Tambi\u00e9n denuncian\u00a0<strong>la invitaci\u00f3n de mujeres a eventos solo para cubrir la cuota de presencia femenina<\/strong>. Hasta ministras, como<strong>\u00a0Nadia Calvi\u00f1o<\/strong>, se niegan a seguir el juego del \u2018<strong>purplewashing<\/strong>\u2019. \u00bfQu\u00e9 podemos hacer?<span id=\"more-21525\"><\/span><\/p>\n<h2><b>La \u00fanica mujer en la foto o en el debate<\/b><\/h2>\n<p><strong>\u201cNo podemos considerar normal que no est\u00e9 presente el 50% de la poblaci\u00f3n<\/strong>\u201d afirmaba\u00a0<a href=\"https:\/\/www.huffingtonpost.es\/entry\/calvino-ve-que-es-la-unica-mujer-en-una-foto-y-cumple-su-promesa-su-reaccion-es-imperdible_es_627a6882e4b00fbab633f0cc\" target=\"_blank\" rel=\"noopener\">Nadia Calvi\u00f1o<\/a>\u00a0el pasado mes de febrero cuando unas im\u00e1genes suyas sorprend\u00edan a muchos. La vicepresidenta y ministra de Asuntos Econ\u00f3micos y Transformaci\u00f3n Digital se negaba a hacerse una foto en el \u2018Madrid Leaders Forum\u2019. Un foro sobre Liderazgo Empresarial y Directivo\u00a0<strong>donde no hab\u00eda m\u00e1s mujeres invitadas, exceptuando a la propia Calvi\u00f1o.<\/strong>\u00a0Por eso, es esencial que muchas personas se pregunten por qu\u00e9 no puede haber una sola mujer en eventos o carteles.<\/p>\n<p>As\u00ed, la ministra cumpl\u00eda una promesa. Y es que\u00a0<strong>ella hab\u00eda advertido que no volver\u00eda a hacerse una foto en un evento o a participar en un debate en que ella fuese la \u00fanica mujer<\/strong>. \u201cSon muchos los eventos en los que\u00a0soy la \u00fanica mujer\u00a0porque soy la ministra\u201d, lament\u00f3 en ese momento. Una declaraci\u00f3n de intenciones que fue alabada por muchas compa\u00f1eras de partido, de Gobierno y de la esfera feminista.\u00a0<strong>Contra lo que reclamaba la ministra no es m\u00e1s que el \u2018purplewashing\u2019 o como acordarnos de la igualdad solo cuando interesa.<\/strong><\/p>\n<hr \/>\n<p><img decoding=\"async\" src=\"https:\/\/teletrabajoynegocios.com\/teletrabajador\/wp-content\/uploads\/sites\/3\/2020\/07\/articulos.png\" \/><\/p>\n<div class=\"wp-rss-template-container\" data-wpra-template=\"default\" data-template-ctx=\"W10=\">\n    <div class=\"wp-rss-aggregator wpra-list-template  \" data-page=\"1\">\n    \n    \n<ul class=\"wpra-item-list rss-aggregator wpra-item-list--bullets wpra-item-list--default\"\n    start=\"1\">\n                        <li class=\"wpra-item feed-item \">\n            \n            \n\n    <a  href=\"https:\/\/distritoemprendedores.com\/blog\/2026\/03\/16\/hello-world\/\" target=\"_blank\" rel=\"nofollow\" class=\"\">Hello world!<\/a>\n\n\n\n\n\n\n<div class=\"wprss-feed-meta\">\n            <span class=\"feed-source\">\n            Source:\n\n                            Distrito Emprendedores\n                    <\/span>\n    \n            <span class=\"feed-date\">\n            Published on 2026-03-16\n        <\/span>\n    \n    <\/div>\n\n\n\n\n\n            \n        <\/li>\n                    <li class=\"wpra-item feed-item \">\n            \n            \n\n    <a  href=\"https:\/\/www.dropbox.com\/scl\/fi\/b6csvpbfxu24vaezmo3es\/62bed0634df20e5ef35346439fdd423f_franquicias.pdf?rlkey=mfp2795s4n89mw35l0yeu2vl5&amp;e=2&amp;st=57kabuy0&amp;dl=0#new_tab\" target=\"_blank\" rel=\"nofollow\" class=\"\">Las franquicias espa\u00f1olas duplican su presencia en mercados for\u00e1neos<\/a>\n\n\n\n\n\n\n<div class=\"wprss-feed-meta\">\n            <span class=\"feed-source\">\n            Source:\n\n                            Distrito Emprendedores\n                    <\/span>\n    \n            <span class=\"feed-date\">\n            Published on 2026-03-11\n        <\/span>\n    \n    <\/div>\n\n\n\n\n\n            \n        <\/li>\n                    <li class=\"wpra-item feed-item \">\n            \n            \n\n    <a  href=\"https:\/\/distritoemprendedores.es\/blog\/5-errores-fatales-al-internacionalizar-tu-franquicia\/\" target=\"_blank\" rel=\"nofollow\" class=\"\">5 errores fatales al internacionalizar tu franquicia<\/a>\n\n\n\n\n\n\n<div class=\"wprss-feed-meta\">\n            <span class=\"feed-source\">\n            Source:\n\n                            Distrito Emprendedores\n                    <\/span>\n    \n            <span class=\"feed-date\">\n            Published on 2026-03-10\n        <\/span>\n    \n    <\/div>\n\n\n\n\n\n            \n        <\/li>\n                    <li class=\"wpra-item feed-item \">\n            \n            \n\n    <a  href=\"https:\/\/distritoemprendedores.es\/blog\/un-nuevo-prime-time-para-las-marcas-afterwork-tardeo-y-futbol-se-consolidan-como-los-grandes-motores-del-consumo-experiencial\/\" target=\"_blank\" rel=\"nofollow\" class=\"\">Un nuevo prime time para las marcas: afterwork, tardeo y f\u00fatbol se consolidan como los grandes motores del consumo experiencial<\/a>\n\n\n\n\n\n\n<div class=\"wprss-feed-meta\">\n            <span class=\"feed-source\">\n            Source:\n\n                            Distrito Emprendedores\n                    <\/span>\n    \n            <span class=\"feed-date\">\n            Published on 2026-03-09\n        <\/span>\n    \n    <\/div>\n\n\n\n\n\n            \n        <\/li>\n                    <li class=\"wpra-item feed-item \">\n            \n            \n\n    <a  href=\"https:\/\/distritoemprendedores.es\/blog\/la-ventaja-competitiva-esta-en-entender-como-pregunta-el-consumidor\/\" target=\"_blank\" rel=\"nofollow\" class=\"\">La ventaja competitiva est\u00e1 en entender c\u00f3mo pregunta el consumidor<\/a>\n\n\n\n\n\n\n<div class=\"wprss-feed-meta\">\n            <span class=\"feed-source\">\n            Source:\n\n                            Distrito Emprendedores\n                    <\/span>\n    \n            <span class=\"feed-date\">\n            Published on 2026-03-08\n        <\/span>\n    \n    <\/div>\n\n\n\n\n\n            \n        <\/li>\n                    <li class=\"wpra-item feed-item \">\n            \n            \n\n    <a  href=\"https:\/\/distritoemprendedores.es\/blog\/solo-el-7-de-los-espanoles-cree-a-las-marcas-cuando-comunican-sus-valores-con-hechos-demostrables\/\" target=\"_blank\" rel=\"nofollow\" class=\"\">Solo el 7% de los espa\u00f1oles cree a las marcas cuando comunican sus valores con hechos demostrables<\/a>\n\n\n\n\n\n\n<div class=\"wprss-feed-meta\">\n            <span class=\"feed-source\">\n            Source:\n\n                            Distrito Emprendedores\n                    <\/span>\n    \n            <span class=\"feed-date\">\n            Published on 2026-03-07\n        <\/span>\n    \n    <\/div>\n\n\n\n\n\n            \n        <\/li>\n                    <li class=\"wpra-item feed-item \">\n            \n            \n\n    <a  href=\"https:\/\/distritoemprendedores.es\/blog\/el-38-de-las-empresas-creadas-en-2019-ha-echado-ya-el-cierre\/\" target=\"_blank\" rel=\"nofollow\" class=\"\">El 38% de las empresas creadas en 2019 ha echado ya el cierre<\/a>\n\n\n\n\n\n\n<div class=\"wprss-feed-meta\">\n            <span class=\"feed-source\">\n            Source:\n\n                            Distrito Emprendedores\n                    <\/span>\n    \n            <span class=\"feed-date\">\n            Published on 2026-03-06\n        <\/span>\n    \n    <\/div>\n\n\n\n\n\n            \n        <\/li>\n                    <li class=\"wpra-item feed-item \">\n            \n            \n\n    <a  href=\"https:\/\/distritoemprendedores.es\/blog\/descubre-las-oportunidades-y-tendencias-en-el-mercado-de-la-franquicia-para-2026\/\" target=\"_blank\" rel=\"nofollow\" class=\"\">Descubre las oportunidades y tendencias en el mercado de la franquicia para 2026<\/a>\n\n\n\n\n\n\n<div class=\"wprss-feed-meta\">\n            <span class=\"feed-source\">\n            Source:\n\n                            Distrito Emprendedores\n                    <\/span>\n    \n            <span class=\"feed-date\">\n            Published on 2026-03-05\n        <\/span>\n    \n    <\/div>\n\n\n\n\n\n            \n        <\/li>\n                    <li class=\"wpra-item feed-item \">\n            \n            \n\n    <a  href=\"https:\/\/distritoemprendedores.es\/blog\/las-startups-de-salud-mas-punteras-del-mundo\/\" target=\"_blank\" rel=\"nofollow\" class=\"\">Las startups de salud m\u00e1s punteras del mundo<\/a>\n\n\n\n\n\n\n<div class=\"wprss-feed-meta\">\n            <span class=\"feed-source\">\n            Source:\n\n                            Distrito Emprendedores\n                    <\/span>\n    \n            <span class=\"feed-date\">\n            Published on 2026-03-04\n        <\/span>\n    \n    <\/div>\n\n\n\n\n\n            \n        <\/li>\n                    <li class=\"wpra-item feed-item \">\n            \n            \n\n    <a  href=\"https:\/\/distritoemprendedores.es\/blog\/puesta-en-marcha-de-un-negocio-primeros-pasos-para-validar-vender-y-controlar-la-tesoreria\/\" target=\"_blank\" rel=\"nofollow\" class=\"\">Puesta en marcha de un negocio: primeros pasos para validar, vender y controlar la tesorer\u00eda<\/a>\n\n\n\n\n\n\n<div class=\"wprss-feed-meta\">\n            <span class=\"feed-source\">\n            Source:\n\n                            Distrito Emprendedores\n                    <\/span>\n    \n            <span class=\"feed-date\">\n            Published on 2026-03-03\n        <\/span>\n    \n    <\/div>\n\n\n\n\n\n            \n        <\/li>\n                    <li class=\"wpra-item feed-item \">\n            \n            \n\n    <a  href=\"https:\/\/distritoemprendedores.es\/blog\/6-franquicias-sin-apenas-competencia-en-el-mercado\/\" target=\"_blank\" rel=\"nofollow\" class=\"\">6 franquicias sin apenas competencia en el mercado<\/a>\n\n\n\n\n\n\n<div class=\"wprss-feed-meta\">\n            <span class=\"feed-source\">\n            Source:\n\n                            Distrito Emprendedores\n                    <\/span>\n    \n            <span class=\"feed-date\">\n            Published on 2026-03-02\n        <\/span>\n    \n    <\/div>\n\n\n\n\n\n            \n        <\/li>\n                    <li class=\"wpra-item feed-item \">\n            \n            \n\n    <a  href=\"https:\/\/digistorage.es\/links\/71d78951-a420-4f5b-8de6-7b35ae7efc1c#new_tab\" target=\"_blank\" rel=\"nofollow\" class=\"\">Los algoritmos amenazan con filtrar las confesiones realizadas al abogado<\/a>\n\n\n\n\n\n\n<div class=\"wprss-feed-meta\">\n            <span class=\"feed-source\">\n            Source:\n\n                            Distrito Emprendedores\n                    <\/span>\n    \n            <span class=\"feed-date\">\n            Published on 2026-03-01\n        <\/span>\n    \n    <\/div>\n\n\n\n\n\n            \n        <\/li>\n                    <li class=\"wpra-item feed-item \">\n            \n            \n\n    <a  href=\"https:\/\/distritoemprendedores.es\/blog\/las-startups-que-mas-innovan-en-el-mundo\/\" target=\"_blank\" rel=\"nofollow\" class=\"\">Las startups que m\u00e1s innovan en el mundo<\/a>\n\n\n\n\n\n\n<div class=\"wprss-feed-meta\">\n            <span class=\"feed-source\">\n            Source:\n\n                            Distrito Emprendedores\n                    <\/span>\n    \n            <span class=\"feed-date\">\n            Published on 2026-02-28\n        <\/span>\n    \n    <\/div>\n\n\n\n\n\n            \n        <\/li>\n                    <li class=\"wpra-item feed-item \">\n            \n            \n\n    <a  href=\"https:\/\/distritoemprendedores.es\/blog\/tiktok-genera-31-000-millones-de-euros-para-las-empresas-europeas-y-3-000-millones-en-espana\/\" target=\"_blank\" rel=\"nofollow\" class=\"\">TikTok genera 31.000 millones de euros para las empresas europeas y 3.000 millones en Espa\u00f1a<\/a>\n\n\n\n\n\n\n<div class=\"wprss-feed-meta\">\n            <span class=\"feed-source\">\n            Source:\n\n                            Distrito Emprendedores\n                    <\/span>\n    \n            <span class=\"feed-date\">\n            Published on 2026-02-27\n        <\/span>\n    \n    <\/div>\n\n\n\n\n\n            \n        <\/li>\n                    <li class=\"wpra-item feed-item \">\n            \n            \n\n    <a  href=\"https:\/\/distritoemprendedores.es\/blog\/amazon-planea-un-marketplace-para-hacer-de-puente-entre-los-publishers-y-las-empresas-de-ia\/\" target=\"_blank\" rel=\"nofollow\" class=\"\">Amazon planea un \u00abmarketplace\u00bb para hacer de puente entre los \u00abpublishers\u00bb y las empresas de IA<\/a>\n\n\n\n\n\n\n<div class=\"wprss-feed-meta\">\n            <span class=\"feed-source\">\n            Source:\n\n                            Distrito Emprendedores\n                    <\/span>\n    \n            <span class=\"feed-date\">\n            Published on 2026-02-26\n        <\/span>\n    \n    <\/div>\n\n\n\n\n\n            \n        <\/li>\n        <\/ul>\n\n        \n<\/div>\n\n<\/div>\n\n<hr \/>\n<h3><b>M\u00e1s visibilidad para ellos, la lupa sobre ellas<\/b><\/h3>\n<p>\u201cLos hombres tienen mucha m\u00e1s visibilidad que las mujeres en eventos, ponencias y tertulias. No hay m\u00e1s que echar un vistazo a carteles de eventos y debates, o curiosear las tertulias de radios y televisiones\u201d, as\u00ed explicaba\u00a0<a href=\"https:\/\/www.elsaltodiario.com\/saltamontes\/vale-la-pena-organizar-eventos-sin-paridad-de-genero\" target=\"_blank\" rel=\"noopener\">Nuria Bl\u00e1zquez<\/a>, de Ecologistas en Acci\u00f3n, esta situaci\u00f3n. Ella citaba el informe de la\u00a0Open Society Foundation\u00a0que cifra que en los eventos europeos de 2018\u00a0<strong>hab\u00eda tres hombres ponentes por cada mujer.<\/strong>\u00a0 Esa misma proporci\u00f3n es la que se encontr\u00f3 al analizar las charlas de la plataforma de charlas\u00a0TED. En algunos sectores, como<strong>\u00a0las\u00a0<\/strong><strong><a href=\"https:\/\/www.concilia2.es\/visibilizar-mujeres-cientificas-tecnologas-empresas-referentes\/\">TIC<\/a>,<\/strong><strong>\u00a0solo un 30% de las ponentes son mujeres<\/strong>.<\/p>\n<p>Como indicaba la experta y la ministra,\u00a0<strong>ser la \u00fanica mujer en un evento es normal. Pero no deber\u00eda serlo<\/strong>. Las mujeres son la mitad de la poblaci\u00f3n y, adem\u00e1s, quienes impulsan mayores transformaciones tanto sociales como econ\u00f3micas. Es un efecto \u201cpescadilla se muerde la cola\u201d, dice Bl\u00e1zquez: \u201ccomo<strong>\u00a0los hombres acuden m\u00e1s a estos eventos, se conocen m\u00e1s a los hombres expertos<\/strong>\u00a0en el tema. Para dar con mujeres, se requiere un importante esfuerzo adicional y\u00a0buscar en lugares no habituales\u201d.<\/p>\n<p>\u00bfCu\u00e1les son esos lugares? Curiosamente en determinados d\u00edas,\u00a0<strong>como el<\/strong><strong>\u00a0d\u00eda contra la violencia machista, el 25 de noviembre, o el D\u00eda Internacional de la Mujer, el 8 de marz<\/strong><strong>o,<\/strong>\u00a0los medios se llenan de mujeres. \u00bfD\u00f3nde est\u00e1n el resto del a\u00f1o? \u00bfD\u00f3nde est\u00e1n cuando se habla de otros temas que los estrictamente \u2018de mujeres\u2019?\u00a0<strong>Contra una mala sensaci\u00f3n, como la de solo ser figurantes, se inici\u00f3 una campa\u00f1a en 2020.<\/strong>\u00a0Esa campa\u00f1a dec\u00eda \u2018<a href=\"https:\/\/www.marcastro.es\/2020\/11\/15\/movimientowaymujeres\/\" target=\"_blank\" rel=\"noopener\">eventos sin mujeres ponentes, eventos sin mujeres asistentes<\/a>\u2019. Porque no es posible que haya una sola mujer o ninguna en eventos o debates.<\/p>\n<h2><strong>Qu\u00e9 hacer para visibilizar a las mujeres<\/strong><\/h2>\n<p>\u00bfC\u00f3mo revertimos esta invisibilidad y falta de referentes? Empezando por su presencia en los medios como expertas, en los eventos como participantes, etc.\u00a0<strong>Contra las excusas como que no hab\u00eda m\u00e1s mujeres disponibles o que supieran de cierto tema, hay listados de expertas<\/strong>. Como el listados de expertas de la<a href=\"https:\/\/mujeresexpertasextremadura.es\/directorioexpertas\/\" target=\"_blank\" rel=\"noopener\">\u00a0Junta de Extremadura<\/a>\u00a0o la creada por el\u00a0<a href=\"https:\/\/www.emakunde.euskadi.eus\/u72-contema\/es\/contenidos\/informacion\/expertas\/es_expertas\/presentacion.html\" target=\"_blank\" rel=\"noopener\">Instituto Vasco de la Mujer<\/a>. Tambi\u00e9n existen tem\u00e1ticos como la base de datos de mujeres expertas en la\u00a0<a href=\"http:\/\/www.expertesmontseny.cat\/dones-expertes\/public\/\" target=\"_blank\" rel=\"noopener\">Reserva de la Biosfera\u00a0<\/a>o de\u00a0<a href=\"https:\/\/enfoques.gal\/a-coruna\/acoruna\/udcientificas-un-directorio-de-expertas-para-fomentar-la-presencia-femenina-en-los-medios\/\" target=\"_blank\" rel=\"noopener\">cient\u00edficas<\/a>.<\/p>\n<p>En este fen\u00f3meno<strong>, usar la presencia de mujeres como algo puntual, interfiere el t\u00e9rmino \u2018purplewashing\u2019<\/strong>. Se refiere al lavado de cara que puede tener una instituci\u00f3n o empresa respecto a su compromiso con la igualdad de g\u00e9nero. Mientras que en el d\u00eda a d\u00eda o bien no terminan de completar su plan de igualdad o no disponen de formaci\u00f3n espec\u00edfica en igualdad, los d\u00edas se\u00f1alados se ponen la se\u00f1al de la igualdad.\u00a0<strong>\u00bfQu\u00e9 podemos hacer para enfrentarnos a esa situaci\u00f3n?<\/strong><\/p>\n<p>Empezar por preguntarnos por qu\u00e9 no puede haber una sola mujer en ese evento o cartel. Adem\u00e1s de las iniciativas como\u00a0<strong>visibilizar a las expertas, est\u00e1 la legislaci\u00f3n<\/strong>. La Uni\u00f3n Europea acaba de aprobar que, para 2026,\u00a0<strong>al menos el 40% de los puestos directivos de las grandes empresas europeas cotizadas ser\u00e1n ocupados por mujeres.<\/strong>\u00a0Entre legislaciones que impulsen la presencia de mujeres en puestos con poder y la conciencia con la igualdad por parte de la sociedad, antes llegaremos a un mundo m\u00e1s equitativo.<\/p>\n<p>&nbsp;<\/p>\n<p><a href=\"https:\/\/www.concilia2.es\/\"><em><b>Laura L. Ruiz, periodista especializada en igualdad<\/b><\/em><\/a><\/p>\n<div id=\"telet-2033424743\" class=\"telet-despues-del-contenido telet-entity-placement\"><a target=\"_blank\" href=\"\/\/aff.lucushost.com\/resources\/click\/?n=gDxoXMAJ&aff=756\"><img decoding=\"async\" border=\"0\" alt=\"LucusHost, el mejor hosting\" src=\"\/\/aff.lucushost.com\/resources\/banners\/?zoneid=5123&n=gDxoXMAJ&aff=756\" \/><\/a><\/div>","protected":false},"excerpt":{"rendered":"<p>Son muchas las voces que denuncian que empresas o instituciones solo se acuerdan de las mujeres en d\u00edas se\u00f1alados. Tambi\u00e9n denuncian\u00a0la invitaci\u00f3n de mujeres a eventos solo para cubrir la&hellip; <\/p>\n","protected":false},"author":1,"featured_media":10303,"comment_status":"open","ping_status":"open","sticky":false,"template":"","format":"standard","meta":{"_jetpack_memberships_contains_paid_content":false,"footnotes":"","_links_to":"","_links_to_target":""},"categories":[5],"tags":[15,14],"class_list":["post-10302","post","type-post","status-publish","format-standard","has-post-thumbnail","hentry","category-conciliacion","tag-fuprisa","tag-jose-manuel-fuentes-prieto"],"nelio_content":{"autoShareEndMode":"never","automationSources":{"useCustomSentences":false,"customSentences":[]},"efiAlt":"","efiUrl":"","followers":[1],"highlights":[],"isAutoShareEnabled":true,"networkImageIds":[],"permalinkQueryArgs":[],"series":[],"suggestedReferences":[]},"jetpack_featured_media_url":"https:\/\/teletrabajoynegocios.com\/telesecretarias\/wp-content\/uploads\/sites\/2\/2022\/08\/amigas.jpg","jetpack_sharing_enabled":true,"_links":{"self":[{"href":"https:\/\/teletrabajoynegocios.com\/telesecretarias\/wp-json\/wp\/v2\/posts\/10302","targetHints":{"allow":["GET"]}}],"collection":[{"href":"https:\/\/teletrabajoynegocios.com\/telesecretarias\/wp-json\/wp\/v2\/posts"}],"about":[{"href":"https:\/\/teletrabajoynegocios.com\/telesecretarias\/wp-json\/wp\/v2\/types\/post"}],"author":[{"embeddable":true,"href":"https:\/\/teletrabajoynegocios.com\/telesecretarias\/wp-json\/wp\/v2\/users\/1"}],"replies":[{"embeddable":true,"href":"https:\/\/teletrabajoynegocios.com\/telesecretarias\/wp-json\/wp\/v2\/comments?post=10302"}],"version-history":[{"count":1,"href":"https:\/\/teletrabajoynegocios.com\/telesecretarias\/wp-json\/wp\/v2\/posts\/10302\/revisions"}],"predecessor-version":[{"id":10304,"href":"https:\/\/teletrabajoynegocios.com\/telesecretarias\/wp-json\/wp\/v2\/posts\/10302\/revisions\/10304"}],"wp:featuredmedia":[{"embeddable":true,"href":"https:\/\/teletrabajoynegocios.com\/telesecretarias\/wp-json\/wp\/v2\/media\/10303"}],"wp:attachment":[{"href":"https:\/\/teletrabajoynegocios.com\/telesecretarias\/wp-json\/wp\/v2\/media?parent=10302"}],"wp:term":[{"taxonomy":"category","embeddable":true,"href":"https:\/\/teletrabajoynegocios.com\/telesecretarias\/wp-json\/wp\/v2\/categories?post=10302"},{"taxonomy":"post_tag","embeddable":true,"href":"https:\/\/teletrabajoynegocios.com\/telesecretarias\/wp-json\/wp\/v2\/tags?post=10302"}],"curies":[{"name":"wp","href":"https:\/\/api.w.org\/{rel}","templated":true}]}}