{"id":10312,"date":"2022-08-30T18:38:25","date_gmt":"2022-08-30T16:38:25","guid":{"rendered":"https:\/\/teletrabajoynegocios.com\/telesecretarias\/?p=10312"},"modified":"2022-08-19T18:45:33","modified_gmt":"2022-08-19T16:45:33","slug":"por-que-saltar-la-frontera-invisible-de-la-edad","status":"publish","type":"post","link":"https:\/\/teletrabajoynegocios.com\/telesecretarias\/por-que-saltar-la-frontera-invisible-de-la-edad\/","title":{"rendered":"\u00bfPor qu\u00e9 saltar la frontera invisible de la edad?"},"content":{"rendered":"<div id=\"telet-731752164\" class=\"telet-antes-del-contenido telet-entity-placement\"><a href=\"https:\/\/quaderno.io\/?via=jose-manuel94\" aria-label=\"Quaderno General (Spanish) &#8211; 728&#215;90\"><img loading=\"lazy\" decoding=\"async\" src=\"https:\/\/teletrabajoynegocios.com\/telesecretarias\/wp-content\/uploads\/sites\/2\/2020\/11\/Quaderno-General-Spanish-728x90-1.png\" alt=\"\"  srcset=\"https:\/\/teletrabajoynegocios.com\/telesecretarias\/wp-content\/uploads\/sites\/2\/2020\/11\/Quaderno-General-Spanish-728x90-1.png 728w, https:\/\/teletrabajoynegocios.com\/telesecretarias\/wp-content\/uploads\/sites\/2\/2020\/11\/Quaderno-General-Spanish-728x90-1-300x37.png 300w\" sizes=\"(max-width: 728px) 100vw, 728px\" width=\"728\" height=\"90\"   \/><\/a><\/div><p>Las relaciones entre personas de distintas generaciones nos enriquecen, nos abren la mente y mejoran la empat\u00eda. Te contamos por qu\u00e9 son beneficiosas y c\u00f3mo fomentarlas<\/p>\n<p class=\"jsx-4098198752 c--grey-neutral-800\"><strong>Al elegir personas para relacionarnos, solemos preferir a las de nuestra generaci\u00f3n<\/strong>. Las razones que explican esta regla con excepciones son muchas; por norma, nos resulta m\u00e1s f\u00e1cil compartir experiencias con ellas, ya sea porque los desaf\u00edos que enfrentamos o el dialecto que hablamos son similares. Sin embargo, trascender esta comodidad y aventurarnos a explorar relaciones con personas de otras generaciones puede abrirnos la puerta a experiencias y conocimientos, junto a formas de hacer y de contar, que otro modo no podr\u00edamos disfrutar.<\/p>\n<p class=\"jsx-4098198752 c--grey-neutral-800\">Hay ciertos espacios que favorecen el contacto entre personas de diferentes generaciones; por ejemplo, la escuela, los entornos laborales y, sobre todo, la familia. No obstante, la mera convivencia no basta.\u00a0<strong>Si queremos nutrirnos y enriquecernos unos a otros, es importante que estemos abiertos y dispuestos a conocer y compartir<\/strong>.<\/p>\n<h2 id=\"las-relaciones-intergeneracionales\" class=\"jsx-3692753319 jsx-2566528898 c--main-600  mt--x-big pt--normal\">Las relaciones intergeneracionales<\/h2>\n<p class=\"jsx-4098198752 c--grey-neutral-800\"><strong>Las relaciones intergeneracionales son los v\u00ednculos que se establecen entre personas que pertenecen a generaciones diferentes<\/strong>. En un pasado no tan lejano, especialmente en entornos rurales, era com\u00fan convivir en peque\u00f1as comunidades y cohabitar con miembros de la familia extensa o pol\u00edtica. Esto facilitaba el intercambio de opiniones y experiencias, as\u00ed como el tiempo compartido entre personas de muy diferentes edades.<\/p>\n<hr \/>\n<p><img decoding=\"async\" src=\"https:\/\/teletrabajoynegocios.com\/teletrabajador\/wp-content\/uploads\/sites\/3\/2020\/07\/articulos.png\" \/><\/p>\n<div class=\"wp-rss-template-container\" data-wpra-template=\"default\" data-template-ctx=\"W10=\">\n    <div class=\"wp-rss-aggregator wpra-list-template  \" data-page=\"1\">\n    \n    \n<ul class=\"wpra-item-list rss-aggregator wpra-item-list--bullets wpra-item-list--default\"\n    start=\"1\">\n                        <li class=\"wpra-item feed-item \">\n            \n            \n\n    <a  href=\"https:\/\/distritoemprendedores.com\/blog\/2026\/03\/16\/hello-world\/\" target=\"_blank\" rel=\"nofollow\" class=\"\">Hello world!<\/a>\n\n\n\n\n\n\n<div class=\"wprss-feed-meta\">\n            <span class=\"feed-source\">\n            Source:\n\n                            Distrito Emprendedores\n                    <\/span>\n    \n            <span class=\"feed-date\">\n            Published on 2026-03-16\n        <\/span>\n    \n    <\/div>\n\n\n\n\n\n            \n        <\/li>\n                    <li class=\"wpra-item feed-item \">\n            \n            \n\n    <a  href=\"https:\/\/www.dropbox.com\/scl\/fi\/b6csvpbfxu24vaezmo3es\/62bed0634df20e5ef35346439fdd423f_franquicias.pdf?rlkey=mfp2795s4n89mw35l0yeu2vl5&amp;e=2&amp;st=57kabuy0&amp;dl=0#new_tab\" target=\"_blank\" rel=\"nofollow\" class=\"\">Las franquicias espa\u00f1olas duplican su presencia en mercados for\u00e1neos<\/a>\n\n\n\n\n\n\n<div class=\"wprss-feed-meta\">\n            <span class=\"feed-source\">\n            Source:\n\n                            Distrito Emprendedores\n                    <\/span>\n    \n            <span class=\"feed-date\">\n            Published on 2026-03-11\n        <\/span>\n    \n    <\/div>\n\n\n\n\n\n            \n        <\/li>\n                    <li class=\"wpra-item feed-item \">\n            \n            \n\n    <a  href=\"https:\/\/distritoemprendedores.es\/blog\/5-errores-fatales-al-internacionalizar-tu-franquicia\/\" target=\"_blank\" rel=\"nofollow\" class=\"\">5 errores fatales al internacionalizar tu franquicia<\/a>\n\n\n\n\n\n\n<div class=\"wprss-feed-meta\">\n            <span class=\"feed-source\">\n            Source:\n\n                            Distrito Emprendedores\n                    <\/span>\n    \n            <span class=\"feed-date\">\n            Published on 2026-03-10\n        <\/span>\n    \n    <\/div>\n\n\n\n\n\n            \n        <\/li>\n                    <li class=\"wpra-item feed-item \">\n            \n            \n\n    <a  href=\"https:\/\/distritoemprendedores.es\/blog\/un-nuevo-prime-time-para-las-marcas-afterwork-tardeo-y-futbol-se-consolidan-como-los-grandes-motores-del-consumo-experiencial\/\" target=\"_blank\" rel=\"nofollow\" class=\"\">Un nuevo prime time para las marcas: afterwork, tardeo y f\u00fatbol se consolidan como los grandes motores del consumo experiencial<\/a>\n\n\n\n\n\n\n<div class=\"wprss-feed-meta\">\n            <span class=\"feed-source\">\n            Source:\n\n                            Distrito Emprendedores\n                    <\/span>\n    \n            <span class=\"feed-date\">\n            Published on 2026-03-09\n        <\/span>\n    \n    <\/div>\n\n\n\n\n\n            \n        <\/li>\n                    <li class=\"wpra-item feed-item \">\n            \n            \n\n    <a  href=\"https:\/\/distritoemprendedores.es\/blog\/la-ventaja-competitiva-esta-en-entender-como-pregunta-el-consumidor\/\" target=\"_blank\" rel=\"nofollow\" class=\"\">La ventaja competitiva est\u00e1 en entender c\u00f3mo pregunta el consumidor<\/a>\n\n\n\n\n\n\n<div class=\"wprss-feed-meta\">\n            <span class=\"feed-source\">\n            Source:\n\n                            Distrito Emprendedores\n                    <\/span>\n    \n            <span class=\"feed-date\">\n            Published on 2026-03-08\n        <\/span>\n    \n    <\/div>\n\n\n\n\n\n            \n        <\/li>\n                    <li class=\"wpra-item feed-item \">\n            \n            \n\n    <a  href=\"https:\/\/distritoemprendedores.es\/blog\/solo-el-7-de-los-espanoles-cree-a-las-marcas-cuando-comunican-sus-valores-con-hechos-demostrables\/\" target=\"_blank\" rel=\"nofollow\" class=\"\">Solo el 7% de los espa\u00f1oles cree a las marcas cuando comunican sus valores con hechos demostrables<\/a>\n\n\n\n\n\n\n<div class=\"wprss-feed-meta\">\n            <span class=\"feed-source\">\n            Source:\n\n                            Distrito Emprendedores\n                    <\/span>\n    \n            <span class=\"feed-date\">\n            Published on 2026-03-07\n        <\/span>\n    \n    <\/div>\n\n\n\n\n\n            \n        <\/li>\n                    <li class=\"wpra-item feed-item \">\n            \n            \n\n    <a  href=\"https:\/\/distritoemprendedores.es\/blog\/el-38-de-las-empresas-creadas-en-2019-ha-echado-ya-el-cierre\/\" target=\"_blank\" rel=\"nofollow\" class=\"\">El 38% de las empresas creadas en 2019 ha echado ya el cierre<\/a>\n\n\n\n\n\n\n<div class=\"wprss-feed-meta\">\n            <span class=\"feed-source\">\n            Source:\n\n                            Distrito Emprendedores\n                    <\/span>\n    \n            <span class=\"feed-date\">\n            Published on 2026-03-06\n        <\/span>\n    \n    <\/div>\n\n\n\n\n\n            \n        <\/li>\n                    <li class=\"wpra-item feed-item \">\n            \n            \n\n    <a  href=\"https:\/\/distritoemprendedores.es\/blog\/descubre-las-oportunidades-y-tendencias-en-el-mercado-de-la-franquicia-para-2026\/\" target=\"_blank\" rel=\"nofollow\" class=\"\">Descubre las oportunidades y tendencias en el mercado de la franquicia para 2026<\/a>\n\n\n\n\n\n\n<div class=\"wprss-feed-meta\">\n            <span class=\"feed-source\">\n            Source:\n\n                            Distrito Emprendedores\n                    <\/span>\n    \n            <span class=\"feed-date\">\n            Published on 2026-03-05\n        <\/span>\n    \n    <\/div>\n\n\n\n\n\n            \n        <\/li>\n                    <li class=\"wpra-item feed-item \">\n            \n            \n\n    <a  href=\"https:\/\/distritoemprendedores.es\/blog\/las-startups-de-salud-mas-punteras-del-mundo\/\" target=\"_blank\" rel=\"nofollow\" class=\"\">Las startups de salud m\u00e1s punteras del mundo<\/a>\n\n\n\n\n\n\n<div class=\"wprss-feed-meta\">\n            <span class=\"feed-source\">\n            Source:\n\n                            Distrito Emprendedores\n                    <\/span>\n    \n            <span class=\"feed-date\">\n            Published on 2026-03-04\n        <\/span>\n    \n    <\/div>\n\n\n\n\n\n            \n        <\/li>\n                    <li class=\"wpra-item feed-item \">\n            \n            \n\n    <a  href=\"https:\/\/distritoemprendedores.es\/blog\/puesta-en-marcha-de-un-negocio-primeros-pasos-para-validar-vender-y-controlar-la-tesoreria\/\" target=\"_blank\" rel=\"nofollow\" class=\"\">Puesta en marcha de un negocio: primeros pasos para validar, vender y controlar la tesorer\u00eda<\/a>\n\n\n\n\n\n\n<div class=\"wprss-feed-meta\">\n            <span class=\"feed-source\">\n            Source:\n\n                            Distrito Emprendedores\n                    <\/span>\n    \n            <span class=\"feed-date\">\n            Published on 2026-03-03\n        <\/span>\n    \n    <\/div>\n\n\n\n\n\n            \n        <\/li>\n                    <li class=\"wpra-item feed-item \">\n            \n            \n\n    <a  href=\"https:\/\/distritoemprendedores.es\/blog\/6-franquicias-sin-apenas-competencia-en-el-mercado\/\" target=\"_blank\" rel=\"nofollow\" class=\"\">6 franquicias sin apenas competencia en el mercado<\/a>\n\n\n\n\n\n\n<div class=\"wprss-feed-meta\">\n            <span class=\"feed-source\">\n            Source:\n\n                            Distrito Emprendedores\n                    <\/span>\n    \n            <span class=\"feed-date\">\n            Published on 2026-03-02\n        <\/span>\n    \n    <\/div>\n\n\n\n\n\n            \n        <\/li>\n                    <li class=\"wpra-item feed-item \">\n            \n            \n\n    <a  href=\"https:\/\/digistorage.es\/links\/71d78951-a420-4f5b-8de6-7b35ae7efc1c#new_tab\" target=\"_blank\" rel=\"nofollow\" class=\"\">Los algoritmos amenazan con filtrar las confesiones realizadas al abogado<\/a>\n\n\n\n\n\n\n<div class=\"wprss-feed-meta\">\n            <span class=\"feed-source\">\n            Source:\n\n                            Distrito Emprendedores\n                    <\/span>\n    \n            <span class=\"feed-date\">\n            Published on 2026-03-01\n        <\/span>\n    \n    <\/div>\n\n\n\n\n\n            \n        <\/li>\n                    <li class=\"wpra-item feed-item \">\n            \n            \n\n    <a  href=\"https:\/\/distritoemprendedores.es\/blog\/las-startups-que-mas-innovan-en-el-mundo\/\" target=\"_blank\" rel=\"nofollow\" class=\"\">Las startups que m\u00e1s innovan en el mundo<\/a>\n\n\n\n\n\n\n<div class=\"wprss-feed-meta\">\n            <span class=\"feed-source\">\n            Source:\n\n                            Distrito Emprendedores\n                    <\/span>\n    \n            <span class=\"feed-date\">\n            Published on 2026-02-28\n        <\/span>\n    \n    <\/div>\n\n\n\n\n\n            \n        <\/li>\n                    <li class=\"wpra-item feed-item \">\n            \n            \n\n    <a  href=\"https:\/\/distritoemprendedores.es\/blog\/tiktok-genera-31-000-millones-de-euros-para-las-empresas-europeas-y-3-000-millones-en-espana\/\" target=\"_blank\" rel=\"nofollow\" class=\"\">TikTok genera 31.000 millones de euros para las empresas europeas y 3.000 millones en Espa\u00f1a<\/a>\n\n\n\n\n\n\n<div class=\"wprss-feed-meta\">\n            <span class=\"feed-source\">\n            Source:\n\n                            Distrito Emprendedores\n                    <\/span>\n    \n            <span class=\"feed-date\">\n            Published on 2026-02-27\n        <\/span>\n    \n    <\/div>\n\n\n\n\n\n            \n        <\/li>\n                    <li class=\"wpra-item feed-item \">\n            \n            \n\n    <a  href=\"https:\/\/distritoemprendedores.es\/blog\/amazon-planea-un-marketplace-para-hacer-de-puente-entre-los-publishers-y-las-empresas-de-ia\/\" target=\"_blank\" rel=\"nofollow\" class=\"\">Amazon planea un \u00abmarketplace\u00bb para hacer de puente entre los \u00abpublishers\u00bb y las empresas de IA<\/a>\n\n\n\n\n\n\n<div class=\"wprss-feed-meta\">\n            <span class=\"feed-source\">\n            Source:\n\n                            Distrito Emprendedores\n                    <\/span>\n    \n            <span class=\"feed-date\">\n            Published on 2026-02-26\n        <\/span>\n    \n    <\/div>\n\n\n\n\n\n            \n        <\/li>\n        <\/ul>\n\n        \n<\/div>\n\n<\/div>\n\n<hr \/>\n<p>Hoy en d\u00eda, las sociedades occidentales se basan en un modelo individualista en el que la\u00a0<a class=\"jsx-151512268 jsx-1474443579 default-a-link is--underline c--secondary-600 is--underline\" href=\"https:\/\/dialnet.unirioja.es\/servlet\/articulo?codigo=5767551\" target=\"_blank\" rel=\"noopener\" data-with-google-events=\"true\" data-google-events=\"{&quot;data&quot;:{&quot;action&quot;:&quot;click&quot;,&quot;category&quot;:&quot;Content&quot;,&quot;label&quot;:&quot;Related \/por-que-saltar-frontera-invisible-edad\/&quot;,&quot;value&quot;:&quot;https:\/\/dialnet.unirioja.es\/servlet\/articulo?codigo=5767551&quot;}}\">familia nuclear<\/a>\u00a0vive relativamente aislada; ya no existe el concepto de \u201ccriar en tribu\u201d. As\u00ed,\u00a0<strong>cada vez es menos com\u00fan que ni\u00f1os y adolescentes pasen tiempo con adultos<\/strong>\u00a0que no sean sus progenitores; y menos a\u00fan con personas de la tercera edad, incluso si pertenecen a su familia. Sin embargo, la diversidad de estos v\u00ednculos resulta muy beneficiosa y enriquecedora; incluso necesaria.<\/p>\n<h2 id=\"beneficios-de-las-relaciones-intergeneracionales-en-los-mayores\" class=\"jsx-3692753319 jsx-2566528898 c--main-600  mt--x-big pt--normal\">Beneficios de las relaciones intergeneracionales en los mayores<\/h2>\n<p class=\"jsx-4098198752 c--grey-neutral-800\">En ocasiones pensamos que las personas de la tercera edad son incapaces de comprender a los j\u00f3venes, que sus valores tradicionales son incompatibles con los cambios actuales y que no quieren modificarlos.<\/p>\n<p class=\"jsx-4098198752 c--grey-neutral-800\">Sin embargo,\u00a0<strong>generalmente estas personas<\/strong>\u00a0<strong>tienen una mente mucho m\u00e1s abierta de lo que imaginamos,\u00a0<\/strong>y est\u00e1n deseando alejar la sensaci\u00f3n de que viven en un mundo cada vez m\u00e1s extra\u00f1o. Solo demandan un poquito m\u00e1s de paciencia para moverse por los mismos lugares y con las mismas herramientas con las que nosotros somos h\u00e1biles. As\u00ed, las relaciones intergeneracionales pueden:<\/p>\n<ul class=\"jsx-43291209 list-on-content mlr--x-big mtb--big c--grey-neutral-800 lh--1-8 ff--serif lst--disc\">\n<li><strong>Aumenta su energ\u00eda, su vitalidad y su motivaci\u00f3n<\/strong>. De alg\u00fan modo, el entusiasmo y las ganas de un ni\u00f1o o un joven pueden contagiarse sin esfuerzo.<\/li>\n<li><strong>Mejora su estado emocional al sentirse acompa\u00f1adas, atendidas y vistas<\/strong>\u00a0por su entorno. La\u00a0<a class=\"jsx-151512268 jsx-1474443579 default-a-link is--underline c--secondary-600 is--underline\" href=\"https:\/\/digibug.ugr.es\/handle\/10481\/52105\" target=\"_blank\" rel=\"noopener\" data-with-google-events=\"true\" data-google-events=\"{&quot;data&quot;:{&quot;action&quot;:&quot;click&quot;,&quot;category&quot;:&quot;Content&quot;,&quot;label&quot;:&quot;Related \/por-que-saltar-frontera-invisible-edad\/&quot;,&quot;value&quot;:&quot;https:\/\/digibug.ugr.es\/handle\/10481\/52105&quot;}}\">soledad<\/a>\u00a0es uno de los mayores problemas a los que nos enfrentamos en la tercera edad; contar con la compa\u00f1\u00eda, el aprecio y el amor de otros, especialmente de los m\u00e1s j\u00f3venes, ayuda a reducir esta sensaci\u00f3n. Las relaciones intergeneracionales forman redes de apoyo especialmente bellas.<\/li>\n<li><strong>Favorece su autoestima,<\/strong>\u00a0ya que se sienten \u00fatiles, importantes y valiosos en la vida del otro. Poder compartir su experiencia, sus conocimientos y su punto de vista les ayuda a sentirse integrados y productivos, a tener un prop\u00f3sito.<\/li>\n<li>Un v\u00ednculo con alguien m\u00e1s joven pone a las personas mayores en marcha y las enfrenta a nuevos retos y desaf\u00edos. Fomenta la actividad f\u00edsica y tambi\u00e9n la mental,\u00a0<strong>favoreciendo un\u00a0<a class=\"jsx-151512268 jsx-1474443579 default-a-link is--underline c--secondary-600 is--underline\" href=\"https:\/\/lamenteesmaravillosa.com\/envejecimiento-activo-de-que-trata\/\" target=\"_self\" rel=\"noopener\" data-with-google-events=\"true\" data-google-events=\"{&quot;data&quot;:{&quot;action&quot;:&quot;click&quot;,&quot;category&quot;:&quot;Content&quot;,&quot;label&quot;:&quot;Related \/por-que-saltar-frontera-invisible-edad\/&quot;,&quot;value&quot;:&quot;https:\/\/lamenteesmaravillosa.com\/envejecimiento-activo-de-que-trata\/&quot;}}\">envejecimiento activo<\/a><\/strong>. Y es que, desde jugar con un ni\u00f1o hasta aprender sobre redes sociales de un adolescente, este tipo de v\u00ednculos ofrecen m\u00faltiples oportunidades para salir de la zona de confort y hacer ese esfuerzo tan beneficioso.<\/li>\n<li><strong>Ayuda a la integraci\u00f3n de las personas mayores en la sociedad<\/strong>. Y es que el contacto con las generaciones m\u00e1s j\u00f3venes es el mejor modo de entender sus valores, sus ideales y puntos de vista que son el reflejo de la actualidad. Tambi\u00e9n ellos son los mejores maestros en cuanto a tecnolog\u00eda y pueden facilitar el aprendizaje de los mayores en este aspecto.<\/li>\n<\/ul>\n<h2 id=\"que-hay-de-los-jovenes\" class=\"jsx-3692753319 jsx-2566528898 c--main-600  mt--x-big pt--normal\">\u00bfQu\u00e9 hay de los j\u00f3venes?<\/h2>\n<p class=\"jsx-4098198752 c--grey-neutral-800\">Cuando hablamos de fomentar las relaciones intergeneracionales, pensamos que este es un sacrificio que los j\u00f3venes pueden hacer por ayudar a los mayores. Sin embargo, los primeros tambi\u00e9n pueden verse muy beneficiados por estos v\u00ednculos:<\/p>\n<ul class=\"jsx-43291209 list-on-content mlr--x-big mtb--big c--grey-neutral-800 lh--1-8 ff--serif lst--disc\">\n<li>Si las personas mayores son de su familia, tienen la oportunidad de\u00a0<strong>descubrir sus\u00a0<a class=\"jsx-151512268 jsx-1474443579 default-a-link is--underline c--secondary-600 is--underline\" href=\"https:\/\/lamenteesmaravillosa.com\/valorar-nuestras-raices-una-forma-de-encontrarnos\/\" target=\"_self\" rel=\"noopener\" data-with-google-events=\"true\" data-google-events=\"{&quot;data&quot;:{&quot;action&quot;:&quot;click&quot;,&quot;category&quot;:&quot;Content&quot;,&quot;label&quot;:&quot;Related \/por-que-saltar-frontera-invisible-edad\/&quot;,&quot;value&quot;:&quot;https:\/\/lamenteesmaravillosa.com\/valorar-nuestras-raices-una-forma-de-encontrarnos\/&quot;}}\">ra\u00edces<\/a>\u00a0y su historia.<\/strong>\u00a0Desarrollan un sentimiento de pertenencia y son m\u00e1s capaces de comprender de d\u00f3nde vienen, qu\u00e9 pueden aprender y qu\u00e9 no desean repetir.<\/li>\n<li>La experiencia y la\u00a0<a class=\"jsx-151512268 jsx-1474443579 default-a-link is--underline c--secondary-600 is--underline\" href=\"https:\/\/lamenteesmaravillosa.com\/las-sabiduria-de-las-personas-mayores\/\" target=\"_self\" rel=\"noopener\" data-with-google-events=\"true\" data-google-events=\"{&quot;data&quot;:{&quot;action&quot;:&quot;click&quot;,&quot;category&quot;:&quot;Content&quot;,&quot;label&quot;:&quot;Related \/por-que-saltar-frontera-invisible-edad\/&quot;,&quot;value&quot;:&quot;https:\/\/lamenteesmaravillosa.com\/las-sabiduria-de-las-personas-mayores\/&quot;}}\">sabidur\u00eda<\/a>\u00a0que aportan los a\u00f1os y las vivencias hacen que<strong>\u00a0los mayores puedan compartir valiosos conocimientos<\/strong>\u00a0sobre c\u00f3mo afrontar las situaciones, qu\u00e9 decisiones tomar y c\u00f3mo contemplar la vida desde una perspectiva m\u00e1s amplia; algo que a los j\u00f3venes a\u00fan les falta.<\/li>\n<li>Igualmente,\u00a0<strong>pueden transmitirles ciertos valores tradicionales<\/strong>\u00a0y ayudarles a recordar su importancia. Por ejemplo, la responsabilidad, el valor de la palabra o la importancia del cuidado mutuo m\u00e1s all\u00e1 del individualismo.<\/li>\n<li>Ni\u00f1os y adolescentes pueden\u00a0<strong>contar con figuras adultas a las que recurrir en caso de necesidad<\/strong>\u00a0o en busca de apoyo o consejo. No siempre es posible o deseable para ellos acudir a sus progenitores y contar con este tipo de redes puede hacerles sentir m\u00e1s seguros, acompa\u00f1ados y apoyados.<\/li>\n<li>Ante todo, acerca a los j\u00f3venes a la realidad de los mayores y\u00a0<strong>aumenta la\u00a0<a class=\"jsx-151512268 jsx-1474443579 default-a-link is--underline c--secondary-600 is--underline\" href=\"https:\/\/lamenteesmaravillosa.com\/5-consideraciones-que-toda-persona-mayor-merece\/\" target=\"_self\" rel=\"noopener\" data-with-google-events=\"true\" data-google-events=\"{&quot;data&quot;:{&quot;action&quot;:&quot;click&quot;,&quot;category&quot;:&quot;Content&quot;,&quot;label&quot;:&quot;Related \/por-que-saltar-frontera-invisible-edad\/&quot;,&quot;value&quot;:&quot;https:\/\/lamenteesmaravillosa.com\/5-consideraciones-que-toda-persona-mayor-merece\/&quot;}}\">empat\u00eda<\/a>\u00a0hacia ellos<\/strong>. Se eliminan barreras y se forja una visi\u00f3n menos sesgada y m\u00e1s inclusiva con la tercera edad.<\/li>\n<\/ul>\n<h2 id=\"fomentar-las-relaciones-intergeneracionales-nos-enriquece-a-todos\" class=\"jsx-3692753319 jsx-2566528898 c--main-600  mt--x-big pt--normal\">Fomentar las relaciones intergeneracionales nos enriquece a todos<\/h2>\n<p class=\"jsx-4098198752 c--grey-neutral-800\">A la vista de estos beneficios, \u00bfpor qu\u00e9 no cosecharlos?\u00a0<strong>Existen varias propuestas de voluntariado que dedican todos sus esfuerzos a facilitar esta conexi\u00f3n; sin embargo, en muchos casos no es necesario recurrir a ellos<\/strong>. Es muy probable que en nuestro edificio vivan personas de otras generaciones que est\u00e9n deseando compartir con alguien lo que saben.<\/p>\n<p class=\"jsx-4098198752 c--grey-neutral-800\">Solo se trata de abrir los ojos, de mirar, de fijarnos en otros detalles. No tardaremos en encontrar una oportunidad para formar parte de este intercambio intergeneracional.<\/p>\n<p class=\"jsx-4098198752 c--grey-neutral-800\">En ocasiones, basta una conversaci\u00f3n abierta y sincera o un caf\u00e9 compartido para disfrutar de estos beneficios.\u00a0<strong>Tambi\u00e9n podemos involucrarnos en actividades conjuntas que faciliten el intercambio<\/strong>: cocinar, cuidar el jard\u00edn, jugar a juegos de mesa, compartir un proyecto personal o profesional o una afici\u00f3n com\u00fan\u2026 Las alternativas son m\u00faltiples, solo hemos de encontrar aquella con la que nos sintamos c\u00f3modos y abrir nuestra mente para conocer la realidad del otro.<\/p>\n<p><a class=\"jsx-151512268 jsx-1596958326 default-a-link is--underline c--grey-neutral-800  link-tool-tip jsx-2288154920 jsx-986712099\" href=\"https:\/\/lamenteesmaravillosa.com\/autor\/elena-sanz\/\" target=\"_self\" rel=\"noopener\"><strong>Elena Sanz<\/strong><\/a>.<\/p>\n<div id=\"telet-3671153977\" class=\"telet-despues-del-contenido telet-entity-placement\"><a target=\"_blank\" href=\"\/\/aff.lucushost.com\/resources\/click\/?n=gDxoXMAJ&aff=756\"><img decoding=\"async\" border=\"0\" alt=\"LucusHost, el mejor hosting\" src=\"\/\/aff.lucushost.com\/resources\/banners\/?zoneid=5123&n=gDxoXMAJ&aff=756\" \/><\/a><\/div>","protected":false},"excerpt":{"rendered":"<p>Las relaciones entre personas de distintas generaciones nos enriquecen, nos abren la mente y mejoran la empat\u00eda. Te contamos por qu\u00e9 son beneficiosas y c\u00f3mo fomentarlas Al elegir personas para&hellip; <\/p>\n","protected":false},"author":1,"featured_media":10313,"comment_status":"open","ping_status":"open","sticky":false,"template":"","format":"standard","meta":{"_jetpack_memberships_contains_paid_content":false,"footnotes":"","_links_to":"","_links_to_target":""},"categories":[8],"tags":[15,14],"class_list":["post-10312","post","type-post","status-publish","format-standard","has-post-thumbnail","hentry","category-vida-social","tag-fuprisa","tag-jose-manuel-fuentes-prieto"],"nelio_content":{"autoShareEndMode":"never","automationSources":{"useCustomSentences":false,"customSentences":[]},"efiAlt":"","efiUrl":"","followers":[1],"highlights":[],"isAutoShareEnabled":true,"networkImageIds":[],"permalinkQueryArgs":[],"series":[],"suggestedReferences":[]},"jetpack_featured_media_url":"https:\/\/teletrabajoynegocios.com\/telesecretarias\/wp-content\/uploads\/sites\/2\/2022\/08\/padre-abuelo-felicitando-hijo.jpg","jetpack_sharing_enabled":true,"_links":{"self":[{"href":"https:\/\/teletrabajoynegocios.com\/telesecretarias\/wp-json\/wp\/v2\/posts\/10312","targetHints":{"allow":["GET"]}}],"collection":[{"href":"https:\/\/teletrabajoynegocios.com\/telesecretarias\/wp-json\/wp\/v2\/posts"}],"about":[{"href":"https:\/\/teletrabajoynegocios.com\/telesecretarias\/wp-json\/wp\/v2\/types\/post"}],"author":[{"embeddable":true,"href":"https:\/\/teletrabajoynegocios.com\/telesecretarias\/wp-json\/wp\/v2\/users\/1"}],"replies":[{"embeddable":true,"href":"https:\/\/teletrabajoynegocios.com\/telesecretarias\/wp-json\/wp\/v2\/comments?post=10312"}],"version-history":[{"count":2,"href":"https:\/\/teletrabajoynegocios.com\/telesecretarias\/wp-json\/wp\/v2\/posts\/10312\/revisions"}],"predecessor-version":[{"id":10321,"href":"https:\/\/teletrabajoynegocios.com\/telesecretarias\/wp-json\/wp\/v2\/posts\/10312\/revisions\/10321"}],"wp:featuredmedia":[{"embeddable":true,"href":"https:\/\/teletrabajoynegocios.com\/telesecretarias\/wp-json\/wp\/v2\/media\/10313"}],"wp:attachment":[{"href":"https:\/\/teletrabajoynegocios.com\/telesecretarias\/wp-json\/wp\/v2\/media?parent=10312"}],"wp:term":[{"taxonomy":"category","embeddable":true,"href":"https:\/\/teletrabajoynegocios.com\/telesecretarias\/wp-json\/wp\/v2\/categories?post=10312"},{"taxonomy":"post_tag","embeddable":true,"href":"https:\/\/teletrabajoynegocios.com\/telesecretarias\/wp-json\/wp\/v2\/tags?post=10312"}],"curies":[{"name":"wp","href":"https:\/\/api.w.org\/{rel}","templated":true}]}}