{"id":1039,"date":"2020-05-13T11:02:35","date_gmt":"2020-05-13T09:02:35","guid":{"rendered":"https:\/\/teletrabajoynegocios.com\/telesecretarias\/?p=1039"},"modified":"2020-05-11T13:11:54","modified_gmt":"2020-05-11T11:11:54","slug":"como-hacer-una-videoconferencia-por-internet-con-zoom","status":"publish","type":"post","link":"https:\/\/teletrabajoynegocios.com\/telesecretarias\/como-hacer-una-videoconferencia-por-internet-con-zoom\/","title":{"rendered":"\u00bfC\u00f3mo hacer una videoconferencia por Internet con Zoom?"},"content":{"rendered":"<div id=\"telet-3916693912\" class=\"telet-antes-del-contenido telet-entity-placement\"><a href=\"https:\/\/quaderno.io\/?via=jose-manuel94\" aria-label=\"Quaderno General (Spanish) &#8211; 728&#215;90\"><img loading=\"lazy\" decoding=\"async\" src=\"https:\/\/teletrabajoynegocios.com\/telesecretarias\/wp-content\/uploads\/sites\/2\/2020\/11\/Quaderno-General-Spanish-728x90-1.png\" alt=\"\"  srcset=\"https:\/\/teletrabajoynegocios.com\/telesecretarias\/wp-content\/uploads\/sites\/2\/2020\/11\/Quaderno-General-Spanish-728x90-1.png 728w, https:\/\/teletrabajoynegocios.com\/telesecretarias\/wp-content\/uploads\/sites\/2\/2020\/11\/Quaderno-General-Spanish-728x90-1-300x37.png 300w\" sizes=\"(max-width: 728px) 100vw, 728px\" width=\"728\" height=\"90\"   \/><\/a><\/div><p>La digitalizaci\u00f3n de las empresas, al igual que el teletrabajo, est\u00e1 creciendo.<\/p>\n<p>Es algo inevitable.<\/p>\n<p>Adem\u00e1s, se ha visto fuertemente incrementada por la situaci\u00f3n de confinamiento.<\/p>\n<p>La cuesti\u00f3n es que toda esta transformaci\u00f3n va a cambiar el&nbsp;<em>modus operandi<\/em>&nbsp;de la comunicaci\u00f3n tanto con los trabajadores como con los clientes.<\/p>\n<p>\u00bfY c\u00f3mo conseguimos esa comunicaci\u00f3n y ese contacto humano sin tener que estar presentes?<\/p>\n<p>Pues obviamente con una herramienta de videoconferencias. En este caso, vamos a hablar de Zoom, una de las mejores herramientas de videoconferencias del mercado.<\/p>\n<h2><span id=\"que_es_zoom_y_para_que_sirve\">\u00bfQu\u00e9 es Zoom y para qu\u00e9 sirve?<\/span><\/h2>\n<p>Como te he comentado, Zoom es una herramienta para realizar videoconferencias o videollamadas, tanto de forma individual como de forma grupal.&nbsp;<\/p>\n<p>De hecho, puedes realizar Meetings, Webinars cerrados o incluso tener tu propia sala de conferencias. Todo ello acompa\u00f1ado de un apartado de Chat, con el que podr\u00e1s comunicar y compartir informaci\u00f3n por escrito con los asistentes.<\/p>\n<h2><span id=\"descargar_zoom_videoconferencia_en_espanol_y_gratis\">Descargar Zoom videoconferencia en espa\u00f1ol y gratis<\/span><\/h2>\n<p>S\u00ed, Zoom tambi\u00e9n tiene disponible una versi\u00f3n gratuita. Enseguida te voy a presentar los diferentes planes que ofrece, pero por el momento, quiero mostrarte c\u00f3mo descargar esta herramienta, en espa\u00f1ol y de forma totalmente gratuita.<\/p>\n<p>En primer lugar, tendr\u00e1s que crear tu cuenta.<\/p>\n<p>Simplemente dir\u00edgete a la&nbsp;<a href=\"https:\/\/zoom.us\/\" target=\"_blank\" rel=\"noopener noreferrer\">p\u00e1gina web oficial de Zoom<\/a>&nbsp;y haz clic en el bot\u00f3n azul que encontrar\u00e1s en el apartado superior derecho \u201cSign Up, It\u2019s Free\u201d.<\/p>\n<p>Una vez lo abras, como en cualquier otra plataforma, te aparecer\u00e1 una ventana donde tendr\u00e1s que a\u00f1adir tu correo electr\u00f3nico o darte de alta con tu cuenta de Google o Facebook. Y una vez lo hayas hecho, te enviar\u00e1n un correo de confirmaci\u00f3n. Simplemente haz clic al bot\u00f3n que encontrar\u00e1s en ese correo para confirmar tu correo.<\/p>\n<p>Como puedes ver el proceso de alta es muy simple. Tan solo tienes que ir rellenando los campos que te va pidiendo para poder crear y configurar tu cuenta. Cuando hayas terminado, haz clic al bot\u00f3n naranja \u201cContinue\u201d.<\/p>\n<p>Genial, en el siguiente paso te preguntar\u00e1 si quieres invitar a tu contactos. Por el momento, haz clic al bot\u00f3n \u201cSkip this Step\u201d.<\/p>\n<p>Como vas a ver en el tercer paso, Zoom ya habr\u00e1 creado tu cuenta y te entregar\u00e1 el link de tu sala personal de reuniones.<\/p>\n<p>Aunque podr\u00e1s acceder a ella siempre que quieras, te recomiendo que te la guardes en un sitio en el que puedas acceder f\u00e1cilmente y as\u00ed no tengas que estar entrando cada dos por tres a buscar la URL.<\/p>\n<p>Como por ahora no queremos empezar ninguna reuni\u00f3n, haz clic al bot\u00f3n \u201cGo to My Account\u201d.<\/p>\n<p>Lo primero que vamos a hacer es cambiar el idioma. Para hacerlo, en el Perfil de tu cuenta. Ve bajando hasta que encuentres el apartado \u201cLanguage\u201d. Selecciona \u201cEspa\u00f1ol\u201d y el idioma se cambiar\u00e1 autom\u00e1ticamente en toda tu cuenta.<\/p>\n<p>Perfecto, ahora que ya tienes tu cuenta creada, ya puedes descargar la aplicaci\u00f3n para tu ordenador. Puedes descargarlo haciendo&nbsp;<a href=\"https:\/\/zoom.us\/download\" target=\"_blank\" rel=\"noopener noreferrer\">clic aqu\u00ed<\/a>.<\/p>\n<p>Su instalaci\u00f3n es tan simple como descargar, instalar la aplicaci\u00f3n y entrar en tu cuenta con tus datos.<\/p>\n<h2><span id=\"precios_licencias_zoom\">Precios Licencias Zoom<\/span><\/h2>\n<p>Zoom tiene tres planes distintos: uno gratuito y dos de pago.<\/p>\n<ul>\n<li>Cuenta B\u00e1sica (Gratis): Reuniones 1 a 1 ilimitadas y podr\u00e1s albergar hasta 100 participantes, pero con un l\u00edmite de 40 minutos por sesi\u00f3n en la reuniones grupales.<\/li>\n<li>Cuenta Pro (13,99\u20ac\/mes): Todas las funciones del plan gratuito + incluye 100 participantes con un l\u00edmite de tiempo por sesi\u00f3n de 24 horas (dudo que est\u00e9s tanto tiempo en una reuni\u00f3n\u2026), podr\u00e1s administrar los usuarios, tener informes de las sesiones y subir tus grabaciones a la nube con un espacio de hasta 1GB.<\/li>\n<li>Cuenta Business (18,99\u20ac\/anfitri\u00f3n\/mes): Funciones de la cuenta Pro + 300 participantes, soporte telef\u00f3nico exclusivo, panel de control administrativo, direcci\u00f3n personalizada con la URL de la empresa, marca de la compa\u00f1\u00eda, correos electr\u00f3nicos personalizados, transcripciones de las grabaciones en la nube\u2026 Como m\u00ednimo hay que contratar 10 anfitriones.<\/li>\n<\/ul>\n<p>Y aparte de todo esto, tambi\u00e9n encontramos las contrataciones complementarias, como Zoom Phone (para llamadas por tel\u00e9fono), Zoom Room, conector de sala, aumento de participantes\u2026<\/p>\n<p>Sea como sea, con la cuenta gratuita tendr\u00e1s de sobra. Y si necesitas m\u00e1s, contrata la cuenta Pro.<\/p>\n<h2><span id=\"como_hacer_llamadas_por_zoom\">C\u00f3mo hacer llamadas por Zoom<\/span><\/h2>\n<p>Vamos al l\u00edo. Aqu\u00ed tienes dos opciones: la llamada individual y la grupal. Vamos a empezar con la individual.<\/p>\n<p>Para ello simplemente tendr\u00e1s que seguir estos pasos:<\/p>\n<ol>\n<li>Compartir el link de tu sala personal con la persona con la que te quieras unir.<\/li>\n<li>Entrar en tu sala. Para hacerlo tendr\u00e1s que a\u00f1adir tu link en el apartado de b\u00fasqueda de tu navegador y autom\u00e1ticamente acceder\u00e1s a tu sala personal.<\/li>\n<li>Esperar a que se conecte tu invitado y realizar la sesi\u00f3n.<\/li>\n<\/ol>\n<p>Para las reuniones recurrentes o las sesiones grupales, tendr\u00e1s que crear una sala a parte.<\/p>\n<p>Te lo cuento en el pr\u00f3ximo apartado.<\/p>\n<h2><span id=\"como_crear_una_reunion_con_zoom\">C\u00f3mo crear una reuni\u00f3n con Zoom<\/span><\/h2>\n<p>En el Dashboard de tu cuenta, abre el apartado de \u201cReuniones\u201d.<\/p>\n<p>Haz clic al bot\u00f3n azul \u201cProgramar una reuni\u00f3n nueva\u201d y en la siguiente p\u00e1gina, ve rellenando los campos que te pide.<\/p>\n<p>Podr\u00e1s escribir el nombre de la reuni\u00f3n, una breve descripci\u00f3n, cu\u00e1ndo se va a realizar, la duraci\u00f3n, la zona horaria\u2026 vamos todo lo que necesitas para crearla.<\/p>\n<p>Aqu\u00ed encontrar\u00e1s varias opciones de acceso para los invitados. Mi recomendaci\u00f3n es que si t\u00fa eres el que va a dirigir la reuni\u00f3n, selecciones las opciones \u201cHabilitar la sala de espera\u201d.<\/p>\n<p>En el caso de que quieras grabar estas reuniones, \u201cGrabe la reuni\u00f3n autom\u00e1ticamente en la computadora local&nbsp;\u201d y si quieres que sea una reuni\u00f3n recurrente, tambi\u00e9n podr\u00e1s seleccionar esta opci\u00f3n.<\/p>\n<p>De esta forma nadie podr\u00e1 entrar en la sala sin que t\u00fa est\u00e9s dentro y la reuni\u00f3n se grabar\u00e1 de forma autom\u00e1tica una vez entres.<\/p>\n<p>Recuerda que para las sesiones 1 a 1, no tienes limite de tiempo, pero para las sesiones grupales tienes 40 minutos (en la versi\u00f3n Free).<\/p>\n<p>Una vez la hayas creado, haz clic al bot\u00f3n \u201cGuardar\u201d y autom\u00e1ticamente ver\u00e1s que la reuni\u00f3n aparecer\u00e1 en el apartado \u201cReuniones\u201d.<\/p>\n<p>Otra opci\u00f3n que tambi\u00e9n ver\u00e1s es que esta sesi\u00f3n se registre en tu calendario.<\/p>\n<p>En el momento en el que quieras iniciar la reuni\u00f3n, simplemente abre el apartado de Reuniones y justo en la reuni\u00f3n creada, encontrar\u00e1s el bot\u00f3n \u201cIniciar\u201d.<\/p>\n<p>Al igual que con tu sala personal, para que tus invitados se puedan unir, tendr\u00e1s que compartir el link de esta reuni\u00f3n con ellos. La encontrar\u00e1s justo dentro de la reuni\u00f3n que acabas de crear.<\/p>\n<h2><span id=\"como_compartir_pantalla_con_zoom\">C\u00f3mo compartir pantalla con Zoom<\/span><\/h2>\n<p>Una vez est\u00e9s dentro de tu sala, hayas empezado la reuni\u00f3n y resulte que necesitas compartir tu pantalla con tus invitados, tienes que dirigirte a la barra inferior de la videollamada (donde est\u00e1n lo iconos del micr\u00f3fono, la c\u00e1mara\u2026), hacer clic al icono en verde \u201cCompartir\u201d y seleccionar la opci\u00f3n que quieras compartir (una ventana en concreto o toda la pantalla).<\/p>\n<p>Como puedes ver, dentro de tu sala tambi\u00e9n encontrar\u00e1s diferentes opciones. Entre otras, podr\u00e1s invitar a otras personas a que se unan a la reuni\u00f3n, ver el n\u00famero de participantes, grabar, activar o desactivar el micr\u00f3fono y la c\u00e1mara de v\u00eddeo\u2026<\/p>\n<hr>\n<p><img decoding=\"async\" src=\"http:\/\/web.vallebro.biz\/wp-content\/uploads\/2020\/01\/articulos.png\"><\/p>\n<div class=\"wp-rss-template-container\" data-wpra-template=\"default\" data-template-ctx=\"W10=\">\n    <div class=\"wp-rss-aggregator wpra-list-template  \" data-page=\"1\">\n    \n    \n<ul class=\"wpra-item-list rss-aggregator wpra-item-list--bullets wpra-item-list--default\"\n    start=\"1\">\n                        <li class=\"wpra-item feed-item \">\n            \n            \n\n    <a  href=\"https:\/\/distritoemprendedores.com\/blog\/2026\/03\/16\/hello-world\/\" target=\"_blank\" rel=\"nofollow\" class=\"\">Hello world!<\/a>\n\n\n\n\n\n\n<div class=\"wprss-feed-meta\">\n            <span class=\"feed-source\">\n            Source:\n\n                            Distrito Emprendedores\n                    <\/span>\n    \n            <span class=\"feed-date\">\n            Published on 2026-03-16\n        <\/span>\n    \n    <\/div>\n\n\n\n\n\n            \n        <\/li>\n                    <li class=\"wpra-item feed-item \">\n            \n            \n\n    <a  href=\"https:\/\/www.dropbox.com\/scl\/fi\/b6csvpbfxu24vaezmo3es\/62bed0634df20e5ef35346439fdd423f_franquicias.pdf?rlkey=mfp2795s4n89mw35l0yeu2vl5&amp;e=2&amp;st=57kabuy0&amp;dl=0#new_tab\" target=\"_blank\" rel=\"nofollow\" class=\"\">Las franquicias espa\u00f1olas duplican su presencia en mercados for\u00e1neos<\/a>\n\n\n\n\n\n\n<div class=\"wprss-feed-meta\">\n            <span class=\"feed-source\">\n            Source:\n\n                            Distrito Emprendedores\n                    <\/span>\n    \n            <span class=\"feed-date\">\n            Published on 2026-03-11\n        <\/span>\n    \n    <\/div>\n\n\n\n\n\n            \n        <\/li>\n                    <li class=\"wpra-item feed-item \">\n            \n            \n\n    <a  href=\"https:\/\/distritoemprendedores.es\/blog\/5-errores-fatales-al-internacionalizar-tu-franquicia\/\" target=\"_blank\" rel=\"nofollow\" class=\"\">5 errores fatales al internacionalizar tu franquicia<\/a>\n\n\n\n\n\n\n<div class=\"wprss-feed-meta\">\n            <span class=\"feed-source\">\n            Source:\n\n                            Distrito Emprendedores\n                    <\/span>\n    \n            <span class=\"feed-date\">\n            Published on 2026-03-10\n        <\/span>\n    \n    <\/div>\n\n\n\n\n\n            \n        <\/li>\n                    <li class=\"wpra-item feed-item \">\n            \n            \n\n    <a  href=\"https:\/\/distritoemprendedores.es\/blog\/un-nuevo-prime-time-para-las-marcas-afterwork-tardeo-y-futbol-se-consolidan-como-los-grandes-motores-del-consumo-experiencial\/\" target=\"_blank\" rel=\"nofollow\" class=\"\">Un nuevo prime time para las marcas: afterwork, tardeo y f\u00fatbol se consolidan como los grandes motores del consumo experiencial<\/a>\n\n\n\n\n\n\n<div class=\"wprss-feed-meta\">\n            <span class=\"feed-source\">\n            Source:\n\n                            Distrito Emprendedores\n                    <\/span>\n    \n            <span class=\"feed-date\">\n            Published on 2026-03-09\n        <\/span>\n    \n    <\/div>\n\n\n\n\n\n            \n        <\/li>\n                    <li class=\"wpra-item feed-item \">\n            \n            \n\n    <a  href=\"https:\/\/distritoemprendedores.es\/blog\/la-ventaja-competitiva-esta-en-entender-como-pregunta-el-consumidor\/\" target=\"_blank\" rel=\"nofollow\" class=\"\">La ventaja competitiva est\u00e1 en entender c\u00f3mo pregunta el consumidor<\/a>\n\n\n\n\n\n\n<div class=\"wprss-feed-meta\">\n            <span class=\"feed-source\">\n            Source:\n\n                            Distrito Emprendedores\n                    <\/span>\n    \n            <span class=\"feed-date\">\n            Published on 2026-03-08\n        <\/span>\n    \n    <\/div>\n\n\n\n\n\n            \n        <\/li>\n                    <li class=\"wpra-item feed-item \">\n            \n            \n\n    <a  href=\"https:\/\/distritoemprendedores.es\/blog\/solo-el-7-de-los-espanoles-cree-a-las-marcas-cuando-comunican-sus-valores-con-hechos-demostrables\/\" target=\"_blank\" rel=\"nofollow\" class=\"\">Solo el 7% de los espa\u00f1oles cree a las marcas cuando comunican sus valores con hechos demostrables<\/a>\n\n\n\n\n\n\n<div class=\"wprss-feed-meta\">\n            <span class=\"feed-source\">\n            Source:\n\n                            Distrito Emprendedores\n                    <\/span>\n    \n            <span class=\"feed-date\">\n            Published on 2026-03-07\n        <\/span>\n    \n    <\/div>\n\n\n\n\n\n            \n        <\/li>\n                    <li class=\"wpra-item feed-item \">\n            \n            \n\n    <a  href=\"https:\/\/distritoemprendedores.es\/blog\/el-38-de-las-empresas-creadas-en-2019-ha-echado-ya-el-cierre\/\" target=\"_blank\" rel=\"nofollow\" class=\"\">El 38% de las empresas creadas en 2019 ha echado ya el cierre<\/a>\n\n\n\n\n\n\n<div class=\"wprss-feed-meta\">\n            <span class=\"feed-source\">\n            Source:\n\n                            Distrito Emprendedores\n                    <\/span>\n    \n            <span class=\"feed-date\">\n            Published on 2026-03-06\n        <\/span>\n    \n    <\/div>\n\n\n\n\n\n            \n        <\/li>\n                    <li class=\"wpra-item feed-item \">\n            \n            \n\n    <a  href=\"https:\/\/distritoemprendedores.es\/blog\/descubre-las-oportunidades-y-tendencias-en-el-mercado-de-la-franquicia-para-2026\/\" target=\"_blank\" rel=\"nofollow\" class=\"\">Descubre las oportunidades y tendencias en el mercado de la franquicia para 2026<\/a>\n\n\n\n\n\n\n<div class=\"wprss-feed-meta\">\n            <span class=\"feed-source\">\n            Source:\n\n                            Distrito Emprendedores\n                    <\/span>\n    \n            <span class=\"feed-date\">\n            Published on 2026-03-05\n        <\/span>\n    \n    <\/div>\n\n\n\n\n\n            \n        <\/li>\n                    <li class=\"wpra-item feed-item \">\n            \n            \n\n    <a  href=\"https:\/\/distritoemprendedores.es\/blog\/las-startups-de-salud-mas-punteras-del-mundo\/\" target=\"_blank\" rel=\"nofollow\" class=\"\">Las startups de salud m\u00e1s punteras del mundo<\/a>\n\n\n\n\n\n\n<div class=\"wprss-feed-meta\">\n            <span class=\"feed-source\">\n            Source:\n\n                            Distrito Emprendedores\n                    <\/span>\n    \n            <span class=\"feed-date\">\n            Published on 2026-03-04\n        <\/span>\n    \n    <\/div>\n\n\n\n\n\n            \n        <\/li>\n                    <li class=\"wpra-item feed-item \">\n            \n            \n\n    <a  href=\"https:\/\/distritoemprendedores.es\/blog\/puesta-en-marcha-de-un-negocio-primeros-pasos-para-validar-vender-y-controlar-la-tesoreria\/\" target=\"_blank\" rel=\"nofollow\" class=\"\">Puesta en marcha de un negocio: primeros pasos para validar, vender y controlar la tesorer\u00eda<\/a>\n\n\n\n\n\n\n<div class=\"wprss-feed-meta\">\n            <span class=\"feed-source\">\n            Source:\n\n                            Distrito Emprendedores\n                    <\/span>\n    \n            <span class=\"feed-date\">\n            Published on 2026-03-03\n        <\/span>\n    \n    <\/div>\n\n\n\n\n\n            \n        <\/li>\n                    <li class=\"wpra-item feed-item \">\n            \n            \n\n    <a  href=\"https:\/\/distritoemprendedores.es\/blog\/6-franquicias-sin-apenas-competencia-en-el-mercado\/\" target=\"_blank\" rel=\"nofollow\" class=\"\">6 franquicias sin apenas competencia en el mercado<\/a>\n\n\n\n\n\n\n<div class=\"wprss-feed-meta\">\n            <span class=\"feed-source\">\n            Source:\n\n                            Distrito Emprendedores\n                    <\/span>\n    \n            <span class=\"feed-date\">\n            Published on 2026-03-02\n        <\/span>\n    \n    <\/div>\n\n\n\n\n\n            \n        <\/li>\n                    <li class=\"wpra-item feed-item \">\n            \n            \n\n    <a  href=\"https:\/\/digistorage.es\/links\/71d78951-a420-4f5b-8de6-7b35ae7efc1c#new_tab\" target=\"_blank\" rel=\"nofollow\" class=\"\">Los algoritmos amenazan con filtrar las confesiones realizadas al abogado<\/a>\n\n\n\n\n\n\n<div class=\"wprss-feed-meta\">\n            <span class=\"feed-source\">\n            Source:\n\n                            Distrito Emprendedores\n                    <\/span>\n    \n            <span class=\"feed-date\">\n            Published on 2026-03-01\n        <\/span>\n    \n    <\/div>\n\n\n\n\n\n            \n        <\/li>\n                    <li class=\"wpra-item feed-item \">\n            \n            \n\n    <a  href=\"https:\/\/distritoemprendedores.es\/blog\/las-startups-que-mas-innovan-en-el-mundo\/\" target=\"_blank\" rel=\"nofollow\" class=\"\">Las startups que m\u00e1s innovan en el mundo<\/a>\n\n\n\n\n\n\n<div class=\"wprss-feed-meta\">\n            <span class=\"feed-source\">\n            Source:\n\n                            Distrito Emprendedores\n                    <\/span>\n    \n            <span class=\"feed-date\">\n            Published on 2026-02-28\n        <\/span>\n    \n    <\/div>\n\n\n\n\n\n            \n        <\/li>\n                    <li class=\"wpra-item feed-item \">\n            \n            \n\n    <a  href=\"https:\/\/distritoemprendedores.es\/blog\/tiktok-genera-31-000-millones-de-euros-para-las-empresas-europeas-y-3-000-millones-en-espana\/\" target=\"_blank\" rel=\"nofollow\" class=\"\">TikTok genera 31.000 millones de euros para las empresas europeas y 3.000 millones en Espa\u00f1a<\/a>\n\n\n\n\n\n\n<div class=\"wprss-feed-meta\">\n            <span class=\"feed-source\">\n            Source:\n\n                            Distrito Emprendedores\n                    <\/span>\n    \n            <span class=\"feed-date\">\n            Published on 2026-02-27\n        <\/span>\n    \n    <\/div>\n\n\n\n\n\n            \n        <\/li>\n                    <li class=\"wpra-item feed-item \">\n            \n            \n\n    <a  href=\"https:\/\/distritoemprendedores.es\/blog\/amazon-planea-un-marketplace-para-hacer-de-puente-entre-los-publishers-y-las-empresas-de-ia\/\" target=\"_blank\" rel=\"nofollow\" class=\"\">Amazon planea un \u00abmarketplace\u00bb para hacer de puente entre los \u00abpublishers\u00bb y las empresas de IA<\/a>\n\n\n\n\n\n\n<div class=\"wprss-feed-meta\">\n            <span class=\"feed-source\">\n            Source:\n\n                            Distrito Emprendedores\n                    <\/span>\n    \n            <span class=\"feed-date\">\n            Published on 2026-02-26\n        <\/span>\n    \n    <\/div>\n\n\n\n\n\n            \n        <\/li>\n        <\/ul>\n\n        \n<\/div>\n\n<\/div>\n\n<hr>\n<h2><span id=\"como_invitar_a_una_reunion_con_zoom\">\u00bfC\u00f3mo invitar a una reuni\u00f3n con Zoom?<\/span><\/h2>\n<p>Invitar a otras personas a una reuni\u00f3n con Zoom es muy sencillo.<\/p>\n<p>Hay dos formas, antes o durante la reuni\u00f3n. Lo normal es que crees la reuni\u00f3n con antelaci\u00f3n y compartas el enlace con tus invitados (email, WhatsApp, etc).<\/p>\n<p>La segunda opci\u00f3n es que inicies la reuni\u00f3n y compartas el enlace haciendo clic en el bot\u00f3n de \u201cInvitar\u201d que aparece en la barra inferior cuando est\u00e1s en vivo.<\/p>\n<h2><span id=\"que_es_zoom_app\">\u00bfQu\u00e9 es Zoom app?<\/span><\/h2>\n<p>Es la aplicaci\u00f3n para Smartphone, disponible tanto para IOS como para Android.<\/p>\n<p>La encontrar\u00e1s en la App Atore y en Google Play. Tambi\u00e9n es gratuita. Inicia sesi\u00f3n con tu usuario y contrase\u00f1a y se vincular\u00e1 con tu cuenta ya creada.<\/p>\n<p>El funcionamiento de esta app es exactamente el mismo que en la aplicaci\u00f3n para ordenador, lo \u00fanico que cambia es su interfaz. Si solo vas a hacer una videollamada es ideal. Ahora bien, si quieres compartir pantalla mejor que uses la versi\u00f3n de escritorio.<\/p>\n<p>Tambi\u00e9n podr\u00e1s crear reuniones, podr\u00e1s compartir los enlaces, podr\u00e1s iniciar videollamadas\u2026 todo igual que en el ordenador. Eso s\u00ed, te recomiendo que tengas siempre a mano el cargador de tu m\u00f3vil, porque la app consume bastante bater\u00eda. \ud83d\ude09<\/p>\n<h2><span id=\"problemas_conocidos\">Problemas conocidos<\/span><\/h2>\n<p>Esta herramienta suele funcionar muy bien, pero de vez en cuando puede que te encuentres con alg\u00fan que otro contratiempo, sobretodo en la configuraci\u00f3n del audio o del v\u00eddeo.<\/p>\n<p>Si desde un principio todo te funciona bien, y surge alg\u00fan problema, es probable que el problema lo tenga tu invitado.<\/p>\n<p>A\u00fan as\u00ed, los problemas m\u00e1s habituales son o bien que no ves a tu invitado o \u00e9l\/ella no te ve a ti, o bien que no te oye.<\/p>\n<p>Para solucionarlo, simplemente tienes que revisar la configuraci\u00f3n de audio y v\u00eddeo y ver que realmente est\u00e1n conectados las entradas y salidas que vas a utilizar.<\/p>\n<p>En el caso de que utilices un micr\u00f3fono o una c\u00e1mara externa, te aparecer\u00e1n all\u00ed.<\/p>\n<p>Zoom es una herramienta de videoconferencias muy potente que te permite tener una comunicaci\u00f3n m\u00e1s cercana con tu audiencia y tus clientes.<\/p>\n<p>Ahora ya est\u00e1s preparado para empezar a realizar reuniones, webinars y llamadas de venta desde tu propia casa.<\/p>\n<p><a href=\"https:\/\/www.lifestylealcuadrado.com\/\"><em>Franck Scipion<\/em><\/a><\/p>\n<div id=\"telet-1561473790\" class=\"telet-despues-del-contenido telet-entity-placement\"><a target=\"_blank\" href=\"\/\/aff.lucushost.com\/resources\/click\/?n=gDxoXMAJ&aff=756\"><img decoding=\"async\" border=\"0\" alt=\"LucusHost, el mejor hosting\" src=\"\/\/aff.lucushost.com\/resources\/banners\/?zoneid=5123&n=gDxoXMAJ&aff=756\" \/><\/a><\/div>","protected":false},"excerpt":{"rendered":"<p>La digitalizaci\u00f3n de las empresas, al igual que el teletrabajo, est\u00e1 creciendo. Es algo inevitable. Adem\u00e1s, se ha visto fuertemente incrementada por la situaci\u00f3n de confinamiento. La cuesti\u00f3n es que&hellip; <\/p>\n","protected":false},"author":1,"featured_media":1042,"comment_status":"open","ping_status":"open","sticky":false,"template":"","format":"standard","meta":{"_jetpack_memberships_contains_paid_content":false,"footnotes":"","_links_to":"","_links_to_target":""},"categories":[9],"tags":[15,14],"class_list":["post-1039","post","type-post","status-publish","format-standard","has-post-thumbnail","hentry","category-ofimatica","tag-fuprisa","tag-jose-manuel-fuentes-prieto"],"nelio_content":{"autoShareEndMode":"never","automationSources":{"useCustomSentences":false,"customSentences":[]},"efiAlt":"","efiUrl":"","followers":[1],"highlights":[],"isAutoShareEnabled":true,"networkImageIds":[],"permalinkQueryArgs":[],"series":[],"suggestedReferences":[]},"jetpack_featured_media_url":"https:\/\/teletrabajoynegocios.com\/telesecretarias\/wp-content\/uploads\/sites\/2\/2020\/05\/conferencia.jpg","jetpack_sharing_enabled":true,"_links":{"self":[{"href":"https:\/\/teletrabajoynegocios.com\/telesecretarias\/wp-json\/wp\/v2\/posts\/1039","targetHints":{"allow":["GET"]}}],"collection":[{"href":"https:\/\/teletrabajoynegocios.com\/telesecretarias\/wp-json\/wp\/v2\/posts"}],"about":[{"href":"https:\/\/teletrabajoynegocios.com\/telesecretarias\/wp-json\/wp\/v2\/types\/post"}],"author":[{"embeddable":true,"href":"https:\/\/teletrabajoynegocios.com\/telesecretarias\/wp-json\/wp\/v2\/users\/1"}],"replies":[{"embeddable":true,"href":"https:\/\/teletrabajoynegocios.com\/telesecretarias\/wp-json\/wp\/v2\/comments?post=1039"}],"version-history":[{"count":1,"href":"https:\/\/teletrabajoynegocios.com\/telesecretarias\/wp-json\/wp\/v2\/posts\/1039\/revisions"}],"predecessor-version":[{"id":1043,"href":"https:\/\/teletrabajoynegocios.com\/telesecretarias\/wp-json\/wp\/v2\/posts\/1039\/revisions\/1043"}],"wp:featuredmedia":[{"embeddable":true,"href":"https:\/\/teletrabajoynegocios.com\/telesecretarias\/wp-json\/wp\/v2\/media\/1042"}],"wp:attachment":[{"href":"https:\/\/teletrabajoynegocios.com\/telesecretarias\/wp-json\/wp\/v2\/media?parent=1039"}],"wp:term":[{"taxonomy":"category","embeddable":true,"href":"https:\/\/teletrabajoynegocios.com\/telesecretarias\/wp-json\/wp\/v2\/categories?post=1039"},{"taxonomy":"post_tag","embeddable":true,"href":"https:\/\/teletrabajoynegocios.com\/telesecretarias\/wp-json\/wp\/v2\/tags?post=1039"}],"curies":[{"name":"wp","href":"https:\/\/api.w.org\/{rel}","templated":true}]}}