{"id":1050,"date":"2020-05-15T11:22:03","date_gmt":"2020-05-15T09:22:03","guid":{"rendered":"https:\/\/teletrabajoynegocios.com\/telesecretarias\/?p=1050"},"modified":"2020-05-11T13:27:44","modified_gmt":"2020-05-11T11:27:44","slug":"7-trucos-para-sacarle-todo-el-potencial-a-google-meet-el-antiguo-hangouts","status":"publish","type":"post","link":"https:\/\/teletrabajoynegocios.com\/telesecretarias\/7-trucos-para-sacarle-todo-el-potencial-a-google-meet-el-antiguo-hangouts\/","title":{"rendered":"7 trucos para sacarle todo el potencial a Google Meet (el antiguo Hangouts)"},"content":{"rendered":"<div id=\"telet-887110458\" class=\"telet-antes-del-contenido telet-entity-placement\"><a href=\"https:\/\/quaderno.io\/?via=jose-manuel94\" aria-label=\"Quaderno General (Spanish) &#8211; 728&#215;90\"><img loading=\"lazy\" decoding=\"async\" src=\"https:\/\/teletrabajoynegocios.com\/telesecretarias\/wp-content\/uploads\/sites\/2\/2020\/11\/Quaderno-General-Spanish-728x90-1.png\" alt=\"\"  srcset=\"https:\/\/teletrabajoynegocios.com\/telesecretarias\/wp-content\/uploads\/sites\/2\/2020\/11\/Quaderno-General-Spanish-728x90-1.png 728w, https:\/\/teletrabajoynegocios.com\/telesecretarias\/wp-content\/uploads\/sites\/2\/2020\/11\/Quaderno-General-Spanish-728x90-1-300x37.png 300w\" sizes=\"(max-width: 728px) 100vw, 728px\" width=\"728\" height=\"90\"   \/><\/a><\/div><div class=\"entry-headline\">\n<p>Utilizar Google Meet es extremadamente sencillo. Sin embargo, vamos a ense\u00f1arte unos trucos que te facilitar\u00e1n el manejo de la herramienta y que deber\u00edas conocer.<\/p>\n<\/div>\n<div class=\"entry-content\">\n<div id=\"pagination-container\">\n<div class=\"row page-content\">\n<div class=\"col-xs-12 col-md\">\n<div class=\"row\">\n<div class=\"article-body col-xs-12\">\n<div class=\"block-roba-list\">\n<p>Desde que&nbsp;<strong>Hangouts ha pasado a llamarse Google Meet<\/strong>&nbsp;se han modificado muchos aspectos de la herramienta adem\u00e1s del m\u00e1s que anunciado&nbsp;<strong>aumento de participantes posibles en las videollamadas<\/strong>. La idea de Google es encabezar este \u00e1rea y facilitar su uso en lo posible.<\/p>\n<div class=\"block-roba-list\">\n<p>Pero siempre que existe un gran cambio, hay que&nbsp;<strong>aprender a manejar la aplicaci\u00f3n de nuevo y descubrir todos los atajos y trucos&nbsp;<\/strong>para ser m\u00e1s r\u00e1pido y productivo en su uso.<\/p>\n<p>Si vas a empezar a utilizar Google Meet o quieres descubrir nuevos trucos,&nbsp;<strong>hemos seleccionado 7 que seguramente te ser\u00e1n de mucha ayuda<\/strong>.<\/p>\n<\/div>\n<div class=\"block-roba-list\">\n<h2 class=\"paged-body-title\">Cambiar la vista<\/h2>\n<p>En un art\u00edculo hemos explicado&nbsp;<a title=\"C\u00f3mo activar el nuevo dise\u00f1o de cuadr\u00edcula en las videollamadas de Google\" href=\"https:\/\/computerhoy.com\/noticias\/tecnologia\/google-meet-videollamadas-activar-cuadricula-diseno-627125\" target=\"_blank\" rel=\"noopener noreferrer\">c\u00f3mo puedes cambiar el dise\u00f1o<\/a>&nbsp;para ver de un modo u otro la videollamada. Pero de un modo muy resumido, puedes hacerlo as\u00ed:<\/p>\n<ol>\n<li>Haz clic en&nbsp;<em>M\u00e1s&nbsp;<\/em>en la parte inferior izquierda de la pantalla.<\/li>\n<li>Seleccionar&nbsp;<em>Cambiar dise\u00f1o<\/em>.<\/li>\n<li>Elege&nbsp;entre&nbsp;<em>Autom\u00e1tico, Mosaico, Foco&nbsp;<\/em>y&nbsp;<em>Barra lateral<\/em>.<\/li>\n<\/ol>\n<\/div>\n<div class=\"block-roba-list\">\n<h2 class=\"paged-body-title\">Usar como extensi\u00f3n del navegador<\/h2>\n<p>Puedes acceder a Google Meet a trav\u00e9s de la&nbsp;<a href=\"https:\/\/meet.google.com\/\" target=\"_blank\" rel=\"noopener nofollow noreferrer\">p\u00e1gina web oficial<\/a>, pero tambi\u00e9n es posible<strong>&nbsp;bajarse una extensi\u00f3n para Google Chrome<\/strong>&nbsp;que facilitar\u00e1 su uso y te permitir\u00e1 utilizar la aplicaci\u00f3n con mayor rapidez.<\/p>\n<p>Si quieres descargarla, basta con que entres en esta p\u00e1gina de&nbsp;<a href=\"https:\/\/chrome.google.com\/webstore\/detail\/google-hangouts\/nckgahadagoaajjgafhacjanaoiihapd?hl=en\" target=\"_blank\" rel=\"nofollow noopener noreferrer\">Google Hangouts<\/a>&nbsp;e instales la aplicaci\u00f3n.<\/p>\n<hr>\n<p><img decoding=\"async\" src=\"http:\/\/web.vallebro.biz\/wp-content\/uploads\/2020\/01\/articulos.png\"><\/p>\n<div class=\"wp-rss-template-container\" data-wpra-template=\"default\" data-template-ctx=\"W10=\">\n    <div class=\"wp-rss-aggregator wpra-list-template  \" data-page=\"1\">\n    \n    \n<ul class=\"wpra-item-list rss-aggregator wpra-item-list--bullets wpra-item-list--default\"\n    start=\"1\">\n                        <li class=\"wpra-item feed-item \">\n            \n            \n\n    <a  href=\"https:\/\/distritoemprendedores.com\/blog\/2026\/03\/16\/hello-world\/\" target=\"_blank\" rel=\"nofollow\" class=\"\">Hello world!<\/a>\n\n\n\n\n\n\n<div class=\"wprss-feed-meta\">\n            <span class=\"feed-source\">\n            Source:\n\n                            Distrito Emprendedores\n                    <\/span>\n    \n            <span class=\"feed-date\">\n            Published on 2026-03-16\n        <\/span>\n    \n    <\/div>\n\n\n\n\n\n            \n        <\/li>\n                    <li class=\"wpra-item feed-item \">\n            \n            \n\n    <a  href=\"https:\/\/www.dropbox.com\/scl\/fi\/b6csvpbfxu24vaezmo3es\/62bed0634df20e5ef35346439fdd423f_franquicias.pdf?rlkey=mfp2795s4n89mw35l0yeu2vl5&amp;e=2&amp;st=57kabuy0&amp;dl=0#new_tab\" target=\"_blank\" rel=\"nofollow\" class=\"\">Las franquicias espa\u00f1olas duplican su presencia en mercados for\u00e1neos<\/a>\n\n\n\n\n\n\n<div class=\"wprss-feed-meta\">\n            <span class=\"feed-source\">\n            Source:\n\n                            Distrito Emprendedores\n                    <\/span>\n    \n            <span class=\"feed-date\">\n            Published on 2026-03-11\n        <\/span>\n    \n    <\/div>\n\n\n\n\n\n            \n        <\/li>\n                    <li class=\"wpra-item feed-item \">\n            \n            \n\n    <a  href=\"https:\/\/distritoemprendedores.es\/blog\/5-errores-fatales-al-internacionalizar-tu-franquicia\/\" target=\"_blank\" rel=\"nofollow\" class=\"\">5 errores fatales al internacionalizar tu franquicia<\/a>\n\n\n\n\n\n\n<div class=\"wprss-feed-meta\">\n            <span class=\"feed-source\">\n            Source:\n\n                            Distrito Emprendedores\n                    <\/span>\n    \n            <span class=\"feed-date\">\n            Published on 2026-03-10\n        <\/span>\n    \n    <\/div>\n\n\n\n\n\n            \n        <\/li>\n                    <li class=\"wpra-item feed-item \">\n            \n            \n\n    <a  href=\"https:\/\/distritoemprendedores.es\/blog\/un-nuevo-prime-time-para-las-marcas-afterwork-tardeo-y-futbol-se-consolidan-como-los-grandes-motores-del-consumo-experiencial\/\" target=\"_blank\" rel=\"nofollow\" class=\"\">Un nuevo prime time para las marcas: afterwork, tardeo y f\u00fatbol se consolidan como los grandes motores del consumo experiencial<\/a>\n\n\n\n\n\n\n<div class=\"wprss-feed-meta\">\n            <span class=\"feed-source\">\n            Source:\n\n                            Distrito Emprendedores\n                    <\/span>\n    \n            <span class=\"feed-date\">\n            Published on 2026-03-09\n        <\/span>\n    \n    <\/div>\n\n\n\n\n\n            \n        <\/li>\n                    <li class=\"wpra-item feed-item \">\n            \n            \n\n    <a  href=\"https:\/\/distritoemprendedores.es\/blog\/la-ventaja-competitiva-esta-en-entender-como-pregunta-el-consumidor\/\" target=\"_blank\" rel=\"nofollow\" class=\"\">La ventaja competitiva est\u00e1 en entender c\u00f3mo pregunta el consumidor<\/a>\n\n\n\n\n\n\n<div class=\"wprss-feed-meta\">\n            <span class=\"feed-source\">\n            Source:\n\n                            Distrito Emprendedores\n                    <\/span>\n    \n            <span class=\"feed-date\">\n            Published on 2026-03-08\n        <\/span>\n    \n    <\/div>\n\n\n\n\n\n            \n        <\/li>\n                    <li class=\"wpra-item feed-item \">\n            \n            \n\n    <a  href=\"https:\/\/distritoemprendedores.es\/blog\/solo-el-7-de-los-espanoles-cree-a-las-marcas-cuando-comunican-sus-valores-con-hechos-demostrables\/\" target=\"_blank\" rel=\"nofollow\" class=\"\">Solo el 7% de los espa\u00f1oles cree a las marcas cuando comunican sus valores con hechos demostrables<\/a>\n\n\n\n\n\n\n<div class=\"wprss-feed-meta\">\n            <span class=\"feed-source\">\n            Source:\n\n                            Distrito Emprendedores\n                    <\/span>\n    \n            <span class=\"feed-date\">\n            Published on 2026-03-07\n        <\/span>\n    \n    <\/div>\n\n\n\n\n\n            \n        <\/li>\n                    <li class=\"wpra-item feed-item \">\n            \n            \n\n    <a  href=\"https:\/\/distritoemprendedores.es\/blog\/el-38-de-las-empresas-creadas-en-2019-ha-echado-ya-el-cierre\/\" target=\"_blank\" rel=\"nofollow\" class=\"\">El 38% de las empresas creadas en 2019 ha echado ya el cierre<\/a>\n\n\n\n\n\n\n<div class=\"wprss-feed-meta\">\n            <span class=\"feed-source\">\n            Source:\n\n                            Distrito Emprendedores\n                    <\/span>\n    \n            <span class=\"feed-date\">\n            Published on 2026-03-06\n        <\/span>\n    \n    <\/div>\n\n\n\n\n\n            \n        <\/li>\n                    <li class=\"wpra-item feed-item \">\n            \n            \n\n    <a  href=\"https:\/\/distritoemprendedores.es\/blog\/descubre-las-oportunidades-y-tendencias-en-el-mercado-de-la-franquicia-para-2026\/\" target=\"_blank\" rel=\"nofollow\" class=\"\">Descubre las oportunidades y tendencias en el mercado de la franquicia para 2026<\/a>\n\n\n\n\n\n\n<div class=\"wprss-feed-meta\">\n            <span class=\"feed-source\">\n            Source:\n\n                            Distrito Emprendedores\n                    <\/span>\n    \n            <span class=\"feed-date\">\n            Published on 2026-03-05\n        <\/span>\n    \n    <\/div>\n\n\n\n\n\n            \n        <\/li>\n                    <li class=\"wpra-item feed-item \">\n            \n            \n\n    <a  href=\"https:\/\/distritoemprendedores.es\/blog\/las-startups-de-salud-mas-punteras-del-mundo\/\" target=\"_blank\" rel=\"nofollow\" class=\"\">Las startups de salud m\u00e1s punteras del mundo<\/a>\n\n\n\n\n\n\n<div class=\"wprss-feed-meta\">\n            <span class=\"feed-source\">\n            Source:\n\n                            Distrito Emprendedores\n                    <\/span>\n    \n            <span class=\"feed-date\">\n            Published on 2026-03-04\n        <\/span>\n    \n    <\/div>\n\n\n\n\n\n            \n        <\/li>\n                    <li class=\"wpra-item feed-item \">\n            \n            \n\n    <a  href=\"https:\/\/distritoemprendedores.es\/blog\/puesta-en-marcha-de-un-negocio-primeros-pasos-para-validar-vender-y-controlar-la-tesoreria\/\" target=\"_blank\" rel=\"nofollow\" class=\"\">Puesta en marcha de un negocio: primeros pasos para validar, vender y controlar la tesorer\u00eda<\/a>\n\n\n\n\n\n\n<div class=\"wprss-feed-meta\">\n            <span class=\"feed-source\">\n            Source:\n\n                            Distrito Emprendedores\n                    <\/span>\n    \n            <span class=\"feed-date\">\n            Published on 2026-03-03\n        <\/span>\n    \n    <\/div>\n\n\n\n\n\n            \n        <\/li>\n                    <li class=\"wpra-item feed-item \">\n            \n            \n\n    <a  href=\"https:\/\/distritoemprendedores.es\/blog\/6-franquicias-sin-apenas-competencia-en-el-mercado\/\" target=\"_blank\" rel=\"nofollow\" class=\"\">6 franquicias sin apenas competencia en el mercado<\/a>\n\n\n\n\n\n\n<div class=\"wprss-feed-meta\">\n            <span class=\"feed-source\">\n            Source:\n\n                            Distrito Emprendedores\n                    <\/span>\n    \n            <span class=\"feed-date\">\n            Published on 2026-03-02\n        <\/span>\n    \n    <\/div>\n\n\n\n\n\n            \n        <\/li>\n                    <li class=\"wpra-item feed-item \">\n            \n            \n\n    <a  href=\"https:\/\/digistorage.es\/links\/71d78951-a420-4f5b-8de6-7b35ae7efc1c#new_tab\" target=\"_blank\" rel=\"nofollow\" class=\"\">Los algoritmos amenazan con filtrar las confesiones realizadas al abogado<\/a>\n\n\n\n\n\n\n<div class=\"wprss-feed-meta\">\n            <span class=\"feed-source\">\n            Source:\n\n                            Distrito Emprendedores\n                    <\/span>\n    \n            <span class=\"feed-date\">\n            Published on 2026-03-01\n        <\/span>\n    \n    <\/div>\n\n\n\n\n\n            \n        <\/li>\n                    <li class=\"wpra-item feed-item \">\n            \n            \n\n    <a  href=\"https:\/\/distritoemprendedores.es\/blog\/las-startups-que-mas-innovan-en-el-mundo\/\" target=\"_blank\" rel=\"nofollow\" class=\"\">Las startups que m\u00e1s innovan en el mundo<\/a>\n\n\n\n\n\n\n<div class=\"wprss-feed-meta\">\n            <span class=\"feed-source\">\n            Source:\n\n                            Distrito Emprendedores\n                    <\/span>\n    \n            <span class=\"feed-date\">\n            Published on 2026-02-28\n        <\/span>\n    \n    <\/div>\n\n\n\n\n\n            \n        <\/li>\n                    <li class=\"wpra-item feed-item \">\n            \n            \n\n    <a  href=\"https:\/\/distritoemprendedores.es\/blog\/tiktok-genera-31-000-millones-de-euros-para-las-empresas-europeas-y-3-000-millones-en-espana\/\" target=\"_blank\" rel=\"nofollow\" class=\"\">TikTok genera 31.000 millones de euros para las empresas europeas y 3.000 millones en Espa\u00f1a<\/a>\n\n\n\n\n\n\n<div class=\"wprss-feed-meta\">\n            <span class=\"feed-source\">\n            Source:\n\n                            Distrito Emprendedores\n                    <\/span>\n    \n            <span class=\"feed-date\">\n            Published on 2026-02-27\n        <\/span>\n    \n    <\/div>\n\n\n\n\n\n            \n        <\/li>\n                    <li class=\"wpra-item feed-item \">\n            \n            \n\n    <a  href=\"https:\/\/distritoemprendedores.es\/blog\/amazon-planea-un-marketplace-para-hacer-de-puente-entre-los-publishers-y-las-empresas-de-ia\/\" target=\"_blank\" rel=\"nofollow\" class=\"\">Amazon planea un \u00abmarketplace\u00bb para hacer de puente entre los \u00abpublishers\u00bb y las empresas de IA<\/a>\n\n\n\n\n\n\n<div class=\"wprss-feed-meta\">\n            <span class=\"feed-source\">\n            Source:\n\n                            Distrito Emprendedores\n                    <\/span>\n    \n            <span class=\"feed-date\">\n            Published on 2026-02-26\n        <\/span>\n    \n    <\/div>\n\n\n\n\n\n            \n        <\/li>\n        <\/ul>\n\n        \n<\/div>\n\n<\/div>\n\n<hr>\n<div class=\"block-roba-list\">\n<h2 class=\"paged-body-title\">Compartir tu pantalla en la videollamada<\/h2>\n<p>Si quieres<strong>&nbsp;compartir tu pantalla en Google Meet&nbsp;<\/strong>para mostrar una presentaci\u00f3n o cualquier funci\u00f3n de tu ordenador, es muy sencillo.<\/p>\n<ol>\n<li>Activa la presentaci\u00f3n que quieras mostrar, sea de Powerpoint u otra herramienta.<\/li>\n<li>Inicia Google Meet<\/li>\n<li>Pulsa sobre&nbsp;<em>M\u00e1s funciones.<\/em><\/li>\n<li>Selecciona<em>&nbsp;Compartir pantalla.<\/em><\/li>\n<\/ol>\n<p>Recuerda que a partir de que pulses esta opci\u00f3n&nbsp;<strong>los dem\u00e1s participantes ver\u00e1n tu pantalla, por lo que debes mostrar exactamente lo que deseas<\/strong>&nbsp;y desactivar la opci\u00f3n despu\u00e9s, no vayas a llevarte un susto.<\/p>\n<\/div>\n<div class=\"block-roba-list\">\n<h2 class=\"paged-body-title\">Desactivar notificaciones<\/h2>\n<p>Nada m\u00e1s molesto que&nbsp;<strong>estar en una videoconferencia y no dejar de escuchar las continuas alertas&nbsp;<\/strong>que le llegan a un usuario. Si no quieres ser esa persona, puedes&nbsp;<strong>habilitar Focus Assist en Windows 10<\/strong>.<\/p>\n<div class=\"row paged-body\">\n<div class=\"col-xs-12 col-md\">\n<div class=\"block-roba-list\">\n<p>Esta herramienta de Windows 10 permite eliminar cualquier notificaci\u00f3n durante el tiempo que desees. En el&nbsp;<a href=\"https:\/\/blogs.windows.com\/latam\/2018\/05\/25\/tip-de-windows-10-como-activar-focus-assist-para-el-windows-10-april-2018-update\/\" target=\"_blank\" rel=\"nofollow noopener noreferrer\">blog de Windows<\/a>&nbsp;encontrar\u00e1s las instrucciones para hacerlo.<\/p>\n<\/div>\n<div class=\"block-roba-list\">\n<h2 class=\"paged-body-title\">Agregar participantes<\/h2>\n<p>Si quieres<strong>&nbsp;sumar a m\u00e1s participantes a la conversaci\u00f3n, puedes hacerlo en cualquier momento<\/strong>. La \u00fanica limitaci\u00f3n est\u00e1 en que no se supere el n\u00famero de participantes posibles.<\/p>\n<p>Para hacerlo basta con estos tres sencillos pasos:<\/p>\n<ol>\n<li>Entrar en el&nbsp;<em>Men\u00fa<\/em>&nbsp;de la videollamada.<\/li>\n<li>Hacer clic en la opci\u00f3n&nbsp;<em>Agregar participante<\/em>.<\/li>\n<li>Puedes invitar a otros usuarios escribiendo su nombre -en caso de que est\u00e9n en tu agenda- o su correo electr\u00f3nico. En cuando reciban el aviso podr\u00e1n acceder a la videollamada.<\/li>\n<\/ol>\n<\/div>\n<\/div>\n<\/div>\n<div class=\"row paged-body\">\n<div class=\"col-xs-12 col-md-auto last-md\">&nbsp;<\/div>\n<div class=\"col-xs-12 col-md\">\n<div class=\"block-roba-list\">\n<h2 class=\"paged-body-title\">Mejorar la calidad de la imagen<\/h2>\n<p>Si quieres que se vean mejor las im\u00e1genes pero no saturar la conexi\u00f3n, puedes lograrlo con Google Meet, ya que tiene&nbsp;<strong>distintas opciones de configuraci\u00f3n<\/strong>.<\/p>\n<ol>\n<li>Mueve el cursor sobre la videollamada para que aparezcan las opciones.<\/li>\n<li>Pulsa en&nbsp;<em>Configuraci\u00f3n.<\/em><\/li>\n<li>Haz clic en&nbsp;<em>Ancho de banda.<\/em><\/li>\n<li>Ah\u00ed podr\u00e1s&nbsp;<strong>elegir la resoluci\u00f3n tanto en v\u00eddeo saliente como entrante<\/strong>&nbsp;para adecuarlo a tus preferencias o el momento. Si es una entrevista de trabajo, por ejemplo, igual prefieres que te vean mejor ellos a ti.<\/li>\n<\/ol>\n<\/div>\n<div class=\"block-roba-list\">\n<h2 class=\"paged-body-title\">Utilizar emojis<\/h2>\n<p>Al igual que en Slack, hay&nbsp;<strong>c\u00f3digos que puedes escribir en la pesta\u00f1a de texto<\/strong>&nbsp;y que har\u00e1n que se vean emojis.<\/p>\n<p>Pero si quieres a\u00f1adir emojis a tu ventana de Google Meets, puedes instalar tambi\u00e9n esta&nbsp;<a href=\"https:\/\/chrome.google.com\/webstore\/detail\/emoji-for-hangouts\/hnkjiiakgcinggbgmpdhggopmnmfhiea\" target=\"_blank\" rel=\"nofollow noopener noreferrer\">extensi\u00f3n de Emoji<\/a>&nbsp;para Google Chrome que sumar\u00e1 un amplio abanico de ellos.<\/p>\n<p><em>*Art\u00edculo original publicado por Ekaitz Ortega&nbsp;<a href=\"https:\/\/computerhoy.com\/listas\/tecnologia\/trucos-google-meet-hangouts-videoconferencia-627191\" target=\"_blank\" rel=\"noopener noreferrer\">en Computerhoy.com<\/a><\/em><\/p>\n<\/div>\n<\/div>\n<\/div>\n<\/div>\n<\/div>\n<\/div>\n<\/div>\n<\/div>\n<\/div>\n<\/div>\n<\/div>\n<\/div>\n<div id=\"telet-2808653026\" class=\"telet-despues-del-contenido telet-entity-placement\"><a target=\"_blank\" href=\"\/\/aff.lucushost.com\/resources\/click\/?n=gDxoXMAJ&aff=756\"><img decoding=\"async\" border=\"0\" alt=\"LucusHost, el mejor hosting\" src=\"\/\/aff.lucushost.com\/resources\/banners\/?zoneid=5123&n=gDxoXMAJ&aff=756\" \/><\/a><\/div>","protected":false},"excerpt":{"rendered":"<p>Utilizar Google Meet es extremadamente sencillo. Sin embargo, vamos a ense\u00f1arte unos trucos que te facilitar\u00e1n el manejo de la herramienta y que deber\u00edas conocer. Desde que&nbsp;Hangouts ha pasado a&hellip; <\/p>\n","protected":false},"author":1,"featured_media":1054,"comment_status":"open","ping_status":"open","sticky":false,"template":"","format":"standard","meta":{"_jetpack_memberships_contains_paid_content":false,"footnotes":"","_links_to":"","_links_to_target":""},"categories":[9],"tags":[15,14],"class_list":["post-1050","post","type-post","status-publish","format-standard","has-post-thumbnail","hentry","category-ofimatica","tag-fuprisa","tag-jose-manuel-fuentes-prieto"],"nelio_content":{"autoShareEndMode":"never","automationSources":{"useCustomSentences":false,"customSentences":[]},"efiAlt":"","efiUrl":"","followers":[1],"highlights":[],"isAutoShareEnabled":true,"networkImageIds":[],"permalinkQueryArgs":[],"series":[],"suggestedReferences":[]},"jetpack_featured_media_url":"https:\/\/teletrabajoynegocios.com\/telesecretarias\/wp-content\/uploads\/sites\/2\/2020\/05\/google-meet.jpg","jetpack_sharing_enabled":true,"_links":{"self":[{"href":"https:\/\/teletrabajoynegocios.com\/telesecretarias\/wp-json\/wp\/v2\/posts\/1050","targetHints":{"allow":["GET"]}}],"collection":[{"href":"https:\/\/teletrabajoynegocios.com\/telesecretarias\/wp-json\/wp\/v2\/posts"}],"about":[{"href":"https:\/\/teletrabajoynegocios.com\/telesecretarias\/wp-json\/wp\/v2\/types\/post"}],"author":[{"embeddable":true,"href":"https:\/\/teletrabajoynegocios.com\/telesecretarias\/wp-json\/wp\/v2\/users\/1"}],"replies":[{"embeddable":true,"href":"https:\/\/teletrabajoynegocios.com\/telesecretarias\/wp-json\/wp\/v2\/comments?post=1050"}],"version-history":[{"count":1,"href":"https:\/\/teletrabajoynegocios.com\/telesecretarias\/wp-json\/wp\/v2\/posts\/1050\/revisions"}],"predecessor-version":[{"id":1055,"href":"https:\/\/teletrabajoynegocios.com\/telesecretarias\/wp-json\/wp\/v2\/posts\/1050\/revisions\/1055"}],"wp:featuredmedia":[{"embeddable":true,"href":"https:\/\/teletrabajoynegocios.com\/telesecretarias\/wp-json\/wp\/v2\/media\/1054"}],"wp:attachment":[{"href":"https:\/\/teletrabajoynegocios.com\/telesecretarias\/wp-json\/wp\/v2\/media?parent=1050"}],"wp:term":[{"taxonomy":"category","embeddable":true,"href":"https:\/\/teletrabajoynegocios.com\/telesecretarias\/wp-json\/wp\/v2\/categories?post=1050"},{"taxonomy":"post_tag","embeddable":true,"href":"https:\/\/teletrabajoynegocios.com\/telesecretarias\/wp-json\/wp\/v2\/tags?post=1050"}],"curies":[{"name":"wp","href":"https:\/\/api.w.org\/{rel}","templated":true}]}}