{"id":10513,"date":"2022-09-03T11:14:26","date_gmt":"2022-09-03T09:14:26","guid":{"rendered":"https:\/\/teletrabajoynegocios.com\/telesecretarias\/?p=10513"},"modified":"2022-09-04T11:22:43","modified_gmt":"2022-09-04T09:22:43","slug":"por-que-las-personas-ya-no-son-genuinas","status":"publish","type":"post","link":"https:\/\/teletrabajoynegocios.com\/telesecretarias\/por-que-las-personas-ya-no-son-genuinas\/","title":{"rendered":"\u00bfPor qu\u00e9 las personas ya no son genuinas?"},"content":{"rendered":"<div id=\"telet-2889988042\" class=\"telet-antes-del-contenido telet-entity-placement\"><a href=\"https:\/\/quaderno.io\/?via=jose-manuel94\" aria-label=\"Quaderno General (Spanish) &#8211; 728&#215;90\"><img loading=\"lazy\" decoding=\"async\" src=\"https:\/\/teletrabajoynegocios.com\/telesecretarias\/wp-content\/uploads\/sites\/2\/2020\/11\/Quaderno-General-Spanish-728x90-1.png\" alt=\"\"  srcset=\"https:\/\/teletrabajoynegocios.com\/telesecretarias\/wp-content\/uploads\/sites\/2\/2020\/11\/Quaderno-General-Spanish-728x90-1.png 728w, https:\/\/teletrabajoynegocios.com\/telesecretarias\/wp-content\/uploads\/sites\/2\/2020\/11\/Quaderno-General-Spanish-728x90-1-300x37.png 300w\" sizes=\"(max-width: 728px) 100vw, 728px\" width=\"728\" height=\"90\"   \/><\/a><\/div><p>\u00bfHas notado que cada vez cuesta m\u00e1s encontrar personas aut\u00e9nticas? Son muchos los que viven de las apariencias, de las falsedades, los que no se atreven a ser ellos mismos de manera genuina y plena. Te explicamos a continuaci\u00f3n cu\u00e1les pueden ser las causas.<\/p>\n<p class=\"jsx-4098198752 c--grey-neutral-800\">Decepciones, comportamientos incomprensibles, v\u00ednculos cada vez m\u00e1s fr\u00e1giles\u2026<strong>\u00a0Parece que en los \u00faltimos tiempos se han reproducido especialmente las personas de doble fondo,\u00a0<\/strong>las que aparentan una cosa y terminan siendo otra. La autenticidad y el car\u00e1cter genuino son rasgos en peligro de extinci\u00f3n. Algo que, lamentablemente, resta potencial y pone en jaque muchas de nuestras relaciones.<\/p>\n<p class=\"jsx-4098198752 c--grey-neutral-800\">\u00bfQu\u00e9 est\u00e1 sucediendo? Para empezar cabe se\u00f1alar que a\u00fan hay hombres y mujeres honestos y transparentes. Esto explica por qu\u00e9, cuando conocemos a alguien con dichas caracter\u00edsticas, gravita hacia \u00e9l y no los dejemos escapar. Solo as\u00ed los lazos de amistad, de compa\u00f1erismo y de pareja son m\u00e1s enriquecedores, m\u00e1s fiables, menos vol\u00e1tiles y tambi\u00e9n felices.<\/p>\n<p class=\"jsx-4098198752 c--grey-neutral-800\">Lo que sucede es que en\u00a0<strong>nuestra sociedad, la educaci\u00f3n recibida y el universo de las redes sociales difuminan la\u00a0<a class=\"jsx-151512268 jsx-1474443579 default-a-link is--underline c--secondary-600 is--underline\" href=\"https:\/\/lamenteesmaravillosa.com\/formas-crear-confianza-relacion\/\" target=\"_self\" rel=\"noopener\" data-with-google-events=\"true\" data-google-events=\"{&quot;data&quot;:{&quot;action&quot;:&quot;click&quot;,&quot;category&quot;:&quot;Content&quot;,&quot;label&quot;:&quot;Related \/por-que-personas-ya-no-son-genuinas\/&quot;,&quot;value&quot;:&quot;https:\/\/lamenteesmaravillosa.com\/formas-crear-confianza-relacion\/&quot;}}\">confianza<\/a>\u00a0en uno mismo y opacan el verdadero YO<\/strong>. Hay muchas variables que limitan el derecho y el deber de ser genuinos. El miedo a ser uno mismo es la enfermedad del mundo moderno y esto explica buena parte de nuestros malestares y relaciones frustradas.<\/p>\n<hr \/>\n<p><img decoding=\"async\" src=\"https:\/\/teletrabajoynegocios.com\/teletrabajador\/wp-content\/uploads\/sites\/3\/2020\/07\/articulos.png\" \/><\/p>\n<div class=\"wp-rss-template-container\" data-wpra-template=\"default\" data-template-ctx=\"W10=\">\n    <div class=\"wp-rss-aggregator wpra-list-template  \" data-page=\"1\">\n    \n    \n<ul class=\"wpra-item-list rss-aggregator wpra-item-list--bullets wpra-item-list--default\"\n    start=\"1\">\n                        <li class=\"wpra-item feed-item \">\n            \n            \n\n    <a  href=\"https:\/\/distritoemprendedores.com\/blog\/2026\/03\/16\/hello-world\/\" target=\"_blank\" rel=\"nofollow\" class=\"\">Hello world!<\/a>\n\n\n\n\n\n\n<div class=\"wprss-feed-meta\">\n            <span class=\"feed-source\">\n            Source:\n\n                            Distrito Emprendedores\n                    <\/span>\n    \n            <span class=\"feed-date\">\n            Published on 2026-03-16\n        <\/span>\n    \n    <\/div>\n\n\n\n\n\n            \n        <\/li>\n                    <li class=\"wpra-item feed-item \">\n            \n            \n\n    <a  href=\"https:\/\/www.dropbox.com\/scl\/fi\/b6csvpbfxu24vaezmo3es\/62bed0634df20e5ef35346439fdd423f_franquicias.pdf?rlkey=mfp2795s4n89mw35l0yeu2vl5&amp;e=2&amp;st=57kabuy0&amp;dl=0#new_tab\" target=\"_blank\" rel=\"nofollow\" class=\"\">Las franquicias espa\u00f1olas duplican su presencia en mercados for\u00e1neos<\/a>\n\n\n\n\n\n\n<div class=\"wprss-feed-meta\">\n            <span class=\"feed-source\">\n            Source:\n\n                            Distrito Emprendedores\n                    <\/span>\n    \n            <span class=\"feed-date\">\n            Published on 2026-03-11\n        <\/span>\n    \n    <\/div>\n\n\n\n\n\n            \n        <\/li>\n                    <li class=\"wpra-item feed-item \">\n            \n            \n\n    <a  href=\"https:\/\/distritoemprendedores.es\/blog\/5-errores-fatales-al-internacionalizar-tu-franquicia\/\" target=\"_blank\" rel=\"nofollow\" class=\"\">5 errores fatales al internacionalizar tu franquicia<\/a>\n\n\n\n\n\n\n<div class=\"wprss-feed-meta\">\n            <span class=\"feed-source\">\n            Source:\n\n                            Distrito Emprendedores\n                    <\/span>\n    \n            <span class=\"feed-date\">\n            Published on 2026-03-10\n        <\/span>\n    \n    <\/div>\n\n\n\n\n\n            \n        <\/li>\n                    <li class=\"wpra-item feed-item \">\n            \n            \n\n    <a  href=\"https:\/\/distritoemprendedores.es\/blog\/un-nuevo-prime-time-para-las-marcas-afterwork-tardeo-y-futbol-se-consolidan-como-los-grandes-motores-del-consumo-experiencial\/\" target=\"_blank\" rel=\"nofollow\" class=\"\">Un nuevo prime time para las marcas: afterwork, tardeo y f\u00fatbol se consolidan como los grandes motores del consumo experiencial<\/a>\n\n\n\n\n\n\n<div class=\"wprss-feed-meta\">\n            <span class=\"feed-source\">\n            Source:\n\n                            Distrito Emprendedores\n                    <\/span>\n    \n            <span class=\"feed-date\">\n            Published on 2026-03-09\n        <\/span>\n    \n    <\/div>\n\n\n\n\n\n            \n        <\/li>\n                    <li class=\"wpra-item feed-item \">\n            \n            \n\n    <a  href=\"https:\/\/distritoemprendedores.es\/blog\/la-ventaja-competitiva-esta-en-entender-como-pregunta-el-consumidor\/\" target=\"_blank\" rel=\"nofollow\" class=\"\">La ventaja competitiva est\u00e1 en entender c\u00f3mo pregunta el consumidor<\/a>\n\n\n\n\n\n\n<div class=\"wprss-feed-meta\">\n            <span class=\"feed-source\">\n            Source:\n\n                            Distrito Emprendedores\n                    <\/span>\n    \n            <span class=\"feed-date\">\n            Published on 2026-03-08\n        <\/span>\n    \n    <\/div>\n\n\n\n\n\n            \n        <\/li>\n                    <li class=\"wpra-item feed-item \">\n            \n            \n\n    <a  href=\"https:\/\/distritoemprendedores.es\/blog\/solo-el-7-de-los-espanoles-cree-a-las-marcas-cuando-comunican-sus-valores-con-hechos-demostrables\/\" target=\"_blank\" rel=\"nofollow\" class=\"\">Solo el 7% de los espa\u00f1oles cree a las marcas cuando comunican sus valores con hechos demostrables<\/a>\n\n\n\n\n\n\n<div class=\"wprss-feed-meta\">\n            <span class=\"feed-source\">\n            Source:\n\n                            Distrito Emprendedores\n                    <\/span>\n    \n            <span class=\"feed-date\">\n            Published on 2026-03-07\n        <\/span>\n    \n    <\/div>\n\n\n\n\n\n            \n        <\/li>\n                    <li class=\"wpra-item feed-item \">\n            \n            \n\n    <a  href=\"https:\/\/distritoemprendedores.es\/blog\/el-38-de-las-empresas-creadas-en-2019-ha-echado-ya-el-cierre\/\" target=\"_blank\" rel=\"nofollow\" class=\"\">El 38% de las empresas creadas en 2019 ha echado ya el cierre<\/a>\n\n\n\n\n\n\n<div class=\"wprss-feed-meta\">\n            <span class=\"feed-source\">\n            Source:\n\n                            Distrito Emprendedores\n                    <\/span>\n    \n            <span class=\"feed-date\">\n            Published on 2026-03-06\n        <\/span>\n    \n    <\/div>\n\n\n\n\n\n            \n        <\/li>\n                    <li class=\"wpra-item feed-item \">\n            \n            \n\n    <a  href=\"https:\/\/distritoemprendedores.es\/blog\/descubre-las-oportunidades-y-tendencias-en-el-mercado-de-la-franquicia-para-2026\/\" target=\"_blank\" rel=\"nofollow\" class=\"\">Descubre las oportunidades y tendencias en el mercado de la franquicia para 2026<\/a>\n\n\n\n\n\n\n<div class=\"wprss-feed-meta\">\n            <span class=\"feed-source\">\n            Source:\n\n                            Distrito Emprendedores\n                    <\/span>\n    \n            <span class=\"feed-date\">\n            Published on 2026-03-05\n        <\/span>\n    \n    <\/div>\n\n\n\n\n\n            \n        <\/li>\n                    <li class=\"wpra-item feed-item \">\n            \n            \n\n    <a  href=\"https:\/\/distritoemprendedores.es\/blog\/las-startups-de-salud-mas-punteras-del-mundo\/\" target=\"_blank\" rel=\"nofollow\" class=\"\">Las startups de salud m\u00e1s punteras del mundo<\/a>\n\n\n\n\n\n\n<div class=\"wprss-feed-meta\">\n            <span class=\"feed-source\">\n            Source:\n\n                            Distrito Emprendedores\n                    <\/span>\n    \n            <span class=\"feed-date\">\n            Published on 2026-03-04\n        <\/span>\n    \n    <\/div>\n\n\n\n\n\n            \n        <\/li>\n                    <li class=\"wpra-item feed-item \">\n            \n            \n\n    <a  href=\"https:\/\/distritoemprendedores.es\/blog\/puesta-en-marcha-de-un-negocio-primeros-pasos-para-validar-vender-y-controlar-la-tesoreria\/\" target=\"_blank\" rel=\"nofollow\" class=\"\">Puesta en marcha de un negocio: primeros pasos para validar, vender y controlar la tesorer\u00eda<\/a>\n\n\n\n\n\n\n<div class=\"wprss-feed-meta\">\n            <span class=\"feed-source\">\n            Source:\n\n                            Distrito Emprendedores\n                    <\/span>\n    \n            <span class=\"feed-date\">\n            Published on 2026-03-03\n        <\/span>\n    \n    <\/div>\n\n\n\n\n\n            \n        <\/li>\n                    <li class=\"wpra-item feed-item \">\n            \n            \n\n    <a  href=\"https:\/\/distritoemprendedores.es\/blog\/6-franquicias-sin-apenas-competencia-en-el-mercado\/\" target=\"_blank\" rel=\"nofollow\" class=\"\">6 franquicias sin apenas competencia en el mercado<\/a>\n\n\n\n\n\n\n<div class=\"wprss-feed-meta\">\n            <span class=\"feed-source\">\n            Source:\n\n                            Distrito Emprendedores\n                    <\/span>\n    \n            <span class=\"feed-date\">\n            Published on 2026-03-02\n        <\/span>\n    \n    <\/div>\n\n\n\n\n\n            \n        <\/li>\n                    <li class=\"wpra-item feed-item \">\n            \n            \n\n    <a  href=\"https:\/\/digistorage.es\/links\/71d78951-a420-4f5b-8de6-7b35ae7efc1c#new_tab\" target=\"_blank\" rel=\"nofollow\" class=\"\">Los algoritmos amenazan con filtrar las confesiones realizadas al abogado<\/a>\n\n\n\n\n\n\n<div class=\"wprss-feed-meta\">\n            <span class=\"feed-source\">\n            Source:\n\n                            Distrito Emprendedores\n                    <\/span>\n    \n            <span class=\"feed-date\">\n            Published on 2026-03-01\n        <\/span>\n    \n    <\/div>\n\n\n\n\n\n            \n        <\/li>\n                    <li class=\"wpra-item feed-item \">\n            \n            \n\n    <a  href=\"https:\/\/distritoemprendedores.es\/blog\/las-startups-que-mas-innovan-en-el-mundo\/\" target=\"_blank\" rel=\"nofollow\" class=\"\">Las startups que m\u00e1s innovan en el mundo<\/a>\n\n\n\n\n\n\n<div class=\"wprss-feed-meta\">\n            <span class=\"feed-source\">\n            Source:\n\n                            Distrito Emprendedores\n                    <\/span>\n    \n            <span class=\"feed-date\">\n            Published on 2026-02-28\n        <\/span>\n    \n    <\/div>\n\n\n\n\n\n            \n        <\/li>\n                    <li class=\"wpra-item feed-item \">\n            \n            \n\n    <a  href=\"https:\/\/distritoemprendedores.es\/blog\/tiktok-genera-31-000-millones-de-euros-para-las-empresas-europeas-y-3-000-millones-en-espana\/\" target=\"_blank\" rel=\"nofollow\" class=\"\">TikTok genera 31.000 millones de euros para las empresas europeas y 3.000 millones en Espa\u00f1a<\/a>\n\n\n\n\n\n\n<div class=\"wprss-feed-meta\">\n            <span class=\"feed-source\">\n            Source:\n\n                            Distrito Emprendedores\n                    <\/span>\n    \n            <span class=\"feed-date\">\n            Published on 2026-02-27\n        <\/span>\n    \n    <\/div>\n\n\n\n\n\n            \n        <\/li>\n                    <li class=\"wpra-item feed-item \">\n            \n            \n\n    <a  href=\"https:\/\/distritoemprendedores.es\/blog\/amazon-planea-un-marketplace-para-hacer-de-puente-entre-los-publishers-y-las-empresas-de-ia\/\" target=\"_blank\" rel=\"nofollow\" class=\"\">Amazon planea un \u00abmarketplace\u00bb para hacer de puente entre los \u00abpublishers\u00bb y las empresas de IA<\/a>\n\n\n\n\n\n\n<div class=\"wprss-feed-meta\">\n            <span class=\"feed-source\">\n            Source:\n\n                            Distrito Emprendedores\n                    <\/span>\n    \n            <span class=\"feed-date\">\n            Published on 2026-02-26\n        <\/span>\n    \n    <\/div>\n\n\n\n\n\n            \n        <\/li>\n        <\/ul>\n\n        \n<\/div>\n\n<\/div>\n\n<hr \/>\n<p><em>Si no mostramos lo genuino que hay en nosotros, nunca disfrutaremos de nuestro aut\u00e9ntico ser ni lograremos tener una vida plena.<\/em><\/p>\n<h2 id=\"muchas-personas-ya-no-son-genuinas-y-estas-son-las-causas\" class=\"jsx-3692753319 jsx-2566528898 c--main-600  mt--x-big pt--normal\">Muchas personas ya no son genuinas y estas son las causas<\/h2>\n<p class=\"jsx-4098198752 c--grey-neutral-800\"><strong>Si hay unas criaturas genuinas en este mundo son los ni\u00f1os.<\/strong>\u00a0Nos fascina su\u00a0<a class=\"jsx-151512268 jsx-1474443579 default-a-link is--underline c--secondary-600 is--underline\" href=\"https:\/\/lamenteesmaravillosa.com\/rasgos-psicologicos-personalidad-sumisa\/\" target=\"_self\" rel=\"noopener\" data-with-google-events=\"true\" data-google-events=\"{&quot;data&quot;:{&quot;action&quot;:&quot;click&quot;,&quot;category&quot;:&quot;Content&quot;,&quot;label&quot;:&quot;Related \/por-que-personas-ya-no-son-genuinas\/&quot;,&quot;value&quot;:&quot;https:\/\/lamenteesmaravillosa.com\/rasgos-psicologicos-personalidad-sumisa\/&quot;}}\">personalidad<\/a>\u00a0chispeante, su arrolladora curiosidad, ese car\u00e1cter aut\u00e9ntico que embelesa, que es espont\u00e1neo y que carece de todo tipo de filtros. Sin embargo, con los a\u00f1os, factores como la educaci\u00f3n, la propia sociedad y los medios de comunicaci\u00f3n, le inocular\u00e1n contaminantes que apagar\u00e1n, en parte, su halo de honestidad.<\/p>\n<p class=\"jsx-4098198752 c--grey-neutral-800\">Ahora bien, tampoco podemos dejar toda la responsabilidad en lo que nos envuelve. Si muchas personas ya no son genuinas es porque tienen problemas para lograrlo. Porque revelar nuestro verdadero yo requiere de una buena dosis de\u00a0<a class=\"jsx-151512268 jsx-1474443579 default-a-link is--underline c--secondary-600 is--underline\" href=\"https:\/\/lamenteesmaravillosa.com\/11-inspiradoras-frases-sobre-la-valentia\/\" target=\"_self\" rel=\"noopener\" data-with-google-events=\"true\" data-google-events=\"{&quot;data&quot;:{&quot;action&quot;:&quot;click&quot;,&quot;category&quot;:&quot;Content&quot;,&quot;label&quot;:&quot;Related \/por-que-personas-ya-no-son-genuinas\/&quot;,&quot;value&quot;:&quot;https:\/\/lamenteesmaravillosa.com\/11-inspiradoras-frases-sobre-la-valentia\/&quot;}}\">valent\u00eda<\/a>, adem\u00e1s de, en muchos casos, romper con la tentaci\u00f3n o la costumbre.<\/p>\n<p class=\"jsx-4098198752 c--grey-neutral-800\">No es una tarea f\u00e1cil, porque\u00a0<strong>en un mundo que nos prefiere iguales, tener voz propia es una osad\u00eda\u00a0<\/strong>que solo unos pocos se atreven a demostrar. Conozcamos esas variables que dificultan esta val\u00eda, este impulsor del bienestar humano.<\/p>\n<div class=\"article-quote bc--secondary-50 ptb--big p--relative mb--normal mt--x-big\">\n<blockquote class=\"jsx-2118601352 jsx-2746653886 plr--big pt--big\">\n<div class=\"jsx-2118601352 jsx-2746653886 quote__text ta--center fs--italic lh--2 fs--normal ff--serif ls--medium c--secondary-800\">\n<p class=\"jsx-4098198752 c--grey-neutral-800\"><em>Nuestros intentos por agradar a los dem\u00e1s nos restan autenticidad.<\/em><\/p>\n<\/div>\n<\/blockquote>\n<\/div>\n<h3 id=\"vivir-de-manera-genuina-requiere-una-gran-labor-en-materia-psicologica\" class=\"jsx-3692753319 jsx-2566528898 c--main-600  mt--x-big pt--normal\">Vivir de manera genuina requiere una gran labor en materia psicol\u00f3gica<\/h3>\n<p class=\"jsx-4098198752 c--grey-neutral-800\">En un\u00a0<a class=\"jsx-151512268 jsx-1474443579 default-a-link is--underline c--secondary-600 is--underline\" href=\"https:\/\/psycnet.apa.org\/record\/2002-11420-003\" target=\"_blank\" rel=\"noopener\" data-with-google-events=\"true\" data-google-events=\"{&quot;data&quot;:{&quot;action&quot;:&quot;click&quot;,&quot;category&quot;:&quot;Content&quot;,&quot;label&quot;:&quot;Related \/por-que-personas-ya-no-son-genuinas\/&quot;,&quot;value&quot;:&quot;https:\/\/psycnet.apa.org\/record\/2002-11420-003&quot;}}\">estudio<\/a>\u00a0publicado en la revista\u00a0<em>Annals of the American Psychotherapy\u00a0<\/em>se destaca la importancia de la autenticidad para lograr un adecuado bienestar y equilibrio mental. Si esto es as\u00ed, se debe a una raz\u00f3n. Ser genuino requiere, como hemos se\u00f1alado, de una labor constante por preservar nuestra esencia, nuestros valores y car\u00e1cter aut\u00e9ntico.<\/p>\n<p class=\"jsx-4098198752 c--grey-neutral-800\"><strong>Si las personas ya no son genuinas es porque no desarrollan una aut\u00e9ntica\u00a0<a class=\"jsx-151512268 jsx-1474443579 default-a-link is--underline c--secondary-600 is--underline\" href=\"https:\/\/lamenteesmaravillosa.com\/la-autoconciencia-una-mirada-sabia-hacia-interior\/\" target=\"_self\" rel=\"noopener\" data-with-google-events=\"true\" data-google-events=\"{&quot;data&quot;:{&quot;action&quot;:&quot;click&quot;,&quot;category&quot;:&quot;Content&quot;,&quot;label&quot;:&quot;Related \/por-que-personas-ya-no-son-genuinas\/&quot;,&quot;value&quot;:&quot;https:\/\/lamenteesmaravillosa.com\/la-autoconciencia-una-mirada-sabia-hacia-interior\/&quot;}}\">autoconciencia<\/a>.<\/strong>\u00a0Tomar contacto con sus emociones, pensamientos y necesidades, para vivir de acuerdo a ellas, es esencial.<\/p>\n<p class=\"jsx-4098198752 c--grey-neutral-800\">Quien sit\u00faa la mirada solo en el exterior para saber que se espera de \u00e9l, descuidando el interior, queda atrapado en la obligaci\u00f3n de representar un papel. Ese con el que encajar en sociedad, olvid\u00e1ndose por completo de s\u00ed mismo.<\/p>\n<h3 id=\"aparentar-lo-que-no-somos-para-ser-aceptados\" class=\"jsx-3692753319 jsx-2566528898 c--main-600  mt--x-big pt--normal\">Aparentar lo que no somos para ser aceptados<\/h3>\n<p class=\"jsx-4098198752 c--grey-neutral-800\">Si el ni\u00f1o de 5 a\u00f1os se define por la m\u00e1s inocente y pura honestidad, el preadolescente de 12 a\u00f1os ya no lo es tanto. Al llegar a la pubertad, uno toma conciencia de la necesidad de encajar y de ser aceptado por sus iguales. Porque quien no es igual a los dem\u00e1s, se le se\u00f1ala, se le rechaza y hasta se le ataca.<\/p>\n<p class=\"jsx-4098198752 c--grey-neutral-800\">Es en ese momento, cuando se inicia un lento y progresivo desprendimiento de nuestro yo individual, para vestirnos con un yo colectivo.\u00a0<strong>Buscar la aprobaci\u00f3n ajena y aparentar lo que uno no es para integrarse en su grupo social aniquila nuestras esencias y autenticidad.<\/strong><\/p>\n<h3 id=\"las-redes-sociales-diluyen-nuestro-autentico-yo\" class=\"jsx-3692753319 jsx-2566528898 c--main-600  mt--x-big pt--normal\">Las redes sociales diluyen nuestro aut\u00e9ntico yo<\/h3>\n<p class=\"jsx-4098198752 c--grey-neutral-800\">Si las personas ya no son genuinas se debe en buena parte a las redes sociales. Esto es patente entre la poblaci\u00f3n m\u00e1s joven. Ahora mismo,\u00a0<strong>los adolescentes usan las nuevas tecnolog\u00edas como espejos para definirse, para comprender el mundo.<\/strong>\u00a0El universo digital es ese escenario en el que asomarse para poner en pr\u00e1ctica la siempre peligrosa comparaci\u00f3n social.<\/p>\n<p class=\"jsx-4098198752 c--grey-neutral-800\">Un\u00a0<a class=\"jsx-151512268 jsx-1474443579 default-a-link is--underline c--secondary-600 is--underline\" href=\"https:\/\/link.springer.com\/article\/10.1007\/s10758-021-09499-1\" target=\"_blank\" rel=\"noopener\" data-with-google-events=\"true\" data-google-events=\"{&quot;data&quot;:{&quot;action&quot;:&quot;click&quot;,&quot;category&quot;:&quot;Content&quot;,&quot;label&quot;:&quot;Related \/por-que-personas-ya-no-son-genuinas\/&quot;,&quot;value&quot;:&quot;https:\/\/link.springer.com\/article\/10.1007\/s10758-021-09499-1&quot;}}\">estudio<\/a>\u00a0de la Universidad de Latvia, en Letonia, por ejemplo, destaca esto mismo. Los medios digitales son esos mecanismos que ahora mismo sirven para el desarrollo de la identidad de los adolescentes.\u00a0<strong>Esto explica factores como ese yo fr\u00e1gil atenazado por la baja autoestima,\u00a0<\/strong>por el rechazo al propio cuerpo y por relaciones cada vez m\u00e1s vol\u00e1tiles.<\/p>\n<p class=\"jsx-4098198752 c--grey-neutral-800\"><strong>La tiran\u00eda del\u00a0<em>like<\/em>\u00a0provoca que no se refuerce o premie lo aut\u00e9ntico, sino lo normativo\u00a0<\/strong>(lo que socialmente se considera bello, apto y aceptable).<\/p>\n<div class=\"article-quote bc--secondary-50 ptb--big p--relative mb--normal mt--x-big\">\n<blockquote class=\"jsx-2118601352 jsx-2746653886 plr--big pt--big\">\n<div class=\"jsx-2118601352 jsx-2746653886 quote__text ta--center fs--italic lh--2 fs--normal ff--serif ls--medium c--secondary-800\">\n<p class=\"jsx-4098198752 c--grey-neutral-800\"><em>Las redes sociales nos obligan a usar m\u00e1scaras, filtros, a vivir de apariencias y a asomarnos a un escenario igual de dopado por falsedades. Lo aut\u00e9ntico no triunfa, se destacan los cuerpos \u201cnormativos\u201d y emociones \u201cnormativas\u201d como la felicidad y el \u00e9xito.<\/em><\/p>\n<\/div>\n<\/blockquote>\n<h3 id=\"las-personas-ya-no-son-genuinas-porque-no-reconocemos-la-autenticidad-humana\" class=\"jsx-3692753319 jsx-2566528898 c--main-600  mt--x-big pt--normal\">Las personas ya no son genuinas porque no reconocemos la autenticidad humana<\/h3>\n<p class=\"jsx-4098198752 c--grey-neutral-800\">\u00bfSabr\u00edas reconocer a la persona honesta? \u00bfSabes cu\u00e1ndo alguien act\u00faa de manera genuina sin m\u00e1scara alguna? Es muy posible que t\u00fa si puedas hacerlo, pero son muchos los que no lo hacen. Esto mismo es lo que nos revela un\u00a0<a class=\"jsx-151512268 jsx-1474443579 default-a-link is--underline c--secondary-600 is--underline\" href=\"https:\/\/pubmed.ncbi.nlm.nih.gov\/35482890\/\" target=\"_self\" rel=\"noopener\" data-with-google-events=\"true\" data-google-events=\"{&quot;data&quot;:{&quot;action&quot;:&quot;click&quot;,&quot;category&quot;:&quot;Content&quot;,&quot;label&quot;:&quot;Related \/por-que-personas-ya-no-son-genuinas\/&quot;,&quot;value&quot;:&quot;https:\/\/pubmed.ncbi.nlm.nih.gov\/35482890\/&quot;}}\">estudio<\/a>\u00a0de la Universidad de Columbia.\u00a0<strong>Hemos llegado a un punto en el que abundan los que no diferencian al farsante del que camina por la vida con el coraz\u00f3n en la mano.<\/strong><\/p>\n<p class=\"jsx-4098198752 c--grey-neutral-800\">Pensemos, por ejemplo, en quien se permite ser vulnerable, en los que expresan sus emociones de manera clara. Cuando alguien demuestra sus sentimientos, se le puede tachar de dram\u00e1tico y falso. Esto provoca, sin duda, que terminemos reprimiendo lo que sentimos por miedo a la cr\u00edtica y al desprecio.<\/p>\n<p class=\"jsx-4098198752 c--grey-neutral-800\">Puede que, si las personas ya no son genuinas sea, sencillamente, porque no nos dejan. Porque hay temor a que la autenticidad sea mal entendida e incluso sancionada. Tenemos, sin duda, un largo recorrido que transitar a\u00fan\u2026<\/p>\n<\/div>\n<p><a class=\"jsx-151512268 jsx-1596958326 default-a-link is--underline c--grey-neutral-800  link-tool-tip jsx-2288154920 jsx-986712099\" href=\"https:\/\/lamenteesmaravillosa.com\/autor\/valeria-sabater\/\" target=\"_self\" rel=\"noopener\"><strong>Valeria Sabater<\/strong><\/a>.<\/p>\n<div id=\"telet-3687911142\" class=\"telet-despues-del-contenido telet-entity-placement\"><a target=\"_blank\" href=\"\/\/aff.lucushost.com\/resources\/click\/?n=gDxoXMAJ&aff=756\"><img decoding=\"async\" border=\"0\" alt=\"LucusHost, el mejor hosting\" src=\"\/\/aff.lucushost.com\/resources\/banners\/?zoneid=5123&n=gDxoXMAJ&aff=756\" \/><\/a><\/div>","protected":false},"excerpt":{"rendered":"<p>\u00bfHas notado que cada vez cuesta m\u00e1s encontrar personas aut\u00e9nticas? Son muchos los que viven de las apariencias, de las falsedades, los que no se atreven a ser ellos mismos&hellip; <\/p>\n","protected":false},"author":1,"featured_media":5737,"comment_status":"open","ping_status":"open","sticky":false,"template":"","format":"standard","meta":{"_jetpack_memberships_contains_paid_content":false,"footnotes":"","_links_to":"","_links_to_target":""},"categories":[8],"tags":[15,14],"class_list":["post-10513","post","type-post","status-publish","format-standard","has-post-thumbnail","hentry","category-vida-social","tag-fuprisa","tag-jose-manuel-fuentes-prieto"],"nelio_content":{"autoShareEndMode":"never","automationSources":{"useCustomSentences":false,"customSentences":[]},"efiAlt":"","efiUrl":"","followers":[1],"highlights":[],"isAutoShareEnabled":true,"networkImageIds":[],"permalinkQueryArgs":[],"series":[],"suggestedReferences":[]},"jetpack_featured_media_url":"https:\/\/teletrabajoynegocios.com\/telesecretarias\/wp-content\/uploads\/sites\/2\/2021\/09\/Bienestar.jpg","jetpack_sharing_enabled":true,"_links":{"self":[{"href":"https:\/\/teletrabajoynegocios.com\/telesecretarias\/wp-json\/wp\/v2\/posts\/10513","targetHints":{"allow":["GET"]}}],"collection":[{"href":"https:\/\/teletrabajoynegocios.com\/telesecretarias\/wp-json\/wp\/v2\/posts"}],"about":[{"href":"https:\/\/teletrabajoynegocios.com\/telesecretarias\/wp-json\/wp\/v2\/types\/post"}],"author":[{"embeddable":true,"href":"https:\/\/teletrabajoynegocios.com\/telesecretarias\/wp-json\/wp\/v2\/users\/1"}],"replies":[{"embeddable":true,"href":"https:\/\/teletrabajoynegocios.com\/telesecretarias\/wp-json\/wp\/v2\/comments?post=10513"}],"version-history":[{"count":2,"href":"https:\/\/teletrabajoynegocios.com\/telesecretarias\/wp-json\/wp\/v2\/posts\/10513\/revisions"}],"predecessor-version":[{"id":10522,"href":"https:\/\/teletrabajoynegocios.com\/telesecretarias\/wp-json\/wp\/v2\/posts\/10513\/revisions\/10522"}],"wp:featuredmedia":[{"embeddable":true,"href":"https:\/\/teletrabajoynegocios.com\/telesecretarias\/wp-json\/wp\/v2\/media\/5737"}],"wp:attachment":[{"href":"https:\/\/teletrabajoynegocios.com\/telesecretarias\/wp-json\/wp\/v2\/media?parent=10513"}],"wp:term":[{"taxonomy":"category","embeddable":true,"href":"https:\/\/teletrabajoynegocios.com\/telesecretarias\/wp-json\/wp\/v2\/categories?post=10513"},{"taxonomy":"post_tag","embeddable":true,"href":"https:\/\/teletrabajoynegocios.com\/telesecretarias\/wp-json\/wp\/v2\/tags?post=10513"}],"curies":[{"name":"wp","href":"https:\/\/api.w.org\/{rel}","templated":true}]}}