{"id":1094,"date":"2020-05-21T12:17:06","date_gmt":"2020-05-21T10:17:06","guid":{"rendered":"https:\/\/teletrabajoynegocios.com\/telesecretarias\/?p=1094"},"modified":"2020-05-19T12:25:54","modified_gmt":"2020-05-19T10:25:54","slug":"quien-se-ha-llevado-tu-queso","status":"publish","type":"post","link":"https:\/\/teletrabajoynegocios.com\/telesecretarias\/quien-se-ha-llevado-tu-queso\/","title":{"rendered":"\u00bfQui\u00e9n se ha llevado TU queso?"},"content":{"rendered":"<div id=\"telet-792550330\" class=\"telet-antes-del-contenido telet-entity-placement\"><a href=\"https:\/\/quaderno.io\/?via=jose-manuel94\" aria-label=\"Quaderno General (Spanish) &#8211; 728&#215;90\"><img loading=\"lazy\" decoding=\"async\" src=\"https:\/\/teletrabajoynegocios.com\/telesecretarias\/wp-content\/uploads\/sites\/2\/2020\/11\/Quaderno-General-Spanish-728x90-1.png\" alt=\"\"  srcset=\"https:\/\/teletrabajoynegocios.com\/telesecretarias\/wp-content\/uploads\/sites\/2\/2020\/11\/Quaderno-General-Spanish-728x90-1.png 728w, https:\/\/teletrabajoynegocios.com\/telesecretarias\/wp-content\/uploads\/sites\/2\/2020\/11\/Quaderno-General-Spanish-728x90-1-300x37.png 300w\" sizes=\"(max-width: 728px) 100vw, 728px\" width=\"728\" height=\"90\"   \/><\/a><\/div><div>Hace unos d\u00edas, hablaba con un&nbsp;<strong>nuevo cliente.<\/strong><\/div>\n<p>&nbsp;<\/p>\n<div>Este cliente es due\u00f1o de una empresa fabricante de maquinaria (flejadoras) en Espa\u00f1a a la que&nbsp;<strong>las ventas en los \u00faltimos a\u00f1os les han ido muy bien.<\/strong><\/div>\n<p>&nbsp;<\/p>\n<div>Son&nbsp;<strong>l\u00edderes en ciertos nichos de mercado<\/strong>&nbsp;y est\u00e1n expandi\u00e9ndose durante los \u00faltimos a\u00f1os en el&nbsp;<strong>mercado internacional.<\/strong><\/div>\n<p>&nbsp;<\/p>\n<div>Les va bien.<\/div>\n<p>&nbsp;<\/p>\n<div><strong>Muy bien.<\/strong><\/div>\n<p>&nbsp;<\/p>\n<div>Y, de repente, como un mazazo, como un golpe imprevisto&nbsp;<strong>lleg\u00f3 el Coronavirus.<\/strong><\/div>\n<p>&nbsp;<\/p>\n<div>Lleg\u00f3 el estado de alarma y el confinamiento en nuestras casas para toda la poblaci\u00f3n.<\/div>\n<p>&nbsp;<\/p>\n<div>Su estrategia de ventas se ha basado siempre en la visita comercial, visitas en ferias y visitas en empresas.<\/div>\n<p>&nbsp;<\/p>\n<div>Pero ahora no pueden ir a ferias.<\/div>\n<p>&nbsp;<\/p>\n<div>Ahora ya no pueden visitar.<\/div>\n<p>&nbsp;<\/p>\n<div>\u00bfC\u00f3mo van a conseguir nuevos clientes? \u00bfA qu\u00e9 se dedicar\u00e1 el departamento de ventas?<\/div>\n<p>&nbsp;<\/p>\n<div>Cuando habl\u00e9 con \u00e9l por primera vez me dijo:<\/div>\n<p>&nbsp;<\/p>\n<div>Me siento como los personajes del libro: \u00ab\u00bfQui\u00e9n se ha llevado mi queso?\u00bb. Tengo a mis comerciales en casa, necesitamos buscar y encontrar a nuestros clientes a pesar de la crisis del coronavirus.<\/p>\n<\/div>\n<div>Tras terminar nuestra conversaci\u00f3n empec\u00e9 a buscar en mis armarios. Llevo 5 mudanzas en los \u00faltimos a\u00f1os (pero mis libros y mi piano siempre me acompa\u00f1an). Sab\u00eda que hab\u00eda le\u00eddo este libro muchas veces antes de este momento, pero quer\u00eda releerlo.<\/div>\n<p>&nbsp;<\/p>\n<div>Lo encontr\u00e9. Y volv\u00ed a leerlo con los ojos de hoy.<\/div>\n<p>&nbsp;<\/p>\n<div><em>No puedo m\u00e1s que recomend\u00e1rtelo.&nbsp; Son apenas 25 p\u00e1ginas en letra grande ;).<\/em><\/div>\n<p>&nbsp;<\/p>\n<div><strong>Volvamos a mi cliente.<\/strong><\/div>\n<p>&nbsp;<\/p>\n<div>Su empresa ya llevaba a\u00f1os haciendo buenos cambios e inversiones para comunicar de maneras novedosas sus servicios y productos a sus clientes.<\/div>\n<p>&nbsp;<\/p>\n<ul>\n<li>Cuentan con un departamento de marketing<\/li>\n<li>Han desarrollado webs corporativas eficaces<\/li>\n<li>Poseen un mensaje de comunicaci\u00f3n muy potente para cada \u00e1rea en su empresa, dirigi\u00e9ndose a nichos de mercado<\/li>\n<li>Realizan campa\u00f1as y estrategias de marketing<\/li>\n<li>Han creado y grabado videos educativos y demostrativos de sus m\u00e1quinas en funcionamiento<\/li>\n<li>Han creado contenido para entregar a sus clientes<\/li>\n<\/ul>\n<div>&nbsp;<\/div>\n<div>Esto le va a ayudar mucho.<\/p>\n<hr>\n<\/div>\n<p><img decoding=\"async\" src=\"http:\/\/web.vallebro.biz\/wp-content\/uploads\/2020\/01\/articulos.png\"><\/p>\n<div class=\"wp-rss-template-container\" data-wpra-template=\"default\" data-template-ctx=\"W10=\">\n    <div class=\"wp-rss-aggregator wpra-list-template  \" data-page=\"1\">\n    \n    \n<ul class=\"wpra-item-list rss-aggregator wpra-item-list--bullets wpra-item-list--default\"\n    start=\"1\">\n                        <li class=\"wpra-item feed-item \">\n            \n            \n\n    <a  href=\"https:\/\/distritoemprendedores.com\/blog\/2026\/03\/16\/hello-world\/\" target=\"_blank\" rel=\"nofollow\" class=\"\">Hello world!<\/a>\n\n\n\n\n\n\n<div class=\"wprss-feed-meta\">\n            <span class=\"feed-source\">\n            Source:\n\n                            Distrito Emprendedores\n                    <\/span>\n    \n            <span class=\"feed-date\">\n            Published on 2026-03-16\n        <\/span>\n    \n    <\/div>\n\n\n\n\n\n            \n        <\/li>\n                    <li class=\"wpra-item feed-item \">\n            \n            \n\n    <a  href=\"https:\/\/www.dropbox.com\/scl\/fi\/b6csvpbfxu24vaezmo3es\/62bed0634df20e5ef35346439fdd423f_franquicias.pdf?rlkey=mfp2795s4n89mw35l0yeu2vl5&amp;e=2&amp;st=57kabuy0&amp;dl=0#new_tab\" target=\"_blank\" rel=\"nofollow\" class=\"\">Las franquicias espa\u00f1olas duplican su presencia en mercados for\u00e1neos<\/a>\n\n\n\n\n\n\n<div class=\"wprss-feed-meta\">\n            <span class=\"feed-source\">\n            Source:\n\n                            Distrito Emprendedores\n                    <\/span>\n    \n            <span class=\"feed-date\">\n            Published on 2026-03-11\n        <\/span>\n    \n    <\/div>\n\n\n\n\n\n            \n        <\/li>\n                    <li class=\"wpra-item feed-item \">\n            \n            \n\n    <a  href=\"https:\/\/distritoemprendedores.es\/blog\/5-errores-fatales-al-internacionalizar-tu-franquicia\/\" target=\"_blank\" rel=\"nofollow\" class=\"\">5 errores fatales al internacionalizar tu franquicia<\/a>\n\n\n\n\n\n\n<div class=\"wprss-feed-meta\">\n            <span class=\"feed-source\">\n            Source:\n\n                            Distrito Emprendedores\n                    <\/span>\n    \n            <span class=\"feed-date\">\n            Published on 2026-03-10\n        <\/span>\n    \n    <\/div>\n\n\n\n\n\n            \n        <\/li>\n                    <li class=\"wpra-item feed-item \">\n            \n            \n\n    <a  href=\"https:\/\/distritoemprendedores.es\/blog\/un-nuevo-prime-time-para-las-marcas-afterwork-tardeo-y-futbol-se-consolidan-como-los-grandes-motores-del-consumo-experiencial\/\" target=\"_blank\" rel=\"nofollow\" class=\"\">Un nuevo prime time para las marcas: afterwork, tardeo y f\u00fatbol se consolidan como los grandes motores del consumo experiencial<\/a>\n\n\n\n\n\n\n<div class=\"wprss-feed-meta\">\n            <span class=\"feed-source\">\n            Source:\n\n                            Distrito Emprendedores\n                    <\/span>\n    \n            <span class=\"feed-date\">\n            Published on 2026-03-09\n        <\/span>\n    \n    <\/div>\n\n\n\n\n\n            \n        <\/li>\n                    <li class=\"wpra-item feed-item \">\n            \n            \n\n    <a  href=\"https:\/\/distritoemprendedores.es\/blog\/la-ventaja-competitiva-esta-en-entender-como-pregunta-el-consumidor\/\" target=\"_blank\" rel=\"nofollow\" class=\"\">La ventaja competitiva est\u00e1 en entender c\u00f3mo pregunta el consumidor<\/a>\n\n\n\n\n\n\n<div class=\"wprss-feed-meta\">\n            <span class=\"feed-source\">\n            Source:\n\n                            Distrito Emprendedores\n                    <\/span>\n    \n            <span class=\"feed-date\">\n            Published on 2026-03-08\n        <\/span>\n    \n    <\/div>\n\n\n\n\n\n            \n        <\/li>\n                    <li class=\"wpra-item feed-item \">\n            \n            \n\n    <a  href=\"https:\/\/distritoemprendedores.es\/blog\/solo-el-7-de-los-espanoles-cree-a-las-marcas-cuando-comunican-sus-valores-con-hechos-demostrables\/\" target=\"_blank\" rel=\"nofollow\" class=\"\">Solo el 7% de los espa\u00f1oles cree a las marcas cuando comunican sus valores con hechos demostrables<\/a>\n\n\n\n\n\n\n<div class=\"wprss-feed-meta\">\n            <span class=\"feed-source\">\n            Source:\n\n                            Distrito Emprendedores\n                    <\/span>\n    \n            <span class=\"feed-date\">\n            Published on 2026-03-07\n        <\/span>\n    \n    <\/div>\n\n\n\n\n\n            \n        <\/li>\n                    <li class=\"wpra-item feed-item \">\n            \n            \n\n    <a  href=\"https:\/\/distritoemprendedores.es\/blog\/el-38-de-las-empresas-creadas-en-2019-ha-echado-ya-el-cierre\/\" target=\"_blank\" rel=\"nofollow\" class=\"\">El 38% de las empresas creadas en 2019 ha echado ya el cierre<\/a>\n\n\n\n\n\n\n<div class=\"wprss-feed-meta\">\n            <span class=\"feed-source\">\n            Source:\n\n                            Distrito Emprendedores\n                    <\/span>\n    \n            <span class=\"feed-date\">\n            Published on 2026-03-06\n        <\/span>\n    \n    <\/div>\n\n\n\n\n\n            \n        <\/li>\n                    <li class=\"wpra-item feed-item \">\n            \n            \n\n    <a  href=\"https:\/\/distritoemprendedores.es\/blog\/descubre-las-oportunidades-y-tendencias-en-el-mercado-de-la-franquicia-para-2026\/\" target=\"_blank\" rel=\"nofollow\" class=\"\">Descubre las oportunidades y tendencias en el mercado de la franquicia para 2026<\/a>\n\n\n\n\n\n\n<div class=\"wprss-feed-meta\">\n            <span class=\"feed-source\">\n            Source:\n\n                            Distrito Emprendedores\n                    <\/span>\n    \n            <span class=\"feed-date\">\n            Published on 2026-03-05\n        <\/span>\n    \n    <\/div>\n\n\n\n\n\n            \n        <\/li>\n                    <li class=\"wpra-item feed-item \">\n            \n            \n\n    <a  href=\"https:\/\/distritoemprendedores.es\/blog\/las-startups-de-salud-mas-punteras-del-mundo\/\" target=\"_blank\" rel=\"nofollow\" class=\"\">Las startups de salud m\u00e1s punteras del mundo<\/a>\n\n\n\n\n\n\n<div class=\"wprss-feed-meta\">\n            <span class=\"feed-source\">\n            Source:\n\n                            Distrito Emprendedores\n                    <\/span>\n    \n            <span class=\"feed-date\">\n            Published on 2026-03-04\n        <\/span>\n    \n    <\/div>\n\n\n\n\n\n            \n        <\/li>\n                    <li class=\"wpra-item feed-item \">\n            \n            \n\n    <a  href=\"https:\/\/distritoemprendedores.es\/blog\/puesta-en-marcha-de-un-negocio-primeros-pasos-para-validar-vender-y-controlar-la-tesoreria\/\" target=\"_blank\" rel=\"nofollow\" class=\"\">Puesta en marcha de un negocio: primeros pasos para validar, vender y controlar la tesorer\u00eda<\/a>\n\n\n\n\n\n\n<div class=\"wprss-feed-meta\">\n            <span class=\"feed-source\">\n            Source:\n\n                            Distrito Emprendedores\n                    <\/span>\n    \n            <span class=\"feed-date\">\n            Published on 2026-03-03\n        <\/span>\n    \n    <\/div>\n\n\n\n\n\n            \n        <\/li>\n                    <li class=\"wpra-item feed-item \">\n            \n            \n\n    <a  href=\"https:\/\/distritoemprendedores.es\/blog\/6-franquicias-sin-apenas-competencia-en-el-mercado\/\" target=\"_blank\" rel=\"nofollow\" class=\"\">6 franquicias sin apenas competencia en el mercado<\/a>\n\n\n\n\n\n\n<div class=\"wprss-feed-meta\">\n            <span class=\"feed-source\">\n            Source:\n\n                            Distrito Emprendedores\n                    <\/span>\n    \n            <span class=\"feed-date\">\n            Published on 2026-03-02\n        <\/span>\n    \n    <\/div>\n\n\n\n\n\n            \n        <\/li>\n                    <li class=\"wpra-item feed-item \">\n            \n            \n\n    <a  href=\"https:\/\/digistorage.es\/links\/71d78951-a420-4f5b-8de6-7b35ae7efc1c#new_tab\" target=\"_blank\" rel=\"nofollow\" class=\"\">Los algoritmos amenazan con filtrar las confesiones realizadas al abogado<\/a>\n\n\n\n\n\n\n<div class=\"wprss-feed-meta\">\n            <span class=\"feed-source\">\n            Source:\n\n                            Distrito Emprendedores\n                    <\/span>\n    \n            <span class=\"feed-date\">\n            Published on 2026-03-01\n        <\/span>\n    \n    <\/div>\n\n\n\n\n\n            \n        <\/li>\n                    <li class=\"wpra-item feed-item \">\n            \n            \n\n    <a  href=\"https:\/\/distritoemprendedores.es\/blog\/las-startups-que-mas-innovan-en-el-mundo\/\" target=\"_blank\" rel=\"nofollow\" class=\"\">Las startups que m\u00e1s innovan en el mundo<\/a>\n\n\n\n\n\n\n<div class=\"wprss-feed-meta\">\n            <span class=\"feed-source\">\n            Source:\n\n                            Distrito Emprendedores\n                    <\/span>\n    \n            <span class=\"feed-date\">\n            Published on 2026-02-28\n        <\/span>\n    \n    <\/div>\n\n\n\n\n\n            \n        <\/li>\n                    <li class=\"wpra-item feed-item \">\n            \n            \n\n    <a  href=\"https:\/\/distritoemprendedores.es\/blog\/tiktok-genera-31-000-millones-de-euros-para-las-empresas-europeas-y-3-000-millones-en-espana\/\" target=\"_blank\" rel=\"nofollow\" class=\"\">TikTok genera 31.000 millones de euros para las empresas europeas y 3.000 millones en Espa\u00f1a<\/a>\n\n\n\n\n\n\n<div class=\"wprss-feed-meta\">\n            <span class=\"feed-source\">\n            Source:\n\n                            Distrito Emprendedores\n                    <\/span>\n    \n            <span class=\"feed-date\">\n            Published on 2026-02-27\n        <\/span>\n    \n    <\/div>\n\n\n\n\n\n            \n        <\/li>\n                    <li class=\"wpra-item feed-item \">\n            \n            \n\n    <a  href=\"https:\/\/distritoemprendedores.es\/blog\/amazon-planea-un-marketplace-para-hacer-de-puente-entre-los-publishers-y-las-empresas-de-ia\/\" target=\"_blank\" rel=\"nofollow\" class=\"\">Amazon planea un \u00abmarketplace\u00bb para hacer de puente entre los \u00abpublishers\u00bb y las empresas de IA<\/a>\n\n\n\n\n\n\n<div class=\"wprss-feed-meta\">\n            <span class=\"feed-source\">\n            Source:\n\n                            Distrito Emprendedores\n                    <\/span>\n    \n            <span class=\"feed-date\">\n            Published on 2026-02-26\n        <\/span>\n    \n    <\/div>\n\n\n\n\n\n            \n        <\/li>\n        <\/ul>\n\n        \n<\/div>\n\n<\/div>\n\n<hr>\n<div>PERO, la captaci\u00f3n de sus clientes potenciales sigue siendo de manera EXCLUSIVA presencial.<\/div>\n<p>&nbsp;<\/p>\n<div>La conversaci\u00f3n con \u00e9l me hizo pensar y le pregunt\u00e9:<\/div>\n<p>&nbsp;<\/p>\n<div>\u00bfPor qu\u00e9 no hab\u00e9is comenzado ANTES a trabajar otras maneras de venta \u00absocial\u00bb o preocuparos por una red como LinkedIn, donde est\u00e1 vuestro mercado potencial?<\/p>\n<\/div>\n<div>Esto es lo que me respondi\u00f3:<\/div>\n<p>&nbsp;<\/p>\n<div>Porque&nbsp;<strong>no nos hac\u00eda falta<\/strong>.<\/div>\n<p>&nbsp;<\/p>\n<div>Y entonces&nbsp;<strong>le comprend\u00ed, y lo entend\u00ed.<\/strong><\/div>\n<p>&nbsp;<\/p>\n<div>\u00bfPor qu\u00e9 cambiar o buscar cuando todo te va bien?<\/div>\n<p>&nbsp;<\/p>\n<div>Y despu\u00e9s le\u00ed el libro otra vez.<\/div>\n<p>&nbsp;<\/p>\n<div>Y me di cuenta de nuevo de lo importante que es estar en constante crecimiento, en constante evoluci\u00f3n. En no parar.<\/div>\n<p>&nbsp;<\/p>\n<div>\n<ul>\n<li>Tus clientes llevan tiempo cambiando su forma de buscar informaci\u00f3n sobre tus productos y servicios.<\/li>\n<\/ul>\n<\/div>\n<p>&nbsp;<\/p>\n<div>\n<ul>\n<li>Tus clientes se est\u00e1n moviendo, llevan tiempo comprando de otra manera.<\/li>\n<\/ul>\n<\/div>\n<p>&nbsp;<\/p>\n<div>\n<ul>\n<li>Llevan tiempo siendo diferentes.<\/li>\n<\/ul>\n<\/div>\n<p>&nbsp;<\/p>\n<div>\n<ul>\n<li>Tu cliente desconf\u00eda de ti si no te conoce. Si nunca ha o\u00eddo tu nombre o el de tu empresa.<\/li>\n<\/ul>\n<\/div>\n<p>&nbsp;<\/p>\n<div>\n<ul>\n<li>Tu cliente prefiere trabajar con gente que conoce y que le gusta. Y en la que conf\u00eda.<\/li>\n<\/ul>\n<\/div>\n<p>&nbsp;<\/p>\n<div>T\u00fa lo sabes y sabes que alg\u00fan cambio tienes que realizar en la manera en la que gestionas el proceso de ventas en tu empresa.<\/p>\n<p>\u00abLo \u00fanico constante es el cambio.\u00bb<\/p>\n<p>Para m\u00ed esta es una de las principales ense\u00f1anzas del libro \u00ab\u00bfQui\u00e9n se ha llevado mi queso?\u00bb de Spencer Johnson.<\/p>\n<p>He creado <a href=\"https:\/\/ingesaez.es\/cambio-en-la-manera-de-vender\/\"><em>un resumen<\/em><\/a> por si te sirve de ayuda<\/div>\n<div>&nbsp;<\/div>\n<div>Un abrazo <a href=\"https:\/\/ingesaez.es\/\"><em>Inge Saez<\/em><\/a><\/div>\n<div id=\"telet-356668691\" class=\"telet-despues-del-contenido telet-entity-placement\"><a target=\"_blank\" href=\"\/\/aff.lucushost.com\/resources\/click\/?n=gDxoXMAJ&aff=756\"><img decoding=\"async\" border=\"0\" alt=\"LucusHost, el mejor hosting\" src=\"\/\/aff.lucushost.com\/resources\/banners\/?zoneid=5123&n=gDxoXMAJ&aff=756\" \/><\/a><\/div>","protected":false},"excerpt":{"rendered":"<p>Hace unos d\u00edas, hablaba con un&nbsp;nuevo cliente. &nbsp; Este cliente es due\u00f1o de una empresa fabricante de maquinaria (flejadoras) en Espa\u00f1a a la que&nbsp;las ventas en los \u00faltimos a\u00f1os les&hellip; <\/p>\n","protected":false},"author":1,"featured_media":1096,"comment_status":"open","ping_status":"open","sticky":false,"template":"","format":"standard","meta":{"_jetpack_memberships_contains_paid_content":false,"footnotes":"","_links_to":"","_links_to_target":""},"categories":[1],"tags":[15,14],"class_list":["post-1094","post","type-post","status-publish","format-standard","has-post-thumbnail","hentry","category-telesecretarias","tag-fuprisa","tag-jose-manuel-fuentes-prieto"],"nelio_content":{"autoShareEndMode":"never","automationSources":{"useCustomSentences":false,"customSentences":[]},"efiAlt":"","efiUrl":"","followers":[1],"highlights":[],"isAutoShareEnabled":true,"networkImageIds":[],"permalinkQueryArgs":[],"series":[],"suggestedReferences":[]},"jetpack_featured_media_url":"https:\/\/teletrabajoynegocios.com\/telesecretarias\/wp-content\/uploads\/sites\/2\/2020\/05\/videollamada.jpg","jetpack_sharing_enabled":true,"_links":{"self":[{"href":"https:\/\/teletrabajoynegocios.com\/telesecretarias\/wp-json\/wp\/v2\/posts\/1094","targetHints":{"allow":["GET"]}}],"collection":[{"href":"https:\/\/teletrabajoynegocios.com\/telesecretarias\/wp-json\/wp\/v2\/posts"}],"about":[{"href":"https:\/\/teletrabajoynegocios.com\/telesecretarias\/wp-json\/wp\/v2\/types\/post"}],"author":[{"embeddable":true,"href":"https:\/\/teletrabajoynegocios.com\/telesecretarias\/wp-json\/wp\/v2\/users\/1"}],"replies":[{"embeddable":true,"href":"https:\/\/teletrabajoynegocios.com\/telesecretarias\/wp-json\/wp\/v2\/comments?post=1094"}],"version-history":[{"count":1,"href":"https:\/\/teletrabajoynegocios.com\/telesecretarias\/wp-json\/wp\/v2\/posts\/1094\/revisions"}],"predecessor-version":[{"id":1097,"href":"https:\/\/teletrabajoynegocios.com\/telesecretarias\/wp-json\/wp\/v2\/posts\/1094\/revisions\/1097"}],"wp:featuredmedia":[{"embeddable":true,"href":"https:\/\/teletrabajoynegocios.com\/telesecretarias\/wp-json\/wp\/v2\/media\/1096"}],"wp:attachment":[{"href":"https:\/\/teletrabajoynegocios.com\/telesecretarias\/wp-json\/wp\/v2\/media?parent=1094"}],"wp:term":[{"taxonomy":"category","embeddable":true,"href":"https:\/\/teletrabajoynegocios.com\/telesecretarias\/wp-json\/wp\/v2\/categories?post=1094"},{"taxonomy":"post_tag","embeddable":true,"href":"https:\/\/teletrabajoynegocios.com\/telesecretarias\/wp-json\/wp\/v2\/tags?post=1094"}],"curies":[{"name":"wp","href":"https:\/\/api.w.org\/{rel}","templated":true}]}}