{"id":11159,"date":"2022-10-08T11:01:39","date_gmt":"2022-10-08T09:01:39","guid":{"rendered":"https:\/\/teletrabajoynegocios.com\/telesecretarias\/?p=11159"},"modified":"2022-10-05T09:06:42","modified_gmt":"2022-10-05T07:06:42","slug":"hacer-limpieza-digital-una-clave-de-productividad","status":"publish","type":"post","link":"https:\/\/teletrabajoynegocios.com\/telesecretarias\/hacer-limpieza-digital-una-clave-de-productividad\/","title":{"rendered":"Hacer limpieza digital: una clave de productividad"},"content":{"rendered":"<div id=\"telet-3175368563\" class=\"telet-antes-del-contenido telet-entity-placement\"><a href=\"https:\/\/quaderno.io\/?via=jose-manuel94\" aria-label=\"Quaderno General (Spanish) &#8211; 728&#215;90\"><img loading=\"lazy\" decoding=\"async\" src=\"https:\/\/teletrabajoynegocios.com\/telesecretarias\/wp-content\/uploads\/sites\/2\/2020\/11\/Quaderno-General-Spanish-728x90-1.png\" alt=\"\"  srcset=\"https:\/\/teletrabajoynegocios.com\/telesecretarias\/wp-content\/uploads\/sites\/2\/2020\/11\/Quaderno-General-Spanish-728x90-1.png 728w, https:\/\/teletrabajoynegocios.com\/telesecretarias\/wp-content\/uploads\/sites\/2\/2020\/11\/Quaderno-General-Spanish-728x90-1-300x37.png 300w\" sizes=\"(max-width: 728px) 100vw, 728px\" width=\"728\" height=\"90\"   \/><\/a><\/div><p>La limpieza digital tiene un coste. Requiere tiempo y cierto esfuerzo cognitivo. Sin embargo, sus beneficios a corto y largo plazo son m\u00e1s que notables. As\u00ed, en este art\u00edculo queremos darte algunas estrategias efectivas para ponerla en marcha.<\/p>\n<p class=\"jsx-4098198752 c--grey-neutral-800\"><strong>La limpieza digital es una de las grandes olvidadas en nuestra rutina<\/strong>. Al fin y al cabo, es mucho m\u00e1s f\u00e1cil detectar la presencia de restos y suciedades en el mundo f\u00edsico. En cambio, en el mundo inform\u00e1tico la basura puede estar debajo de la alfombra, en sentido figurado, sin que se note tanto.<\/p>\n<p class=\"jsx-4098198752 c--grey-neutral-800\">En lo que s\u00ed se nota el exceso de restos y \u201csuciedades\u201d electr\u00f3nicas es en el tiempo que se gasta realizando algunas tareas, y en la dificultad para hacer otras. Cuando no se hace una limpieza digital con regularidad, actividades tan simples como revisar\u00a0<a class=\"jsx-151512268 jsx-1474443579 default-a-link is--underline c--secondary-600 is--underline\" href=\"https:\/\/revista.profesionaldelainformacion.com\/index.php\/EPI\/article\/view\/epi.2011.sep.12\" target=\"_blank\" rel=\"noopener\" data-with-google-events=\"true\" data-google-events=\"{&quot;data&quot;:{&quot;action&quot;:&quot;click&quot;,&quot;category&quot;:&quot;Content&quot;,&quot;label&quot;:&quot;Related \/hacer-limpieza-digital-clave-productividad\/&quot;,&quot;value&quot;:&quot;https:\/\/revista.profesionaldelainformacion.com\/index.php\/EPI\/article\/view\/epi.2011.sep.12&quot;}}\">el correo electr\u00f3nico<\/a>\u00a0pueden comenzar a fallar.<\/p>\n<p class=\"jsx-4098198752 c--grey-neutral-800\"><strong>El resultado es similar al que tiene lugar en el mundo f\u00edsico<\/strong>. Puedes tardar m\u00e1s de lo razonable en encontrar un documento. Tambi\u00e9n puedes pasar por alto un correo importante por encontrarse dentro de la mara\u00f1a de\u00a0<em>emails<\/em>\u00a0que recibes cada d\u00eda. En suma, la falta de limpieza digital es una situaci\u00f3n que a veces termina afectando tu\u00a0<a class=\"jsx-151512268 jsx-1474443579 default-a-link is--underline c--secondary-600 is--underline\" href=\"https:\/\/lamenteesmaravillosa.com\/5-trucos-para-mejorar-tu-productividad\/\" target=\"_self\" rel=\"noopener\" data-with-google-events=\"true\" data-google-events=\"{&quot;data&quot;:{&quot;action&quot;:&quot;click&quot;,&quot;category&quot;:&quot;Content&quot;,&quot;label&quot;:&quot;Related \/hacer-limpieza-digital-clave-productividad\/&quot;,&quot;value&quot;:&quot;https:\/\/lamenteesmaravillosa.com\/5-trucos-para-mejorar-tu-productividad\/&quot;}}\">productividad<\/a>.<\/p>\n<hr \/>\n<p><img decoding=\"async\" src=\"https:\/\/teletrabajoynegocios.com\/teletrabajador\/wp-content\/uploads\/sites\/3\/2020\/07\/articulos.png\" \/><\/p>\n<div class=\"wp-rss-template-container\" data-wpra-template=\"default\" data-template-ctx=\"W10=\">\n    <div class=\"wp-rss-aggregator wpra-list-template  \" data-page=\"1\">\n    \n    \n<ul class=\"wpra-item-list rss-aggregator wpra-item-list--bullets wpra-item-list--default\"\n    start=\"1\">\n                        <li class=\"wpra-item feed-item \">\n            \n            \n\n    <a  href=\"https:\/\/distritoemprendedores.com\/blog\/2026\/03\/16\/hello-world\/\" target=\"_blank\" rel=\"nofollow\" class=\"\">Hello world!<\/a>\n\n\n\n\n\n\n<div class=\"wprss-feed-meta\">\n            <span class=\"feed-source\">\n            Source:\n\n                            Distrito Emprendedores\n                    <\/span>\n    \n            <span class=\"feed-date\">\n            Published on 2026-03-16\n        <\/span>\n    \n    <\/div>\n\n\n\n\n\n            \n        <\/li>\n                    <li class=\"wpra-item feed-item \">\n            \n            \n\n    <a  href=\"https:\/\/www.dropbox.com\/scl\/fi\/b6csvpbfxu24vaezmo3es\/62bed0634df20e5ef35346439fdd423f_franquicias.pdf?rlkey=mfp2795s4n89mw35l0yeu2vl5&amp;e=2&amp;st=57kabuy0&amp;dl=0#new_tab\" target=\"_blank\" rel=\"nofollow\" class=\"\">Las franquicias espa\u00f1olas duplican su presencia en mercados for\u00e1neos<\/a>\n\n\n\n\n\n\n<div class=\"wprss-feed-meta\">\n            <span class=\"feed-source\">\n            Source:\n\n                            Distrito Emprendedores\n                    <\/span>\n    \n            <span class=\"feed-date\">\n            Published on 2026-03-11\n        <\/span>\n    \n    <\/div>\n\n\n\n\n\n            \n        <\/li>\n                    <li class=\"wpra-item feed-item \">\n            \n            \n\n    <a  href=\"https:\/\/distritoemprendedores.es\/blog\/5-errores-fatales-al-internacionalizar-tu-franquicia\/\" target=\"_blank\" rel=\"nofollow\" class=\"\">5 errores fatales al internacionalizar tu franquicia<\/a>\n\n\n\n\n\n\n<div class=\"wprss-feed-meta\">\n            <span class=\"feed-source\">\n            Source:\n\n                            Distrito Emprendedores\n                    <\/span>\n    \n            <span class=\"feed-date\">\n            Published on 2026-03-10\n        <\/span>\n    \n    <\/div>\n\n\n\n\n\n            \n        <\/li>\n                    <li class=\"wpra-item feed-item \">\n            \n            \n\n    <a  href=\"https:\/\/distritoemprendedores.es\/blog\/un-nuevo-prime-time-para-las-marcas-afterwork-tardeo-y-futbol-se-consolidan-como-los-grandes-motores-del-consumo-experiencial\/\" target=\"_blank\" rel=\"nofollow\" class=\"\">Un nuevo prime time para las marcas: afterwork, tardeo y f\u00fatbol se consolidan como los grandes motores del consumo experiencial<\/a>\n\n\n\n\n\n\n<div class=\"wprss-feed-meta\">\n            <span class=\"feed-source\">\n            Source:\n\n                            Distrito Emprendedores\n                    <\/span>\n    \n            <span class=\"feed-date\">\n            Published on 2026-03-09\n        <\/span>\n    \n    <\/div>\n\n\n\n\n\n            \n        <\/li>\n                    <li class=\"wpra-item feed-item \">\n            \n            \n\n    <a  href=\"https:\/\/distritoemprendedores.es\/blog\/la-ventaja-competitiva-esta-en-entender-como-pregunta-el-consumidor\/\" target=\"_blank\" rel=\"nofollow\" class=\"\">La ventaja competitiva est\u00e1 en entender c\u00f3mo pregunta el consumidor<\/a>\n\n\n\n\n\n\n<div class=\"wprss-feed-meta\">\n            <span class=\"feed-source\">\n            Source:\n\n                            Distrito Emprendedores\n                    <\/span>\n    \n            <span class=\"feed-date\">\n            Published on 2026-03-08\n        <\/span>\n    \n    <\/div>\n\n\n\n\n\n            \n        <\/li>\n                    <li class=\"wpra-item feed-item \">\n            \n            \n\n    <a  href=\"https:\/\/distritoemprendedores.es\/blog\/solo-el-7-de-los-espanoles-cree-a-las-marcas-cuando-comunican-sus-valores-con-hechos-demostrables\/\" target=\"_blank\" rel=\"nofollow\" class=\"\">Solo el 7% de los espa\u00f1oles cree a las marcas cuando comunican sus valores con hechos demostrables<\/a>\n\n\n\n\n\n\n<div class=\"wprss-feed-meta\">\n            <span class=\"feed-source\">\n            Source:\n\n                            Distrito Emprendedores\n                    <\/span>\n    \n            <span class=\"feed-date\">\n            Published on 2026-03-07\n        <\/span>\n    \n    <\/div>\n\n\n\n\n\n            \n        <\/li>\n                    <li class=\"wpra-item feed-item \">\n            \n            \n\n    <a  href=\"https:\/\/distritoemprendedores.es\/blog\/el-38-de-las-empresas-creadas-en-2019-ha-echado-ya-el-cierre\/\" target=\"_blank\" rel=\"nofollow\" class=\"\">El 38% de las empresas creadas en 2019 ha echado ya el cierre<\/a>\n\n\n\n\n\n\n<div class=\"wprss-feed-meta\">\n            <span class=\"feed-source\">\n            Source:\n\n                            Distrito Emprendedores\n                    <\/span>\n    \n            <span class=\"feed-date\">\n            Published on 2026-03-06\n        <\/span>\n    \n    <\/div>\n\n\n\n\n\n            \n        <\/li>\n                    <li class=\"wpra-item feed-item \">\n            \n            \n\n    <a  href=\"https:\/\/distritoemprendedores.es\/blog\/descubre-las-oportunidades-y-tendencias-en-el-mercado-de-la-franquicia-para-2026\/\" target=\"_blank\" rel=\"nofollow\" class=\"\">Descubre las oportunidades y tendencias en el mercado de la franquicia para 2026<\/a>\n\n\n\n\n\n\n<div class=\"wprss-feed-meta\">\n            <span class=\"feed-source\">\n            Source:\n\n                            Distrito Emprendedores\n                    <\/span>\n    \n            <span class=\"feed-date\">\n            Published on 2026-03-05\n        <\/span>\n    \n    <\/div>\n\n\n\n\n\n            \n        <\/li>\n                    <li class=\"wpra-item feed-item \">\n            \n            \n\n    <a  href=\"https:\/\/distritoemprendedores.es\/blog\/las-startups-de-salud-mas-punteras-del-mundo\/\" target=\"_blank\" rel=\"nofollow\" class=\"\">Las startups de salud m\u00e1s punteras del mundo<\/a>\n\n\n\n\n\n\n<div class=\"wprss-feed-meta\">\n            <span class=\"feed-source\">\n            Source:\n\n                            Distrito Emprendedores\n                    <\/span>\n    \n            <span class=\"feed-date\">\n            Published on 2026-03-04\n        <\/span>\n    \n    <\/div>\n\n\n\n\n\n            \n        <\/li>\n                    <li class=\"wpra-item feed-item \">\n            \n            \n\n    <a  href=\"https:\/\/distritoemprendedores.es\/blog\/puesta-en-marcha-de-un-negocio-primeros-pasos-para-validar-vender-y-controlar-la-tesoreria\/\" target=\"_blank\" rel=\"nofollow\" class=\"\">Puesta en marcha de un negocio: primeros pasos para validar, vender y controlar la tesorer\u00eda<\/a>\n\n\n\n\n\n\n<div class=\"wprss-feed-meta\">\n            <span class=\"feed-source\">\n            Source:\n\n                            Distrito Emprendedores\n                    <\/span>\n    \n            <span class=\"feed-date\">\n            Published on 2026-03-03\n        <\/span>\n    \n    <\/div>\n\n\n\n\n\n            \n        <\/li>\n                    <li class=\"wpra-item feed-item \">\n            \n            \n\n    <a  href=\"https:\/\/distritoemprendedores.es\/blog\/6-franquicias-sin-apenas-competencia-en-el-mercado\/\" target=\"_blank\" rel=\"nofollow\" class=\"\">6 franquicias sin apenas competencia en el mercado<\/a>\n\n\n\n\n\n\n<div class=\"wprss-feed-meta\">\n            <span class=\"feed-source\">\n            Source:\n\n                            Distrito Emprendedores\n                    <\/span>\n    \n            <span class=\"feed-date\">\n            Published on 2026-03-02\n        <\/span>\n    \n    <\/div>\n\n\n\n\n\n            \n        <\/li>\n                    <li class=\"wpra-item feed-item \">\n            \n            \n\n    <a  href=\"https:\/\/digistorage.es\/links\/71d78951-a420-4f5b-8de6-7b35ae7efc1c#new_tab\" target=\"_blank\" rel=\"nofollow\" class=\"\">Los algoritmos amenazan con filtrar las confesiones realizadas al abogado<\/a>\n\n\n\n\n\n\n<div class=\"wprss-feed-meta\">\n            <span class=\"feed-source\">\n            Source:\n\n                            Distrito Emprendedores\n                    <\/span>\n    \n            <span class=\"feed-date\">\n            Published on 2026-03-01\n        <\/span>\n    \n    <\/div>\n\n\n\n\n\n            \n        <\/li>\n                    <li class=\"wpra-item feed-item \">\n            \n            \n\n    <a  href=\"https:\/\/distritoemprendedores.es\/blog\/las-startups-que-mas-innovan-en-el-mundo\/\" target=\"_blank\" rel=\"nofollow\" class=\"\">Las startups que m\u00e1s innovan en el mundo<\/a>\n\n\n\n\n\n\n<div class=\"wprss-feed-meta\">\n            <span class=\"feed-source\">\n            Source:\n\n                            Distrito Emprendedores\n                    <\/span>\n    \n            <span class=\"feed-date\">\n            Published on 2026-02-28\n        <\/span>\n    \n    <\/div>\n\n\n\n\n\n            \n        <\/li>\n                    <li class=\"wpra-item feed-item \">\n            \n            \n\n    <a  href=\"https:\/\/distritoemprendedores.es\/blog\/tiktok-genera-31-000-millones-de-euros-para-las-empresas-europeas-y-3-000-millones-en-espana\/\" target=\"_blank\" rel=\"nofollow\" class=\"\">TikTok genera 31.000 millones de euros para las empresas europeas y 3.000 millones en Espa\u00f1a<\/a>\n\n\n\n\n\n\n<div class=\"wprss-feed-meta\">\n            <span class=\"feed-source\">\n            Source:\n\n                            Distrito Emprendedores\n                    <\/span>\n    \n            <span class=\"feed-date\">\n            Published on 2026-02-27\n        <\/span>\n    \n    <\/div>\n\n\n\n\n\n            \n        <\/li>\n                    <li class=\"wpra-item feed-item \">\n            \n            \n\n    <a  href=\"https:\/\/distritoemprendedores.es\/blog\/amazon-planea-un-marketplace-para-hacer-de-puente-entre-los-publishers-y-las-empresas-de-ia\/\" target=\"_blank\" rel=\"nofollow\" class=\"\">Amazon planea un \u00abmarketplace\u00bb para hacer de puente entre los \u00abpublishers\u00bb y las empresas de IA<\/a>\n\n\n\n\n\n\n<div class=\"wprss-feed-meta\">\n            <span class=\"feed-source\">\n            Source:\n\n                            Distrito Emprendedores\n                    <\/span>\n    \n            <span class=\"feed-date\">\n            Published on 2026-02-26\n        <\/span>\n    \n    <\/div>\n\n\n\n\n\n            \n        <\/li>\n        <\/ul>\n\n        \n<\/div>\n\n<\/div>\n\n<hr \/>\n<div class=\"article-quote bc--secondary-50 ptb--big p--relative mb--normal mt--x-big\">\n<blockquote class=\"jsx-2118601352 jsx-2746653886 plr--big pt--big\">\n<div class=\"jsx-2118601352 jsx-2746653886 quote__text ta--center fs--italic lh--2 fs--normal ff--serif ls--medium c--secondary-800\">\n<p class=\"jsx-4098198752 c--grey-neutral-800\">\u201c<em>Pablo G\u00e1mez Cersosimo en su libro Depredadores Digitales asegura que si la industria digital fuera un pa\u00eds, ser\u00eda el cuarto con mayor poluci\u00f3n en el mundo, ya que la huella de carbono digital supera los niveles de la industria de la aviaci\u00f3n y de la mar\u00edtima<\/em>\u201d.<\/p>\n<p class=\"jsx-4098198752 c--grey-neutral-800\">-Elizabeth Ram\u00edrez-<\/p>\n<\/div>\n<\/blockquote>\n<\/div>\n<h2 id=\"la-acumulacion-de-basura-digital\" class=\"jsx-3692753319 jsx-2566528898 c--main-600  mt--x-big pt--normal\">La acumulaci\u00f3n de \u201cbasura digital\u201d<\/h2>\n<p class=\"jsx-4098198752 c--grey-neutral-800\">El concepto de basura digital\u00a0es muy amplio.\u00a0<strong>Abarca todos aquellos elementos que circulan por la red sin que en el fondo tengan ning\u00fan valor<\/strong>. Ejemplo de ello son las famosas \u201ccadenas\u201d de correo electr\u00f3nico, las cuentas de usuario que se abren y jam\u00e1s se utilizan y todo aquel contenido que est\u00e1 ah\u00ed sin prestar utilidad.<\/p>\n<p class=\"jsx-4098198752 c--grey-neutral-800\">El concepto es aplicable al plano personal. No son pocos los que tienen una pila de documentos digitalizados que jam\u00e1s consultan o utilizan. Tambi\u00e9n tienen sus cuentas de correo repletas de publicidad que rara vez miran o que ni siquiera les interesa. Se suscriben a p\u00e1ginas que nunca leen o almacenan mensajes en su tel\u00e9fono m\u00f3vil sin saber por qu\u00e9.<\/p>\n<p class=\"jsx-4098198752 c--grey-neutral-800\">La basura digital, en conjunto, genera alrededor de 1 200 millones de toneladas de CO\u2082 por a\u00f1o. O sea que\u00a0<strong>no solo se trata de una contaminaci\u00f3n de\u00a0<a class=\"jsx-151512268 jsx-1474443579 default-a-link is--underline c--secondary-600 is--underline\" href=\"https:\/\/lamenteesmaravillosa.com\/por-que-debes-filtrar-la-informacion-que-consumes\/\" target=\"_self\" rel=\"noopener\" data-with-google-events=\"true\" data-google-events=\"{&quot;data&quot;:{&quot;action&quot;:&quot;click&quot;,&quot;category&quot;:&quot;Content&quot;,&quot;label&quot;:&quot;Related \/hacer-limpieza-digital-clave-productividad\/&quot;,&quot;value&quot;:&quot;https:\/\/lamenteesmaravillosa.com\/por-que-debes-filtrar-la-informacion-que-consumes\/&quot;}}\">la informaci\u00f3n<\/a><\/strong><strong>, sino de la atm\u00f3sfera misma<\/strong>. A m\u00e1s de eso, esa informaci\u00f3n in\u00fatil distrae, puede entorpecer algunas actividades o tareas y constituye un factor que reduce la productividad, tanto de los equipos como de las personas.<\/p>\n<h2 id=\"la-limpieza-digital\" class=\"jsx-3692753319 jsx-2566528898 c--main-600  mt--x-big pt--normal\">La limpieza digital<\/h2>\n<p class=\"jsx-4098198752 c--grey-neutral-800\"><strong>La limpieza digital es el proceso por el que te deshaces de todos aquellos elementos inform\u00e1ticos que no usas ni usar\u00e1s<\/strong>. En este monto se incluyen documentos que tengas en tus carpetas, mensajes de correo electr\u00f3nico, aplicaciones, archivos o publicaciones en redes sociales, marcadores en el navegador, elementos guardados en \u201cfavoritos\u201d, etc. O sea, todo aquello que resulta inservible en tu ordenador, tu tel\u00e9fono m\u00f3vil o en otros dispositivos similares.<\/p>\n<p class=\"jsx-4098198752 c--grey-neutral-800\">\u00bfC\u00f3mo realizar la limpieza digital? Es posible que para algunos esto sea una tarea tit\u00e1nica. Si tienes 11 000\u00a0<em>emails<\/em>\u00a0que no has revisado, quiz\u00e1s no sea f\u00e1cil deshacerte de ellos, sobre todo porque ni siquiera sabes si all\u00ed hay algo importante. Lo mismo vale para cualquier otra categor\u00eda de elementos. Lo m\u00e1s aconsejable, en todo caso, es lo siguiente.<\/p>\n<h3 id=\"organiza-tu-cuenta-de-correo\" class=\"jsx-3692753319 jsx-2566528898 c--main-600  mt--x-big pt--normal\"><strong>Organiza tu cuenta de correo<\/strong><\/h3>\n<p class=\"jsx-4098198752 c--grey-neutral-800\">Borra, sin dudarlo, todos aquellos correos que tengan m\u00e1s de un a\u00f1o de existencia; en especial, si no los has le\u00eddo. No tienen nada que hacer all\u00ed. Hecho esto,\u00a0<strong>crea carpetas para guardar los emails de importancia<\/strong>. Ya sabes que todos los mensajes que no est\u00e9n en esas carpetas, puedes borrarlos cuando quieras.<\/p>\n<h3 id=\"limpieza-digital-en-las-redes-sociales\" class=\"jsx-3692753319 jsx-2566528898 c--main-600  mt--x-big pt--normal\"><strong>Limpieza digital en las redes sociales<\/strong><\/h3>\n<p class=\"jsx-4098198752 c--grey-neutral-800\"><strong>Desactiva cualquier red social que no uses con frecuencia<\/strong>. \u00bfDe verdad necesitas estar en todas? Mejor deja solo las que consultas con frecuencia.<\/p>\n<p class=\"jsx-4098198752 c--grey-neutral-800\">Desactiva las notificaciones que no te interesan. Organiza tu contenido y no dejes 5 000 fotos all\u00ed. \u00bfDe verdad crees que alguien las va a mirar todas?<\/p>\n<h3 id=\"tus-archivos\" class=\"jsx-3692753319 jsx-2566528898 c--main-600  mt--x-big pt--normal\"><strong>Tus archivos<\/strong><\/h3>\n<p class=\"jsx-4098198752 c--grey-neutral-800\"><strong>Organiza tus archivos por carpetas tem\u00e1ticas<\/strong>. Mucho mejor si haces subcarpetas por meses. Todo lo que sea de a\u00f1os pasados conc\u00e9ntralo y ub\u00edcalo en una sola carpeta; ponle como nombre ese a\u00f1o. Lo mejor es que la guardes en una memoria o en un disco externo. Es probable que jam\u00e1s consultes todo eso de nuevo, pero al menos no va a estorbarte.<\/p>\n<h2 id=\"un-ejercicio-periodico\" class=\"jsx-3692753319 jsx-2566528898 c--main-600  mt--x-big pt--normal\">Un ejercicio peri\u00f3dico<\/h2>\n<p class=\"jsx-4098198752 c--grey-neutral-800\">Hay muchas otras tareas que puedes realizar para hacer una limpieza digital completa, como borrar los marcadores que no usas, eliminar \u201cfavoritos\u201d de hace tiempo, anular suscripciones a p\u00e1ginas que en realidad nunca miras, etc.<\/p>\n<p class=\"jsx-4098198752 c--grey-neutral-800\"><strong>Lo importante es que hagas limpieza digital de forma peri\u00f3dica<\/strong>. Lo indicado ser\u00eda hacerlo cada semana, para poder hacerlo sin que llegue a resultar tediosa.<\/p>\n<p class=\"jsx-4098198752 c--grey-neutral-800\">Si no es posible, de todos modos, no dejes pasar mucho tiempo sin deshacerte de la basura digital. Ver\u00e1s como esto mejora la sensaci\u00f3n de orden, facilitando as\u00ed tus tareas.<\/p>\n<p><a class=\"jsx-151512268 jsx-1424224867 default-a-link c--main-800 \" href=\"https:\/\/lamenteesmaravillosa.com\/autor\/edith-sanchez\/\" target=\"_self\" rel=\"noopener\"><strong>Edith S\u00e1nchez<\/strong><\/a><\/p>\n<div id=\"telet-882890752\" class=\"telet-despues-del-contenido telet-entity-placement\"><a target=\"_blank\" href=\"\/\/aff.lucushost.com\/resources\/click\/?n=gDxoXMAJ&aff=756\"><img decoding=\"async\" border=\"0\" alt=\"LucusHost, el mejor hosting\" src=\"\/\/aff.lucushost.com\/resources\/banners\/?zoneid=5123&n=gDxoXMAJ&aff=756\" \/><\/a><\/div>","protected":false},"excerpt":{"rendered":"<p>La limpieza digital tiene un coste. Requiere tiempo y cierto esfuerzo cognitivo. Sin embargo, sus beneficios a corto y largo plazo son m\u00e1s que notables. As\u00ed, en este art\u00edculo queremos&hellip; <\/p>\n","protected":false},"author":1,"featured_media":11160,"comment_status":"open","ping_status":"open","sticky":false,"template":"","format":"standard","meta":{"_jetpack_memberships_contains_paid_content":false,"footnotes":"","_links_to":"","_links_to_target":""},"categories":[1],"tags":[15,14],"class_list":["post-11159","post","type-post","status-publish","format-standard","has-post-thumbnail","hentry","category-telesecretarias","tag-fuprisa","tag-jose-manuel-fuentes-prieto"],"nelio_content":{"autoShareEndMode":"never","automationSources":{"useCustomSentences":false,"customSentences":[]},"efiAlt":"","efiUrl":"","followers":[1],"highlights":[],"isAutoShareEnabled":true,"networkImageIds":[],"permalinkQueryArgs":[],"series":[],"suggestedReferences":[]},"jetpack_featured_media_url":"https:\/\/teletrabajoynegocios.com\/telesecretarias\/wp-content\/uploads\/sites\/2\/2022\/10\/mujer-portatil.jpg","jetpack_sharing_enabled":true,"_links":{"self":[{"href":"https:\/\/teletrabajoynegocios.com\/telesecretarias\/wp-json\/wp\/v2\/posts\/11159","targetHints":{"allow":["GET"]}}],"collection":[{"href":"https:\/\/teletrabajoynegocios.com\/telesecretarias\/wp-json\/wp\/v2\/posts"}],"about":[{"href":"https:\/\/teletrabajoynegocios.com\/telesecretarias\/wp-json\/wp\/v2\/types\/post"}],"author":[{"embeddable":true,"href":"https:\/\/teletrabajoynegocios.com\/telesecretarias\/wp-json\/wp\/v2\/users\/1"}],"replies":[{"embeddable":true,"href":"https:\/\/teletrabajoynegocios.com\/telesecretarias\/wp-json\/wp\/v2\/comments?post=11159"}],"version-history":[{"count":1,"href":"https:\/\/teletrabajoynegocios.com\/telesecretarias\/wp-json\/wp\/v2\/posts\/11159\/revisions"}],"predecessor-version":[{"id":11161,"href":"https:\/\/teletrabajoynegocios.com\/telesecretarias\/wp-json\/wp\/v2\/posts\/11159\/revisions\/11161"}],"wp:featuredmedia":[{"embeddable":true,"href":"https:\/\/teletrabajoynegocios.com\/telesecretarias\/wp-json\/wp\/v2\/media\/11160"}],"wp:attachment":[{"href":"https:\/\/teletrabajoynegocios.com\/telesecretarias\/wp-json\/wp\/v2\/media?parent=11159"}],"wp:term":[{"taxonomy":"category","embeddable":true,"href":"https:\/\/teletrabajoynegocios.com\/telesecretarias\/wp-json\/wp\/v2\/categories?post=11159"},{"taxonomy":"post_tag","embeddable":true,"href":"https:\/\/teletrabajoynegocios.com\/telesecretarias\/wp-json\/wp\/v2\/tags?post=11159"}],"curies":[{"name":"wp","href":"https:\/\/api.w.org\/{rel}","templated":true}]}}