{"id":11369,"date":"2022-10-16T09:35:29","date_gmt":"2022-10-16T07:35:29","guid":{"rendered":"https:\/\/teletrabajoynegocios.com\/telesecretarias\/?p=11369"},"modified":"2022-10-17T09:42:39","modified_gmt":"2022-10-17T07:42:39","slug":"como-cruzar-el-rio-de-la-vida-segun-carl-jung","status":"publish","type":"post","link":"https:\/\/teletrabajoynegocios.com\/telesecretarias\/como-cruzar-el-rio-de-la-vida-segun-carl-jung\/","title":{"rendered":"C\u00f3mo cruzar el r\u00edo de la vida seg\u00fan Carl Jung"},"content":{"rendered":"<div id=\"telet-1626416468\" class=\"telet-antes-del-contenido telet-entity-placement\"><a href=\"https:\/\/quaderno.io\/?via=jose-manuel94\" aria-label=\"Quaderno General (Spanish) &#8211; 728&#215;90\"><img loading=\"lazy\" decoding=\"async\" src=\"https:\/\/teletrabajoynegocios.com\/telesecretarias\/wp-content\/uploads\/sites\/2\/2020\/11\/Quaderno-General-Spanish-728x90-1.png\" alt=\"\"  srcset=\"https:\/\/teletrabajoynegocios.com\/telesecretarias\/wp-content\/uploads\/sites\/2\/2020\/11\/Quaderno-General-Spanish-728x90-1.png 728w, https:\/\/teletrabajoynegocios.com\/telesecretarias\/wp-content\/uploads\/sites\/2\/2020\/11\/Quaderno-General-Spanish-728x90-1-300x37.png 300w\" sizes=\"(max-width: 728px) 100vw, 728px\" width=\"728\" height=\"90\"   \/><\/a><\/div><p>\u201cNo hay pozo del que no puedas salir\u201d, nos dijo Carl Jung, \u201csiempre que hagas el esfuerzo correcto en el lugar correcto, lograr\u00e1s emerger. Pero deber\u00e1s avanzar con devoci\u00f3n y diligencia\u201d. Las lecciones del c\u00e9lebre psiquiatra suizo siempre nos son de utilidad.<\/p>\n<p class=\"jsx-4098198752 c--grey-neutral-800\">\u201c<strong>\u00bfC\u00f3mo es la forma correcta de vivir?<\/strong>\u00a0\u00bfQu\u00e9 deben hacer las personas para tener una vida feliz y eludir toda dificultad y sufrimiento?\u201d. Estas y otras preguntas fueron las que recibi\u00f3 Carl Jung en 1933 en una carta por parte de una mujer. Era com\u00fan que tanto admiradoras como pacientes del padre de la psicolog\u00eda psicoanal\u00edtica le enviaran correspondencia de manera habitual.<\/p>\n<p class=\"jsx-4098198752 c--grey-neutral-800\">A estas profundas cuestiones le respondi\u00f3 con una misiva sincera y reflexiva que empezaba del siguiente modo<strong>: \u201cEstimada se\u00f1ora V, sus preguntas no tienen respuesta porque quiere saber c\u00f3mo se debe<\/strong><strong>\u00a0vivir.<\/strong>\u00a0Pero en realidad, uno vive como puede<em>\u201d.\u00a0<\/em>Tras este encabezamiento se iniciaba una interesante disertaci\u00f3n que enlazaba con su teor\u00eda de la\u00a0<a class=\"jsx-151512268 jsx-1474443579 default-a-link is--underline c--secondary-600 is--underline\" href=\"https:\/\/lamenteesmaravillosa.com\/proceso-de-individuacion-segun-carl-jung\/\" target=\"_self\" rel=\"noopener\" data-with-google-events=\"true\" data-google-events=\"{&quot;data&quot;:{&quot;action&quot;:&quot;click&quot;,&quot;category&quot;:&quot;Content&quot;,&quot;label&quot;:&quot;Related \/como-cruzar-rio-vida-segun-carl-jung\/&quot;,&quot;value&quot;:&quot;https:\/\/lamenteesmaravillosa.com\/proceso-de-individuacion-segun-carl-jung\/&quot;}}\">individuaci\u00f3n<\/a>.<\/p>\n<p class=\"jsx-4098198752 c--grey-neutral-800\"><strong>Las personas, seg\u00fan Jung, tenemos como fin \u00faltimo unir todas esas piezas rotas que arrastramos en nuestro interior.<\/strong>\u00a0Solo cuando unamos todos los fragmentos de nuestro ser, incluidas esas \u00e1reas m\u00e1s oscuras, daremos forma a una psique m\u00e1s fuerte y a un yo m\u00e1s luminoso. Esa versi\u00f3n de nosotros mismos m\u00e1s integrada, saludable y preparada nos permitir\u00e1 encarar el dif\u00edcil viaje de la vida\u2026<\/p>\n<hr \/>\n<p><img decoding=\"async\" src=\"https:\/\/teletrabajoynegocios.com\/teletrabajador\/wp-content\/uploads\/sites\/3\/2020\/07\/articulos.png\" \/><\/p>\n<div class=\"wp-rss-template-container\" data-wpra-template=\"default\" data-template-ctx=\"W10=\">\n    <div class=\"wp-rss-aggregator wpra-list-template  \" data-page=\"1\">\n    \n    \n<ul class=\"wpra-item-list rss-aggregator wpra-item-list--bullets wpra-item-list--default\"\n    start=\"1\">\n                        <li class=\"wpra-item feed-item \">\n            \n            \n\n    <a  href=\"https:\/\/distritoemprendedores.com\/blog\/2026\/03\/16\/hello-world\/\" target=\"_blank\" rel=\"nofollow\" class=\"\">Hello world!<\/a>\n\n\n\n\n\n\n<div class=\"wprss-feed-meta\">\n            <span class=\"feed-source\">\n            Source:\n\n                            Distrito Emprendedores\n                    <\/span>\n    \n            <span class=\"feed-date\">\n            Published on 2026-03-16\n        <\/span>\n    \n    <\/div>\n\n\n\n\n\n            \n        <\/li>\n                    <li class=\"wpra-item feed-item \">\n            \n            \n\n    <a  href=\"https:\/\/www.dropbox.com\/scl\/fi\/b6csvpbfxu24vaezmo3es\/62bed0634df20e5ef35346439fdd423f_franquicias.pdf?rlkey=mfp2795s4n89mw35l0yeu2vl5&amp;e=2&amp;st=57kabuy0&amp;dl=0#new_tab\" target=\"_blank\" rel=\"nofollow\" class=\"\">Las franquicias espa\u00f1olas duplican su presencia en mercados for\u00e1neos<\/a>\n\n\n\n\n\n\n<div class=\"wprss-feed-meta\">\n            <span class=\"feed-source\">\n            Source:\n\n                            Distrito Emprendedores\n                    <\/span>\n    \n            <span class=\"feed-date\">\n            Published on 2026-03-11\n        <\/span>\n    \n    <\/div>\n\n\n\n\n\n            \n        <\/li>\n                    <li class=\"wpra-item feed-item \">\n            \n            \n\n    <a  href=\"https:\/\/distritoemprendedores.es\/blog\/5-errores-fatales-al-internacionalizar-tu-franquicia\/\" target=\"_blank\" rel=\"nofollow\" class=\"\">5 errores fatales al internacionalizar tu franquicia<\/a>\n\n\n\n\n\n\n<div class=\"wprss-feed-meta\">\n            <span class=\"feed-source\">\n            Source:\n\n                            Distrito Emprendedores\n                    <\/span>\n    \n            <span class=\"feed-date\">\n            Published on 2026-03-10\n        <\/span>\n    \n    <\/div>\n\n\n\n\n\n            \n        <\/li>\n                    <li class=\"wpra-item feed-item \">\n            \n            \n\n    <a  href=\"https:\/\/distritoemprendedores.es\/blog\/un-nuevo-prime-time-para-las-marcas-afterwork-tardeo-y-futbol-se-consolidan-como-los-grandes-motores-del-consumo-experiencial\/\" target=\"_blank\" rel=\"nofollow\" class=\"\">Un nuevo prime time para las marcas: afterwork, tardeo y f\u00fatbol se consolidan como los grandes motores del consumo experiencial<\/a>\n\n\n\n\n\n\n<div class=\"wprss-feed-meta\">\n            <span class=\"feed-source\">\n            Source:\n\n                            Distrito Emprendedores\n                    <\/span>\n    \n            <span class=\"feed-date\">\n            Published on 2026-03-09\n        <\/span>\n    \n    <\/div>\n\n\n\n\n\n            \n        <\/li>\n                    <li class=\"wpra-item feed-item \">\n            \n            \n\n    <a  href=\"https:\/\/distritoemprendedores.es\/blog\/la-ventaja-competitiva-esta-en-entender-como-pregunta-el-consumidor\/\" target=\"_blank\" rel=\"nofollow\" class=\"\">La ventaja competitiva est\u00e1 en entender c\u00f3mo pregunta el consumidor<\/a>\n\n\n\n\n\n\n<div class=\"wprss-feed-meta\">\n            <span class=\"feed-source\">\n            Source:\n\n                            Distrito Emprendedores\n                    <\/span>\n    \n            <span class=\"feed-date\">\n            Published on 2026-03-08\n        <\/span>\n    \n    <\/div>\n\n\n\n\n\n            \n        <\/li>\n                    <li class=\"wpra-item feed-item \">\n            \n            \n\n    <a  href=\"https:\/\/distritoemprendedores.es\/blog\/solo-el-7-de-los-espanoles-cree-a-las-marcas-cuando-comunican-sus-valores-con-hechos-demostrables\/\" target=\"_blank\" rel=\"nofollow\" class=\"\">Solo el 7% de los espa\u00f1oles cree a las marcas cuando comunican sus valores con hechos demostrables<\/a>\n\n\n\n\n\n\n<div class=\"wprss-feed-meta\">\n            <span class=\"feed-source\">\n            Source:\n\n                            Distrito Emprendedores\n                    <\/span>\n    \n            <span class=\"feed-date\">\n            Published on 2026-03-07\n        <\/span>\n    \n    <\/div>\n\n\n\n\n\n            \n        <\/li>\n                    <li class=\"wpra-item feed-item \">\n            \n            \n\n    <a  href=\"https:\/\/distritoemprendedores.es\/blog\/el-38-de-las-empresas-creadas-en-2019-ha-echado-ya-el-cierre\/\" target=\"_blank\" rel=\"nofollow\" class=\"\">El 38% de las empresas creadas en 2019 ha echado ya el cierre<\/a>\n\n\n\n\n\n\n<div class=\"wprss-feed-meta\">\n            <span class=\"feed-source\">\n            Source:\n\n                            Distrito Emprendedores\n                    <\/span>\n    \n            <span class=\"feed-date\">\n            Published on 2026-03-06\n        <\/span>\n    \n    <\/div>\n\n\n\n\n\n            \n        <\/li>\n                    <li class=\"wpra-item feed-item \">\n            \n            \n\n    <a  href=\"https:\/\/distritoemprendedores.es\/blog\/descubre-las-oportunidades-y-tendencias-en-el-mercado-de-la-franquicia-para-2026\/\" target=\"_blank\" rel=\"nofollow\" class=\"\">Descubre las oportunidades y tendencias en el mercado de la franquicia para 2026<\/a>\n\n\n\n\n\n\n<div class=\"wprss-feed-meta\">\n            <span class=\"feed-source\">\n            Source:\n\n                            Distrito Emprendedores\n                    <\/span>\n    \n            <span class=\"feed-date\">\n            Published on 2026-03-05\n        <\/span>\n    \n    <\/div>\n\n\n\n\n\n            \n        <\/li>\n                    <li class=\"wpra-item feed-item \">\n            \n            \n\n    <a  href=\"https:\/\/distritoemprendedores.es\/blog\/las-startups-de-salud-mas-punteras-del-mundo\/\" target=\"_blank\" rel=\"nofollow\" class=\"\">Las startups de salud m\u00e1s punteras del mundo<\/a>\n\n\n\n\n\n\n<div class=\"wprss-feed-meta\">\n            <span class=\"feed-source\">\n            Source:\n\n                            Distrito Emprendedores\n                    <\/span>\n    \n            <span class=\"feed-date\">\n            Published on 2026-03-04\n        <\/span>\n    \n    <\/div>\n\n\n\n\n\n            \n        <\/li>\n                    <li class=\"wpra-item feed-item \">\n            \n            \n\n    <a  href=\"https:\/\/distritoemprendedores.es\/blog\/puesta-en-marcha-de-un-negocio-primeros-pasos-para-validar-vender-y-controlar-la-tesoreria\/\" target=\"_blank\" rel=\"nofollow\" class=\"\">Puesta en marcha de un negocio: primeros pasos para validar, vender y controlar la tesorer\u00eda<\/a>\n\n\n\n\n\n\n<div class=\"wprss-feed-meta\">\n            <span class=\"feed-source\">\n            Source:\n\n                            Distrito Emprendedores\n                    <\/span>\n    \n            <span class=\"feed-date\">\n            Published on 2026-03-03\n        <\/span>\n    \n    <\/div>\n\n\n\n\n\n            \n        <\/li>\n                    <li class=\"wpra-item feed-item \">\n            \n            \n\n    <a  href=\"https:\/\/distritoemprendedores.es\/blog\/6-franquicias-sin-apenas-competencia-en-el-mercado\/\" target=\"_blank\" rel=\"nofollow\" class=\"\">6 franquicias sin apenas competencia en el mercado<\/a>\n\n\n\n\n\n\n<div class=\"wprss-feed-meta\">\n            <span class=\"feed-source\">\n            Source:\n\n                            Distrito Emprendedores\n                    <\/span>\n    \n            <span class=\"feed-date\">\n            Published on 2026-03-02\n        <\/span>\n    \n    <\/div>\n\n\n\n\n\n            \n        <\/li>\n                    <li class=\"wpra-item feed-item \">\n            \n            \n\n    <a  href=\"https:\/\/digistorage.es\/links\/71d78951-a420-4f5b-8de6-7b35ae7efc1c#new_tab\" target=\"_blank\" rel=\"nofollow\" class=\"\">Los algoritmos amenazan con filtrar las confesiones realizadas al abogado<\/a>\n\n\n\n\n\n\n<div class=\"wprss-feed-meta\">\n            <span class=\"feed-source\">\n            Source:\n\n                            Distrito Emprendedores\n                    <\/span>\n    \n            <span class=\"feed-date\">\n            Published on 2026-03-01\n        <\/span>\n    \n    <\/div>\n\n\n\n\n\n            \n        <\/li>\n                    <li class=\"wpra-item feed-item \">\n            \n            \n\n    <a  href=\"https:\/\/distritoemprendedores.es\/blog\/las-startups-que-mas-innovan-en-el-mundo\/\" target=\"_blank\" rel=\"nofollow\" class=\"\">Las startups que m\u00e1s innovan en el mundo<\/a>\n\n\n\n\n\n\n<div class=\"wprss-feed-meta\">\n            <span class=\"feed-source\">\n            Source:\n\n                            Distrito Emprendedores\n                    <\/span>\n    \n            <span class=\"feed-date\">\n            Published on 2026-02-28\n        <\/span>\n    \n    <\/div>\n\n\n\n\n\n            \n        <\/li>\n                    <li class=\"wpra-item feed-item \">\n            \n            \n\n    <a  href=\"https:\/\/distritoemprendedores.es\/blog\/tiktok-genera-31-000-millones-de-euros-para-las-empresas-europeas-y-3-000-millones-en-espana\/\" target=\"_blank\" rel=\"nofollow\" class=\"\">TikTok genera 31.000 millones de euros para las empresas europeas y 3.000 millones en Espa\u00f1a<\/a>\n\n\n\n\n\n\n<div class=\"wprss-feed-meta\">\n            <span class=\"feed-source\">\n            Source:\n\n                            Distrito Emprendedores\n                    <\/span>\n    \n            <span class=\"feed-date\">\n            Published on 2026-02-27\n        <\/span>\n    \n    <\/div>\n\n\n\n\n\n            \n        <\/li>\n                    <li class=\"wpra-item feed-item \">\n            \n            \n\n    <a  href=\"https:\/\/distritoemprendedores.es\/blog\/amazon-planea-un-marketplace-para-hacer-de-puente-entre-los-publishers-y-las-empresas-de-ia\/\" target=\"_blank\" rel=\"nofollow\" class=\"\">Amazon planea un \u00abmarketplace\u00bb para hacer de puente entre los \u00abpublishers\u00bb y las empresas de IA<\/a>\n\n\n\n\n\n\n<div class=\"wprss-feed-meta\">\n            <span class=\"feed-source\">\n            Source:\n\n                            Distrito Emprendedores\n                    <\/span>\n    \n            <span class=\"feed-date\">\n            Published on 2026-02-26\n        <\/span>\n    \n    <\/div>\n\n\n\n\n\n            \n        <\/li>\n        <\/ul>\n\n        \n<\/div>\n\n<\/div>\n\n<hr \/>\n<p class=\"jsx-4098198752 c--grey-neutral-800\"><em>\u201cEstimada se\u00f1ora V,<\/em><\/p>\n<p class=\"jsx-4098198752 c--grey-neutral-800\"><em>Sus preguntas no tienen respuesta porque quiere saber c\u00f3mo se debe\u00a0vivir.\u00a0Uno vive como\u00a0puede.\u00a0No existe un camino \u00fanico y definido para el individuo que se le prescriba o que sea el adecuado.\u00a0Si eso es lo que quiere, ser\u00e1 mejor que se una a la Iglesia Cat\u00f3lica, donde te dicen qu\u00e9 es qu\u00e9. Adem\u00e1s, este camino encaja con el camino promedio de la humanidad en general\u201d.<\/em><\/p>\n<p class=\"jsx-4098198752 c--grey-neutral-800\">-Carl Jung, correspondencia del 15 de diciembre de 1933-<\/p>\n<h2 id=\"el-rio-de-la-vida-segun-carl-jung\" class=\"jsx-3692753319 jsx-2566528898 c--main-600  mt--x-big pt--normal\">El r\u00edo de la vida seg\u00fan Carl Jung<\/h2>\n<p class=\"jsx-4098198752 c--grey-neutral-800\"><strong>Un modo de conocer a\u00fan m\u00e1s la personalidad y el legado te\u00f3rico de Carl Jung es leyendo su correspondencia<\/strong>. El libro\u00a0<span class=\"span jsx-2433364571 c--grey-neutral-800\"><em>Selected Letters of C.G.\u00a0<\/em>Jung nos ofrece esta oportunidad. En esta cuidada selecci\u00f3n podemos navegar entre esas d\u00e9cadas de su vida comprendidas entre 1909 y 1961, \u00e9poca trascendental para comprender su legado, su personalidad y su mirada aventajada y sabia.<\/span><\/p>\n<p class=\"jsx-4098198752 c--grey-neutral-800\">Quien se sumerja en esta lectura descubrir\u00e1 un tema recurrente entre este conjunto de cartas.<strong>\u00a0Fueron muchas las personas que buscaban su consejo sobre c\u00f3mo cruzar el r\u00edo de la vida<\/strong>. Esperaban que el fundador de la<a class=\"jsx-151512268 jsx-1474443579 default-a-link is--underline c--secondary-600 is--underline\" href=\"https:\/\/link.springer.com\/chapter\/10.1007\/978-1-4899-1280-0_5\" target=\"_blank\" rel=\"noopener\" data-with-google-events=\"true\" data-google-events=\"{&quot;data&quot;:{&quot;action&quot;:&quot;click&quot;,&quot;category&quot;:&quot;Content&quot;,&quot;label&quot;:&quot;Related \/como-cruzar-rio-vida-segun-carl-jung\/&quot;,&quot;value&quot;:&quot;https:\/\/link.springer.com\/chapter\/10.1007\/978-1-4899-1280-0_5&quot;}}\">\u00a0psicolog\u00eda profunda<\/a>\u00a0les revelara c\u00f3mo tener una existencia m\u00e1s digna y feliz. El ser humano suele temblar ante tanta incertidumbre y desaf\u00edos, ansiando siempre una br\u00fajula experta que los gu\u00ede.<\/p>\n<p class=\"jsx-4098198752 c--grey-neutral-800\"><strong>Carl Jung era ese faro que, con su lucidez, procur\u00f3 ser un gu\u00eda para cientos de personas que solicitaban su consejo<\/strong>. Sin embargo, en sus cartas, nunca ofreci\u00f3 gu\u00edas concretas sobre c\u00f3mo alcanzar la felicidad o c\u00f3mo vivir de manera correcta. Jung invitaba a la reflexi\u00f3n, a despertar el sentido\u00a0<a class=\"jsx-151512268 jsx-1474443579 default-a-link is--underline c--secondary-600 is--underline\" href=\"https:\/\/lamenteesmaravillosa.com\/como-saber-si-tienes-buen-pensamiento-critico\/\" target=\"_self\" rel=\"noopener\" data-with-google-events=\"true\" data-google-events=\"{&quot;data&quot;:{&quot;action&quot;:&quot;click&quot;,&quot;category&quot;:&quot;Content&quot;,&quot;label&quot;:&quot;Related \/como-cruzar-rio-vida-segun-carl-jung\/&quot;,&quot;value&quot;:&quot;https:\/\/lamenteesmaravillosa.com\/como-saber-si-tienes-buen-pensamiento-critico\/&quot;}}\">cr\u00edtico<\/a>\u00a0y a que cada cual realizara un viaje a su propio interior. Ah\u00ed donde seg\u00fan \u00e9l resid\u00edan todas las respuestas.<\/p>\n<div class=\"article-quote bc--secondary-50 ptb--big p--relative mb--normal mt--x-big\">\n<blockquote class=\"jsx-2118601352 jsx-2746653886 plr--big pt--big\">\n<div class=\"jsx-2118601352 jsx-2746653886 quote__text ta--center fs--italic lh--2 fs--normal ff--serif ls--medium c--secondary-800\">\n<p class=\"jsx-4098198752 c--grey-neutral-800\"><em>\u201cNadie puede construirte el puente sobre el cual t\u00fa, y solo t\u00fa, debes cruzar el r\u00edo de la vida\u201d.<\/em><\/p>\n<p class=\"jsx-4098198752 c--grey-neutral-800\"><em>-Friedrich Nietzsche-<\/em><\/p>\n<\/div>\n<\/blockquote>\n<\/div>\n<h3 id=\"el-camino-de-la-vida-lo-construyes-tu\" class=\"jsx-3692753319 jsx-2566528898 c--main-600  mt--x-big pt--normal\">El camino de la vida lo construyes t\u00fa<\/h3>\n<p class=\"jsx-4098198752 c--grey-neutral-800\">Para quien desee entender el sentido de la vida, debe tener algo muy presente, seg\u00fan Carl Jung.\u00a0<strong>No hay un camino preconcebido para nadie, cada cual se ver\u00e1 en unas condiciones y circunstancias \u00fanicas<\/strong>. Es aqu\u00ed donde toma prestada una idea que ya se\u00f1al\u00f3\u00a0<a class=\"jsx-151512268 jsx-1474443579 default-a-link is--underline c--secondary-600 is--underline\" href=\"https:\/\/lamenteesmaravillosa.com\/eterno-retorno-habla-nietzsche\/\" target=\"_self\" rel=\"noopener\" data-with-google-events=\"true\" data-google-events=\"{&quot;data&quot;:{&quot;action&quot;:&quot;click&quot;,&quot;category&quot;:&quot;Content&quot;,&quot;label&quot;:&quot;Related \/como-cruzar-rio-vida-segun-carl-jung\/&quot;,&quot;value&quot;:&quot;https:\/\/lamenteesmaravillosa.com\/eterno-retorno-habla-nietzsche\/&quot;}}\">Nietzsche<\/a>\u00a0en su momento: nadie puede construirnos un puente sobre el que solo nosotros habremos de cruzar en soledad el r\u00edo de la vida.<\/p>\n<p class=\"jsx-4098198752 c--grey-neutral-800\">\u00bfD\u00f3nde nos deja esto entonces? \u00bfSi estamos solos en nuestras trayectorias personales y ante nuestras adversidades, qu\u00e9 hacer ante semejante escenario? La reflexi\u00f3n que nos ofrece Jung es sencilla.\u00a0<strong>Nadie sabe de antemano qu\u00e9 va a suceder y de nada sirve especular sobre c\u00f3mo deber\u00edamos vivir, basta solo con atrevernos a existir.<\/strong><\/p>\n<p class=\"jsx-4098198752 c--grey-neutral-800\">Nuestra tarea como seres humanos es permitir que lo inconsciente se haga consciente, entender qu\u00e9 esconde nuestra \u201c<a class=\"jsx-151512268 jsx-1474443579 default-a-link is--underline c--secondary-600 is--underline\" href=\"https:\/\/lamenteesmaravillosa.com\/arquetipo-de-la-sombra-lado-oculto\/\" target=\"_self\" rel=\"noopener\" data-with-google-events=\"true\" data-google-events=\"{&quot;data&quot;:{&quot;action&quot;:&quot;click&quot;,&quot;category&quot;:&quot;Content&quot;,&quot;label&quot;:&quot;Related \/como-cruzar-rio-vida-segun-carl-jung\/&quot;,&quot;value&quot;:&quot;https:\/\/lamenteesmaravillosa.com\/arquetipo-de-la-sombra-lado-oculto\/&quot;}}\">sombra<\/a>\u201d y solo as\u00ed entender nuestro aut\u00e9ntico ser y sus intereses. Ese ser\u00e1 el principio de todo, el inicio de la individuaci\u00f3n y de la libertad para cruzar el r\u00edo de la vida.<\/p>\n<p class=\"jsx-4098198752 c--grey-neutral-800\"><em>\u201cSi quieres seguir tu camino individual, es el camino que te haces a ti mismo, que nunca est\u00e1 prescrito, que no sabes de antemano, y que simplemente surge por s\u00ed mismo cuando pones un pie delante del otro\u201d.\u00a0<\/em><\/p>\n<p class=\"jsx-4098198752 c--grey-neutral-800\"><em>-Carl Jung, correspondencia del 15 de diciembre de 1933-<\/em><\/p>\n<h3 id=\"como-avanzar-en-nuestra-existencia-cuando-nos-acompana-la-angustia\" class=\"jsx-3692753319 jsx-2566528898 c--main-600  mt--x-big pt--normal\">C\u00f3mo avanzar en nuestra existencia cuando nos acompa\u00f1a la angustia<\/h3>\n<p class=\"jsx-4098198752 c--grey-neutral-800\"><strong>En febrero de 1934, Carl Jung recibi\u00f3 la carta de un hombre que sufr\u00eda.<\/strong>\u00a0Atenazado por la ansiedad y la angustia, le dec\u00eda sentir numerosos arrepentimientos, puesto que la suya hab\u00eda sido una vida mal vivida. El c\u00e9lebre psiquiatra no dud\u00f3 en responderle de manera amable, cercana y con la luminosa inteligencia que le defin\u00eda.<\/p>\n<p class=\"jsx-4098198752 c--grey-neutral-800\"><strong>Nadie puede enderezar una vida mal administrada, empez\u00f3 se\u00f1alando Jung, pero todos podemos salir del pozo en el que nos encontramos<\/strong>. Hay que hacerlo sabiendo cu\u00e1l es la direcci\u00f3n correcta y administrando bien nuestros esfuerzos. De lo contrario, recaeremos de nuevo en la oscuridad. Asimismo, en ese necesario viaje a la individualizaci\u00f3n, es necesario actuar con diligencia y devoci\u00f3n, actuando siempre con buena voluntad.<\/p>\n<p class=\"jsx-4098198752 c--grey-neutral-800\">El ser humano se encuentra en cada peque\u00f1a cosa que hace y es as\u00ed como nos vamos conociendo y revelando. Para cruzar el viaje de la vida, cuando nos acompa\u00f1a la angustia y el arrepentimiento, hay que aceptar todo lo sucedido.\u00a0<strong>Todos tenemos una sombra, insist\u00eda Jung, y cuanto m\u00e1s oculta est\u00e1 de la vida consciente del individuo, m\u00e1s negra y m\u00e1s densa es.<\/strong><\/p>\n<p>Revelarla, traerla a la luz, nos permitir\u00e1 mirar el horizonte con mayor esperanza, sinti\u00e9ndonos m\u00e1s realizados. Es as\u00ed como se difumina la ansiedad y los arrepentimientos pesan menos. Es as\u00ed como se avanza al ser guiados por una voz interna, por ese arquetipo del sabio que nos susurra a cada paso lo siguiente: haz lo correcto y transforma la experiencia cotidiana en sabidur\u00eda.<\/p>\n<p><a class=\"jsx-151512268 jsx-1596958326 default-a-link is--underline c--grey-neutral-800  link-tool-tip jsx-2288154920 jsx-986712099\" href=\"https:\/\/lamenteesmaravillosa.com\/autor\/valeria-sabater\/\" target=\"_self\" rel=\"noopener\"><strong>Valeria Sabater<\/strong><\/a>.<\/p>\n<div id=\"telet-3757209299\" class=\"telet-despues-del-contenido telet-entity-placement\"><a target=\"_blank\" href=\"\/\/aff.lucushost.com\/resources\/click\/?n=gDxoXMAJ&aff=756\"><img decoding=\"async\" border=\"0\" alt=\"LucusHost, el mejor hosting\" src=\"\/\/aff.lucushost.com\/resources\/banners\/?zoneid=5123&n=gDxoXMAJ&aff=756\" \/><\/a><\/div>","protected":false},"excerpt":{"rendered":"<p>\u201cNo hay pozo del que no puedas salir\u201d, nos dijo Carl Jung, \u201csiempre que hagas el esfuerzo correcto en el lugar correcto, lograr\u00e1s emerger. Pero deber\u00e1s avanzar con devoci\u00f3n y&hellip; <\/p>\n","protected":false},"author":1,"featured_media":2340,"comment_status":"open","ping_status":"open","sticky":false,"template":"","format":"standard","meta":{"_jetpack_memberships_contains_paid_content":false,"footnotes":"","_links_to":"","_links_to_target":""},"categories":[8],"tags":[15,14],"class_list":["post-11369","post","type-post","status-publish","format-standard","has-post-thumbnail","hentry","category-vida-social","tag-fuprisa","tag-jose-manuel-fuentes-prieto"],"nelio_content":{"autoShareEndMode":"never","automationSources":{"useCustomSentences":false,"customSentences":[]},"efiAlt":"","efiUrl":"","followers":[1],"highlights":[],"isAutoShareEnabled":true,"networkImageIds":[],"permalinkQueryArgs":[],"series":[],"suggestedReferences":[]},"jetpack_featured_media_url":"https:\/\/teletrabajoynegocios.com\/telesecretarias\/wp-content\/uploads\/sites\/2\/2020\/10\/chica-freelance.jpg","jetpack_sharing_enabled":true,"_links":{"self":[{"href":"https:\/\/teletrabajoynegocios.com\/telesecretarias\/wp-json\/wp\/v2\/posts\/11369","targetHints":{"allow":["GET"]}}],"collection":[{"href":"https:\/\/teletrabajoynegocios.com\/telesecretarias\/wp-json\/wp\/v2\/posts"}],"about":[{"href":"https:\/\/teletrabajoynegocios.com\/telesecretarias\/wp-json\/wp\/v2\/types\/post"}],"author":[{"embeddable":true,"href":"https:\/\/teletrabajoynegocios.com\/telesecretarias\/wp-json\/wp\/v2\/users\/1"}],"replies":[{"embeddable":true,"href":"https:\/\/teletrabajoynegocios.com\/telesecretarias\/wp-json\/wp\/v2\/comments?post=11369"}],"version-history":[{"count":2,"href":"https:\/\/teletrabajoynegocios.com\/telesecretarias\/wp-json\/wp\/v2\/posts\/11369\/revisions"}],"predecessor-version":[{"id":11375,"href":"https:\/\/teletrabajoynegocios.com\/telesecretarias\/wp-json\/wp\/v2\/posts\/11369\/revisions\/11375"}],"wp:featuredmedia":[{"embeddable":true,"href":"https:\/\/teletrabajoynegocios.com\/telesecretarias\/wp-json\/wp\/v2\/media\/2340"}],"wp:attachment":[{"href":"https:\/\/teletrabajoynegocios.com\/telesecretarias\/wp-json\/wp\/v2\/media?parent=11369"}],"wp:term":[{"taxonomy":"category","embeddable":true,"href":"https:\/\/teletrabajoynegocios.com\/telesecretarias\/wp-json\/wp\/v2\/categories?post=11369"},{"taxonomy":"post_tag","embeddable":true,"href":"https:\/\/teletrabajoynegocios.com\/telesecretarias\/wp-json\/wp\/v2\/tags?post=11369"}],"curies":[{"name":"wp","href":"https:\/\/api.w.org\/{rel}","templated":true}]}}