{"id":11388,"date":"2022-10-20T11:01:56","date_gmt":"2022-10-20T09:01:56","guid":{"rendered":"https:\/\/teletrabajoynegocios.com\/telesecretarias\/?p=11388"},"modified":"2022-10-17T14:27:25","modified_gmt":"2022-10-17T12:27:25","slug":"autoconocimiento-6-cosas-que-deberias-saber-sobre-ti-mismo","status":"publish","type":"post","link":"https:\/\/teletrabajoynegocios.com\/telesecretarias\/autoconocimiento-6-cosas-que-deberias-saber-sobre-ti-mismo\/","title":{"rendered":"Autoconocimiento: 6 cosas que deber\u00edas saber sobre ti mismo"},"content":{"rendered":"<div id=\"telet-1286696251\" class=\"telet-antes-del-contenido telet-entity-placement\"><a href=\"https:\/\/quaderno.io\/?via=jose-manuel94\" aria-label=\"Quaderno General (Spanish) &#8211; 728&#215;90\"><img loading=\"lazy\" decoding=\"async\" src=\"https:\/\/teletrabajoynegocios.com\/telesecretarias\/wp-content\/uploads\/sites\/2\/2020\/11\/Quaderno-General-Spanish-728x90-1.png\" alt=\"\"  srcset=\"https:\/\/teletrabajoynegocios.com\/telesecretarias\/wp-content\/uploads\/sites\/2\/2020\/11\/Quaderno-General-Spanish-728x90-1.png 728w, https:\/\/teletrabajoynegocios.com\/telesecretarias\/wp-content\/uploads\/sites\/2\/2020\/11\/Quaderno-General-Spanish-728x90-1-300x37.png 300w\" sizes=\"(max-width: 728px) 100vw, 728px\" width=\"728\" height=\"90\"   \/><\/a><\/div><p>El autoconocimiento es una gran herramienta para explorar el mundo interno y realizar cambios. Te compartimos algunas claves al respecto.<\/p>\n<p class=\"jsx-4098198752 c--grey-neutral-800\">El autoconocimiento es una de las herramientas m\u00e1s poderosas relacionadas con la psicolog\u00eda y el desarrollo personal. Por su aparente simpleza, muchas veces lo pasamos por alto o le restamos importancia. Sin embargo, conocernos, entender qui\u00e9nes somos, c\u00f3mo funcionamos y de d\u00f3nde venimos es clave para realizar muchos de los cambios anhelados.<\/p>\n<p class=\"jsx-4098198752 c--grey-neutral-800\">Esta no es una tarea de un d\u00eda. As\u00ed como nos lleva a\u00f1os conocer a los dem\u00e1s, tambi\u00e9n lo necesitamos si deseamos navegar por nuestras profundidades.\u00a0<strong>Conocerse es el primer paso para forjar una relaci\u00f3n s\u00f3lida de amor, respeto y apoyo hacia uno mismo<\/strong>. Solo desde este punto aprendemos a tratarnos y a procurarnos los mejores entornos y oportunidades.<\/p>\n<h2 id=\"las-principales-claves-del-autoconocimiento\" class=\"jsx-3692753319 jsx-2566528898 c--main-600  mt--x-big pt--normal\">Las principales claves del autoconocimiento<\/h2>\n<p class=\"jsx-4098198752 c--grey-neutral-800\">Si quieres disfrutar de estos beneficios, pero no sabes por d\u00f3nde comenzar, te mostramos algunos puntos b\u00e1sicos que deber\u00edas conocer sobre ti mismo.<\/p>\n<hr \/>\n<p><img decoding=\"async\" src=\"https:\/\/teletrabajoynegocios.com\/teletrabajador\/wp-content\/uploads\/sites\/3\/2020\/07\/articulos.png\" \/><\/p>\n<div class=\"wp-rss-template-container\" data-wpra-template=\"default\" data-template-ctx=\"W10=\">\n    <div class=\"wp-rss-aggregator wpra-list-template  \" data-page=\"1\">\n    \n    \n<ul class=\"wpra-item-list rss-aggregator wpra-item-list--bullets wpra-item-list--default\"\n    start=\"1\">\n                        <li class=\"wpra-item feed-item \">\n            \n            \n\n    <a  href=\"https:\/\/distritoemprendedores.com\/blog\/2026\/03\/16\/hello-world\/\" target=\"_blank\" rel=\"nofollow\" class=\"\">Hello world!<\/a>\n\n\n\n\n\n\n<div class=\"wprss-feed-meta\">\n            <span class=\"feed-source\">\n            Source:\n\n                            Distrito Emprendedores\n                    <\/span>\n    \n            <span class=\"feed-date\">\n            Published on 2026-03-16\n        <\/span>\n    \n    <\/div>\n\n\n\n\n\n            \n        <\/li>\n                    <li class=\"wpra-item feed-item \">\n            \n            \n\n    <a  href=\"https:\/\/www.dropbox.com\/scl\/fi\/b6csvpbfxu24vaezmo3es\/62bed0634df20e5ef35346439fdd423f_franquicias.pdf?rlkey=mfp2795s4n89mw35l0yeu2vl5&amp;e=2&amp;st=57kabuy0&amp;dl=0#new_tab\" target=\"_blank\" rel=\"nofollow\" class=\"\">Las franquicias espa\u00f1olas duplican su presencia en mercados for\u00e1neos<\/a>\n\n\n\n\n\n\n<div class=\"wprss-feed-meta\">\n            <span class=\"feed-source\">\n            Source:\n\n                            Distrito Emprendedores\n                    <\/span>\n    \n            <span class=\"feed-date\">\n            Published on 2026-03-11\n        <\/span>\n    \n    <\/div>\n\n\n\n\n\n            \n        <\/li>\n                    <li class=\"wpra-item feed-item \">\n            \n            \n\n    <a  href=\"https:\/\/distritoemprendedores.es\/blog\/5-errores-fatales-al-internacionalizar-tu-franquicia\/\" target=\"_blank\" rel=\"nofollow\" class=\"\">5 errores fatales al internacionalizar tu franquicia<\/a>\n\n\n\n\n\n\n<div class=\"wprss-feed-meta\">\n            <span class=\"feed-source\">\n            Source:\n\n                            Distrito Emprendedores\n                    <\/span>\n    \n            <span class=\"feed-date\">\n            Published on 2026-03-10\n        <\/span>\n    \n    <\/div>\n\n\n\n\n\n            \n        <\/li>\n                    <li class=\"wpra-item feed-item \">\n            \n            \n\n    <a  href=\"https:\/\/distritoemprendedores.es\/blog\/un-nuevo-prime-time-para-las-marcas-afterwork-tardeo-y-futbol-se-consolidan-como-los-grandes-motores-del-consumo-experiencial\/\" target=\"_blank\" rel=\"nofollow\" class=\"\">Un nuevo prime time para las marcas: afterwork, tardeo y f\u00fatbol se consolidan como los grandes motores del consumo experiencial<\/a>\n\n\n\n\n\n\n<div class=\"wprss-feed-meta\">\n            <span class=\"feed-source\">\n            Source:\n\n                            Distrito Emprendedores\n                    <\/span>\n    \n            <span class=\"feed-date\">\n            Published on 2026-03-09\n        <\/span>\n    \n    <\/div>\n\n\n\n\n\n            \n        <\/li>\n                    <li class=\"wpra-item feed-item \">\n            \n            \n\n    <a  href=\"https:\/\/distritoemprendedores.es\/blog\/la-ventaja-competitiva-esta-en-entender-como-pregunta-el-consumidor\/\" target=\"_blank\" rel=\"nofollow\" class=\"\">La ventaja competitiva est\u00e1 en entender c\u00f3mo pregunta el consumidor<\/a>\n\n\n\n\n\n\n<div class=\"wprss-feed-meta\">\n            <span class=\"feed-source\">\n            Source:\n\n                            Distrito Emprendedores\n                    <\/span>\n    \n            <span class=\"feed-date\">\n            Published on 2026-03-08\n        <\/span>\n    \n    <\/div>\n\n\n\n\n\n            \n        <\/li>\n                    <li class=\"wpra-item feed-item \">\n            \n            \n\n    <a  href=\"https:\/\/distritoemprendedores.es\/blog\/solo-el-7-de-los-espanoles-cree-a-las-marcas-cuando-comunican-sus-valores-con-hechos-demostrables\/\" target=\"_blank\" rel=\"nofollow\" class=\"\">Solo el 7% de los espa\u00f1oles cree a las marcas cuando comunican sus valores con hechos demostrables<\/a>\n\n\n\n\n\n\n<div class=\"wprss-feed-meta\">\n            <span class=\"feed-source\">\n            Source:\n\n                            Distrito Emprendedores\n                    <\/span>\n    \n            <span class=\"feed-date\">\n            Published on 2026-03-07\n        <\/span>\n    \n    <\/div>\n\n\n\n\n\n            \n        <\/li>\n                    <li class=\"wpra-item feed-item \">\n            \n            \n\n    <a  href=\"https:\/\/distritoemprendedores.es\/blog\/el-38-de-las-empresas-creadas-en-2019-ha-echado-ya-el-cierre\/\" target=\"_blank\" rel=\"nofollow\" class=\"\">El 38% de las empresas creadas en 2019 ha echado ya el cierre<\/a>\n\n\n\n\n\n\n<div class=\"wprss-feed-meta\">\n            <span class=\"feed-source\">\n            Source:\n\n                            Distrito Emprendedores\n                    <\/span>\n    \n            <span class=\"feed-date\">\n            Published on 2026-03-06\n        <\/span>\n    \n    <\/div>\n\n\n\n\n\n            \n        <\/li>\n                    <li class=\"wpra-item feed-item \">\n            \n            \n\n    <a  href=\"https:\/\/distritoemprendedores.es\/blog\/descubre-las-oportunidades-y-tendencias-en-el-mercado-de-la-franquicia-para-2026\/\" target=\"_blank\" rel=\"nofollow\" class=\"\">Descubre las oportunidades y tendencias en el mercado de la franquicia para 2026<\/a>\n\n\n\n\n\n\n<div class=\"wprss-feed-meta\">\n            <span class=\"feed-source\">\n            Source:\n\n                            Distrito Emprendedores\n                    <\/span>\n    \n            <span class=\"feed-date\">\n            Published on 2026-03-05\n        <\/span>\n    \n    <\/div>\n\n\n\n\n\n            \n        <\/li>\n                    <li class=\"wpra-item feed-item \">\n            \n            \n\n    <a  href=\"https:\/\/distritoemprendedores.es\/blog\/las-startups-de-salud-mas-punteras-del-mundo\/\" target=\"_blank\" rel=\"nofollow\" class=\"\">Las startups de salud m\u00e1s punteras del mundo<\/a>\n\n\n\n\n\n\n<div class=\"wprss-feed-meta\">\n            <span class=\"feed-source\">\n            Source:\n\n                            Distrito Emprendedores\n                    <\/span>\n    \n            <span class=\"feed-date\">\n            Published on 2026-03-04\n        <\/span>\n    \n    <\/div>\n\n\n\n\n\n            \n        <\/li>\n                    <li class=\"wpra-item feed-item \">\n            \n            \n\n    <a  href=\"https:\/\/distritoemprendedores.es\/blog\/puesta-en-marcha-de-un-negocio-primeros-pasos-para-validar-vender-y-controlar-la-tesoreria\/\" target=\"_blank\" rel=\"nofollow\" class=\"\">Puesta en marcha de un negocio: primeros pasos para validar, vender y controlar la tesorer\u00eda<\/a>\n\n\n\n\n\n\n<div class=\"wprss-feed-meta\">\n            <span class=\"feed-source\">\n            Source:\n\n                            Distrito Emprendedores\n                    <\/span>\n    \n            <span class=\"feed-date\">\n            Published on 2026-03-03\n        <\/span>\n    \n    <\/div>\n\n\n\n\n\n            \n        <\/li>\n                    <li class=\"wpra-item feed-item \">\n            \n            \n\n    <a  href=\"https:\/\/distritoemprendedores.es\/blog\/6-franquicias-sin-apenas-competencia-en-el-mercado\/\" target=\"_blank\" rel=\"nofollow\" class=\"\">6 franquicias sin apenas competencia en el mercado<\/a>\n\n\n\n\n\n\n<div class=\"wprss-feed-meta\">\n            <span class=\"feed-source\">\n            Source:\n\n                            Distrito Emprendedores\n                    <\/span>\n    \n            <span class=\"feed-date\">\n            Published on 2026-03-02\n        <\/span>\n    \n    <\/div>\n\n\n\n\n\n            \n        <\/li>\n                    <li class=\"wpra-item feed-item \">\n            \n            \n\n    <a  href=\"https:\/\/digistorage.es\/links\/71d78951-a420-4f5b-8de6-7b35ae7efc1c#new_tab\" target=\"_blank\" rel=\"nofollow\" class=\"\">Los algoritmos amenazan con filtrar las confesiones realizadas al abogado<\/a>\n\n\n\n\n\n\n<div class=\"wprss-feed-meta\">\n            <span class=\"feed-source\">\n            Source:\n\n                            Distrito Emprendedores\n                    <\/span>\n    \n            <span class=\"feed-date\">\n            Published on 2026-03-01\n        <\/span>\n    \n    <\/div>\n\n\n\n\n\n            \n        <\/li>\n                    <li class=\"wpra-item feed-item \">\n            \n            \n\n    <a  href=\"https:\/\/distritoemprendedores.es\/blog\/las-startups-que-mas-innovan-en-el-mundo\/\" target=\"_blank\" rel=\"nofollow\" class=\"\">Las startups que m\u00e1s innovan en el mundo<\/a>\n\n\n\n\n\n\n<div class=\"wprss-feed-meta\">\n            <span class=\"feed-source\">\n            Source:\n\n                            Distrito Emprendedores\n                    <\/span>\n    \n            <span class=\"feed-date\">\n            Published on 2026-02-28\n        <\/span>\n    \n    <\/div>\n\n\n\n\n\n            \n        <\/li>\n                    <li class=\"wpra-item feed-item \">\n            \n            \n\n    <a  href=\"https:\/\/distritoemprendedores.es\/blog\/tiktok-genera-31-000-millones-de-euros-para-las-empresas-europeas-y-3-000-millones-en-espana\/\" target=\"_blank\" rel=\"nofollow\" class=\"\">TikTok genera 31.000 millones de euros para las empresas europeas y 3.000 millones en Espa\u00f1a<\/a>\n\n\n\n\n\n\n<div class=\"wprss-feed-meta\">\n            <span class=\"feed-source\">\n            Source:\n\n                            Distrito Emprendedores\n                    <\/span>\n    \n            <span class=\"feed-date\">\n            Published on 2026-02-27\n        <\/span>\n    \n    <\/div>\n\n\n\n\n\n            \n        <\/li>\n                    <li class=\"wpra-item feed-item \">\n            \n            \n\n    <a  href=\"https:\/\/distritoemprendedores.es\/blog\/amazon-planea-un-marketplace-para-hacer-de-puente-entre-los-publishers-y-las-empresas-de-ia\/\" target=\"_blank\" rel=\"nofollow\" class=\"\">Amazon planea un \u00abmarketplace\u00bb para hacer de puente entre los \u00abpublishers\u00bb y las empresas de IA<\/a>\n\n\n\n\n\n\n<div class=\"wprss-feed-meta\">\n            <span class=\"feed-source\">\n            Source:\n\n                            Distrito Emprendedores\n                    <\/span>\n    \n            <span class=\"feed-date\">\n            Published on 2026-02-26\n        <\/span>\n    \n    <\/div>\n\n\n\n\n\n            \n        <\/li>\n        <\/ul>\n\n        \n<\/div>\n\n<\/div>\n\n<hr \/>\n<h3 id=\"1-cual-es-tu-temperamento\" class=\"jsx-3692753319 jsx-2566528898 c--main-600  mt--x-big pt--normal\">1. \u00bfCu\u00e1l es tu temperamento?<\/h3>\n<p class=\"jsx-4098198752 c--grey-neutral-800\">Si quieres empezar a conocerte, tu tipo de\u00a0<a class=\"jsx-151512268 jsx-1474443579 default-a-link is--underline c--secondary-600 is--underline\" href=\"https:\/\/www.elsevier.es\/es-revista-anales-pediatria-continuada-51-articulo-que-es-el-temperamento-S169628181070041X\" target=\"_blank\" rel=\"noopener\" data-with-google-events=\"true\" data-google-events=\"{&quot;data&quot;:{&quot;action&quot;:&quot;click&quot;,&quot;category&quot;:&quot;Content&quot;,&quot;label&quot;:&quot;Related \/autoconocimiento-cosas-deberias-saber-sobre-ti-mismo\/&quot;,&quot;value&quot;:&quot;https:\/\/www.elsevier.es\/es-revista-anales-pediatria-continuada-51-articulo-que-es-el-temperamento-S169628181070041X&quot;}}\">temperamento<\/a>\u00a0es uno de los primeros asuntos a abordar. Y es que este te acompa\u00f1a desde el nacimiento y\u00a0<strong>determina la forma b\u00e1sica en que te enfrentas y reaccionas a las situaciones<\/strong>\u00a0del entorno.<\/p>\n<p class=\"jsx-4098198752 c--grey-neutral-800\">Se han descrito tres tipos principales de temperamento, ya observables en beb\u00e9s (f\u00e1cil, dif\u00edcil y lento). Y cada uno de ellos describe tendencias como la mayor o menor adaptabilidad, el estado de \u00e1nimo predominante, el nivel de actividad, la tendencia a explorar o a inhibirse\u2026<\/p>\n<p class=\"jsx-4098198752 c--grey-neutral-800\">Aunque estas caracter\u00edsticas se refieran a la primera infancia,\u00a0<strong>el temperamento es una tendencia relativamente estable<\/strong>. Por lo que, si no has realizado un trabajo personal, es probable que muchos de esos rasgos sigan presentes en ti hoy en d\u00eda. Conocerlos te ayudar\u00e1 a comprenderte mejor.<\/p>\n<h3 id=\"2-tu-estilo-de-apego\" class=\"jsx-3692753319 jsx-2566528898 c--main-600  mt--x-big pt--normal\">2. \u00bfTu estilo de apego?<\/h3>\n<p class=\"jsx-4098198752 c--grey-neutral-800\">Este es un segundo paso incuestionable en el autodescubrimiento, y<strong>\u00a0nos habla de c\u00f3mo nos vinculamos con los dem\u00e1s<\/strong>. En funci\u00f3n del grado de confianza que hayamos logrado construir hacia nosotros mismos y hacia el resto, pensaremos, sentiremos y nos comportaremos de un modo u otro.<\/p>\n<p class=\"jsx-4098198752 c--grey-neutral-800\">Existen cuatro estilos de apego principales, que surgen en funci\u00f3n del v\u00ednculo establecido con los cuidadores primarios en la infancia.\u00a0<strong>Un\u00a0<a class=\"jsx-151512268 jsx-1474443579 default-a-link is--underline c--secondary-600 is--underline\" href=\"https:\/\/lamenteesmaravillosa.com\/apego-seguro-la-fortaleza-del-vinculo-sano\/\" target=\"_self\" rel=\"noopener\" data-with-google-events=\"true\" data-google-events=\"{&quot;data&quot;:{&quot;action&quot;:&quot;click&quot;,&quot;category&quot;:&quot;Content&quot;,&quot;label&quot;:&quot;Related \/autoconocimiento-cosas-deberias-saber-sobre-ti-mismo\/&quot;,&quot;value&quot;:&quot;https:\/\/lamenteesmaravillosa.com\/apego-seguro-la-fortaleza-del-vinculo-sano\/&quot;}}\">apego seguro<\/a>\u00a0nos permite vincularnos desde la interdependencia y forjar relaciones saludables.<\/strong>\u00a0En los otros tres casos (apego ansioso, evitativo y desorganizado) pueden existir dificultades de diversa \u00edndole que interfieran a\u00fan en tu d\u00eda a d\u00eda como adulto.<\/p>\n<h3 id=\"3-conoces-tu-eneatipo\" class=\"jsx-3692753319 jsx-2566528898 c--main-600  mt--x-big pt--normal\">3. \u00bfConoces tu eneatipo?<\/h3>\n<p class=\"jsx-4098198752 c--grey-neutral-800\">El eneagrama es una de las clasificaciones de personalidad m\u00e1s conocidas y completas que existen. La misma describe nueve tipos de personalidad que se ordenan en funci\u00f3n de varios aspectos: la idea que se tiene sobre uno mismo, la capacidad emp\u00e1tica, la forma de gestionar la energ\u00eda personal\u2026<\/p>\n<p class=\"jsx-4098198752 c--grey-neutral-800\"><strong>Identificar tu\u00a0<a class=\"jsx-151512268 jsx-1474443579 default-a-link is--underline c--secondary-600 is--underline\" href=\"https:\/\/lamenteesmaravillosa.com\/el-eneagrama-nueve-tipos-de-personalidad-tu-quien-crees-serj\/\" target=\"_self\" rel=\"noopener\" data-with-google-events=\"true\" data-google-events=\"{&quot;data&quot;:{&quot;action&quot;:&quot;click&quot;,&quot;category&quot;:&quot;Content&quot;,&quot;label&quot;:&quot;Related \/autoconocimiento-cosas-deberias-saber-sobre-ti-mismo\/&quot;,&quot;value&quot;:&quot;https:\/\/lamenteesmaravillosa.com\/el-eneagrama-nueve-tipos-de-personalidad-tu-quien-crees-serj\/&quot;}}\">eneatipo<\/a>\u00a0te ayudar\u00e1 a comprender mucho de c\u00f3mo piensas y como act\u00faas<\/strong>\u00a0en tu vida cotidiana, y de c\u00f3mo lo has venido haciendo a\u00f1os atr\u00e1s. Si a\u00fan no conoces el tuyo, es momento de averiguarlo.<\/p>\n<h3 id=\"4-puedes-describir-tus-valores\" class=\"jsx-3692753319 jsx-2566528898 c--main-600  mt--x-big pt--normal\">4. \u00bfPuedes describir tus valores?<\/h3>\n<p class=\"jsx-4098198752 c--grey-neutral-800\">Los valores personales, \u00e9ticos y morales<strong>\u00a0son los que gu\u00edan las decisiones y actos de una persona<\/strong>. Son los que determinan c\u00f3mo se posiciona ante el mundo, qu\u00e9 defiende, por qu\u00e9 aboga y con qu\u00e9 se identifica. Por tanto, son de suma importancia. Sin embargo, no siempre tenemos claro cu\u00e1les son los nuestros.<\/p>\n<p class=\"jsx-4098198752 c--grey-neutral-800\">En suma, los\u00a0<a class=\"jsx-151512268 jsx-1474443579 default-a-link is--underline c--secondary-600 is--underline\" href=\"https:\/\/lamenteesmaravillosa.com\/valores-morales\/\" target=\"_self\" rel=\"noopener\" data-with-google-events=\"true\" data-google-events=\"{&quot;data&quot;:{&quot;action&quot;:&quot;click&quot;,&quot;category&quot;:&quot;Content&quot;,&quot;label&quot;:&quot;Related \/autoconocimiento-cosas-deberias-saber-sobre-ti-mismo\/&quot;,&quot;value&quot;:&quot;https:\/\/lamenteesmaravillosa.com\/valores-morales\/&quot;}}\">valores<\/a>\u00a0representan las prioridades y, por tanto, la forma en que deber\u00edamos actuar. \u00bfCeder en un conflicto con tu pareja?, \u00bfayudar a una persona necesitada?, \u00bfperdonar la traici\u00f3n de un amigo?\u2026 Todas estas decisiones depender\u00e1n de cu\u00e1les sean tus valores. Y,\u00a0<strong>si no los conoces, es posible que termines cayendo en situaciones de incoherencia<\/strong>\u00a0que te causen malestar.<\/p>\n<h3 id=\"5-cual-es-tu-definicion-del-exito\" class=\"jsx-3692753319 jsx-2566528898 c--main-600  mt--x-big pt--normal\">5. \u00bfCu\u00e1l es tu definici\u00f3n del \u00e9xito?<\/h3>\n<p class=\"jsx-4098198752 c--grey-neutral-800\">A ra\u00edz de lo anterior, para lograr el autoconocimiento tambi\u00e9n es importante que identifiques qu\u00e9 es para ti el \u00e9xito. Y es que con frecuencia\u00a0<strong>asumimos las definiciones que otros nos dan<\/strong>, que nos llegan desde el exterior y no nos detenemos a crear la propia. Pero esto es fundamental para vivir en paz y en plenitud.<\/p>\n<p class=\"jsx-4098198752 c--grey-neutral-800\">\u00bfRealmente quieres llegar a la cima de tu carrera profesional, viajar por todo el mundo o tener varios hijos? \u00bfEs eso lo que te har\u00eda sentir realizado? \u00bfEsa es la vida que te emocionar\u00eda vivir? Para responderte, trata de olvidar lo que otros esperan de ti y\u00a0<strong>piensa en qu\u00e9 escenarios te sentir\u00edas realmente exitoso y satisfecho.<\/strong><\/p>\n<h3 id=\"6-tienes-emociones-estancadas\" class=\"jsx-3692753319 jsx-2566528898 c--main-600  mt--x-big pt--normal\">6. \u00bfTienes emociones estancadas?<\/h3>\n<p class=\"jsx-4098198752 c--grey-neutral-800\">Por \u00faltimo, y este es uno de los aspectos m\u00e1s limitantes a la hora de avanzar en el desarrollo personal, preg\u00fantate si tienes heridas abiertas. Se pueden haber producido en cualquier momento y contexto: en el n\u00facleo familiar, en la escuela, con los amigos de adolescencia o con viejos amores.<\/p>\n<p class=\"jsx-4098198752 c--grey-neutral-800\">Hay\u00a0<strong>situaciones que nos impactan profundamente de forma negativa<\/strong>\u00a0y que, en su momento, no supimos gestionar adecuadamente. Tal vez hayamos logrado taparlas y seguir adelante, pero sin duda seguir\u00e1n condicion\u00e1ndonos en la sombra.<\/p>\n<p>As\u00ed, identifica tus\u00a0<a class=\"jsx-151512268 jsx-1474443579 default-a-link is--underline c--secondary-600 is--underline\" href=\"https:\/\/lamenteesmaravillosa.com\/5-heridas-emocionales-la-infancia-persisten-cuando-somos-adultos\/\" target=\"_self\" rel=\"noopener\" data-with-google-events=\"true\" data-google-events=\"{&quot;data&quot;:{&quot;action&quot;:&quot;click&quot;,&quot;category&quot;:&quot;Content&quot;,&quot;label&quot;:&quot;Related \/autoconocimiento-cosas-deberias-saber-sobre-ti-mismo\/&quot;,&quot;value&quot;:&quot;https:\/\/lamenteesmaravillosa.com\/5-heridas-emocionales-la-infancia-persisten-cuando-somos-adultos\/&quot;}}\">heridas<\/a>\u00a0infantiles, recuerda esos momentos que te marcaron y tanto tratas de olvidar y ponles luz. Al hacerlo, entender\u00e1n mucho sobre lo que te ocurre actualmente y abrir\u00e1s la puerta al cambio.<\/p>\n<h2 id=\"el-autoconocimiento-es-la-clave-para-avanzar\" class=\"jsx-3692753319 jsx-2566528898 c--main-600  mt--x-big pt--normal\">El autoconocimiento es la clave para avanzar<\/h2>\n<p class=\"jsx-4098198752 c--grey-neutral-800\">Como dec\u00edamos, autoconocerse es fundamental para realizar cualquier cambio y alcanzar metas, ya que\u00a0<strong>nos permite conocer el punto de partida, las fortalezas y debilidades con que contamos<\/strong>.<\/p>\n<p class=\"jsx-4098198752 c--grey-neutral-800\">Hay m\u00faltiples aspectos de ti mismo que puedes descubrir o identificar, pero los anteriores son algunos que pueden sentar unas buenas bases. Ante todo, recuerda que las personas somos din\u00e1micas y estamos en constante cambio, por lo que nada de lo anterior te condena ni es inamovible. Recuerda estar en constante contacto contigo.<\/p>\n<p><a class=\"jsx-151512268 jsx-1596958326 default-a-link is--underline c--grey-neutral-800  link-tool-tip jsx-2288154920 jsx-986712099\" href=\"https:\/\/lamenteesmaravillosa.com\/autor\/elena-sanz\/\" target=\"_self\" rel=\"noopener\"><strong>Elena Sanz<\/strong><\/a>.<\/p>\n<div id=\"telet-1670802083\" class=\"telet-despues-del-contenido telet-entity-placement\"><a target=\"_blank\" href=\"\/\/aff.lucushost.com\/resources\/click\/?n=gDxoXMAJ&aff=756\"><img decoding=\"async\" border=\"0\" alt=\"LucusHost, el mejor hosting\" src=\"\/\/aff.lucushost.com\/resources\/banners\/?zoneid=5123&n=gDxoXMAJ&aff=756\" \/><\/a><\/div>","protected":false},"excerpt":{"rendered":"<p>El autoconocimiento es una gran herramienta para explorar el mundo interno y realizar cambios. Te compartimos algunas claves al respecto. El autoconocimiento es una de las herramientas m\u00e1s poderosas relacionadas&hellip; <\/p>\n","protected":false},"author":1,"featured_media":1425,"comment_status":"open","ping_status":"open","sticky":false,"template":"","format":"standard","meta":{"_jetpack_memberships_contains_paid_content":false,"footnotes":"","_links_to":"","_links_to_target":""},"categories":[1],"tags":[15,14],"class_list":["post-11388","post","type-post","status-publish","format-standard","has-post-thumbnail","hentry","category-telesecretarias","tag-fuprisa","tag-jose-manuel-fuentes-prieto"],"nelio_content":{"autoShareEndMode":"never","automationSources":{"useCustomSentences":false,"customSentences":[]},"efiAlt":"","efiUrl":"","followers":[1],"highlights":[],"isAutoShareEnabled":true,"networkImageIds":[],"permalinkQueryArgs":[],"series":[],"suggestedReferences":[]},"jetpack_featured_media_url":"https:\/\/teletrabajoynegocios.com\/telesecretarias\/wp-content\/uploads\/sites\/2\/2020\/07\/secretaaria.jpg","jetpack_sharing_enabled":true,"_links":{"self":[{"href":"https:\/\/teletrabajoynegocios.com\/telesecretarias\/wp-json\/wp\/v2\/posts\/11388","targetHints":{"allow":["GET"]}}],"collection":[{"href":"https:\/\/teletrabajoynegocios.com\/telesecretarias\/wp-json\/wp\/v2\/posts"}],"about":[{"href":"https:\/\/teletrabajoynegocios.com\/telesecretarias\/wp-json\/wp\/v2\/types\/post"}],"author":[{"embeddable":true,"href":"https:\/\/teletrabajoynegocios.com\/telesecretarias\/wp-json\/wp\/v2\/users\/1"}],"replies":[{"embeddable":true,"href":"https:\/\/teletrabajoynegocios.com\/telesecretarias\/wp-json\/wp\/v2\/comments?post=11388"}],"version-history":[{"count":1,"href":"https:\/\/teletrabajoynegocios.com\/telesecretarias\/wp-json\/wp\/v2\/posts\/11388\/revisions"}],"predecessor-version":[{"id":11389,"href":"https:\/\/teletrabajoynegocios.com\/telesecretarias\/wp-json\/wp\/v2\/posts\/11388\/revisions\/11389"}],"wp:featuredmedia":[{"embeddable":true,"href":"https:\/\/teletrabajoynegocios.com\/telesecretarias\/wp-json\/wp\/v2\/media\/1425"}],"wp:attachment":[{"href":"https:\/\/teletrabajoynegocios.com\/telesecretarias\/wp-json\/wp\/v2\/media?parent=11388"}],"wp:term":[{"taxonomy":"category","embeddable":true,"href":"https:\/\/teletrabajoynegocios.com\/telesecretarias\/wp-json\/wp\/v2\/categories?post=11388"},{"taxonomy":"post_tag","embeddable":true,"href":"https:\/\/teletrabajoynegocios.com\/telesecretarias\/wp-json\/wp\/v2\/tags?post=11388"}],"curies":[{"name":"wp","href":"https:\/\/api.w.org\/{rel}","templated":true}]}}