{"id":1140,"date":"2020-05-29T10:32:04","date_gmt":"2020-05-29T08:32:04","guid":{"rendered":"https:\/\/teletrabajoynegocios.com\/telesecretarias\/?p=1140"},"modified":"2020-05-28T10:40:47","modified_gmt":"2020-05-28T08:40:47","slug":"trello-y-asana-se-cuelan-en-las-casas-para-planificar-tareas-familiares","status":"publish","type":"post","link":"https:\/\/teletrabajoynegocios.com\/telesecretarias\/trello-y-asana-se-cuelan-en-las-casas-para-planificar-tareas-familiares\/","title":{"rendered":"Trello y Asana se cuelan en las casas para planificar tareas familiares"},"content":{"rendered":"<div id=\"telet-2860010499\" class=\"telet-antes-del-contenido telet-entity-placement\"><a href=\"https:\/\/quaderno.io\/?via=jose-manuel94\" aria-label=\"Quaderno General (Spanish) &#8211; 728&#215;90\"><img loading=\"lazy\" decoding=\"async\" src=\"https:\/\/teletrabajoynegocios.com\/telesecretarias\/wp-content\/uploads\/sites\/2\/2020\/11\/Quaderno-General-Spanish-728x90-1.png\" alt=\"\"  srcset=\"https:\/\/teletrabajoynegocios.com\/telesecretarias\/wp-content\/uploads\/sites\/2\/2020\/11\/Quaderno-General-Spanish-728x90-1.png 728w, https:\/\/teletrabajoynegocios.com\/telesecretarias\/wp-content\/uploads\/sites\/2\/2020\/11\/Quaderno-General-Spanish-728x90-1-300x37.png 300w\" sizes=\"(max-width: 728px) 100vw, 728px\" width=\"728\" height=\"90\"   \/><\/a><\/div><p>Al fundador de una&nbsp;<em>start-up<\/em>&nbsp;Russell Benaroya le encanta Asana.&nbsp;De hecho, afirma que&nbsp;<strong>este software de gesti\u00f3n de proyectos&nbsp;<\/strong><strong><a href=\"https:\/\/www.thebenaroyagroup.com\/blog\/how-asana-saved-my-marriage\" target=\"_blank\" rel=\"noopener noreferrer\">salv\u00f3 su matrimonio<\/a><\/strong>.&nbsp;Y ahora tambi\u00e9n ha empezado a usarlo para planificar las tareas de sus hijos mientras est\u00e1n encerrados en casa durante la crisis del coronavirus (COVID-19). El peque\u00f1o empresario afirma: \u00abEsta noche tendremos una reuni\u00f3n familiar. Hablaremos sobre c\u00f3mo pueden organizar su tiempo y hacer las cosas\u00bb.<\/p>\n<p>A medida que las normas de confinamiento se prolongan de forma indefinida y los colegios se mantienen cerrados,&nbsp;<strong>las familias tienen que esforzarse por inculcar un sentido de orden en sus vidas<\/strong>&nbsp;trastornadas mientras pasan semanas entre las paredes de sus hogares.<\/p>\n<p>Presentamos.&nbsp;En este contexto, muchos padres est\u00e1n descubriendo que&nbsp;<strong>las aplicaciones de planificaci\u00f3n de proyectos, como Asana y Trello<\/strong>, &nbsp;que normalmente usan para gestionar sus d\u00edas de trabajo tambi\u00e9n podr\u00eda ayudarles a organizar a sus hijos mientras permanecen en cuarentena en casa, sustituyendo las pizarras, los calendarios de Google y el simple papel y l\u00e1piz de toda la vida.<\/p>\n<p>El hecho de que las herramientas de productividad en el trabajo est\u00e9n empezando a usarse en el terreno dom\u00e9stico&nbsp;<a href=\"https:\/\/www.theatlantic.com\/family\/archive\/2019\/07\/families-slack-asana\/593584\/\" target=\"_blank\" rel=\"noopener noreferrer\">no es del todo sorprendente<\/a>.&nbsp;En esta&nbsp;<a href=\"https:\/\/www.technologyreview.es\/s\/12034\/aceptemoslo-el-estilo-de-vida-que-conociamos-no-va-volver-nunca\" target=\"_blank\" rel=\"noopener noreferrer\">\u00abnueva normalidad\u00bb,<\/a>&nbsp;las familias est\u00e1n aisladas dentro del mismo espacio, y lo que antes solo era nuestra casa ahora se ha convertido en una escuela y lugar de trabajo.&nbsp;Una herramienta de planificaci\u00f3n ayudar\u00eda a los padres que trabajan a mantener un cierto sentido de normalidad en lo que definitivamente no es un tiempo normal, al&nbsp;<strong>resolver la din\u00e1mica familiar durante la pandemia como una tarea profesional.<\/strong><\/p>\n<p>\u00abTrello tiene la estructura necesaria para ayudar a los padres a implantar una sensaci\u00f3n de control en una situaci\u00f3n bastante loca. Y es muy visual y f\u00e1cil de personalizar\u00bb, afirma la directora de&nbsp;<em>marketing<\/em>&nbsp;de Trello, Stella Garber. La responsable no quiso dar cifras exactas, pero asegura que&nbsp;<strong>Trello ha tenido un aumento de usuarios en todo el mundo<\/strong>&nbsp;que se registran desde direcciones de correo electr\u00f3nico no corporativas.&nbsp;El director de producto de Asana, Alex Hood, confirma: \u00abPor supuesto, nosotros tambi\u00e9n lo estamos notando\u00bb.<\/p>\n<hr>\n<p><img decoding=\"async\" src=\"http:\/\/web.vallebro.biz\/wp-content\/uploads\/2020\/01\/articulos.png\"><\/p>\n<div class=\"wp-rss-template-container\" data-wpra-template=\"default\" data-template-ctx=\"W10=\">\n    <div class=\"wp-rss-aggregator wpra-list-template  \" data-page=\"1\">\n    \n    \n<ul class=\"wpra-item-list rss-aggregator wpra-item-list--bullets wpra-item-list--default\"\n    start=\"1\">\n                        <li class=\"wpra-item feed-item \">\n            \n            \n\n    <a  href=\"https:\/\/distritoemprendedores.com\/blog\/2026\/03\/16\/hello-world\/\" target=\"_blank\" rel=\"nofollow\" class=\"\">Hello world!<\/a>\n\n\n\n\n\n\n<div class=\"wprss-feed-meta\">\n            <span class=\"feed-source\">\n            Source:\n\n                            Distrito Emprendedores\n                    <\/span>\n    \n            <span class=\"feed-date\">\n            Published on 2026-03-16\n        <\/span>\n    \n    <\/div>\n\n\n\n\n\n            \n        <\/li>\n                    <li class=\"wpra-item feed-item \">\n            \n            \n\n    <a  href=\"https:\/\/www.dropbox.com\/scl\/fi\/b6csvpbfxu24vaezmo3es\/62bed0634df20e5ef35346439fdd423f_franquicias.pdf?rlkey=mfp2795s4n89mw35l0yeu2vl5&amp;e=2&amp;st=57kabuy0&amp;dl=0#new_tab\" target=\"_blank\" rel=\"nofollow\" class=\"\">Las franquicias espa\u00f1olas duplican su presencia en mercados for\u00e1neos<\/a>\n\n\n\n\n\n\n<div class=\"wprss-feed-meta\">\n            <span class=\"feed-source\">\n            Source:\n\n                            Distrito Emprendedores\n                    <\/span>\n    \n            <span class=\"feed-date\">\n            Published on 2026-03-11\n        <\/span>\n    \n    <\/div>\n\n\n\n\n\n            \n        <\/li>\n                    <li class=\"wpra-item feed-item \">\n            \n            \n\n    <a  href=\"https:\/\/distritoemprendedores.es\/blog\/5-errores-fatales-al-internacionalizar-tu-franquicia\/\" target=\"_blank\" rel=\"nofollow\" class=\"\">5 errores fatales al internacionalizar tu franquicia<\/a>\n\n\n\n\n\n\n<div class=\"wprss-feed-meta\">\n            <span class=\"feed-source\">\n            Source:\n\n                            Distrito Emprendedores\n                    <\/span>\n    \n            <span class=\"feed-date\">\n            Published on 2026-03-10\n        <\/span>\n    \n    <\/div>\n\n\n\n\n\n            \n        <\/li>\n                    <li class=\"wpra-item feed-item \">\n            \n            \n\n    <a  href=\"https:\/\/distritoemprendedores.es\/blog\/un-nuevo-prime-time-para-las-marcas-afterwork-tardeo-y-futbol-se-consolidan-como-los-grandes-motores-del-consumo-experiencial\/\" target=\"_blank\" rel=\"nofollow\" class=\"\">Un nuevo prime time para las marcas: afterwork, tardeo y f\u00fatbol se consolidan como los grandes motores del consumo experiencial<\/a>\n\n\n\n\n\n\n<div class=\"wprss-feed-meta\">\n            <span class=\"feed-source\">\n            Source:\n\n                            Distrito Emprendedores\n                    <\/span>\n    \n            <span class=\"feed-date\">\n            Published on 2026-03-09\n        <\/span>\n    \n    <\/div>\n\n\n\n\n\n            \n        <\/li>\n                    <li class=\"wpra-item feed-item \">\n            \n            \n\n    <a  href=\"https:\/\/distritoemprendedores.es\/blog\/la-ventaja-competitiva-esta-en-entender-como-pregunta-el-consumidor\/\" target=\"_blank\" rel=\"nofollow\" class=\"\">La ventaja competitiva est\u00e1 en entender c\u00f3mo pregunta el consumidor<\/a>\n\n\n\n\n\n\n<div class=\"wprss-feed-meta\">\n            <span class=\"feed-source\">\n            Source:\n\n                            Distrito Emprendedores\n                    <\/span>\n    \n            <span class=\"feed-date\">\n            Published on 2026-03-08\n        <\/span>\n    \n    <\/div>\n\n\n\n\n\n            \n        <\/li>\n                    <li class=\"wpra-item feed-item \">\n            \n            \n\n    <a  href=\"https:\/\/distritoemprendedores.es\/blog\/solo-el-7-de-los-espanoles-cree-a-las-marcas-cuando-comunican-sus-valores-con-hechos-demostrables\/\" target=\"_blank\" rel=\"nofollow\" class=\"\">Solo el 7% de los espa\u00f1oles cree a las marcas cuando comunican sus valores con hechos demostrables<\/a>\n\n\n\n\n\n\n<div class=\"wprss-feed-meta\">\n            <span class=\"feed-source\">\n            Source:\n\n                            Distrito Emprendedores\n                    <\/span>\n    \n            <span class=\"feed-date\">\n            Published on 2026-03-07\n        <\/span>\n    \n    <\/div>\n\n\n\n\n\n            \n        <\/li>\n                    <li class=\"wpra-item feed-item \">\n            \n            \n\n    <a  href=\"https:\/\/distritoemprendedores.es\/blog\/el-38-de-las-empresas-creadas-en-2019-ha-echado-ya-el-cierre\/\" target=\"_blank\" rel=\"nofollow\" class=\"\">El 38% de las empresas creadas en 2019 ha echado ya el cierre<\/a>\n\n\n\n\n\n\n<div class=\"wprss-feed-meta\">\n            <span class=\"feed-source\">\n            Source:\n\n                            Distrito Emprendedores\n                    <\/span>\n    \n            <span class=\"feed-date\">\n            Published on 2026-03-06\n        <\/span>\n    \n    <\/div>\n\n\n\n\n\n            \n        <\/li>\n                    <li class=\"wpra-item feed-item \">\n            \n            \n\n    <a  href=\"https:\/\/distritoemprendedores.es\/blog\/descubre-las-oportunidades-y-tendencias-en-el-mercado-de-la-franquicia-para-2026\/\" target=\"_blank\" rel=\"nofollow\" class=\"\">Descubre las oportunidades y tendencias en el mercado de la franquicia para 2026<\/a>\n\n\n\n\n\n\n<div class=\"wprss-feed-meta\">\n            <span class=\"feed-source\">\n            Source:\n\n                            Distrito Emprendedores\n                    <\/span>\n    \n            <span class=\"feed-date\">\n            Published on 2026-03-05\n        <\/span>\n    \n    <\/div>\n\n\n\n\n\n            \n        <\/li>\n                    <li class=\"wpra-item feed-item \">\n            \n            \n\n    <a  href=\"https:\/\/distritoemprendedores.es\/blog\/las-startups-de-salud-mas-punteras-del-mundo\/\" target=\"_blank\" rel=\"nofollow\" class=\"\">Las startups de salud m\u00e1s punteras del mundo<\/a>\n\n\n\n\n\n\n<div class=\"wprss-feed-meta\">\n            <span class=\"feed-source\">\n            Source:\n\n                            Distrito Emprendedores\n                    <\/span>\n    \n            <span class=\"feed-date\">\n            Published on 2026-03-04\n        <\/span>\n    \n    <\/div>\n\n\n\n\n\n            \n        <\/li>\n                    <li class=\"wpra-item feed-item \">\n            \n            \n\n    <a  href=\"https:\/\/distritoemprendedores.es\/blog\/puesta-en-marcha-de-un-negocio-primeros-pasos-para-validar-vender-y-controlar-la-tesoreria\/\" target=\"_blank\" rel=\"nofollow\" class=\"\">Puesta en marcha de un negocio: primeros pasos para validar, vender y controlar la tesorer\u00eda<\/a>\n\n\n\n\n\n\n<div class=\"wprss-feed-meta\">\n            <span class=\"feed-source\">\n            Source:\n\n                            Distrito Emprendedores\n                    <\/span>\n    \n            <span class=\"feed-date\">\n            Published on 2026-03-03\n        <\/span>\n    \n    <\/div>\n\n\n\n\n\n            \n        <\/li>\n                    <li class=\"wpra-item feed-item \">\n            \n            \n\n    <a  href=\"https:\/\/distritoemprendedores.es\/blog\/6-franquicias-sin-apenas-competencia-en-el-mercado\/\" target=\"_blank\" rel=\"nofollow\" class=\"\">6 franquicias sin apenas competencia en el mercado<\/a>\n\n\n\n\n\n\n<div class=\"wprss-feed-meta\">\n            <span class=\"feed-source\">\n            Source:\n\n                            Distrito Emprendedores\n                    <\/span>\n    \n            <span class=\"feed-date\">\n            Published on 2026-03-02\n        <\/span>\n    \n    <\/div>\n\n\n\n\n\n            \n        <\/li>\n                    <li class=\"wpra-item feed-item \">\n            \n            \n\n    <a  href=\"https:\/\/digistorage.es\/links\/71d78951-a420-4f5b-8de6-7b35ae7efc1c#new_tab\" target=\"_blank\" rel=\"nofollow\" class=\"\">Los algoritmos amenazan con filtrar las confesiones realizadas al abogado<\/a>\n\n\n\n\n\n\n<div class=\"wprss-feed-meta\">\n            <span class=\"feed-source\">\n            Source:\n\n                            Distrito Emprendedores\n                    <\/span>\n    \n            <span class=\"feed-date\">\n            Published on 2026-03-01\n        <\/span>\n    \n    <\/div>\n\n\n\n\n\n            \n        <\/li>\n                    <li class=\"wpra-item feed-item \">\n            \n            \n\n    <a  href=\"https:\/\/distritoemprendedores.es\/blog\/las-startups-que-mas-innovan-en-el-mundo\/\" target=\"_blank\" rel=\"nofollow\" class=\"\">Las startups que m\u00e1s innovan en el mundo<\/a>\n\n\n\n\n\n\n<div class=\"wprss-feed-meta\">\n            <span class=\"feed-source\">\n            Source:\n\n                            Distrito Emprendedores\n                    <\/span>\n    \n            <span class=\"feed-date\">\n            Published on 2026-02-28\n        <\/span>\n    \n    <\/div>\n\n\n\n\n\n            \n        <\/li>\n                    <li class=\"wpra-item feed-item \">\n            \n            \n\n    <a  href=\"https:\/\/distritoemprendedores.es\/blog\/tiktok-genera-31-000-millones-de-euros-para-las-empresas-europeas-y-3-000-millones-en-espana\/\" target=\"_blank\" rel=\"nofollow\" class=\"\">TikTok genera 31.000 millones de euros para las empresas europeas y 3.000 millones en Espa\u00f1a<\/a>\n\n\n\n\n\n\n<div class=\"wprss-feed-meta\">\n            <span class=\"feed-source\">\n            Source:\n\n                            Distrito Emprendedores\n                    <\/span>\n    \n            <span class=\"feed-date\">\n            Published on 2026-02-27\n        <\/span>\n    \n    <\/div>\n\n\n\n\n\n            \n        <\/li>\n                    <li class=\"wpra-item feed-item \">\n            \n            \n\n    <a  href=\"https:\/\/distritoemprendedores.es\/blog\/amazon-planea-un-marketplace-para-hacer-de-puente-entre-los-publishers-y-las-empresas-de-ia\/\" target=\"_blank\" rel=\"nofollow\" class=\"\">Amazon planea un \u00abmarketplace\u00bb para hacer de puente entre los \u00abpublishers\u00bb y las empresas de IA<\/a>\n\n\n\n\n\n\n<div class=\"wprss-feed-meta\">\n            <span class=\"feed-source\">\n            Source:\n\n                            Distrito Emprendedores\n                    <\/span>\n    \n            <span class=\"feed-date\">\n            Published on 2026-02-26\n        <\/span>\n    \n    <\/div>\n\n\n\n\n\n            \n        <\/li>\n        <\/ul>\n\n        \n<\/div>\n\n<\/div>\n\n<hr>\n<p>Dominic Coballe, que vive en las afueras de Ottawa (Canad\u00e1), no es ajeno al uso de Asana en casa. Al igual que Benaroya,&nbsp;<strong>lo ha utilizado con su esposa para repartir las tareas<\/strong>&nbsp;<strong>dom\u00e9sticas<\/strong>.&nbsp;Cuando empez\u00f3 el confinamiento, recuerda Coballe, la situaci\u00f3n resultaba un poco confusa para sus dos hijos, de siete y diez a\u00f1os. Pero en la segunda semana, se dio cuenta de algo: \u00abProbablemente deber\u00edamos introducir algo de disciplina y no sentirnos tan agobiados\u00bb.<\/p>\n<p>Al principio, Coballe cuando cre\u00f3 un calendario de Asana para sus hijos medio en broma, pero la idea no tard\u00f3 en adquirir un sentido pr\u00e1ctico. El canadiense cuenta: \u00abEn la segunda semana, lo necesitaban. \u00a1Pero todav\u00eda no han alcanzado sus KPI [indicadores clave de rendimiento]!<\/p>\n<p><em>Mi<\/em>&nbsp;<em>marido est\u00e1 nervioso por tener que dar clase la pr\u00f3xima semana en la recientemente creada escuela FletcherSchool&#8230; as\u00ed que, por supuesto, hice un plan de Trello. \u00a1Es una combinaci\u00f3n de las necesidades de los ni\u00f1os, nuestras propias actividades en casa, juegos \u2018online\u2019, aprendizaje establecido por la escuela y amigos y familiares que imparten clases virtuales!<\/em><\/p>\n<p>Coballe no es el \u00fanico que usa esta jerga para hablar de sus hijos.&nbsp;Benaroya me cont\u00f3 que m\u00e1s tarde esa noche,&nbsp;<strong>planeaba proponer que sus hijos ayudaran a crear el calendario familiar de Asana<\/strong>, pero pens\u00f3 que habr\u00eda resistencia: \u00abIntroducir un software, ya sea en un entorno profesional o personal, puede crear una reacci\u00f3n negativa a menos que las personas est\u00e9n listas para que ese software resuelva un problema que todos tienen. Queremos tener una conversaci\u00f3n sobre c\u00f3mo sentirse aut\u00f3nomo y capacitado para organizar nuestro propio tiempo y hacer bien las cosas\u00bb.<\/p>\n<p>La dise\u00f1adora para el Gobierno brit\u00e1nico Audree Fletcher destaca que sus dos hijas, de seis y ocho a\u00f1os,&nbsp;<strong>usan Trello para elegir lo que quieren hacer por las ma\u00f1anas<\/strong>.&nbsp;La madre afirma: \u00abLes gusta usar las pantallas;&nbsp;les gusta tener opciones\u00bb, y a\u00f1ade que el software ha aliviado su carga al permitirle \u00abcolaborar de forma as\u00edncrona\u00bb con su esposo.&nbsp;Asegura que \u00abes f\u00e1cil adaptarse a los niveles de energ\u00eda de los ni\u00f1os, a las condiciones clim\u00e1ticas&#8230; [con] las plantillas, es mucho m\u00e1s r\u00e1pido planificar el pr\u00f3ximo d\u00eda y semana\u00bb.<\/p>\n<p>\u00bfUna palabra que aparece constantemente en las conversaciones sobre las herramientas de planificaci\u00f3n?&nbsp; Discutir. Hood afirma: \u00abCon Asana, no tengo que discutir\u00bb. Por su parte, Benaroya cree que, en el fondo,&nbsp;<strong>Asana le sirve para \u00abevitar discutir\u00bb con su esposa;<\/strong>&nbsp;Coballe est\u00e1 de acuerdo con ese sentimiento.&nbsp;Fletcher se\u00f1ala de forma m\u00e1s diplom\u00e1tica que Trello sirve para \u00abcomunicarse y discutir con mi esposo, para que [sepamos] lo que ha hecho el otro\u00bb.<\/p>\n<p>Estos comentarios enfatizan el para qui\u00e9n va dirigido en realidad este uso dom\u00e9stico de las herramientas como Trello y Asana: los padres, en particular,&nbsp;<strong>las parejas que deben negociar sobre su tiempo y espacio&nbsp;<\/strong>en una realidad que no han pedido. Coballe concluye: \u00abLo quer\u00edamos como padres, para tambi\u00e9n poder hacer frente a todo esto. No es del todo para los ni\u00f1os\u00bb.<\/p>\n<p><a href=\"https:\/\/www.technologyreview.es\/\"><em>Un art\u00edculo escrito por Tanya Basu<\/em><\/a>&nbsp;<\/p>\n<div id=\"telet-543519241\" class=\"telet-despues-del-contenido telet-entity-placement\"><a target=\"_blank\" href=\"\/\/aff.lucushost.com\/resources\/click\/?n=gDxoXMAJ&aff=756\"><img decoding=\"async\" border=\"0\" alt=\"LucusHost, el mejor hosting\" src=\"\/\/aff.lucushost.com\/resources\/banners\/?zoneid=5123&n=gDxoXMAJ&aff=756\" \/><\/a><\/div>","protected":false},"excerpt":{"rendered":"<p>Al fundador de una&nbsp;start-up&nbsp;Russell Benaroya le encanta Asana.&nbsp;De hecho, afirma que&nbsp;este software de gesti\u00f3n de proyectos&nbsp;salv\u00f3 su matrimonio.&nbsp;Y ahora tambi\u00e9n ha empezado a usarlo para planificar las tareas de sus&hellip; <\/p>\n","protected":false},"author":1,"featured_media":1145,"comment_status":"open","ping_status":"open","sticky":false,"template":"","format":"standard","meta":{"_jetpack_memberships_contains_paid_content":false,"footnotes":"","_links_to":"","_links_to_target":""},"categories":[9],"tags":[15,14],"class_list":["post-1140","post","type-post","status-publish","format-standard","has-post-thumbnail","hentry","category-ofimatica","tag-fuprisa","tag-jose-manuel-fuentes-prieto"],"nelio_content":{"autoShareEndMode":"never","automationSources":{"useCustomSentences":false,"customSentences":[]},"efiAlt":"","efiUrl":"","followers":[1],"highlights":[],"isAutoShareEnabled":true,"networkImageIds":[],"permalinkQueryArgs":[],"series":[],"suggestedReferences":[]},"jetpack_featured_media_url":"https:\/\/teletrabajoynegocios.com\/telesecretarias\/wp-content\/uploads\/sites\/2\/2020\/05\/madre-teletrabajando.jpg","jetpack_sharing_enabled":true,"_links":{"self":[{"href":"https:\/\/teletrabajoynegocios.com\/telesecretarias\/wp-json\/wp\/v2\/posts\/1140","targetHints":{"allow":["GET"]}}],"collection":[{"href":"https:\/\/teletrabajoynegocios.com\/telesecretarias\/wp-json\/wp\/v2\/posts"}],"about":[{"href":"https:\/\/teletrabajoynegocios.com\/telesecretarias\/wp-json\/wp\/v2\/types\/post"}],"author":[{"embeddable":true,"href":"https:\/\/teletrabajoynegocios.com\/telesecretarias\/wp-json\/wp\/v2\/users\/1"}],"replies":[{"embeddable":true,"href":"https:\/\/teletrabajoynegocios.com\/telesecretarias\/wp-json\/wp\/v2\/comments?post=1140"}],"version-history":[{"count":1,"href":"https:\/\/teletrabajoynegocios.com\/telesecretarias\/wp-json\/wp\/v2\/posts\/1140\/revisions"}],"predecessor-version":[{"id":1146,"href":"https:\/\/teletrabajoynegocios.com\/telesecretarias\/wp-json\/wp\/v2\/posts\/1140\/revisions\/1146"}],"wp:featuredmedia":[{"embeddable":true,"href":"https:\/\/teletrabajoynegocios.com\/telesecretarias\/wp-json\/wp\/v2\/media\/1145"}],"wp:attachment":[{"href":"https:\/\/teletrabajoynegocios.com\/telesecretarias\/wp-json\/wp\/v2\/media?parent=1140"}],"wp:term":[{"taxonomy":"category","embeddable":true,"href":"https:\/\/teletrabajoynegocios.com\/telesecretarias\/wp-json\/wp\/v2\/categories?post=1140"},{"taxonomy":"post_tag","embeddable":true,"href":"https:\/\/teletrabajoynegocios.com\/telesecretarias\/wp-json\/wp\/v2\/tags?post=1140"}],"curies":[{"name":"wp","href":"https:\/\/api.w.org\/{rel}","templated":true}]}}