{"id":11491,"date":"2022-10-24T10:55:22","date_gmt":"2022-10-24T08:55:22","guid":{"rendered":"https:\/\/teletrabajoynegocios.com\/telesecretarias\/?p=11491"},"modified":"2022-10-24T09:59:37","modified_gmt":"2022-10-24T07:59:37","slug":"como-recuperar-mi-cuenta-y-contrasena-de-facebook","status":"publish","type":"post","link":"https:\/\/teletrabajoynegocios.com\/telesecretarias\/como-recuperar-mi-cuenta-y-contrasena-de-facebook\/","title":{"rendered":"C\u00f3mo recuperar mi cuenta y contrase\u00f1a de Facebook"},"content":{"rendered":"<div id=\"telet-3082327812\" class=\"telet-antes-del-contenido telet-entity-placement\"><a href=\"https:\/\/quaderno.io\/?via=jose-manuel94\" aria-label=\"Quaderno General (Spanish) &#8211; 728&#215;90\"><img loading=\"lazy\" decoding=\"async\" src=\"https:\/\/teletrabajoynegocios.com\/telesecretarias\/wp-content\/uploads\/sites\/2\/2020\/11\/Quaderno-General-Spanish-728x90-1.png\" alt=\"\"  srcset=\"https:\/\/teletrabajoynegocios.com\/telesecretarias\/wp-content\/uploads\/sites\/2\/2020\/11\/Quaderno-General-Spanish-728x90-1.png 728w, https:\/\/teletrabajoynegocios.com\/telesecretarias\/wp-content\/uploads\/sites\/2\/2020\/11\/Quaderno-General-Spanish-728x90-1-300x37.png 300w\" sizes=\"(max-width: 728px) 100vw, 728px\" width=\"728\" height=\"90\"   \/><\/a><\/div><p>Alguna vez a todos se nos ha olvidado el correo o la contrase\u00f1a de nuestra cuenta de Facebook.<strong>\u00a0\u00bfQuieres volver a entrar a tu cuenta de Facebook y no recuerdas la contrase\u00f1a?<\/strong>\u00a0Aqu\u00ed te traemos la soluci\u00f3n.<\/p>\n<p>Tambi\u00e9n existe la opci\u00f3n de que hayas dejado de tener acceso a tu p\u00e1gina de Facebook. Los motivos por los que puede haber pasado esto son:<\/p>\n<ul>\n<li>Alguien que ayuda en la\u00a0<strong>administraci\u00f3n\u00a0<\/strong>de tu p\u00e1gina te ha eliminado o ha cambiado tu rol.<\/li>\n<li>El\u00a0<strong>nombre de tu p\u00e1gina\u00a0<\/strong>es demasiado gen\u00e9rico.<\/li>\n<li>No eres el\u00a0<strong>representante autorizado<\/strong>\u00a0del asunto o el contenido de la p\u00e1gina.<\/li>\n<li>Tu p\u00e1gina ha recibido\u00a0<strong>una denuncia\u00a0<\/strong>y se ha eliminado por vulnerar los derechos de propiedad intelectual de otra persona.<\/li>\n<li><strong>Han pirateado<\/strong>\u00a0la cuenta de alguien que ayuda en la administraci\u00f3n de tu p\u00e1gina.<\/li>\n<\/ul>\n<p>Si tienes problemas en recuperar tu cuenta de Facebook, aqu\u00ed te traemos algunos consejos. Es un problema com\u00fan entre los usuarios, debido a que Google tiene la opci\u00f3n de memorizar los correos y contrase\u00f1as, por lo que no las utilizamos mucho.<\/p>\n<h2>1. Haz clic en la opci\u00f3n \u00abrecupera tu cuenta\u00bb<\/h2>\n<p>La opci\u00f3n m\u00e1s sencilla y r\u00e1pida para recuperar la cuenta de Facebook es mediante\u00a0<strong>\u00ab<a href=\"https:\/\/facebook.com\/login\/identify\" target=\"_blank\" rel=\"noreferrer noopener nofollow\">recupera tu cuenta<\/a>\u00ab<\/strong>. En esta opci\u00f3n, te pide que escribas el correo o la cuenta que te gustar\u00eda recuperar. Es aconsejable utilizar el mismo dispositivo con el que hayas iniciado sesi\u00f3n anteriormente.<\/p>\n<p>Una vez que has escrito el nombre, la direcci\u00f3n de correo electr\u00f3nico o el n\u00famero de tel\u00e9fono,\u00a0<strong>Facebook te aporta los pasos a seguir para cambiar la contrase\u00f1a de la cuenta.<\/strong><\/p>\n<ul>\n<li>Haz clic en tu\u00a0<strong>foto del perfil<\/strong>\u00a0en la parte superior derecha de Facebook.<\/li>\n<li>Selecciona\u00a0<strong>Configuraci\u00f3n y privacidad<\/strong>\u00a0y, luego, haz clic en Configuraci\u00f3n.<\/li>\n<li>Haz clic en\u00a0<strong>Seguridad\u00a0<\/strong>e inicio de sesi\u00f3n.<\/li>\n<li>Haz clic en\u00a0<strong>Editar\u00a0<\/strong>junto a Cambiar contrase\u00f1a.<\/li>\n<li>Escribe la contrase\u00f1a actual y la nueva.<\/li>\n<li>Haz clic en\u00a0<strong>Guardar cambios.<\/strong>\u00a0No lo olvides, o estos pasos no servir\u00e1n para recuperar tu contrase\u00f1a.<\/li>\n<\/ul>\n<p><strong>Para cambiar tu contrase\u00f1a de Facebook cuando ya has iniciado sesi\u00f3n<\/strong>:<\/p>\n<ul>\n<li>Haz clic en tu foto del perfil en la parte superior derecha de Facebook.<\/li>\n<li>Selecciona Configuraci\u00f3n y privacidad y, despu\u00e9s, haz clic en Configuraci\u00f3n.<\/li>\n<li>Haz clic en Seguridad e inicio de sesi\u00f3n.<\/li>\n<li>Haz clic en Editar junto a Cambiar contrase\u00f1a.<\/li>\n<li>Escribe la contrase\u00f1a actual y la nueva.<\/li>\n<li>Haz clic en Guardar cambios.<\/li>\n<\/ul>\n<h2>2. Recuperar la cuenta de Facebook desde la de un amigo o familiar<\/h2>\n<p>Es posible que a trav\u00e9s de tus propios medios no consigas recuperar la contrase\u00f1a, por lo que<strong>\u00a0otra opci\u00f3n es conseguirla a trav\u00e9s de la cuenta de un amigo o familiar.<\/strong><\/p>\n<p>Desde un ordenador, podemos ir al perfil de la cuenta que queremos recuperar y hacer clic en los tres puntos debajo de la portada. Tras esto,\u00a0<strong>seleccionamos la opci\u00f3n: buscar ayuda o reportar.<\/strong><\/p>\n<p>Debemos elegir\u00a0<strong>\u00abotro problema\u00bb\u00a0<\/strong>y hacer clic en siguiente. Una vez hayamos conseguido todo esto, aparecer\u00e1 la opci\u00f3n de recuperar esta cuenta.<\/p>\n<hr \/>\n<p><img decoding=\"async\" src=\"https:\/\/teletrabajoynegocios.com\/teletrabajador\/wp-content\/uploads\/sites\/3\/2020\/07\/articulos.png\" \/><\/p>\n<div class=\"wp-rss-template-container\" data-wpra-template=\"default\" data-template-ctx=\"W10=\">\n    <div class=\"wp-rss-aggregator wpra-list-template  \" data-page=\"1\">\n    \n    \n<ul class=\"wpra-item-list rss-aggregator wpra-item-list--bullets wpra-item-list--default\"\n    start=\"1\">\n                        <li class=\"wpra-item feed-item \">\n            \n            \n\n    <a  href=\"https:\/\/distritoemprendedores.com\/blog\/2026\/03\/16\/hello-world\/\" target=\"_blank\" rel=\"nofollow\" class=\"\">Hello world!<\/a>\n\n\n\n\n\n\n<div class=\"wprss-feed-meta\">\n            <span class=\"feed-source\">\n            Source:\n\n                            Distrito Emprendedores\n                    <\/span>\n    \n            <span class=\"feed-date\">\n            Published on 2026-03-16\n        <\/span>\n    \n    <\/div>\n\n\n\n\n\n            \n        <\/li>\n                    <li class=\"wpra-item feed-item \">\n            \n            \n\n    <a  href=\"https:\/\/www.dropbox.com\/scl\/fi\/b6csvpbfxu24vaezmo3es\/62bed0634df20e5ef35346439fdd423f_franquicias.pdf?rlkey=mfp2795s4n89mw35l0yeu2vl5&amp;e=2&amp;st=57kabuy0&amp;dl=0#new_tab\" target=\"_blank\" rel=\"nofollow\" class=\"\">Las franquicias espa\u00f1olas duplican su presencia en mercados for\u00e1neos<\/a>\n\n\n\n\n\n\n<div class=\"wprss-feed-meta\">\n            <span class=\"feed-source\">\n            Source:\n\n                            Distrito Emprendedores\n                    <\/span>\n    \n            <span class=\"feed-date\">\n            Published on 2026-03-11\n        <\/span>\n    \n    <\/div>\n\n\n\n\n\n            \n        <\/li>\n                    <li class=\"wpra-item feed-item \">\n            \n            \n\n    <a  href=\"https:\/\/distritoemprendedores.es\/blog\/5-errores-fatales-al-internacionalizar-tu-franquicia\/\" target=\"_blank\" rel=\"nofollow\" class=\"\">5 errores fatales al internacionalizar tu franquicia<\/a>\n\n\n\n\n\n\n<div class=\"wprss-feed-meta\">\n            <span class=\"feed-source\">\n            Source:\n\n                            Distrito Emprendedores\n                    <\/span>\n    \n            <span class=\"feed-date\">\n            Published on 2026-03-10\n        <\/span>\n    \n    <\/div>\n\n\n\n\n\n            \n        <\/li>\n                    <li class=\"wpra-item feed-item \">\n            \n            \n\n    <a  href=\"https:\/\/distritoemprendedores.es\/blog\/un-nuevo-prime-time-para-las-marcas-afterwork-tardeo-y-futbol-se-consolidan-como-los-grandes-motores-del-consumo-experiencial\/\" target=\"_blank\" rel=\"nofollow\" class=\"\">Un nuevo prime time para las marcas: afterwork, tardeo y f\u00fatbol se consolidan como los grandes motores del consumo experiencial<\/a>\n\n\n\n\n\n\n<div class=\"wprss-feed-meta\">\n            <span class=\"feed-source\">\n            Source:\n\n                            Distrito Emprendedores\n                    <\/span>\n    \n            <span class=\"feed-date\">\n            Published on 2026-03-09\n        <\/span>\n    \n    <\/div>\n\n\n\n\n\n            \n        <\/li>\n                    <li class=\"wpra-item feed-item \">\n            \n            \n\n    <a  href=\"https:\/\/distritoemprendedores.es\/blog\/la-ventaja-competitiva-esta-en-entender-como-pregunta-el-consumidor\/\" target=\"_blank\" rel=\"nofollow\" class=\"\">La ventaja competitiva est\u00e1 en entender c\u00f3mo pregunta el consumidor<\/a>\n\n\n\n\n\n\n<div class=\"wprss-feed-meta\">\n            <span class=\"feed-source\">\n            Source:\n\n                            Distrito Emprendedores\n                    <\/span>\n    \n            <span class=\"feed-date\">\n            Published on 2026-03-08\n        <\/span>\n    \n    <\/div>\n\n\n\n\n\n            \n        <\/li>\n                    <li class=\"wpra-item feed-item \">\n            \n            \n\n    <a  href=\"https:\/\/distritoemprendedores.es\/blog\/solo-el-7-de-los-espanoles-cree-a-las-marcas-cuando-comunican-sus-valores-con-hechos-demostrables\/\" target=\"_blank\" rel=\"nofollow\" class=\"\">Solo el 7% de los espa\u00f1oles cree a las marcas cuando comunican sus valores con hechos demostrables<\/a>\n\n\n\n\n\n\n<div class=\"wprss-feed-meta\">\n            <span class=\"feed-source\">\n            Source:\n\n                            Distrito Emprendedores\n                    <\/span>\n    \n            <span class=\"feed-date\">\n            Published on 2026-03-07\n        <\/span>\n    \n    <\/div>\n\n\n\n\n\n            \n        <\/li>\n                    <li class=\"wpra-item feed-item \">\n            \n            \n\n    <a  href=\"https:\/\/distritoemprendedores.es\/blog\/el-38-de-las-empresas-creadas-en-2019-ha-echado-ya-el-cierre\/\" target=\"_blank\" rel=\"nofollow\" class=\"\">El 38% de las empresas creadas en 2019 ha echado ya el cierre<\/a>\n\n\n\n\n\n\n<div class=\"wprss-feed-meta\">\n            <span class=\"feed-source\">\n            Source:\n\n                            Distrito Emprendedores\n                    <\/span>\n    \n            <span class=\"feed-date\">\n            Published on 2026-03-06\n        <\/span>\n    \n    <\/div>\n\n\n\n\n\n            \n        <\/li>\n                    <li class=\"wpra-item feed-item \">\n            \n            \n\n    <a  href=\"https:\/\/distritoemprendedores.es\/blog\/descubre-las-oportunidades-y-tendencias-en-el-mercado-de-la-franquicia-para-2026\/\" target=\"_blank\" rel=\"nofollow\" class=\"\">Descubre las oportunidades y tendencias en el mercado de la franquicia para 2026<\/a>\n\n\n\n\n\n\n<div class=\"wprss-feed-meta\">\n            <span class=\"feed-source\">\n            Source:\n\n                            Distrito Emprendedores\n                    <\/span>\n    \n            <span class=\"feed-date\">\n            Published on 2026-03-05\n        <\/span>\n    \n    <\/div>\n\n\n\n\n\n            \n        <\/li>\n                    <li class=\"wpra-item feed-item \">\n            \n            \n\n    <a  href=\"https:\/\/distritoemprendedores.es\/blog\/las-startups-de-salud-mas-punteras-del-mundo\/\" target=\"_blank\" rel=\"nofollow\" class=\"\">Las startups de salud m\u00e1s punteras del mundo<\/a>\n\n\n\n\n\n\n<div class=\"wprss-feed-meta\">\n            <span class=\"feed-source\">\n            Source:\n\n                            Distrito Emprendedores\n                    <\/span>\n    \n            <span class=\"feed-date\">\n            Published on 2026-03-04\n        <\/span>\n    \n    <\/div>\n\n\n\n\n\n            \n        <\/li>\n                    <li class=\"wpra-item feed-item \">\n            \n            \n\n    <a  href=\"https:\/\/distritoemprendedores.es\/blog\/puesta-en-marcha-de-un-negocio-primeros-pasos-para-validar-vender-y-controlar-la-tesoreria\/\" target=\"_blank\" rel=\"nofollow\" class=\"\">Puesta en marcha de un negocio: primeros pasos para validar, vender y controlar la tesorer\u00eda<\/a>\n\n\n\n\n\n\n<div class=\"wprss-feed-meta\">\n            <span class=\"feed-source\">\n            Source:\n\n                            Distrito Emprendedores\n                    <\/span>\n    \n            <span class=\"feed-date\">\n            Published on 2026-03-03\n        <\/span>\n    \n    <\/div>\n\n\n\n\n\n            \n        <\/li>\n                    <li class=\"wpra-item feed-item \">\n            \n            \n\n    <a  href=\"https:\/\/distritoemprendedores.es\/blog\/6-franquicias-sin-apenas-competencia-en-el-mercado\/\" target=\"_blank\" rel=\"nofollow\" class=\"\">6 franquicias sin apenas competencia en el mercado<\/a>\n\n\n\n\n\n\n<div class=\"wprss-feed-meta\">\n            <span class=\"feed-source\">\n            Source:\n\n                            Distrito Emprendedores\n                    <\/span>\n    \n            <span class=\"feed-date\">\n            Published on 2026-03-02\n        <\/span>\n    \n    <\/div>\n\n\n\n\n\n            \n        <\/li>\n                    <li class=\"wpra-item feed-item \">\n            \n            \n\n    <a  href=\"https:\/\/digistorage.es\/links\/71d78951-a420-4f5b-8de6-7b35ae7efc1c#new_tab\" target=\"_blank\" rel=\"nofollow\" class=\"\">Los algoritmos amenazan con filtrar las confesiones realizadas al abogado<\/a>\n\n\n\n\n\n\n<div class=\"wprss-feed-meta\">\n            <span class=\"feed-source\">\n            Source:\n\n                            Distrito Emprendedores\n                    <\/span>\n    \n            <span class=\"feed-date\">\n            Published on 2026-03-01\n        <\/span>\n    \n    <\/div>\n\n\n\n\n\n            \n        <\/li>\n                    <li class=\"wpra-item feed-item \">\n            \n            \n\n    <a  href=\"https:\/\/distritoemprendedores.es\/blog\/las-startups-que-mas-innovan-en-el-mundo\/\" target=\"_blank\" rel=\"nofollow\" class=\"\">Las startups que m\u00e1s innovan en el mundo<\/a>\n\n\n\n\n\n\n<div class=\"wprss-feed-meta\">\n            <span class=\"feed-source\">\n            Source:\n\n                            Distrito Emprendedores\n                    <\/span>\n    \n            <span class=\"feed-date\">\n            Published on 2026-02-28\n        <\/span>\n    \n    <\/div>\n\n\n\n\n\n            \n        <\/li>\n                    <li class=\"wpra-item feed-item \">\n            \n            \n\n    <a  href=\"https:\/\/distritoemprendedores.es\/blog\/tiktok-genera-31-000-millones-de-euros-para-las-empresas-europeas-y-3-000-millones-en-espana\/\" target=\"_blank\" rel=\"nofollow\" class=\"\">TikTok genera 31.000 millones de euros para las empresas europeas y 3.000 millones en Espa\u00f1a<\/a>\n\n\n\n\n\n\n<div class=\"wprss-feed-meta\">\n            <span class=\"feed-source\">\n            Source:\n\n                            Distrito Emprendedores\n                    <\/span>\n    \n            <span class=\"feed-date\">\n            Published on 2026-02-27\n        <\/span>\n    \n    <\/div>\n\n\n\n\n\n            \n        <\/li>\n                    <li class=\"wpra-item feed-item \">\n            \n            \n\n    <a  href=\"https:\/\/distritoemprendedores.es\/blog\/amazon-planea-un-marketplace-para-hacer-de-puente-entre-los-publishers-y-las-empresas-de-ia\/\" target=\"_blank\" rel=\"nofollow\" class=\"\">Amazon planea un \u00abmarketplace\u00bb para hacer de puente entre los \u00abpublishers\u00bb y las empresas de IA<\/a>\n\n\n\n\n\n\n<div class=\"wprss-feed-meta\">\n            <span class=\"feed-source\">\n            Source:\n\n                            Distrito Emprendedores\n                    <\/span>\n    \n            <span class=\"feed-date\">\n            Published on 2026-02-26\n        <\/span>\n    \n    <\/div>\n\n\n\n\n\n            \n        <\/li>\n        <\/ul>\n\n        \n<\/div>\n\n<\/div>\n\n<hr \/>\n<h2>3. \u00bfEs posible que Facebook haya inhabilitado mi cuenta y no pueda recuperarla?<\/h2>\n<p>S\u00ed. Una de las posibilidades por la que no podemos recuperar la cuenta es porque Facebook la ha inhabilitado. Podemos descubrir si ha pasado esto al intentar iniciar sesi\u00f3n. Aparecer\u00e1 un mensaje que indica \u00abcuenta inhabilitada\u00bb. Esto puede suceder por haber publicado contenido contrario a las condiciones de Facebook, utilizar un nombre falso, suplantar la identidad de otra persona, conductas t\u00f3xicas o acoso.<\/p>\n<p>Si consideras que es un error, existe el\u00a0<a href=\"https:\/\/es-es.facebook.com\/help\/contact\/260749603972907\" target=\"_blank\" rel=\"noreferrer noopener nofollow\">formulario<\/a>\u00a0de revisi\u00f3n.<\/p>\n<h2>4. \u00bfC\u00f3mo recuperar tu cuenta de Facebook si no tienes acceso a tu correo ni a tu n\u00famero de tel\u00e9fono?<\/h2>\n<p>Si no tienes acceso a ninguna de estas dos opciones, el proceso ser\u00e1 mucho m\u00e1s complicado. En primer lugar y el m\u00e9todo m\u00e1s sencillo es recurrir a tu contacto de confianza. Al crear la cuenta, Facebook te ofrece la posibilidad de configurar contactos para la opci\u00f3n de \u00ab<strong>amigos para contactar en caso de perder acceso a la cuenta<\/strong>\u00ab.<\/p>\n<ul>\n<li>Entra en esta\u00a0<a href=\"https:\/\/www.facebook.com\/login\/identify\/\" target=\"_blank\" rel=\"noreferrer noopener nofollow\">web<\/a>.<\/li>\n<li>Escribe el correo asociado a la cuenta<\/li>\n<li>Existe un bot\u00f3n llamado \u00abrevelar mis contactos de confianza\u00bb<\/li>\n<li>Completa el formulario y copia y pega el enlace a tu contacto.<\/li>\n<li>Te pasar\u00e1 un c\u00f3digo de inicio de sesi\u00f3n.<\/li>\n<\/ul>\n<h2>5. Si tienes problemas para obtener los c\u00f3digos de recuperaci\u00f3n que se env\u00edan a tu tel\u00e9fono o correo electr\u00f3nico<\/h2>\n<p>Los c\u00f3digos de recuperaci\u00f3n son para personas a las que se les pide que confirmen su identidad al intentar iniciar sesi\u00f3n en Facebook.<\/p>\n<ul>\n<li>En ocasiones\u00a0<strong>los c\u00f3digos de confirmaci\u00f3n pueden tardar\u00a0<\/strong>en llegar varios minutos. Simplemente ten paciencia e intenta pedir otro c\u00f3digo si la espera se alarga.<\/li>\n<li><strong>Aseg\u00farate de que el n\u00famero de tel\u00e9fono o correo electr\u00f3nico sean los correctos.<\/strong>\u00a0Si pones los n\u00fameros en el orden incorrecto o no pones el email con el que te diste de alta en la red social, no funcionar\u00e1 este paso. Como recomendaci\u00f3n es importante apuntarse los emails y contrase\u00f1as en unas notas para as\u00ed no olvidarlo.<\/li>\n<li><strong>Si no lo recibes, comprueba Spam o mensajes bloqueados.\u00a0<\/strong>En muchas ocasiones los correos de este tipo son detectados por el algoritmo como mensajes de spam y son enviados a la papelera o a la carpeta, por lo que siempre que esperes recibir un mensaje de este tipo, comprueba estas carpetas.<\/li>\n<li><strong>Comprueba que tengas conexi\u00f3n en el tel\u00e9fono m\u00f3vil u ordenador.\u00a0<\/strong>Si est\u00e1s en alg\u00fan sitio con Wifi, es aconsejable conectarte a este para que la conexi\u00f3n sea m\u00e1s fluida y r\u00e1pida.<\/li>\n<li><strong>Reinicia el dispositivo.\u00a0<\/strong>Es posible que en algunas ocasiones se bloquee o no reciba mensajes por alg\u00fan fallo de software, aseg\u00farate de reiniciarlo y comprobar el mantenimiento del mismo.<\/li>\n<\/ul>\n<h2>6. Google<\/h2>\n<p><strong>Google tiene la opci\u00f3n de guardar tu correo y contrase\u00f1a en \u00abcontrase\u00f1as\u00bb de tu cuenta.<\/strong>\u00a0Comprueba en gmail &lt; gestionar tu cuenta de google &lt; en buscar, escribe \u00abcontrase\u00f1as\u00bb &lt; te pedir\u00e1 escribir la contrase\u00f1a del correo asociado a tu ordenador &lt; ah\u00ed te mostrar\u00e1 todas las contrase\u00f1as guardadas en tu navegador. Al darle al \u00abojo\u00bb, tu\u00a0<strong>contrase\u00f1a\u00a0<\/strong>(que estar\u00e1 escondida con asteriscos) se revelar\u00e1.<\/p>\n<p>Este problema es muy com\u00fan entre los usuarios de Internet y de las redes sociales. Por lo que, gracias a esta gu\u00eda, ya sabes c\u00f3mo recuperar las cuentas y contrase\u00f1as de Facebook.\u00a0<strong>Estos pasos tambi\u00e9n sirven para otras redes sociales como Instagram y Twitter.<\/strong><\/p>\n<p><a href=\"https:\/\/www.marketingdirecto.com\/autor\/cynthia\">Cynthia Reina<\/a><\/p>\n<div id=\"telet-2417331077\" class=\"telet-despues-del-contenido telet-entity-placement\"><a target=\"_blank\" href=\"\/\/aff.lucushost.com\/resources\/click\/?n=gDxoXMAJ&aff=756\"><img decoding=\"async\" border=\"0\" alt=\"LucusHost, el mejor hosting\" src=\"\/\/aff.lucushost.com\/resources\/banners\/?zoneid=5123&n=gDxoXMAJ&aff=756\" \/><\/a><\/div>","protected":false},"excerpt":{"rendered":"<p>Alguna vez a todos se nos ha olvidado el correo o la contrase\u00f1a de nuestra cuenta de Facebook.\u00a0\u00bfQuieres volver a entrar a tu cuenta de Facebook y no recuerdas la&hellip; <\/p>\n","protected":false},"author":1,"featured_media":11492,"comment_status":"open","ping_status":"open","sticky":false,"template":"","format":"standard","meta":{"_jetpack_memberships_contains_paid_content":false,"footnotes":"","_links_to":"","_links_to_target":""},"categories":[11],"tags":[15,14],"class_list":["post-11491","post","type-post","status-publish","format-standard","has-post-thumbnail","hentry","category-redes-sociales","tag-fuprisa","tag-jose-manuel-fuentes-prieto"],"nelio_content":{"autoShareEndMode":"never","automationSources":{"useCustomSentences":false,"customSentences":[]},"efiAlt":"","efiUrl":"","followers":[1],"highlights":[],"isAutoShareEnabled":true,"networkImageIds":[],"permalinkQueryArgs":[],"series":[],"suggestedReferences":[]},"jetpack_featured_media_url":"https:\/\/teletrabajoynegocios.com\/telesecretarias\/wp-content\/uploads\/sites\/2\/2022\/10\/Facebook-1.jpg","jetpack_sharing_enabled":true,"_links":{"self":[{"href":"https:\/\/teletrabajoynegocios.com\/telesecretarias\/wp-json\/wp\/v2\/posts\/11491","targetHints":{"allow":["GET"]}}],"collection":[{"href":"https:\/\/teletrabajoynegocios.com\/telesecretarias\/wp-json\/wp\/v2\/posts"}],"about":[{"href":"https:\/\/teletrabajoynegocios.com\/telesecretarias\/wp-json\/wp\/v2\/types\/post"}],"author":[{"embeddable":true,"href":"https:\/\/teletrabajoynegocios.com\/telesecretarias\/wp-json\/wp\/v2\/users\/1"}],"replies":[{"embeddable":true,"href":"https:\/\/teletrabajoynegocios.com\/telesecretarias\/wp-json\/wp\/v2\/comments?post=11491"}],"version-history":[{"count":1,"href":"https:\/\/teletrabajoynegocios.com\/telesecretarias\/wp-json\/wp\/v2\/posts\/11491\/revisions"}],"predecessor-version":[{"id":11493,"href":"https:\/\/teletrabajoynegocios.com\/telesecretarias\/wp-json\/wp\/v2\/posts\/11491\/revisions\/11493"}],"wp:featuredmedia":[{"embeddable":true,"href":"https:\/\/teletrabajoynegocios.com\/telesecretarias\/wp-json\/wp\/v2\/media\/11492"}],"wp:attachment":[{"href":"https:\/\/teletrabajoynegocios.com\/telesecretarias\/wp-json\/wp\/v2\/media?parent=11491"}],"wp:term":[{"taxonomy":"category","embeddable":true,"href":"https:\/\/teletrabajoynegocios.com\/telesecretarias\/wp-json\/wp\/v2\/categories?post=11491"},{"taxonomy":"post_tag","embeddable":true,"href":"https:\/\/teletrabajoynegocios.com\/telesecretarias\/wp-json\/wp\/v2\/tags?post=11491"}],"curies":[{"name":"wp","href":"https:\/\/api.w.org\/{rel}","templated":true}]}}