{"id":11511,"date":"2022-10-29T11:04:21","date_gmt":"2022-10-29T09:04:21","guid":{"rendered":"https:\/\/teletrabajoynegocios.com\/telesecretarias\/?p=11511"},"modified":"2022-10-24T13:48:37","modified_gmt":"2022-10-24T11:48:37","slug":"metas-emocionales-formas-de-lograr-el-bienestar-psicologico","status":"publish","type":"post","link":"https:\/\/teletrabajoynegocios.com\/telesecretarias\/metas-emocionales-formas-de-lograr-el-bienestar-psicologico\/","title":{"rendered":"Metas emocionales: formas de lograr el bienestar psicol\u00f3gico"},"content":{"rendered":"<div id=\"telet-561183865\" class=\"telet-antes-del-contenido telet-entity-placement\"><a href=\"https:\/\/quaderno.io\/?via=jose-manuel94\" aria-label=\"Quaderno General (Spanish) &#8211; 728&#215;90\"><img loading=\"lazy\" decoding=\"async\" src=\"https:\/\/teletrabajoynegocios.com\/telesecretarias\/wp-content\/uploads\/sites\/2\/2020\/11\/Quaderno-General-Spanish-728x90-1.png\" alt=\"\"  srcset=\"https:\/\/teletrabajoynegocios.com\/telesecretarias\/wp-content\/uploads\/sites\/2\/2020\/11\/Quaderno-General-Spanish-728x90-1.png 728w, https:\/\/teletrabajoynegocios.com\/telesecretarias\/wp-content\/uploads\/sites\/2\/2020\/11\/Quaderno-General-Spanish-728x90-1-300x37.png 300w\" sizes=\"(max-width: 728px) 100vw, 728px\" width=\"728\" height=\"90\"   \/><\/a><\/div><p>Tenemos gobierno sobre nuestro mundo emocional. Afortunadamente no somos barcos a merced del viento; sin embargo, este poder sirve de poco si no somos conscientes de \u00e9l. La pregunta es, \u00bfpor qu\u00e9 hacemos tan pocos planes para sentirnos mejor?<\/p>\n<p class=\"jsx-4098198752 c--grey-neutral-800\">\u00bfTenemos un control absoluto sobre c\u00f3mo nos sentimos? No. \u00bfPodemos hacer planteamientos, y ejecutarlos despu\u00e9s, de manera que nuestro estado emocional cambie de una manera conscientemente dirigida? S\u00ed.<\/p>\n<p class=\"jsx-4098198752 c--grey-neutral-800\">Enfado, decepci\u00f3n, ira, frustraci\u00f3n, miedo, angustia\u2026 Las emociones de valencia negativa tienen muchos rostros y orquestan profundos malestares. En este contexto, uno de nuestros objetivos m\u00e1s importantes tendr\u00eda que ser comprender y gestionar todas esas realidades.<\/p>\n<p class=\"jsx-4098198752 c--grey-neutral-800\">Pasar de la esclavitud emocional al autodominio emocional requiere ponernos metas.<strong>\u00a0Hacernos cargo de lo que sentimos nos permitir\u00e1 lograr lo que deseamos.<\/strong>\u00a0Tambi\u00e9n, relacionarnos mucho mejor con los dem\u00e1s y tener un mayor control sobre nuestras vidas. Al igual que nos marcamos prop\u00f3sitos personales, econ\u00f3micos o relativos a la salud f\u00edsica, deber\u00edamos hacer lo mismo en esta materia.<\/p>\n<p class=\"jsx-4098198752 c--grey-neutral-800\">Al fin y al cabo, el \u00e1mbito emocional domina toda nuestra existencia. Es el art\u00edfice de todo lo que somos, decidimos y llevamos a cabo. Mejorar la gesti\u00f3n en este plano se traduce, casi de manera inevitable, en un aumento de la sensaci\u00f3n de control.\u00a0<strong>Lograr objetivos emocionales es una estrategia de gran valor en la que vale la pena profundizar.<\/strong><\/p>\n<div class=\"article-quote bc--secondary-50 ptb--big p--relative mb--normal mt--x-big\">\n<blockquote class=\"jsx-2118601352 jsx-2746653886 plr--big pt--big\">\n<div class=\"jsx-2118601352 jsx-2746653886 quote__text ta--center fs--italic lh--2 fs--normal ff--serif ls--medium c--secondary-800\">\n<p class=\"jsx-4098198752 c--grey-neutral-800\"><em>Vivir con un adecuado bienestar emocional es un maravilloso regalo que puedes darte a ti mismo aprendiendo a comprender, regular y canalizar cada uno de esos estados psicofisiol\u00f3gicos.<\/em><\/p>\n<\/div>\n<\/blockquote>\n<h2 id=\"que-son-las-metas-emocionales\" class=\"jsx-3692753319 jsx-2566528898 c--main-600  mt--x-big pt--normal\">\u00bfQu\u00e9 son las metas emocionales?<\/h2>\n<p class=\"jsx-4098198752 c--grey-neutral-800\">Hace solo unos meses se llev\u00f3 a cabo una\u00a0<a class=\"jsx-151512268 jsx-1474443579 default-a-link is--underline c--secondary-600 is--underline\" href=\"https:\/\/pubmed.ncbi.nlm.nih.gov\/36045615\/\" target=\"_blank\" rel=\"noopener\" data-with-google-events=\"true\" data-google-events=\"{&quot;data&quot;:{&quot;action&quot;:&quot;click&quot;,&quot;category&quot;:&quot;Content&quot;,&quot;label&quot;:&quot;Related \/metas-emocionales-formas-lograr-bienestar-psicologico\/&quot;,&quot;value&quot;:&quot;https:\/\/pubmed.ncbi.nlm.nih.gov\/36045615\/&quot;}}\">investigaci\u00f3n<\/a>\u00a0por parte de la Universidad Liverpool Hope, la Universidad de Warwick y la Universidad Aut\u00f3noma de Madrid. El objetivo era profundizar en los objetivos emocionales que las personas nos marcamos a lo largo de nuestra vida, desde la ni\u00f1ez hasta la madurez.<\/p>\n<p class=\"jsx-4098198752 c--grey-neutral-800\">Algo que qued\u00f3 en evidencia en este trabajo es que, para el ser humano,\u00a0<strong>las emociones no son solo formas en que nos sentimos: tambi\u00e9n son mecanismos para hacernos con el control de nuestras vidas<\/strong>. No estamos \u00fanicamente ante estados psicof\u00edsicos que nos abruman, que nos traen felicidad, desesperaci\u00f3n, p\u00e1nico o esperanza.<\/p>\n<hr \/>\n<\/div>\n<p><img decoding=\"async\" src=\"https:\/\/teletrabajoynegocios.com\/teletrabajador\/wp-content\/uploads\/sites\/3\/2020\/07\/articulos.png\" \/><\/p>\n<div class=\"wp-rss-template-container\" data-wpra-template=\"default\" data-template-ctx=\"W10=\">\n    <div class=\"wp-rss-aggregator wpra-list-template  \" data-page=\"1\">\n    \n    \n<ul class=\"wpra-item-list rss-aggregator wpra-item-list--bullets wpra-item-list--default\"\n    start=\"1\">\n                        <li class=\"wpra-item feed-item \">\n            \n            \n\n    <a  href=\"https:\/\/distritoemprendedores.com\/blog\/2026\/03\/16\/hello-world\/\" target=\"_blank\" rel=\"nofollow\" class=\"\">Hello world!<\/a>\n\n\n\n\n\n\n<div class=\"wprss-feed-meta\">\n            <span class=\"feed-source\">\n            Source:\n\n                            Distrito Emprendedores\n                    <\/span>\n    \n            <span class=\"feed-date\">\n            Published on 2026-03-16\n        <\/span>\n    \n    <\/div>\n\n\n\n\n\n            \n        <\/li>\n                    <li class=\"wpra-item feed-item \">\n            \n            \n\n    <a  href=\"https:\/\/www.dropbox.com\/scl\/fi\/b6csvpbfxu24vaezmo3es\/62bed0634df20e5ef35346439fdd423f_franquicias.pdf?rlkey=mfp2795s4n89mw35l0yeu2vl5&amp;e=2&amp;st=57kabuy0&amp;dl=0#new_tab\" target=\"_blank\" rel=\"nofollow\" class=\"\">Las franquicias espa\u00f1olas duplican su presencia en mercados for\u00e1neos<\/a>\n\n\n\n\n\n\n<div class=\"wprss-feed-meta\">\n            <span class=\"feed-source\">\n            Source:\n\n                            Distrito Emprendedores\n                    <\/span>\n    \n            <span class=\"feed-date\">\n            Published on 2026-03-11\n        <\/span>\n    \n    <\/div>\n\n\n\n\n\n            \n        <\/li>\n                    <li class=\"wpra-item feed-item \">\n            \n            \n\n    <a  href=\"https:\/\/distritoemprendedores.es\/blog\/5-errores-fatales-al-internacionalizar-tu-franquicia\/\" target=\"_blank\" rel=\"nofollow\" class=\"\">5 errores fatales al internacionalizar tu franquicia<\/a>\n\n\n\n\n\n\n<div class=\"wprss-feed-meta\">\n            <span class=\"feed-source\">\n            Source:\n\n                            Distrito Emprendedores\n                    <\/span>\n    \n            <span class=\"feed-date\">\n            Published on 2026-03-10\n        <\/span>\n    \n    <\/div>\n\n\n\n\n\n            \n        <\/li>\n                    <li class=\"wpra-item feed-item \">\n            \n            \n\n    <a  href=\"https:\/\/distritoemprendedores.es\/blog\/un-nuevo-prime-time-para-las-marcas-afterwork-tardeo-y-futbol-se-consolidan-como-los-grandes-motores-del-consumo-experiencial\/\" target=\"_blank\" rel=\"nofollow\" class=\"\">Un nuevo prime time para las marcas: afterwork, tardeo y f\u00fatbol se consolidan como los grandes motores del consumo experiencial<\/a>\n\n\n\n\n\n\n<div class=\"wprss-feed-meta\">\n            <span class=\"feed-source\">\n            Source:\n\n                            Distrito Emprendedores\n                    <\/span>\n    \n            <span class=\"feed-date\">\n            Published on 2026-03-09\n        <\/span>\n    \n    <\/div>\n\n\n\n\n\n            \n        <\/li>\n                    <li class=\"wpra-item feed-item \">\n            \n            \n\n    <a  href=\"https:\/\/distritoemprendedores.es\/blog\/la-ventaja-competitiva-esta-en-entender-como-pregunta-el-consumidor\/\" target=\"_blank\" rel=\"nofollow\" class=\"\">La ventaja competitiva est\u00e1 en entender c\u00f3mo pregunta el consumidor<\/a>\n\n\n\n\n\n\n<div class=\"wprss-feed-meta\">\n            <span class=\"feed-source\">\n            Source:\n\n                            Distrito Emprendedores\n                    <\/span>\n    \n            <span class=\"feed-date\">\n            Published on 2026-03-08\n        <\/span>\n    \n    <\/div>\n\n\n\n\n\n            \n        <\/li>\n                    <li class=\"wpra-item feed-item \">\n            \n            \n\n    <a  href=\"https:\/\/distritoemprendedores.es\/blog\/solo-el-7-de-los-espanoles-cree-a-las-marcas-cuando-comunican-sus-valores-con-hechos-demostrables\/\" target=\"_blank\" rel=\"nofollow\" class=\"\">Solo el 7% de los espa\u00f1oles cree a las marcas cuando comunican sus valores con hechos demostrables<\/a>\n\n\n\n\n\n\n<div class=\"wprss-feed-meta\">\n            <span class=\"feed-source\">\n            Source:\n\n                            Distrito Emprendedores\n                    <\/span>\n    \n            <span class=\"feed-date\">\n            Published on 2026-03-07\n        <\/span>\n    \n    <\/div>\n\n\n\n\n\n            \n        <\/li>\n                    <li class=\"wpra-item feed-item \">\n            \n            \n\n    <a  href=\"https:\/\/distritoemprendedores.es\/blog\/el-38-de-las-empresas-creadas-en-2019-ha-echado-ya-el-cierre\/\" target=\"_blank\" rel=\"nofollow\" class=\"\">El 38% de las empresas creadas en 2019 ha echado ya el cierre<\/a>\n\n\n\n\n\n\n<div class=\"wprss-feed-meta\">\n            <span class=\"feed-source\">\n            Source:\n\n                            Distrito Emprendedores\n                    <\/span>\n    \n            <span class=\"feed-date\">\n            Published on 2026-03-06\n        <\/span>\n    \n    <\/div>\n\n\n\n\n\n            \n        <\/li>\n                    <li class=\"wpra-item feed-item \">\n            \n            \n\n    <a  href=\"https:\/\/distritoemprendedores.es\/blog\/descubre-las-oportunidades-y-tendencias-en-el-mercado-de-la-franquicia-para-2026\/\" target=\"_blank\" rel=\"nofollow\" class=\"\">Descubre las oportunidades y tendencias en el mercado de la franquicia para 2026<\/a>\n\n\n\n\n\n\n<div class=\"wprss-feed-meta\">\n            <span class=\"feed-source\">\n            Source:\n\n                            Distrito Emprendedores\n                    <\/span>\n    \n            <span class=\"feed-date\">\n            Published on 2026-03-05\n        <\/span>\n    \n    <\/div>\n\n\n\n\n\n            \n        <\/li>\n                    <li class=\"wpra-item feed-item \">\n            \n            \n\n    <a  href=\"https:\/\/distritoemprendedores.es\/blog\/las-startups-de-salud-mas-punteras-del-mundo\/\" target=\"_blank\" rel=\"nofollow\" class=\"\">Las startups de salud m\u00e1s punteras del mundo<\/a>\n\n\n\n\n\n\n<div class=\"wprss-feed-meta\">\n            <span class=\"feed-source\">\n            Source:\n\n                            Distrito Emprendedores\n                    <\/span>\n    \n            <span class=\"feed-date\">\n            Published on 2026-03-04\n        <\/span>\n    \n    <\/div>\n\n\n\n\n\n            \n        <\/li>\n                    <li class=\"wpra-item feed-item \">\n            \n            \n\n    <a  href=\"https:\/\/distritoemprendedores.es\/blog\/puesta-en-marcha-de-un-negocio-primeros-pasos-para-validar-vender-y-controlar-la-tesoreria\/\" target=\"_blank\" rel=\"nofollow\" class=\"\">Puesta en marcha de un negocio: primeros pasos para validar, vender y controlar la tesorer\u00eda<\/a>\n\n\n\n\n\n\n<div class=\"wprss-feed-meta\">\n            <span class=\"feed-source\">\n            Source:\n\n                            Distrito Emprendedores\n                    <\/span>\n    \n            <span class=\"feed-date\">\n            Published on 2026-03-03\n        <\/span>\n    \n    <\/div>\n\n\n\n\n\n            \n        <\/li>\n                    <li class=\"wpra-item feed-item \">\n            \n            \n\n    <a  href=\"https:\/\/distritoemprendedores.es\/blog\/6-franquicias-sin-apenas-competencia-en-el-mercado\/\" target=\"_blank\" rel=\"nofollow\" class=\"\">6 franquicias sin apenas competencia en el mercado<\/a>\n\n\n\n\n\n\n<div class=\"wprss-feed-meta\">\n            <span class=\"feed-source\">\n            Source:\n\n                            Distrito Emprendedores\n                    <\/span>\n    \n            <span class=\"feed-date\">\n            Published on 2026-03-02\n        <\/span>\n    \n    <\/div>\n\n\n\n\n\n            \n        <\/li>\n                    <li class=\"wpra-item feed-item \">\n            \n            \n\n    <a  href=\"https:\/\/digistorage.es\/links\/71d78951-a420-4f5b-8de6-7b35ae7efc1c#new_tab\" target=\"_blank\" rel=\"nofollow\" class=\"\">Los algoritmos amenazan con filtrar las confesiones realizadas al abogado<\/a>\n\n\n\n\n\n\n<div class=\"wprss-feed-meta\">\n            <span class=\"feed-source\">\n            Source:\n\n                            Distrito Emprendedores\n                    <\/span>\n    \n            <span class=\"feed-date\">\n            Published on 2026-03-01\n        <\/span>\n    \n    <\/div>\n\n\n\n\n\n            \n        <\/li>\n                    <li class=\"wpra-item feed-item \">\n            \n            \n\n    <a  href=\"https:\/\/distritoemprendedores.es\/blog\/las-startups-que-mas-innovan-en-el-mundo\/\" target=\"_blank\" rel=\"nofollow\" class=\"\">Las startups que m\u00e1s innovan en el mundo<\/a>\n\n\n\n\n\n\n<div class=\"wprss-feed-meta\">\n            <span class=\"feed-source\">\n            Source:\n\n                            Distrito Emprendedores\n                    <\/span>\n    \n            <span class=\"feed-date\">\n            Published on 2026-02-28\n        <\/span>\n    \n    <\/div>\n\n\n\n\n\n            \n        <\/li>\n                    <li class=\"wpra-item feed-item \">\n            \n            \n\n    <a  href=\"https:\/\/distritoemprendedores.es\/blog\/tiktok-genera-31-000-millones-de-euros-para-las-empresas-europeas-y-3-000-millones-en-espana\/\" target=\"_blank\" rel=\"nofollow\" class=\"\">TikTok genera 31.000 millones de euros para las empresas europeas y 3.000 millones en Espa\u00f1a<\/a>\n\n\n\n\n\n\n<div class=\"wprss-feed-meta\">\n            <span class=\"feed-source\">\n            Source:\n\n                            Distrito Emprendedores\n                    <\/span>\n    \n            <span class=\"feed-date\">\n            Published on 2026-02-27\n        <\/span>\n    \n    <\/div>\n\n\n\n\n\n            \n        <\/li>\n                    <li class=\"wpra-item feed-item \">\n            \n            \n\n    <a  href=\"https:\/\/distritoemprendedores.es\/blog\/amazon-planea-un-marketplace-para-hacer-de-puente-entre-los-publishers-y-las-empresas-de-ia\/\" target=\"_blank\" rel=\"nofollow\" class=\"\">Amazon planea un \u00abmarketplace\u00bb para hacer de puente entre los \u00abpublishers\u00bb y las empresas de IA<\/a>\n\n\n\n\n\n\n<div class=\"wprss-feed-meta\">\n            <span class=\"feed-source\">\n            Source:\n\n                            Distrito Emprendedores\n                    <\/span>\n    \n            <span class=\"feed-date\">\n            Published on 2026-02-26\n        <\/span>\n    \n    <\/div>\n\n\n\n\n\n            \n        <\/li>\n        <\/ul>\n\n        \n<\/div>\n\n<\/div>\n\n<hr \/>\n<p class=\"jsx-4098198752 c--grey-neutral-800\"><strong>Cuando tomamos conciencia del poder para gobernar nuestro mundo emocional, podemos empezar a marcarnos objetivos<\/strong>. Es decir, empezamos a hacer planes de actuaci\u00f3n para conseguir objetivos, de la misma forma que lo hacemos en otros \u00e1mbitos, lo que es una herramienta fabulosa para el bienestar psicol\u00f3gico.<\/p>\n<p class=\"jsx-4098198752 c--grey-neutral-800\"><strong>Las metas emocionales son reacciones o estados que deseamos experimentar al practicar una adecuada gesti\u00f3n o regulaci\u00f3n de dichos estados<\/strong>. Por ejemplo, yo puedo ponerme como meta mantener la calma en la exposici\u00f3n de mi trabajo para no hacer el rid\u00edculo y lograr una buena nota. Tambi\u00e9n puedo marcarme como prop\u00f3sito no enfadarme y perder los papeles cuando hablo con un compa\u00f1ero de trabajo con el que no me llevo bien. Conozcamos m\u00e1s datos.<\/p>\n<div class=\"article-quote bc--secondary-50 ptb--big p--relative mb--normal mt--x-big\">\n<blockquote class=\"jsx-2118601352 jsx-2746653886 plr--big pt--big\">\n<div class=\"jsx-2118601352 jsx-2746653886 quote__text ta--center fs--italic lh--2 fs--normal ff--serif ls--medium c--secondary-800\">\n<p class=\"jsx-4098198752 c--grey-neutral-800\"><em>Decidir qu\u00e9 hacer con tus emociones, en lugar de permitir que ellas decidan por ti, debe ser una de tus metas prioritarias en tu d\u00eda a d\u00eda.<\/em><\/p>\n<\/div>\n<\/blockquote>\n<\/div>\n<h3 id=\"que-tipos-de-objetivos-o-metas-emocionales-existen\" class=\"jsx-3692753319 jsx-2566528898 c--main-600  mt--x-big pt--normal\">\u00bfQu\u00e9 tipos de objetivos o metas emocionales existen?<\/h3>\n<p class=\"jsx-4098198752 c--grey-neutral-800\"><strong>Hay dos tipos de metas emocionales.<\/strong>\u00a0Son dos estrategias que, de alg\u00fan modo, todos hemos experimentado y llevado a cabo m\u00e1s de una vez sin darnos cuenta. Son las siguientes:<\/p>\n<ul class=\"jsx-43291209 list-on-content mlr--x-big mtb--big c--grey-neutral-800 lh--1-8 ff--serif lst--disc\">\n<li><strong>Metas hed\u00f3nicas:<\/strong>\u00a0consisten en promover una serie de conductas que nos permitan sentirnos bien. La persona que experimenta un gran\u00a0<a class=\"jsx-151512268 jsx-1474443579 default-a-link is--underline c--secondary-600 is--underline\" href=\"https:\/\/www.ncbi.nlm.nih.gov\/pmc\/articles\/PMC2568977\/\" target=\"_blank\" rel=\"noopener\" data-with-google-events=\"true\" data-google-events=\"{&quot;data&quot;:{&quot;action&quot;:&quot;click&quot;,&quot;category&quot;:&quot;Content&quot;,&quot;label&quot;:&quot;Related \/metas-emocionales-formas-lograr-bienestar-psicologico\/&quot;,&quot;value&quot;:&quot;https:\/\/www.ncbi.nlm.nih.gov\/pmc\/articles\/PMC2568977\/&quot;}}\">estr\u00e9s<\/a>\u00a0en el trabajo y que se propone pasarlo bien durante el fin de semana sin pensar en nada m\u00e1s es un ejemplo de ello.<\/li>\n<li><strong>Las metas instrumentales en materia emocional son las m\u00e1s \u00fatiles y beneficiosas para el bienestar psicol\u00f3gico<\/strong>. Consisten en promover estrategias \u00fatiles con las que reducir las emociones de valencia negativa en un contexto concreto. En este caso, no se usa la emoci\u00f3n\u00a0<a class=\"jsx-151512268 jsx-1474443579 default-a-link is--underline c--secondary-600 is--underline\" href=\"https:\/\/lamenteesmaravillosa.com\/adaptacion-hedonista-por-que-nunca-somos-lo-suficientemente-felices\/\" target=\"_self\" rel=\"noopener\" data-with-google-events=\"true\" data-google-events=\"{&quot;data&quot;:{&quot;action&quot;:&quot;click&quot;,&quot;category&quot;:&quot;Content&quot;,&quot;label&quot;:&quot;Related \/metas-emocionales-formas-lograr-bienestar-psicologico\/&quot;,&quot;value&quot;:&quot;https:\/\/lamenteesmaravillosa.com\/adaptacion-hedonista-por-que-nunca-somos-lo-suficientemente-felices\/&quot;}}\">hed\u00f3nica<\/a>\u00a0y placentera como mecanismo de escape, sino que se propone regular y manejar ese estado problem\u00e1tico. Afrontarlo sin eludir.<\/li>\n<\/ul>\n<div class=\"article-quote bc--secondary-50 ptb--big p--relative mb--normal mt--x-big\">\n<blockquote class=\"jsx-2118601352 jsx-2746653886 plr--big pt--big\">\n<div class=\"jsx-2118601352 jsx-2746653886 quote__text ta--center fs--italic lh--2 fs--normal ff--serif ls--medium c--secondary-800\">\n<p class=\"jsx-4098198752 c--grey-neutral-800\"><em>Para mejorar nuestra regulaci\u00f3n emocional, nos ser\u00e1 \u00fatil hacernos la siguiente pregunta: \u00bfc\u00f3mo me quiero sentir en esta situaci\u00f3n? Esto nos permitir\u00e1 marcarnos prop\u00f3sitos y mejores mecanismos de control.<\/em><\/p>\n<\/div>\n<\/blockquote>\n<h2 id=\"como-marcarnos-metas-emocionales-de-tipo-instrumental\" class=\"jsx-3692753319 jsx-2566528898 c--main-600  mt--x-big pt--normal\">C\u00f3mo marcarnos metas emocionales de tipo instrumental<\/h2>\n<p class=\"jsx-4098198752 c--grey-neutral-800\">Las metas instrumentales en materia emocional nos dicen que hay situaciones y contextos en los que es com\u00fan sentirnos m\u00e1s atosigados, estresados o preocupados. As\u00ed,\u00a0<strong>cuando tengamos un desaf\u00edo personal por delante, es interesante hacernos la siguiente pregunta: \u00bfc\u00f3mo me gustar\u00eda sentirme en esa situaci\u00f3n?<\/strong><\/p>\n<p class=\"jsx-4098198752 c--grey-neutral-800\">Imaginemos que tenemos un trabajo estresante o que hay alguien que nos incomoda o nos hace enfadar con frecuencia. En estos casos, podemos marcarnos la meta emocional de poder actuar con mayor autocontrol y solvencia. El objetivo no es \u201cdisfrutar\u201d o experimentar emociones hed\u00f3nicas y placenteras. Lo que queremos es no salir da\u00f1ados, estar en calma. Actuar en equilibrio.<\/p>\n<p class=\"jsx-4098198752 c--grey-neutral-800\">En estos casos, las metas instrumentales nos proponen reflexionar en lo siguiente:<\/p>\n<ul class=\"jsx-43291209 list-on-content mlr--x-big mtb--big c--grey-neutral-800 lh--1-8 ff--serif lst--disc\">\n<li><strong>Todas las emociones son \u00fatiles, incluidas las negativas.<\/strong>\u00a0La ira, el enfado o la angustia solo te est\u00e1n avisando de alguna amenaza ante la que debes actuar. Y para ello necesitas meditar en calma y aplicar soluciones a los problemas.<\/li>\n<li><strong>No podemos dejarnos llevar por las emociones sentidas.<\/strong>\u00a0Para evitar esos \u201csecuestros\u201d, razonemos, respiremos profundo y valoremos qu\u00e9 hacer antes de reaccionar.<\/li>\n<li>Debemos asumir que no estamos a merced de nuestras emociones. Todos somos capaces de desarrollar estrategias para modular dichos estados y usarlos a nuestro favor.<\/li>\n<\/ul>\n<p class=\"jsx-4098198752 c--grey-neutral-800\">Pasar de la esclavitud emocional al autodominio de las emociones requiere tiempo y adecuadas estrategias. Nadie aprende de un d\u00eda para otro, pero con voluntad, enfoque y paciencia, nos alzaremos como eficaces gestores de ese universo tan decisivo en nuestras vidas.<\/p>\n<\/div>\n<p><a class=\"jsx-151512268 jsx-1596958326 default-a-link is--underline c--grey-neutral-800  link-tool-tip jsx-2288154920 jsx-986712099\" href=\"https:\/\/lamenteesmaravillosa.com\/autor\/valeria-sabater\/\" target=\"_self\" rel=\"noopener\"><strong>Valeria Sabater<\/strong><\/a>.<\/p>\n<div id=\"telet-2317071389\" class=\"telet-despues-del-contenido telet-entity-placement\"><a target=\"_blank\" href=\"\/\/aff.lucushost.com\/resources\/click\/?n=gDxoXMAJ&aff=756\"><img decoding=\"async\" border=\"0\" alt=\"LucusHost, el mejor hosting\" src=\"\/\/aff.lucushost.com\/resources\/banners\/?zoneid=5123&n=gDxoXMAJ&aff=756\" \/><\/a><\/div>","protected":false},"excerpt":{"rendered":"<p>Tenemos gobierno sobre nuestro mundo emocional. Afortunadamente no somos barcos a merced del viento; sin embargo, este poder sirve de poco si no somos conscientes de \u00e9l. La pregunta es,&hellip; <\/p>\n","protected":false},"author":1,"featured_media":502,"comment_status":"open","ping_status":"open","sticky":false,"template":"","format":"standard","meta":{"_jetpack_memberships_contains_paid_content":false,"footnotes":"","_links_to":"","_links_to_target":""},"categories":[1],"tags":[15,14],"class_list":["post-11511","post","type-post","status-publish","format-standard","has-post-thumbnail","hentry","category-telesecretarias","tag-fuprisa","tag-jose-manuel-fuentes-prieto"],"nelio_content":{"autoShareEndMode":"never","automationSources":{"useCustomSentences":false,"customSentences":[]},"efiAlt":"","efiUrl":"","followers":[1],"highlights":[],"isAutoShareEnabled":true,"networkImageIds":[],"permalinkQueryArgs":[],"series":[],"suggestedReferences":[]},"jetpack_featured_media_url":"https:\/\/teletrabajoynegocios.com\/telesecretarias\/wp-content\/uploads\/sites\/2\/2020\/02\/chica-con-ojos-cerrados.jpg","jetpack_sharing_enabled":true,"_links":{"self":[{"href":"https:\/\/teletrabajoynegocios.com\/telesecretarias\/wp-json\/wp\/v2\/posts\/11511","targetHints":{"allow":["GET"]}}],"collection":[{"href":"https:\/\/teletrabajoynegocios.com\/telesecretarias\/wp-json\/wp\/v2\/posts"}],"about":[{"href":"https:\/\/teletrabajoynegocios.com\/telesecretarias\/wp-json\/wp\/v2\/types\/post"}],"author":[{"embeddable":true,"href":"https:\/\/teletrabajoynegocios.com\/telesecretarias\/wp-json\/wp\/v2\/users\/1"}],"replies":[{"embeddable":true,"href":"https:\/\/teletrabajoynegocios.com\/telesecretarias\/wp-json\/wp\/v2\/comments?post=11511"}],"version-history":[{"count":1,"href":"https:\/\/teletrabajoynegocios.com\/telesecretarias\/wp-json\/wp\/v2\/posts\/11511\/revisions"}],"predecessor-version":[{"id":11512,"href":"https:\/\/teletrabajoynegocios.com\/telesecretarias\/wp-json\/wp\/v2\/posts\/11511\/revisions\/11512"}],"wp:featuredmedia":[{"embeddable":true,"href":"https:\/\/teletrabajoynegocios.com\/telesecretarias\/wp-json\/wp\/v2\/media\/502"}],"wp:attachment":[{"href":"https:\/\/teletrabajoynegocios.com\/telesecretarias\/wp-json\/wp\/v2\/media?parent=11511"}],"wp:term":[{"taxonomy":"category","embeddable":true,"href":"https:\/\/teletrabajoynegocios.com\/telesecretarias\/wp-json\/wp\/v2\/categories?post=11511"},{"taxonomy":"post_tag","embeddable":true,"href":"https:\/\/teletrabajoynegocios.com\/telesecretarias\/wp-json\/wp\/v2\/tags?post=11511"}],"curies":[{"name":"wp","href":"https:\/\/api.w.org\/{rel}","templated":true}]}}