{"id":11516,"date":"2022-10-30T10:59:18","date_gmt":"2022-10-30T09:59:18","guid":{"rendered":"https:\/\/teletrabajoynegocios.com\/telesecretarias\/?p=11516"},"modified":"2022-10-24T13:56:18","modified_gmt":"2022-10-24T11:56:18","slug":"ideas-geniales-para-levantarte-de-buen-humor","status":"publish","type":"post","link":"https:\/\/teletrabajoynegocios.com\/telesecretarias\/ideas-geniales-para-levantarte-de-buen-humor\/","title":{"rendered":"Ideas geniales para levantarte de buen humor"},"content":{"rendered":"<div id=\"telet-3848465259\" class=\"telet-antes-del-contenido telet-entity-placement\"><a href=\"https:\/\/quaderno.io\/?via=jose-manuel94\" aria-label=\"Quaderno General (Spanish) &#8211; 728&#215;90\"><img loading=\"lazy\" decoding=\"async\" src=\"https:\/\/teletrabajoynegocios.com\/telesecretarias\/wp-content\/uploads\/sites\/2\/2020\/11\/Quaderno-General-Spanish-728x90-1.png\" alt=\"\"  srcset=\"https:\/\/teletrabajoynegocios.com\/telesecretarias\/wp-content\/uploads\/sites\/2\/2020\/11\/Quaderno-General-Spanish-728x90-1.png 728w, https:\/\/teletrabajoynegocios.com\/telesecretarias\/wp-content\/uploads\/sites\/2\/2020\/11\/Quaderno-General-Spanish-728x90-1-300x37.png 300w\" sizes=\"(max-width: 728px) 100vw, 728px\" width=\"728\" height=\"90\"   \/><\/a><\/div><p>Si te lo propones, podr\u00e1s levantarte de mejor humor. Ese primer momento del d\u00eda es muy importante, ya que suele condicionar de manera significativa el resto de la jornada. \u00bfC\u00f3mo lograrlo? Te lo contamos.<\/p>\n<p class=\"jsx-4098198752 c--grey-neutral-800\"><strong>Levantarte de buen humor es el mejor punto de partida para tener un d\u00eda agradable<\/strong>. Ese primer momento de la ma\u00f1ana imprime un sello a la actitud que vas a tener en las siguientes horas. A su vez, una buena actitud lleva a que tengas la mente m\u00e1s clara, tomes mejores decisiones y logres que todo fluya.<\/p>\n<p class=\"jsx-4098198752 c--grey-neutral-800\">Cuando hablamos de levantarte de buen humor no estamos haciendo referencia a que todos los d\u00edas tengas que cantar y bailar despu\u00e9s de abrir los ojos, m\u00e1s bien se trata de que consigas iniciar el d\u00eda con cierto equilibrio en tus emociones. Por m\u00e1s que est\u00e9s pasando por un momento dif\u00edcil, si trabajas tu actitud todo ir\u00e1 mejor.<\/p>\n<p class=\"jsx-4098198752 c--grey-neutral-800\">Lo que te proponemos aqu\u00ed es una serie de acciones b\u00e1sicas para que logres levantarte de buen humor. M\u00e1s all\u00e1 de lo dif\u00edcil que pueda ser tu d\u00eda,\u00a0<strong>si lo inicias balanceando y concentrando tu\u00a0<a class=\"jsx-151512268 jsx-1474443579 default-a-link is--underline c--secondary-600 is--underline\" href=\"https:\/\/pesquisa.bvsalud.org\/portal\/resource\/pt\/lil-259335\" target=\"_blank\" rel=\"noopener\" data-with-google-events=\"true\" data-google-events=\"{&quot;data&quot;:{&quot;action&quot;:&quot;click&quot;,&quot;category&quot;:&quot;Content&quot;,&quot;label&quot;:&quot;Related \/ideas-geniales-para-levantarte-buen-humor\/&quot;,&quot;value&quot;:&quot;https:\/\/pesquisa.bvsalud.org\/portal\/resource\/pt\/lil-259335&quot;}}\">energ\u00eda vital<\/a>, tendr\u00e1s m\u00e1s herramientas para sobrellevarlo mejor.<\/strong>\u00a0\u00bfC\u00f3mo conseguirlo? Enseguida te lo contamos.<\/p>\n<p class=\"jsx-4098198752 c--grey-neutral-800\">\u201c<em>Cada ma\u00f1ana nacemos de nuevo. Lo que hacemos hoy es lo que m\u00e1s importa<\/em>\u201d.<\/p>\n<p class=\"jsx-4098198752 c--grey-neutral-800\">-Buda-<\/p>\n<h2 id=\"levantarte-de-buen-humor-preparate\" class=\"jsx-3692753319 jsx-2566528898 c--main-600  mt--x-big pt--normal\">Levantarte de buen humor: \u00a1prep\u00e1rate!<\/h2>\n<p class=\"jsx-4098198752 c--grey-neutral-800\"><b>Puedes<\/b>\u00a0<strong>empezar a preparar tu objetivo de levantarte de buen humor el d\u00eda anterior<\/strong>. En concreto, unas tres o cuatro horas antes de irte a la cama. Ese es el momento ideal para realizar algunas acciones que hagan m\u00e1s sencillo\u00a0<a class=\"jsx-151512268 jsx-1474443579 default-a-link is--underline c--secondary-600 is--underline\" href=\"https:\/\/lamenteesmaravillosa.com\/despertar-hora-mas-temprano-ayuda-combatir-depresion\/\" target=\"_self\" rel=\"noopener\" data-with-google-events=\"true\" data-google-events=\"{&quot;data&quot;:{&quot;action&quot;:&quot;click&quot;,&quot;category&quot;:&quot;Content&quot;,&quot;label&quot;:&quot;Related \/ideas-geniales-para-levantarte-buen-humor\/&quot;,&quot;value&quot;:&quot;https:\/\/lamenteesmaravillosa.com\/despertar-hora-mas-temprano-ayuda-combatir-depresion\/&quot;}}\">tu despertar<\/a>. Se trata de cuidar a tu yo de dentro de unas horas.<\/p>\n<p class=\"jsx-4098198752 c--grey-neutral-800\"><strong>Lo primero es hacer o repasar un plan b\u00e1sico de actividades para el d\u00eda siguiente<\/strong>. Tener el esquema mental de lo que har\u00e1s ma\u00f1ana hace que\u00a0<a class=\"jsx-151512268 jsx-1474443579 default-a-link is--underline c--secondary-600 is--underline\" href=\"https:\/\/lamenteesmaravillosa.com\/como-respirar-reducir-estres\/\" target=\"_self\" rel=\"noopener\" data-with-google-events=\"true\" data-google-events=\"{&quot;data&quot;:{&quot;action&quot;:&quot;click&quot;,&quot;category&quot;:&quot;Content&quot;,&quot;label&quot;:&quot;Related \/ideas-geniales-para-levantarte-buen-humor\/&quot;,&quot;value&quot;:&quot;https:\/\/lamenteesmaravillosa.com\/como-respirar-reducir-estres\/&quot;}}\">se reduzca el estr\u00e9s<\/a>. Tener ciertas decisiones ya tomadas suaviza la toma de las primeras decisiones. As\u00ed, permitir\u00e1s que tus neuronas se vayan despertando de manera gradual.<\/p>\n<p class=\"jsx-4098198752 c--grey-neutral-800\"><strong>Si hay actividades complejas o preocupantes para el d\u00eda siguiente, trata de dividirlas en acciones m\u00e1s peque\u00f1as<\/strong>. Es una manera de trazar un rumbo sencillo y viable; adem\u00e1s, as\u00ed tambi\u00e9n podr\u00e1s disfrutar de peque\u00f1os reforzadores intermedios. Una vez tengas claro tu esquema, lo siguiente es preparar aquello que necesites; la ropa es un buen ejemplo de ello.<\/p>\n<hr \/>\n<p><img decoding=\"async\" src=\"https:\/\/teletrabajoynegocios.com\/teletrabajador\/wp-content\/uploads\/sites\/3\/2020\/07\/articulos.png\" \/><\/p>\n<div class=\"wp-rss-template-container\" data-wpra-template=\"default\" data-template-ctx=\"W10=\">\n    <div class=\"wp-rss-aggregator wpra-list-template  \" data-page=\"1\">\n    \n    \n<ul class=\"wpra-item-list rss-aggregator wpra-item-list--bullets wpra-item-list--default\"\n    start=\"1\">\n                        <li class=\"wpra-item feed-item \">\n            \n            \n\n    <a  href=\"https:\/\/distritoemprendedores.com\/blog\/2026\/03\/16\/hello-world\/\" target=\"_blank\" rel=\"nofollow\" class=\"\">Hello world!<\/a>\n\n\n\n\n\n\n<div class=\"wprss-feed-meta\">\n            <span class=\"feed-source\">\n            Source:\n\n                            Distrito Emprendedores\n                    <\/span>\n    \n            <span class=\"feed-date\">\n            Published on 2026-03-16\n        <\/span>\n    \n    <\/div>\n\n\n\n\n\n            \n        <\/li>\n                    <li class=\"wpra-item feed-item \">\n            \n            \n\n    <a  href=\"https:\/\/www.dropbox.com\/scl\/fi\/b6csvpbfxu24vaezmo3es\/62bed0634df20e5ef35346439fdd423f_franquicias.pdf?rlkey=mfp2795s4n89mw35l0yeu2vl5&amp;e=2&amp;st=57kabuy0&amp;dl=0#new_tab\" target=\"_blank\" rel=\"nofollow\" class=\"\">Las franquicias espa\u00f1olas duplican su presencia en mercados for\u00e1neos<\/a>\n\n\n\n\n\n\n<div class=\"wprss-feed-meta\">\n            <span class=\"feed-source\">\n            Source:\n\n                            Distrito Emprendedores\n                    <\/span>\n    \n            <span class=\"feed-date\">\n            Published on 2026-03-11\n        <\/span>\n    \n    <\/div>\n\n\n\n\n\n            \n        <\/li>\n                    <li class=\"wpra-item feed-item \">\n            \n            \n\n    <a  href=\"https:\/\/distritoemprendedores.es\/blog\/5-errores-fatales-al-internacionalizar-tu-franquicia\/\" target=\"_blank\" rel=\"nofollow\" class=\"\">5 errores fatales al internacionalizar tu franquicia<\/a>\n\n\n\n\n\n\n<div class=\"wprss-feed-meta\">\n            <span class=\"feed-source\">\n            Source:\n\n                            Distrito Emprendedores\n                    <\/span>\n    \n            <span class=\"feed-date\">\n            Published on 2026-03-10\n        <\/span>\n    \n    <\/div>\n\n\n\n\n\n            \n        <\/li>\n                    <li class=\"wpra-item feed-item \">\n            \n            \n\n    <a  href=\"https:\/\/distritoemprendedores.es\/blog\/un-nuevo-prime-time-para-las-marcas-afterwork-tardeo-y-futbol-se-consolidan-como-los-grandes-motores-del-consumo-experiencial\/\" target=\"_blank\" rel=\"nofollow\" class=\"\">Un nuevo prime time para las marcas: afterwork, tardeo y f\u00fatbol se consolidan como los grandes motores del consumo experiencial<\/a>\n\n\n\n\n\n\n<div class=\"wprss-feed-meta\">\n            <span class=\"feed-source\">\n            Source:\n\n                            Distrito Emprendedores\n                    <\/span>\n    \n            <span class=\"feed-date\">\n            Published on 2026-03-09\n        <\/span>\n    \n    <\/div>\n\n\n\n\n\n            \n        <\/li>\n                    <li class=\"wpra-item feed-item \">\n            \n            \n\n    <a  href=\"https:\/\/distritoemprendedores.es\/blog\/la-ventaja-competitiva-esta-en-entender-como-pregunta-el-consumidor\/\" target=\"_blank\" rel=\"nofollow\" class=\"\">La ventaja competitiva est\u00e1 en entender c\u00f3mo pregunta el consumidor<\/a>\n\n\n\n\n\n\n<div class=\"wprss-feed-meta\">\n            <span class=\"feed-source\">\n            Source:\n\n                            Distrito Emprendedores\n                    <\/span>\n    \n            <span class=\"feed-date\">\n            Published on 2026-03-08\n        <\/span>\n    \n    <\/div>\n\n\n\n\n\n            \n        <\/li>\n                    <li class=\"wpra-item feed-item \">\n            \n            \n\n    <a  href=\"https:\/\/distritoemprendedores.es\/blog\/solo-el-7-de-los-espanoles-cree-a-las-marcas-cuando-comunican-sus-valores-con-hechos-demostrables\/\" target=\"_blank\" rel=\"nofollow\" class=\"\">Solo el 7% de los espa\u00f1oles cree a las marcas cuando comunican sus valores con hechos demostrables<\/a>\n\n\n\n\n\n\n<div class=\"wprss-feed-meta\">\n            <span class=\"feed-source\">\n            Source:\n\n                            Distrito Emprendedores\n                    <\/span>\n    \n            <span class=\"feed-date\">\n            Published on 2026-03-07\n        <\/span>\n    \n    <\/div>\n\n\n\n\n\n            \n        <\/li>\n                    <li class=\"wpra-item feed-item \">\n            \n            \n\n    <a  href=\"https:\/\/distritoemprendedores.es\/blog\/el-38-de-las-empresas-creadas-en-2019-ha-echado-ya-el-cierre\/\" target=\"_blank\" rel=\"nofollow\" class=\"\">El 38% de las empresas creadas en 2019 ha echado ya el cierre<\/a>\n\n\n\n\n\n\n<div class=\"wprss-feed-meta\">\n            <span class=\"feed-source\">\n            Source:\n\n                            Distrito Emprendedores\n                    <\/span>\n    \n            <span class=\"feed-date\">\n            Published on 2026-03-06\n        <\/span>\n    \n    <\/div>\n\n\n\n\n\n            \n        <\/li>\n                    <li class=\"wpra-item feed-item \">\n            \n            \n\n    <a  href=\"https:\/\/distritoemprendedores.es\/blog\/descubre-las-oportunidades-y-tendencias-en-el-mercado-de-la-franquicia-para-2026\/\" target=\"_blank\" rel=\"nofollow\" class=\"\">Descubre las oportunidades y tendencias en el mercado de la franquicia para 2026<\/a>\n\n\n\n\n\n\n<div class=\"wprss-feed-meta\">\n            <span class=\"feed-source\">\n            Source:\n\n                            Distrito Emprendedores\n                    <\/span>\n    \n            <span class=\"feed-date\">\n            Published on 2026-03-05\n        <\/span>\n    \n    <\/div>\n\n\n\n\n\n            \n        <\/li>\n                    <li class=\"wpra-item feed-item \">\n            \n            \n\n    <a  href=\"https:\/\/distritoemprendedores.es\/blog\/las-startups-de-salud-mas-punteras-del-mundo\/\" target=\"_blank\" rel=\"nofollow\" class=\"\">Las startups de salud m\u00e1s punteras del mundo<\/a>\n\n\n\n\n\n\n<div class=\"wprss-feed-meta\">\n            <span class=\"feed-source\">\n            Source:\n\n                            Distrito Emprendedores\n                    <\/span>\n    \n            <span class=\"feed-date\">\n            Published on 2026-03-04\n        <\/span>\n    \n    <\/div>\n\n\n\n\n\n            \n        <\/li>\n                    <li class=\"wpra-item feed-item \">\n            \n            \n\n    <a  href=\"https:\/\/distritoemprendedores.es\/blog\/puesta-en-marcha-de-un-negocio-primeros-pasos-para-validar-vender-y-controlar-la-tesoreria\/\" target=\"_blank\" rel=\"nofollow\" class=\"\">Puesta en marcha de un negocio: primeros pasos para validar, vender y controlar la tesorer\u00eda<\/a>\n\n\n\n\n\n\n<div class=\"wprss-feed-meta\">\n            <span class=\"feed-source\">\n            Source:\n\n                            Distrito Emprendedores\n                    <\/span>\n    \n            <span class=\"feed-date\">\n            Published on 2026-03-03\n        <\/span>\n    \n    <\/div>\n\n\n\n\n\n            \n        <\/li>\n                    <li class=\"wpra-item feed-item \">\n            \n            \n\n    <a  href=\"https:\/\/distritoemprendedores.es\/blog\/6-franquicias-sin-apenas-competencia-en-el-mercado\/\" target=\"_blank\" rel=\"nofollow\" class=\"\">6 franquicias sin apenas competencia en el mercado<\/a>\n\n\n\n\n\n\n<div class=\"wprss-feed-meta\">\n            <span class=\"feed-source\">\n            Source:\n\n                            Distrito Emprendedores\n                    <\/span>\n    \n            <span class=\"feed-date\">\n            Published on 2026-03-02\n        <\/span>\n    \n    <\/div>\n\n\n\n\n\n            \n        <\/li>\n                    <li class=\"wpra-item feed-item \">\n            \n            \n\n    <a  href=\"https:\/\/digistorage.es\/links\/71d78951-a420-4f5b-8de6-7b35ae7efc1c#new_tab\" target=\"_blank\" rel=\"nofollow\" class=\"\">Los algoritmos amenazan con filtrar las confesiones realizadas al abogado<\/a>\n\n\n\n\n\n\n<div class=\"wprss-feed-meta\">\n            <span class=\"feed-source\">\n            Source:\n\n                            Distrito Emprendedores\n                    <\/span>\n    \n            <span class=\"feed-date\">\n            Published on 2026-03-01\n        <\/span>\n    \n    <\/div>\n\n\n\n\n\n            \n        <\/li>\n                    <li class=\"wpra-item feed-item \">\n            \n            \n\n    <a  href=\"https:\/\/distritoemprendedores.es\/blog\/las-startups-que-mas-innovan-en-el-mundo\/\" target=\"_blank\" rel=\"nofollow\" class=\"\">Las startups que m\u00e1s innovan en el mundo<\/a>\n\n\n\n\n\n\n<div class=\"wprss-feed-meta\">\n            <span class=\"feed-source\">\n            Source:\n\n                            Distrito Emprendedores\n                    <\/span>\n    \n            <span class=\"feed-date\">\n            Published on 2026-02-28\n        <\/span>\n    \n    <\/div>\n\n\n\n\n\n            \n        <\/li>\n                    <li class=\"wpra-item feed-item \">\n            \n            \n\n    <a  href=\"https:\/\/distritoemprendedores.es\/blog\/tiktok-genera-31-000-millones-de-euros-para-las-empresas-europeas-y-3-000-millones-en-espana\/\" target=\"_blank\" rel=\"nofollow\" class=\"\">TikTok genera 31.000 millones de euros para las empresas europeas y 3.000 millones en Espa\u00f1a<\/a>\n\n\n\n\n\n\n<div class=\"wprss-feed-meta\">\n            <span class=\"feed-source\">\n            Source:\n\n                            Distrito Emprendedores\n                    <\/span>\n    \n            <span class=\"feed-date\">\n            Published on 2026-02-27\n        <\/span>\n    \n    <\/div>\n\n\n\n\n\n            \n        <\/li>\n                    <li class=\"wpra-item feed-item \">\n            \n            \n\n    <a  href=\"https:\/\/distritoemprendedores.es\/blog\/amazon-planea-un-marketplace-para-hacer-de-puente-entre-los-publishers-y-las-empresas-de-ia\/\" target=\"_blank\" rel=\"nofollow\" class=\"\">Amazon planea un \u00abmarketplace\u00bb para hacer de puente entre los \u00abpublishers\u00bb y las empresas de IA<\/a>\n\n\n\n\n\n\n<div class=\"wprss-feed-meta\">\n            <span class=\"feed-source\">\n            Source:\n\n                            Distrito Emprendedores\n                    <\/span>\n    \n            <span class=\"feed-date\">\n            Published on 2026-02-26\n        <\/span>\n    \n    <\/div>\n\n\n\n\n\n            \n        <\/li>\n        <\/ul>\n\n        \n<\/div>\n\n<\/div>\n\n<hr \/>\n<p class=\"jsx-4098198752 c--grey-neutral-800\">Puede convertir este ejercicio de anticipaci\u00f3n en una\u00a0<a class=\"jsx-151512268 jsx-1474443579 default-a-link is--underline c--secondary-600 is--underline\" href=\"https:\/\/lamenteesmaravillosa.com\/la-rutina-de-manana-que-cambiara-tu-vida-6-habitos-para-el-exito\/\" target=\"_self\" rel=\"noopener\" data-with-google-events=\"true\" data-google-events=\"{&quot;data&quot;:{&quot;action&quot;:&quot;click&quot;,&quot;category&quot;:&quot;Content&quot;,&quot;label&quot;:&quot;Related \/ideas-geniales-para-levantarte-buen-humor\/&quot;,&quot;value&quot;:&quot;https:\/\/lamenteesmaravillosa.com\/la-rutina-de-manana-que-cambiara-tu-vida-6-habitos-para-el-exito\/&quot;}}\">rutina<\/a>. Tampoco es necesario que sea muy larga; si supera los 20 minutos es porque probablemente no solo est\u00e1s haciendo una preparaci\u00f3n, sino tambi\u00e9n algo que realmente tienes que hacer al d\u00eda siguiente. Puedes elegir lo que m\u00e1s te guste: una caminata, algo de gimnasio, baile o cualquier actividad que te exija f\u00edsicamente.<\/p>\n<h2 id=\"dormir-bien-la-clave\" class=\"jsx-3692753319 jsx-2566528898 c--main-600  mt--x-big pt--normal\">Dormir bien: la clave<\/h2>\n<p class=\"jsx-4098198752 c--grey-neutral-800\">Lo mejor es que hagas esto unas tres o cuatro horas antes de acostarte. Esto no solo es una forma de prepararte mentalmente para el d\u00eda siguiente, sino que tambi\u00e9n\u00a0<strong>cumple con la funci\u00f3n de despejar el camino de obst\u00e1culos para que puedas descansar bien<\/strong>.\u00a0<a class=\"jsx-151512268 jsx-1474443579 default-a-link is--underline c--secondary-600 is--underline\" href=\"https:\/\/lamenteesmaravillosa.com\/mandamientos-dormir-bien\/\" target=\"_self\" rel=\"noopener\" data-with-google-events=\"true\" data-google-events=\"{&quot;data&quot;:{&quot;action&quot;:&quot;click&quot;,&quot;category&quot;:&quot;Content&quot;,&quot;label&quot;:&quot;Related \/ideas-geniales-para-levantarte-buen-humor\/&quot;,&quot;value&quot;:&quot;https:\/\/lamenteesmaravillosa.com\/mandamientos-dormir-bien\/&quot;}}\">Dormir de forma adecuada<\/a>\u00a0es la clave para levantarte de buen humor.<\/p>\n<p class=\"jsx-4098198752 c--grey-neutral-800\"><strong>Lo indicado es que tu cena sea ligera y que vayas bajando el ritmo de actividad hasta la hora de dormir<\/strong>. Seguramente ya lo has escuchado, pero nunca sobra insistir en la importancia de que tu habitaci\u00f3n del sue\u00f1o est\u00e9 adecuada para el descanso. Poca luz, poco ruido y nada de aparatos alrededor. Es fundamental para que concilies el sue\u00f1o y duermas bien.<\/p>\n<p>Es aconsejable que tengas a la vista alguna imagen de algo o alguien que te inspire y te tranquilice. Resulta muy positivo dormir con esa imagen relajante al lado y tambi\u00e9n verla al despertar. Recuerda que la cama solo est\u00e1 ah\u00ed para tener sexo o para dormir. No comas, ni leas, ni mires tu m\u00f3vil cuando est\u00e1s ah\u00ed.\u00a0<strong>Despierta siempre a la misma hora, sin importar cu\u00e1nto hayas dormido<\/strong>.<\/p>\n<h2 id=\"comenzar-un-nuevo-dia\" class=\"jsx-3692753319 jsx-2566528898 c--main-600  mt--x-big pt--normal\">Comenzar un nuevo d\u00eda<\/h2>\n<p class=\"jsx-4098198752 c--grey-neutral-800\"><strong>Si has logrado dormir bien, ya tienes el 80 % del camino recorrido<\/strong>. Sabes que descansaste de forma adecuada si, al levantarte, sientes poca fatiga. Ese momento del despertar es el m\u00e1s indicado para un peque\u00f1o ritual: decir \u201cgracias\u201d por la vida, por ese despertar y por todo lo bueno que hay en tu existencia.<\/p>\n<p class=\"jsx-4098198752 c--grey-neutral-800\"><strong>Algo que ayuda a levantarte de buen humor es<\/strong>\u00a0<strong>hacer unos estiramientos b\u00e1sicos y luego pasar por la ducha<\/strong>. Mientras lo haces, te invito a que repases mentalmente el plan para el d\u00eda que comienza. Desayuna sin prisas.<\/p>\n<p><strong>Lo ideal es que reserves suficiente tiempo en la ma\u00f1ana como para no tener que empezar corriendo detr\u00e1s del reloj<\/strong>. Si es posible, camina un poco antes de llegar al trabajo o al sitio a donde tengas que ir. Moverte te activa. Recuerda que a lo largo del d\u00eda puede haber dificultades y, de ser as\u00ed, solo respira por un minuto antes de actuar. Si logras levantarte de buen humor, de cualquier manera, las cosas van a parecerte m\u00e1s sencillas.<\/p>\n<p><a class=\"jsx-151512268 jsx-1424224867 default-a-link c--main-800 \" href=\"https:\/\/lamenteesmaravillosa.com\/autor\/edith-sanchez\/\" target=\"_self\" rel=\"noopener\"><strong>Edith S\u00e1nchez<\/strong><\/a><\/p>\n<div id=\"telet-748600929\" class=\"telet-despues-del-contenido telet-entity-placement\"><a target=\"_blank\" href=\"\/\/aff.lucushost.com\/resources\/click\/?n=gDxoXMAJ&aff=756\"><img decoding=\"async\" border=\"0\" alt=\"LucusHost, el mejor hosting\" src=\"\/\/aff.lucushost.com\/resources\/banners\/?zoneid=5123&n=gDxoXMAJ&aff=756\" \/><\/a><\/div>","protected":false},"excerpt":{"rendered":"<p>Si te lo propones, podr\u00e1s levantarte de mejor humor. Ese primer momento del d\u00eda es muy importante, ya que suele condicionar de manera significativa el resto de la jornada. \u00bfC\u00f3mo&hellip; <\/p>\n","protected":false},"author":1,"featured_media":11517,"comment_status":"open","ping_status":"open","sticky":false,"template":"","format":"standard","meta":{"_jetpack_memberships_contains_paid_content":false,"footnotes":"","_links_to":"","_links_to_target":""},"categories":[1],"tags":[15,14],"class_list":["post-11516","post","type-post","status-publish","format-standard","has-post-thumbnail","hentry","category-telesecretarias","tag-fuprisa","tag-jose-manuel-fuentes-prieto"],"nelio_content":{"autoShareEndMode":"never","automationSources":{"useCustomSentences":false,"customSentences":[]},"efiAlt":"","efiUrl":"","followers":[1],"highlights":[],"isAutoShareEnabled":true,"networkImageIds":[],"permalinkQueryArgs":[],"series":[],"suggestedReferences":[]},"jetpack_featured_media_url":"https:\/\/teletrabajoynegocios.com\/telesecretarias\/wp-content\/uploads\/sites\/2\/2022\/10\/mujer-despertandose-sonrisa.jpg","jetpack_sharing_enabled":true,"_links":{"self":[{"href":"https:\/\/teletrabajoynegocios.com\/telesecretarias\/wp-json\/wp\/v2\/posts\/11516","targetHints":{"allow":["GET"]}}],"collection":[{"href":"https:\/\/teletrabajoynegocios.com\/telesecretarias\/wp-json\/wp\/v2\/posts"}],"about":[{"href":"https:\/\/teletrabajoynegocios.com\/telesecretarias\/wp-json\/wp\/v2\/types\/post"}],"author":[{"embeddable":true,"href":"https:\/\/teletrabajoynegocios.com\/telesecretarias\/wp-json\/wp\/v2\/users\/1"}],"replies":[{"embeddable":true,"href":"https:\/\/teletrabajoynegocios.com\/telesecretarias\/wp-json\/wp\/v2\/comments?post=11516"}],"version-history":[{"count":1,"href":"https:\/\/teletrabajoynegocios.com\/telesecretarias\/wp-json\/wp\/v2\/posts\/11516\/revisions"}],"predecessor-version":[{"id":11518,"href":"https:\/\/teletrabajoynegocios.com\/telesecretarias\/wp-json\/wp\/v2\/posts\/11516\/revisions\/11518"}],"wp:featuredmedia":[{"embeddable":true,"href":"https:\/\/teletrabajoynegocios.com\/telesecretarias\/wp-json\/wp\/v2\/media\/11517"}],"wp:attachment":[{"href":"https:\/\/teletrabajoynegocios.com\/telesecretarias\/wp-json\/wp\/v2\/media?parent=11516"}],"wp:term":[{"taxonomy":"category","embeddable":true,"href":"https:\/\/teletrabajoynegocios.com\/telesecretarias\/wp-json\/wp\/v2\/categories?post=11516"},{"taxonomy":"post_tag","embeddable":true,"href":"https:\/\/teletrabajoynegocios.com\/telesecretarias\/wp-json\/wp\/v2\/tags?post=11516"}],"curies":[{"name":"wp","href":"https:\/\/api.w.org\/{rel}","templated":true}]}}