{"id":11524,"date":"2022-10-31T10:54:14","date_gmt":"2022-10-31T09:54:14","guid":{"rendered":"https:\/\/teletrabajoynegocios.com\/telesecretarias\/?p=11524"},"modified":"2022-10-24T17:02:07","modified_gmt":"2022-10-24T15:02:07","slug":"activarnos","status":"publish","type":"post","link":"https:\/\/teletrabajoynegocios.com\/telesecretarias\/activarnos\/","title":{"rendered":"C\u00f3mo activarnos cuando estamos mal y sin energ\u00eda"},"content":{"rendered":"<div id=\"telet-3181175938\" class=\"telet-antes-del-contenido telet-entity-placement\"><a href=\"https:\/\/quaderno.io\/?via=jose-manuel94\" aria-label=\"Quaderno General (Spanish) &#8211; 728&#215;90\"><img loading=\"lazy\" decoding=\"async\" src=\"https:\/\/teletrabajoynegocios.com\/telesecretarias\/wp-content\/uploads\/sites\/2\/2020\/11\/Quaderno-General-Spanish-728x90-1.png\" alt=\"\"  srcset=\"https:\/\/teletrabajoynegocios.com\/telesecretarias\/wp-content\/uploads\/sites\/2\/2020\/11\/Quaderno-General-Spanish-728x90-1.png 728w, https:\/\/teletrabajoynegocios.com\/telesecretarias\/wp-content\/uploads\/sites\/2\/2020\/11\/Quaderno-General-Spanish-728x90-1-300x37.png 300w\" sizes=\"(max-width: 728px) 100vw, 728px\" width=\"728\" height=\"90\"   \/><\/a><\/div><p>\u00bfC\u00f3mo activarnos cuando nos sentimos sin energ\u00eda? Te damos algunas claves para empezar a salir de ese bucle a trav\u00e9s de la activaci\u00f3n conductual y la programaci\u00f3n de actividades agradables.<\/p>\n<p class=\"jsx-4098198752 c--grey-neutral-800\">A veces las personas entramos en un bucle en el que dejamos de hacer cosas para evitar sentirnos peor de lo que estamos, mientras perdemos oportunidades de sentirnos mejor con aquello que precisamente evitamos. Este bucle es t\u00edpico de la depresi\u00f3n, pero, \u00bfc\u00f3mo activarnos cuando estamos mal y sin energ\u00eda?<\/p>\n<p class=\"jsx-4098198752 c--grey-neutral-800\">Hacer esto es un verdadero reto, pero tambi\u00e9n posible, sobre todo, si pedimos la ayuda necesaria. Una t\u00e9cnica que nos puede ayudar para este prop\u00f3sito es la programaci\u00f3n de actividades agradables, encuadrada dentro de terapias como la\u00a0<a class=\"jsx-151512268 jsx-1474443579 default-a-link is--underline c--secondary-600 is--underline\" href=\"http:\/\/repositorio.ucjc.edu\/handle\/20.500.12020\/434\" target=\"_blank\" rel=\"noopener\" data-with-google-events=\"true\" data-google-events=\"{&quot;data&quot;:{&quot;action&quot;:&quot;click&quot;,&quot;category&quot;:&quot;Content&quot;,&quot;label&quot;:&quot;Related \/como-activarnos-cuando-estamos-mal-sin-energia\/&quot;,&quot;value&quot;:&quot;http:\/\/repositorio.ucjc.edu\/handle\/20.500.12020\/434&quot;}}\">terapia de activaci\u00f3n conductual<\/a>.<\/p>\n<p class=\"jsx-4098198752 c--grey-neutral-800\">Aunque aqu\u00ed nos centraremos en la parte conductual, recordemos la importancia de trabajar tambi\u00e9n en nuestros pensamientos, creencias y emociones m\u00e1s arraigadas (la terapia cognitiva puede ayudarnos en este sentido). Recuerda que, si no trabajas tu parte m\u00e1s cognitiva y emocional, trabajar en la parte conductual por s\u00ed solo no funciona. Pero, \u00bfc\u00f3mo lo hacemos?<\/p>\n<h2 id=\"por-que-aparece-esta-desactivacion-o-falta-de-energia\" class=\"jsx-3692753319 jsx-2566528898 c--main-600  mt--x-big pt--normal\">\u00bfPor qu\u00e9 aparece esta desactivaci\u00f3n o falta de energ\u00eda?<\/h2>\n<p class=\"jsx-4098198752 c--grey-neutral-800\">Antes de nada, es preciso entender que, en ocasiones, una exposici\u00f3n muy directa a determinadas situaciones aversivas puede generarnos un malestar muy intenso, sobre todo si en ese momento tambi\u00e9n perdemos elementos que nos provocaban bienestar emocional.<\/p>\n<p class=\"jsx-4098198752 c--grey-neutral-800\">En este contexto, muchas personas optan por \u201cno exponerse a nada\u201d, ci\u00f1\u00e9ndose a las actividades imprescindibles o que menos esfuerzo demandan, o directamente no haciendo nada.\u00a0<strong>Y es l\u00edcito, y v\u00e1lido, puesto que estas personas sufren y de repente no tienen ganas de hacer nada (apat\u00eda), o tienen miedo de hacer algo y volver a sufrir<\/strong>. De ah\u00ed esta\u00a0<a class=\"jsx-151512268 jsx-1474443579 default-a-link is--underline c--secondary-600 is--underline\" href=\"https:\/\/lamenteesmaravillosa.com\/el-trastorno-de-evitacion-experiencial\/\" target=\"_self\" rel=\"noopener\" data-with-google-events=\"true\" data-google-events=\"{&quot;data&quot;:{&quot;action&quot;:&quot;click&quot;,&quot;category&quot;:&quot;Content&quot;,&quot;label&quot;:&quot;Related \/como-activarnos-cuando-estamos-mal-sin-energia\/&quot;,&quot;value&quot;:&quot;https:\/\/lamenteesmaravillosa.com\/el-trastorno-de-evitacion-experiencial\/&quot;}}\">evitaci\u00f3n experiencial<\/a>.<\/p>\n<p class=\"jsx-4098198752 c--grey-neutral-800\">Han aprendido que para no sentirse peor es necesario minimizar la exposici\u00f3n, optando por una pol\u00edtica conservadora y de ahorro en todos los sentidos. Estamos hablando desde un punto de vista psicol\u00f3gico, en el que suelen aparecer y gobernar la apat\u00eda, la depresi\u00f3n, la tristeza intensa\u2026<\/p>\n<hr \/>\n<p><img decoding=\"async\" src=\"https:\/\/teletrabajoynegocios.com\/teletrabajador\/wp-content\/uploads\/sites\/3\/2020\/07\/articulos.png\" \/><\/p>\n<div class=\"wp-rss-template-container\" data-wpra-template=\"default\" data-template-ctx=\"W10=\">\n    <div class=\"wp-rss-aggregator wpra-list-template  \" data-page=\"1\">\n    \n    \n<ul class=\"wpra-item-list rss-aggregator wpra-item-list--bullets wpra-item-list--default\"\n    start=\"1\">\n                        <li class=\"wpra-item feed-item \">\n            \n            \n\n    <a  href=\"https:\/\/distritoemprendedores.com\/blog\/2026\/03\/16\/hello-world\/\" target=\"_blank\" rel=\"nofollow\" class=\"\">Hello world!<\/a>\n\n\n\n\n\n\n<div class=\"wprss-feed-meta\">\n            <span class=\"feed-source\">\n            Source:\n\n                            Distrito Emprendedores\n                    <\/span>\n    \n            <span class=\"feed-date\">\n            Published on 2026-03-16\n        <\/span>\n    \n    <\/div>\n\n\n\n\n\n            \n        <\/li>\n                    <li class=\"wpra-item feed-item \">\n            \n            \n\n    <a  href=\"https:\/\/www.dropbox.com\/scl\/fi\/b6csvpbfxu24vaezmo3es\/62bed0634df20e5ef35346439fdd423f_franquicias.pdf?rlkey=mfp2795s4n89mw35l0yeu2vl5&amp;e=2&amp;st=57kabuy0&amp;dl=0#new_tab\" target=\"_blank\" rel=\"nofollow\" class=\"\">Las franquicias espa\u00f1olas duplican su presencia en mercados for\u00e1neos<\/a>\n\n\n\n\n\n\n<div class=\"wprss-feed-meta\">\n            <span class=\"feed-source\">\n            Source:\n\n                            Distrito Emprendedores\n                    <\/span>\n    \n            <span class=\"feed-date\">\n            Published on 2026-03-11\n        <\/span>\n    \n    <\/div>\n\n\n\n\n\n            \n        <\/li>\n                    <li class=\"wpra-item feed-item \">\n            \n            \n\n    <a  href=\"https:\/\/distritoemprendedores.es\/blog\/5-errores-fatales-al-internacionalizar-tu-franquicia\/\" target=\"_blank\" rel=\"nofollow\" class=\"\">5 errores fatales al internacionalizar tu franquicia<\/a>\n\n\n\n\n\n\n<div class=\"wprss-feed-meta\">\n            <span class=\"feed-source\">\n            Source:\n\n                            Distrito Emprendedores\n                    <\/span>\n    \n            <span class=\"feed-date\">\n            Published on 2026-03-10\n        <\/span>\n    \n    <\/div>\n\n\n\n\n\n            \n        <\/li>\n                    <li class=\"wpra-item feed-item \">\n            \n            \n\n    <a  href=\"https:\/\/distritoemprendedores.es\/blog\/un-nuevo-prime-time-para-las-marcas-afterwork-tardeo-y-futbol-se-consolidan-como-los-grandes-motores-del-consumo-experiencial\/\" target=\"_blank\" rel=\"nofollow\" class=\"\">Un nuevo prime time para las marcas: afterwork, tardeo y f\u00fatbol se consolidan como los grandes motores del consumo experiencial<\/a>\n\n\n\n\n\n\n<div class=\"wprss-feed-meta\">\n            <span class=\"feed-source\">\n            Source:\n\n                            Distrito Emprendedores\n                    <\/span>\n    \n            <span class=\"feed-date\">\n            Published on 2026-03-09\n        <\/span>\n    \n    <\/div>\n\n\n\n\n\n            \n        <\/li>\n                    <li class=\"wpra-item feed-item \">\n            \n            \n\n    <a  href=\"https:\/\/distritoemprendedores.es\/blog\/la-ventaja-competitiva-esta-en-entender-como-pregunta-el-consumidor\/\" target=\"_blank\" rel=\"nofollow\" class=\"\">La ventaja competitiva est\u00e1 en entender c\u00f3mo pregunta el consumidor<\/a>\n\n\n\n\n\n\n<div class=\"wprss-feed-meta\">\n            <span class=\"feed-source\">\n            Source:\n\n                            Distrito Emprendedores\n                    <\/span>\n    \n            <span class=\"feed-date\">\n            Published on 2026-03-08\n        <\/span>\n    \n    <\/div>\n\n\n\n\n\n            \n        <\/li>\n                    <li class=\"wpra-item feed-item \">\n            \n            \n\n    <a  href=\"https:\/\/distritoemprendedores.es\/blog\/solo-el-7-de-los-espanoles-cree-a-las-marcas-cuando-comunican-sus-valores-con-hechos-demostrables\/\" target=\"_blank\" rel=\"nofollow\" class=\"\">Solo el 7% de los espa\u00f1oles cree a las marcas cuando comunican sus valores con hechos demostrables<\/a>\n\n\n\n\n\n\n<div class=\"wprss-feed-meta\">\n            <span class=\"feed-source\">\n            Source:\n\n                            Distrito Emprendedores\n                    <\/span>\n    \n            <span class=\"feed-date\">\n            Published on 2026-03-07\n        <\/span>\n    \n    <\/div>\n\n\n\n\n\n            \n        <\/li>\n                    <li class=\"wpra-item feed-item \">\n            \n            \n\n    <a  href=\"https:\/\/distritoemprendedores.es\/blog\/el-38-de-las-empresas-creadas-en-2019-ha-echado-ya-el-cierre\/\" target=\"_blank\" rel=\"nofollow\" class=\"\">El 38% de las empresas creadas en 2019 ha echado ya el cierre<\/a>\n\n\n\n\n\n\n<div class=\"wprss-feed-meta\">\n            <span class=\"feed-source\">\n            Source:\n\n                            Distrito Emprendedores\n                    <\/span>\n    \n            <span class=\"feed-date\">\n            Published on 2026-03-06\n        <\/span>\n    \n    <\/div>\n\n\n\n\n\n            \n        <\/li>\n                    <li class=\"wpra-item feed-item \">\n            \n            \n\n    <a  href=\"https:\/\/distritoemprendedores.es\/blog\/descubre-las-oportunidades-y-tendencias-en-el-mercado-de-la-franquicia-para-2026\/\" target=\"_blank\" rel=\"nofollow\" class=\"\">Descubre las oportunidades y tendencias en el mercado de la franquicia para 2026<\/a>\n\n\n\n\n\n\n<div class=\"wprss-feed-meta\">\n            <span class=\"feed-source\">\n            Source:\n\n                            Distrito Emprendedores\n                    <\/span>\n    \n            <span class=\"feed-date\">\n            Published on 2026-03-05\n        <\/span>\n    \n    <\/div>\n\n\n\n\n\n            \n        <\/li>\n                    <li class=\"wpra-item feed-item \">\n            \n            \n\n    <a  href=\"https:\/\/distritoemprendedores.es\/blog\/las-startups-de-salud-mas-punteras-del-mundo\/\" target=\"_blank\" rel=\"nofollow\" class=\"\">Las startups de salud m\u00e1s punteras del mundo<\/a>\n\n\n\n\n\n\n<div class=\"wprss-feed-meta\">\n            <span class=\"feed-source\">\n            Source:\n\n                            Distrito Emprendedores\n                    <\/span>\n    \n            <span class=\"feed-date\">\n            Published on 2026-03-04\n        <\/span>\n    \n    <\/div>\n\n\n\n\n\n            \n        <\/li>\n                    <li class=\"wpra-item feed-item \">\n            \n            \n\n    <a  href=\"https:\/\/distritoemprendedores.es\/blog\/puesta-en-marcha-de-un-negocio-primeros-pasos-para-validar-vender-y-controlar-la-tesoreria\/\" target=\"_blank\" rel=\"nofollow\" class=\"\">Puesta en marcha de un negocio: primeros pasos para validar, vender y controlar la tesorer\u00eda<\/a>\n\n\n\n\n\n\n<div class=\"wprss-feed-meta\">\n            <span class=\"feed-source\">\n            Source:\n\n                            Distrito Emprendedores\n                    <\/span>\n    \n            <span class=\"feed-date\">\n            Published on 2026-03-03\n        <\/span>\n    \n    <\/div>\n\n\n\n\n\n            \n        <\/li>\n                    <li class=\"wpra-item feed-item \">\n            \n            \n\n    <a  href=\"https:\/\/distritoemprendedores.es\/blog\/6-franquicias-sin-apenas-competencia-en-el-mercado\/\" target=\"_blank\" rel=\"nofollow\" class=\"\">6 franquicias sin apenas competencia en el mercado<\/a>\n\n\n\n\n\n\n<div class=\"wprss-feed-meta\">\n            <span class=\"feed-source\">\n            Source:\n\n                            Distrito Emprendedores\n                    <\/span>\n    \n            <span class=\"feed-date\">\n            Published on 2026-03-02\n        <\/span>\n    \n    <\/div>\n\n\n\n\n\n            \n        <\/li>\n                    <li class=\"wpra-item feed-item \">\n            \n            \n\n    <a  href=\"https:\/\/digistorage.es\/links\/71d78951-a420-4f5b-8de6-7b35ae7efc1c#new_tab\" target=\"_blank\" rel=\"nofollow\" class=\"\">Los algoritmos amenazan con filtrar las confesiones realizadas al abogado<\/a>\n\n\n\n\n\n\n<div class=\"wprss-feed-meta\">\n            <span class=\"feed-source\">\n            Source:\n\n                            Distrito Emprendedores\n                    <\/span>\n    \n            <span class=\"feed-date\">\n            Published on 2026-03-01\n        <\/span>\n    \n    <\/div>\n\n\n\n\n\n            \n        <\/li>\n                    <li class=\"wpra-item feed-item \">\n            \n            \n\n    <a  href=\"https:\/\/distritoemprendedores.es\/blog\/las-startups-que-mas-innovan-en-el-mundo\/\" target=\"_blank\" rel=\"nofollow\" class=\"\">Las startups que m\u00e1s innovan en el mundo<\/a>\n\n\n\n\n\n\n<div class=\"wprss-feed-meta\">\n            <span class=\"feed-source\">\n            Source:\n\n                            Distrito Emprendedores\n                    <\/span>\n    \n            <span class=\"feed-date\">\n            Published on 2026-02-28\n        <\/span>\n    \n    <\/div>\n\n\n\n\n\n            \n        <\/li>\n                    <li class=\"wpra-item feed-item \">\n            \n            \n\n    <a  href=\"https:\/\/distritoemprendedores.es\/blog\/tiktok-genera-31-000-millones-de-euros-para-las-empresas-europeas-y-3-000-millones-en-espana\/\" target=\"_blank\" rel=\"nofollow\" class=\"\">TikTok genera 31.000 millones de euros para las empresas europeas y 3.000 millones en Espa\u00f1a<\/a>\n\n\n\n\n\n\n<div class=\"wprss-feed-meta\">\n            <span class=\"feed-source\">\n            Source:\n\n                            Distrito Emprendedores\n                    <\/span>\n    \n            <span class=\"feed-date\">\n            Published on 2026-02-27\n        <\/span>\n    \n    <\/div>\n\n\n\n\n\n            \n        <\/li>\n                    <li class=\"wpra-item feed-item \">\n            \n            \n\n    <a  href=\"https:\/\/distritoemprendedores.es\/blog\/amazon-planea-un-marketplace-para-hacer-de-puente-entre-los-publishers-y-las-empresas-de-ia\/\" target=\"_blank\" rel=\"nofollow\" class=\"\">Amazon planea un \u00abmarketplace\u00bb para hacer de puente entre los \u00abpublishers\u00bb y las empresas de IA<\/a>\n\n\n\n\n\n\n<div class=\"wprss-feed-meta\">\n            <span class=\"feed-source\">\n            Source:\n\n                            Distrito Emprendedores\n                    <\/span>\n    \n            <span class=\"feed-date\">\n            Published on 2026-02-26\n        <\/span>\n    \n    <\/div>\n\n\n\n\n\n            \n        <\/li>\n        <\/ul>\n\n        \n<\/div>\n\n<\/div>\n\n<hr \/>\n<p class=\"jsx-4098198752 c--grey-neutral-800\">Pero otras posibles causas de esa falta de energ\u00eda tambi\u00e9n pueden ser org\u00e1nicas. Por ejemplo: no haber descansado bien, estar en una \u00e9poca de estr\u00e9s intenso, tener alg\u00fan tipo de enfermedad\u2026<\/p>\n<div class=\"article-quote bc--secondary-50 ptb--big p--relative mb--normal mt--x-big\">\n<blockquote class=\"jsx-2118601352 jsx-2746653886 plr--big pt--big\">\n<div class=\"jsx-2118601352 jsx-2746653886 quote__text ta--center fs--italic lh--2 fs--normal ff--serif ls--medium c--secondary-800\">\n<p class=\"jsx-4098198752 c--grey-neutral-800\">\u201cLa apat\u00eda se establece cuando nuestra pasi\u00f3n por el futuro se pierde\u201d.<\/p>\n<p class=\"jsx-4098198752 c--grey-neutral-800\">-Andrew Root-<\/p>\n<\/div>\n<\/blockquote>\n<h3 id=\"el-bucle-de-la-depresion\" class=\"jsx-3692753319 jsx-2566528898 c--main-600  mt--x-big pt--normal\">El bucle de la depresi\u00f3n<\/h3>\n<p class=\"jsx-4098198752 c--grey-neutral-800\">En el caso de la depresi\u00f3n,\u00a0<strong>cuando la persona est\u00e1 totalmente inactiva y sin ganas de hacer nada, hablamos del \u201cbucle de la depresi\u00f3n\u201d.<\/strong>\u00a0Es decir,\u00a0<a class=\"jsx-151512268 jsx-1474443579 default-a-link is--underline c--secondary-600 is--underline\" href=\"https:\/\/lamenteesmaravillosa.com\/el-efecto-chubasquero\/\" target=\"_blank\" rel=\"noopener\" data-with-google-events=\"true\" data-google-events=\"{&quot;data&quot;:{&quot;action&quot;:&quot;click&quot;,&quot;category&quot;:&quot;Content&quot;,&quot;label&quot;:&quot;Related \/como-activarnos-cuando-estamos-mal-sin-energia\/&quot;,&quot;value&quot;:&quot;https:\/\/lamenteesmaravillosa.com\/el-efecto-chubasquero\/&quot;}}\">encerrarse en uno mismo<\/a>.<\/p>\n<p class=\"jsx-4098198752 c--grey-neutral-800\">Y aunque podr\u00eda ser una \u201csoluci\u00f3n funcional\u201d a corto plazo (si no hacemos cosas, no nos ocurre nada malo), a largo plazo supone la imposibilidad de hacer cosas que nos hagan sentir bienestar. Entonces, \u00bfc\u00f3mo salimos de este bucle?<\/p>\n<\/div>\n<h2 id=\"como-activarnos-cuando-estamos-mal\" class=\"jsx-3692753319 jsx-2566528898 c--main-600  mt--x-big pt--normal\">C\u00f3mo activarnos cuando estamos mal<\/h2>\n<p class=\"jsx-4098198752 c--grey-neutral-800\">A la hora de aprender c\u00f3mo activarnos cuando estamos mal (y sin energ\u00eda), debemos asumir que las conductas que emitimos y el contexto en el que ocurren tienen un papel crucial.<\/p>\n<p class=\"jsx-4098198752 c--grey-neutral-800\">Por ello, se ha evidenciado que terapias como la\u00a0<a class=\"jsx-151512268 jsx-1474443579 default-a-link is--underline c--secondary-600 is--underline\" href=\"https:\/\/lamenteesmaravillosa.com\/la-activacion-conductual-una-ayuda-salir-la-depresion\/\" target=\"_blank\" rel=\"noopener\" data-with-google-events=\"true\" data-google-events=\"{&quot;data&quot;:{&quot;action&quot;:&quot;click&quot;,&quot;category&quot;:&quot;Content&quot;,&quot;label&quot;:&quot;Related \/como-activarnos-cuando-estamos-mal-sin-energia\/&quot;,&quot;value&quot;:&quot;https:\/\/lamenteesmaravillosa.com\/la-activacion-conductual-una-ayuda-salir-la-depresion\/&quot;}}\">terapia de aceptaci\u00f3n conductual<\/a>\u00a0ha descubierto qu\u00e9 necesitamos hacer para empezar a mejorar nuestra calidad de vida en estas circunstancias.<\/p>\n<h3 id=\"activacion-conductual-en-que-nos-puede-ayudar\" class=\"jsx-3692753319 jsx-2566528898 c--main-600  mt--x-big pt--normal\">Activaci\u00f3n conductual: en qu\u00e9 nos puede ayudar<\/h3>\n<p class=\"jsx-4098198752 c--grey-neutral-800\">La activaci\u00f3n conductual busca ayudar a las personas en la consecuci\u00f3n de dos tareas fundamentales:<\/p>\n<ul class=\"jsx-43291209 list-on-content mlr--x-big mtb--big c--grey-neutral-800 lh--1-8 ff--serif lst--disc\">\n<li>Comprender las fuentes ambientales de su\u00a0<a class=\"jsx-151512268 jsx-1474443579 default-a-link is--underline c--secondary-600 is--underline\" href=\"https:\/\/lamenteesmaravillosa.com\/no-hagas-nada-solo-escucha-que-quiere-decirte-tu-malestar\/\" target=\"_blank\" rel=\"noopener\" data-with-google-events=\"true\" data-google-events=\"{&quot;data&quot;:{&quot;action&quot;:&quot;click&quot;,&quot;category&quot;:&quot;Content&quot;,&quot;label&quot;:&quot;Related \/como-activarnos-cuando-estamos-mal-sin-energia\/&quot;,&quot;value&quot;:&quot;https:\/\/lamenteesmaravillosa.com\/no-hagas-nada-solo-escucha-que-quiere-decirte-tu-malestar\/&quot;}}\">malestar<\/a>.<\/li>\n<li>Localizar aquellas conductas que mantienen o incluso empeoran el sufrimiento.<\/li>\n<\/ul>\n<p class=\"jsx-4098198752 c--grey-neutral-800\">Hemos de tener en cuenta que muchas veces\u00a0<strong>el malestar es m\u00e1s una situaci\u00f3n en la que uno est\u00e1<\/strong>, que algo que uno tiene dentro de su organismo (aunque no siempre es as\u00ed; deber\u00e1 analizarse cada caso en concreto).<\/p>\n<p class=\"jsx-4098198752 c--grey-neutral-800\">Pero en caso de que as\u00ed sea, y siempre y cuando no exista otra psicopatolog\u00eda de base, u otra condici\u00f3n, que explique dicho malestar, deber\u00eda considerarse este malestar como una respuesta normal o esperable ante un determinado contexto, y no como una psicopatolog\u00eda.<\/p>\n<h3 id=\"activacion-conductual-cuales-son-sus-objetivos\" class=\"jsx-3692753319 jsx-2566528898 c--main-600  mt--x-big pt--normal\">Activaci\u00f3n conductual: \u00bfcu\u00e1les son sus objetivos?<\/h3>\n<p class=\"jsx-4098198752 c--grey-neutral-800\">La activaci\u00f3n conductual persigue una serie de objetivos, como:<\/p>\n<ul class=\"jsx-43291209 list-on-content mlr--x-big mtb--big c--grey-neutral-800 lh--1-8 ff--serif lst--disc\">\n<li>Incrementar las\u00a0<a class=\"jsx-151512268 jsx-1474443579 default-a-link is--underline c--secondary-600 is--underline\" href=\"https:\/\/lamenteesmaravillosa.com\/la-importancia-de-las-actividades-agradables-en-la-depresion\/\" target=\"_blank\" rel=\"noopener\" data-with-google-events=\"true\" data-google-events=\"{&quot;data&quot;:{&quot;action&quot;:&quot;click&quot;,&quot;category&quot;:&quot;Content&quot;,&quot;label&quot;:&quot;Related \/como-activarnos-cuando-estamos-mal-sin-energia\/&quot;,&quot;value&quot;:&quot;https:\/\/lamenteesmaravillosa.com\/la-importancia-de-las-actividades-agradables-en-la-depresion\/&quot;}}\">actividades placenteras valiosas<\/a>\u00a0para la persona.<\/li>\n<li>Bloquear la evitaci\u00f3n de estas actividades.<\/li>\n<li>Recuperar las\u00a0<a class=\"jsx-151512268 jsx-1474443579 default-a-link is--underline c--secondary-600 is--underline\" href=\"https:\/\/lamenteesmaravillosa.com\/las-relaciones-sociales-protegen-nuestro-cerebro\/\" target=\"_blank\" rel=\"noopener\" data-with-google-events=\"true\" data-google-events=\"{&quot;data&quot;:{&quot;action&quot;:&quot;click&quot;,&quot;category&quot;:&quot;Content&quot;,&quot;label&quot;:&quot;Related \/como-activarnos-cuando-estamos-mal-sin-energia\/&quot;,&quot;value&quot;:&quot;https:\/\/lamenteesmaravillosa.com\/las-relaciones-sociales-protegen-nuestro-cerebro\/&quot;}}\">interacciones sociales<\/a>.<\/li>\n<li>Aprender a ser activo al margen y considerando el propio estado emocional.<\/li>\n<\/ul>\n<h2 id=\"claves-para-activarnos-cuando-estamos-mal-y-sin-energia\" class=\"jsx-3692753319 jsx-2566528898 c--main-600  mt--x-big pt--normal\">Claves para activarnos cuando estamos mal y sin energ\u00eda<\/h2>\n<p class=\"jsx-4098198752 c--grey-neutral-800\">Algunas ideas que pueden ayudarnos a c\u00f3mo activarnos cuando estamos mal son las siguientes:<\/p>\n<h3 id=\"1-empieza-poco-a-poco\" class=\"jsx-3692753319 jsx-2566528898 c--main-600  mt--x-big pt--normal\">1. Empieza poco a poco<\/h3>\n<p class=\"jsx-4098198752 c--grey-neutral-800\">No se trata de empezar a hacer cosas \u201ca lo loco\u201d y de rellenar las horas del d\u00eda, sino de empezar poco a poco. No te exijas demasiado; si puedes hacer tan solo una actividad al d\u00eda, ya est\u00e1 bien. La idea es irlas aumentando progresivamente.<\/p>\n<h3 id=\"2-escoge-actividades-que-tengan-un-sentido-practico\" class=\"jsx-3692753319 jsx-2566528898 c--main-600  mt--x-big pt--normal\">2. Escoge actividades que tengan un sentido pr\u00e1ctico<\/h3>\n<p class=\"jsx-4098198752 c--grey-neutral-800\">Tampoco debemos enfocarnos simplemente a hacer actividades placenteras de forma aleatoria (ni, insistimos, de rellenar el tiempo para estar ocupados). La idea es escoger actividades funcionales, con un sentido pr\u00e1ctico para ti, acorde a tu historia de vida.<\/p>\n<p class=\"jsx-4098198752 c--grey-neutral-800\">Puede ser, por ejemplo, ir a comprar el pan,\u00a0<strong>hacer ese recado que ten\u00edas pendiente, ordenar la estanter\u00eda de los libros<\/strong>, salir a dar un paseo\u2026 As\u00ed, tampoco tienen que ser actividades que nos motiven al 100 %, porque seguramente, si estamos en un estado depresivo, al principio\u00a0<a class=\"jsx-151512268 jsx-1474443579 default-a-link is--underline c--secondary-600 is--underline\" href=\"https:\/\/lamenteesmaravillosa.com\/la-anhedonia-o-ausencia-de-placer\/\" target=\"_blank\" rel=\"noopener\" data-with-google-events=\"true\" data-google-events=\"{&quot;data&quot;:{&quot;action&quot;:&quot;click&quot;,&quot;category&quot;:&quot;Content&quot;,&quot;label&quot;:&quot;Related \/como-activarnos-cuando-estamos-mal-sin-energia\/&quot;,&quot;value&quot;:&quot;https:\/\/lamenteesmaravillosa.com\/la-anhedonia-o-ausencia-de-placer\/&quot;}}\">no disfrutemos con ellas<\/a>. Pero todo llegar\u00e1; el objetivo inicial recuerda que es la activaci\u00f3n.<\/p>\n<h3 id=\"3-al-principio-no-te-obsesiones-con-disfrutar\" class=\"jsx-3692753319 jsx-2566528898 c--main-600  mt--x-big pt--normal\">3. Al principio, no te obsesiones con disfrutar<\/h3>\n<p class=\"jsx-4098198752 c--grey-neutral-800\">Como dec\u00edamos, al principio no debemos obsesionarnos en escoger actividades placenteras al 100 % o que nos hagan disfrutar. Porque probablemente al principio no lo logremos, y tampoco es lo que queremos ahora. El objetivo es activarnos, salir de ese estado de\u00a0<a class=\"jsx-151512268 jsx-1474443579 default-a-link is--underline c--secondary-600 is--underline\" href=\"https:\/\/lamenteesmaravillosa.com\/apatia-estado-animo-la-desmotivacion-agotamiento\/\" target=\"_blank\" rel=\"noopener\" data-with-google-events=\"true\" data-google-events=\"{&quot;data&quot;:{&quot;action&quot;:&quot;click&quot;,&quot;category&quot;:&quot;Content&quot;,&quot;label&quot;:&quot;Related \/como-activarnos-cuando-estamos-mal-sin-energia\/&quot;,&quot;value&quot;:&quot;https:\/\/lamenteesmaravillosa.com\/apatia-estado-animo-la-desmotivacion-agotamiento\/&quot;}}\">apat\u00eda<\/a>\u00a0que solo alimenta el bucle de la depresi\u00f3n.<\/p>\n<div class=\"article-quote bc--secondary-50 ptb--big p--relative mb--normal mt--x-big\">\n<blockquote class=\"jsx-2118601352 jsx-2746653886 plr--big pt--big\">\n<div class=\"jsx-2118601352 jsx-2746653886 quote__text ta--center fs--italic lh--2 fs--normal ff--serif ls--medium c--secondary-800\">\n<p class=\"jsx-4098198752 c--grey-neutral-800\">\u201cLa apat\u00eda es una de las respuestas caracter\u00edsticas de cualquier organismo vivo cuando est\u00e1 sometido a est\u00edmulos demasiado intensos o demasiado complicados de afrontar. La cura para la apat\u00eda es la comprensi\u00f3n\u201d.<\/p>\n<p class=\"jsx-4098198752 c--grey-neutral-800\">-John Dos Passos-<\/p>\n<\/div>\n<\/blockquote>\n<\/div>\n<h3 id=\"4-elabora-un-registro\" class=\"jsx-3692753319 jsx-2566528898 c--main-600  mt--x-big pt--normal\">4. Elabora un registro<\/h3>\n<p class=\"jsx-4098198752 c--grey-neutral-800\">Opta por elaborar un registro de las actividades que haces diariamente y tambi\u00e9n el estado emocional que te generan, para empezar a relacionar lo que te pasa con las circunstancias de tu vida.<\/p>\n<p class=\"jsx-4098198752 c--grey-neutral-800\">Adem\u00e1s,<strong>\u00a0ese registro tambi\u00e9n te permitir\u00e1 organizar tu d\u00eda a d\u00eda<\/strong>, tu nueva rutina, y empezar a sentirte \u00fatil y activo; a trav\u00e9s de \u00e9l, apunta las actividades que te propongas hacer (siendo realistas, para evitar la frustraci\u00f3n), y despu\u00e9s apunta las que vayas haciendo y ese estado emocional que coment\u00e1bamos. Este ejercicio tambi\u00e9n te ayudar\u00e1 a observar tu propio progreso.<\/p>\n<h3 id=\"5-conoce-los-problemas-por-los-que-evitas-actividades\" class=\"jsx-3692753319 jsx-2566528898 c--main-600  mt--x-big pt--normal\">5. Conoce los problemas por los que evitas actividades<\/h3>\n<p class=\"jsx-4098198752 c--grey-neutral-800\">Cuando estamos mal, evitamos hacer cosas, es as\u00ed. Pero ten en cuenta que<strong>\u00a0las estrategias que compones para evitar hacer actividades placenteras en realidad son un \u201cproblema secundario\u201d.<\/strong>\u00a0Conocer los motivos por los que evitas planes y actividades te permite darte cuenta de que lo que haces no te favorece de ning\u00fan modo para sentirte mejor.<\/p>\n<h3 id=\"6-marcate-objetivos-a-corto-plazo\" class=\"jsx-3692753319 jsx-2566528898 c--main-600  mt--x-big pt--normal\">6. M\u00e1rcate objetivos a corto plazo<\/h3>\n<p class=\"jsx-4098198752 c--grey-neutral-800\">Otra idea sobre c\u00f3mo activarnos cuando estamos mal es\u00a0<a class=\"jsx-151512268 jsx-1474443579 default-a-link is--underline c--secondary-600 is--underline\" href=\"https:\/\/lamenteesmaravillosa.com\/miniobjetivos\/\" target=\"_blank\" rel=\"noopener\" data-with-google-events=\"true\" data-google-events=\"{&quot;data&quot;:{&quot;action&quot;:&quot;click&quot;,&quot;category&quot;:&quot;Content&quot;,&quot;label&quot;:&quot;Related \/como-activarnos-cuando-estamos-mal-sin-energia\/&quot;,&quot;value&quot;:&quot;https:\/\/lamenteesmaravillosa.com\/miniobjetivos\/&quot;}}\">marcarnos objetivos a corto plazo<\/a>, dividiendo la actividad en pasos sencillos. Esto te ayudar\u00e1 a reducir la exigencia de lo que esperas de la actividad.<\/p>\n<p class=\"jsx-4098198752 c--grey-neutral-800\"><strong>Prueba por ejemplo a redactar los objetivos de forma escrita<\/strong>, y cuando los hayas completado, escribe qu\u00e9 has hecho para completarlos, y tacha la tarea para darte\u00a0<em>feedback<\/em>.<\/p>\n<h3 id=\"7-si-no-sabes-por-donde-empezar-prueba\" class=\"jsx-3692753319 jsx-2566528898 c--main-600  mt--x-big pt--normal\">7. Si no sabes por d\u00f3nde empezar, prueba<\/h3>\n<p class=\"jsx-4098198752 c--grey-neutral-800\"><strong>Si no sabes qu\u00e9 es lo que te gusta o qu\u00e9 objetivos pueden ser funcionales para ti, puedes probar opciones con las que probablemente aciertes<\/strong>, ya sea porque la mayor\u00eda de personas disfrutan con ellas o porque en el pasado te resultaron placenteras.<\/p>\n<p class=\"jsx-4098198752 c--grey-neutral-800\">Est\u00e1s en un momento en el que tendr\u00e1s que emplear la fuerza de voluntad y la determinaci\u00f3n para ponerte en marcha; por lo tanto, intenta no seleccionar aquellas actividades para las que necesites hacer muchos preparativos que no te gusten -hay personas que disfrutan de la preparaci\u00f3n de un viaje, pero hay otras que lo pasan mal hasta que se suben en el avi\u00f3n-. \u00a1Piensa cu\u00e1l es tu caso!<\/p>\n<h2 id=\"activarse-para-recuperar-el-bienestar\" class=\"jsx-3692753319 jsx-2566528898 c--main-600  mt--x-big pt--normal\">Activarse para recuperar el bienestar<\/h2>\n<p class=\"jsx-4098198752 c--grey-neutral-800\">No es f\u00e1cil activarse cuando estamos mal y sin energ\u00eda, pero con ayuda psicol\u00f3gica, soporte social y confiando en ti, puedes lograr salir de esa zona angustiosa en la que nos instalamos cuando estamos ap\u00e1ticos.<\/p>\n<p class=\"jsx-4098198752 c--grey-neutral-800\">Una prueba de que lo est\u00e1s logrando ser\u00e1 que, con el tiempo,\u00a0<strong>logres observar las relaciones entre tus acciones y sus consecuencias<\/strong>\u00a0en tu vida diaria (en particular, las consecuencias que tienen que ver de forma muy considerable con tu bienestar emocional).<\/p>\n<p class=\"jsx-4098198752 c--grey-neutral-800\">Y recuerda,\u00a0<strong>la idea es proponerte metas acordes a tus objetivos y necesidades, no esperar a estar bien para hacer todo ese conjunto de actividades que piensas que vas a disfrutar<\/strong>. Con la apat\u00eda sucede lo mismo que con casi todos los estados: tiende a retroalimentarse, invit\u00e1ndonos a adoptar actitudes frente al mundo que los hacen m\u00e1s protagonistas. Afortunadamente, nosotros solemos tener el suficiente control como para declinar la tentaci\u00f3n.<\/p>\n<div class=\"article-quote bc--secondary-50 ptb--big p--relative mb--normal mt--x-big\">\n<blockquote class=\"jsx-2118601352 jsx-2746653886 plr--big pt--big\">\n<div class=\"jsx-2118601352 jsx-2746653886 quote__text ta--center fs--italic lh--2 fs--normal ff--serif ls--medium c--secondary-800\">\n<p class=\"jsx-4098198752 c--grey-neutral-800\">\u201cLa felicidad es el significado y el prop\u00f3sito de la vida, la meta general y final de la existencia humana\u201d.<\/p>\n<p class=\"jsx-4098198752 c--grey-neutral-800\">-Arist\u00f3teles-<\/p>\n<\/div>\n<\/blockquote>\n<p><a class=\"jsx-151512268 jsx-1596958326 default-a-link is--underline c--grey-neutral-800  link-tool-tip jsx-2288154920 jsx-986712099\" href=\"https:\/\/lamenteesmaravillosa.com\/autor\/laura-ruiz-mitjana\/\" target=\"_self\" rel=\"noopener\"><strong>Laura Ruiz Mitjana<\/strong><\/a>.<\/p>\n<\/div>\n<div id=\"telet-3840512050\" class=\"telet-despues-del-contenido telet-entity-placement\"><a target=\"_blank\" href=\"\/\/aff.lucushost.com\/resources\/click\/?n=gDxoXMAJ&aff=756\"><img decoding=\"async\" border=\"0\" alt=\"LucusHost, el mejor hosting\" src=\"\/\/aff.lucushost.com\/resources\/banners\/?zoneid=5123&n=gDxoXMAJ&aff=756\" \/><\/a><\/div>","protected":false},"excerpt":{"rendered":"<p>\u00bfC\u00f3mo activarnos cuando nos sentimos sin energ\u00eda? Te damos algunas claves para empezar a salir de ese bucle a trav\u00e9s de la activaci\u00f3n conductual y la programaci\u00f3n de actividades agradables.&hellip; <\/p>\n","protected":false},"author":1,"featured_media":11525,"comment_status":"open","ping_status":"open","sticky":false,"template":"","format":"standard","meta":{"_jetpack_memberships_contains_paid_content":false,"footnotes":"","_links_to":"","_links_to_target":""},"categories":[1],"tags":[15,14],"class_list":["post-11524","post","type-post","status-publish","format-standard","has-post-thumbnail","hentry","category-telesecretarias","tag-fuprisa","tag-jose-manuel-fuentes-prieto"],"nelio_content":{"autoShareEndMode":"never","automationSources":{"useCustomSentences":false,"customSentences":[]},"efiAlt":"","efiUrl":"","followers":[1],"highlights":[],"isAutoShareEnabled":true,"networkImageIds":[],"permalinkQueryArgs":[],"series":[],"suggestedReferences":[]},"jetpack_featured_media_url":"https:\/\/teletrabajoynegocios.com\/telesecretarias\/wp-content\/uploads\/sites\/2\/2022\/10\/mujer-sonriendo-cama.jpg","jetpack_sharing_enabled":true,"_links":{"self":[{"href":"https:\/\/teletrabajoynegocios.com\/telesecretarias\/wp-json\/wp\/v2\/posts\/11524","targetHints":{"allow":["GET"]}}],"collection":[{"href":"https:\/\/teletrabajoynegocios.com\/telesecretarias\/wp-json\/wp\/v2\/posts"}],"about":[{"href":"https:\/\/teletrabajoynegocios.com\/telesecretarias\/wp-json\/wp\/v2\/types\/post"}],"author":[{"embeddable":true,"href":"https:\/\/teletrabajoynegocios.com\/telesecretarias\/wp-json\/wp\/v2\/users\/1"}],"replies":[{"embeddable":true,"href":"https:\/\/teletrabajoynegocios.com\/telesecretarias\/wp-json\/wp\/v2\/comments?post=11524"}],"version-history":[{"count":1,"href":"https:\/\/teletrabajoynegocios.com\/telesecretarias\/wp-json\/wp\/v2\/posts\/11524\/revisions"}],"predecessor-version":[{"id":11527,"href":"https:\/\/teletrabajoynegocios.com\/telesecretarias\/wp-json\/wp\/v2\/posts\/11524\/revisions\/11527"}],"wp:featuredmedia":[{"embeddable":true,"href":"https:\/\/teletrabajoynegocios.com\/telesecretarias\/wp-json\/wp\/v2\/media\/11525"}],"wp:attachment":[{"href":"https:\/\/teletrabajoynegocios.com\/telesecretarias\/wp-json\/wp\/v2\/media?parent=11524"}],"wp:term":[{"taxonomy":"category","embeddable":true,"href":"https:\/\/teletrabajoynegocios.com\/telesecretarias\/wp-json\/wp\/v2\/categories?post=11524"},{"taxonomy":"post_tag","embeddable":true,"href":"https:\/\/teletrabajoynegocios.com\/telesecretarias\/wp-json\/wp\/v2\/tags?post=11524"}],"curies":[{"name":"wp","href":"https:\/\/api.w.org\/{rel}","templated":true}]}}