{"id":11674,"date":"2022-11-03T11:07:26","date_gmt":"2022-11-03T10:07:26","guid":{"rendered":"https:\/\/teletrabajoynegocios.com\/telesecretarias\/?p=11674"},"modified":"2022-11-01T20:12:09","modified_gmt":"2022-11-01T19:12:09","slug":"como-fusionar-paginas-y-cuentas-de-facebook-sin-perderte-por-el-camino","status":"publish","type":"post","link":"https:\/\/teletrabajoynegocios.com\/telesecretarias\/como-fusionar-paginas-y-cuentas-de-facebook-sin-perderte-por-el-camino\/","title":{"rendered":"C\u00f3mo fusionar p\u00e1ginas y cuentas de Facebook sin perderte por el camino"},"content":{"rendered":"<div id=\"telet-3938142549\" class=\"telet-antes-del-contenido telet-entity-placement\"><a href=\"https:\/\/quaderno.io\/?via=jose-manuel94\" aria-label=\"Quaderno General (Spanish) &#8211; 728&#215;90\"><img loading=\"lazy\" decoding=\"async\" src=\"https:\/\/teletrabajoynegocios.com\/telesecretarias\/wp-content\/uploads\/sites\/2\/2020\/11\/Quaderno-General-Spanish-728x90-1.png\" alt=\"\"  srcset=\"https:\/\/teletrabajoynegocios.com\/telesecretarias\/wp-content\/uploads\/sites\/2\/2020\/11\/Quaderno-General-Spanish-728x90-1.png 728w, https:\/\/teletrabajoynegocios.com\/telesecretarias\/wp-content\/uploads\/sites\/2\/2020\/11\/Quaderno-General-Spanish-728x90-1-300x37.png 300w\" sizes=\"(max-width: 728px) 100vw, 728px\" width=\"728\" height=\"90\"   \/><\/a><\/div><p><strong>Fusionar p\u00e1ginas de Facebook<\/strong>\u00a0es m\u00e1s sencillo de lo que parece. Hace un tiempo que la red social puso a disposici\u00f3n de los usuarios la opci\u00f3n de combinar p\u00e1ginas de Facebook en segundos.<\/p>\n<p>Esta acci\u00f3n supone que<strong>\u00a0la p\u00e1gina que se fusiona se elimina\u00a0<\/strong>y todos los datos pasan a la p\u00e1gina que se conserva: as\u00ed, los \u2018Me Gusta\u2019, visitas, publicaciones, fotograf\u00edas, grupos y seguidores se a\u00f1aden a la otra p\u00e1gina.\u00a0<strong>No es una operaci\u00f3n inmediata,<\/strong>\u00a0puede tardar hasta 48 horas en realizarse. No obstante, una vez eliminada la p\u00e1gina ya no se podr\u00e1 volver atr\u00e1s en la fusi\u00f3n.<\/p>\n<p>Pero tambi\u00e9n existe la opci\u00f3n de\u00a0<a href=\"https:\/\/www.marketingdirecto.com\/temas\/facebook\" target=\"_blank\" rel=\"noreferrer noopener\"><strong>fusionar un perfil y una p\u00e1gina de Facebook<\/strong><\/a><strong>\u00a0<\/strong>(o m\u00e1s bien asociar), lo que permite unir un perfil personal con una p\u00e1gina de empresa, por ejemplo.<\/p>\n<p>Fusionar p\u00e1ginas de Facebook es tremendamente \u00fatil para\u00a0<strong>evitar duplicidades.\u00a0<\/strong>Las marcas muchas veces cuentan con varias p\u00e1ginas de empresa con nombres diferentes (que han sido creadas por diferentes empleados o en diferentes momentos). Tambi\u00e9n es muy com\u00fan que algunas empresas hayan creado perfiles personales a modo de cuentas corporativas, algo que es un error dado que<strong>\u00a0lo ideal es que un negocio tenga una p\u00e1gina de Facebook independiente\u00a0<\/strong>(y no un perfil personal).<\/p>\n<p>No obstante, esto puede corregirse uniendo un perfil y una p\u00e1gina de Facebook, un tema que abordamos tambi\u00e9n en este art\u00edculo. As\u00ed, no quedar\u00e1 ning\u00fan fleco suelto en tu estrategia de redes sociales y mejorar\u00e1 tu imagen de marca.<\/p>\n<hr \/>\n<p><img decoding=\"async\" src=\"https:\/\/teletrabajoynegocios.com\/teletrabajador\/wp-content\/uploads\/sites\/3\/2020\/07\/articulos.png\" \/><\/p>\n<div class=\"wp-rss-template-container\" data-wpra-template=\"default\" data-template-ctx=\"W10=\">\n    <div class=\"wp-rss-aggregator wpra-list-template  \" data-page=\"1\">\n    \n    \n<ul class=\"wpra-item-list rss-aggregator wpra-item-list--bullets wpra-item-list--default\"\n    start=\"1\">\n                        <li class=\"wpra-item feed-item \">\n            \n            \n\n    <a  href=\"https:\/\/distritoemprendedores.com\/blog\/2026\/03\/16\/hello-world\/\" target=\"_blank\" rel=\"nofollow\" class=\"\">Hello world!<\/a>\n\n\n\n\n\n\n<div class=\"wprss-feed-meta\">\n            <span class=\"feed-source\">\n            Source:\n\n                            Distrito Emprendedores\n                    <\/span>\n    \n            <span class=\"feed-date\">\n            Published on 2026-03-16\n        <\/span>\n    \n    <\/div>\n\n\n\n\n\n            \n        <\/li>\n                    <li class=\"wpra-item feed-item \">\n            \n            \n\n    <a  href=\"https:\/\/www.dropbox.com\/scl\/fi\/b6csvpbfxu24vaezmo3es\/62bed0634df20e5ef35346439fdd423f_franquicias.pdf?rlkey=mfp2795s4n89mw35l0yeu2vl5&amp;e=2&amp;st=57kabuy0&amp;dl=0#new_tab\" target=\"_blank\" rel=\"nofollow\" class=\"\">Las franquicias espa\u00f1olas duplican su presencia en mercados for\u00e1neos<\/a>\n\n\n\n\n\n\n<div class=\"wprss-feed-meta\">\n            <span class=\"feed-source\">\n            Source:\n\n                            Distrito Emprendedores\n                    <\/span>\n    \n            <span class=\"feed-date\">\n            Published on 2026-03-11\n        <\/span>\n    \n    <\/div>\n\n\n\n\n\n            \n        <\/li>\n                    <li class=\"wpra-item feed-item \">\n            \n            \n\n    <a  href=\"https:\/\/distritoemprendedores.es\/blog\/5-errores-fatales-al-internacionalizar-tu-franquicia\/\" target=\"_blank\" rel=\"nofollow\" class=\"\">5 errores fatales al internacionalizar tu franquicia<\/a>\n\n\n\n\n\n\n<div class=\"wprss-feed-meta\">\n            <span class=\"feed-source\">\n            Source:\n\n                            Distrito Emprendedores\n                    <\/span>\n    \n            <span class=\"feed-date\">\n            Published on 2026-03-10\n        <\/span>\n    \n    <\/div>\n\n\n\n\n\n            \n        <\/li>\n                    <li class=\"wpra-item feed-item \">\n            \n            \n\n    <a  href=\"https:\/\/distritoemprendedores.es\/blog\/un-nuevo-prime-time-para-las-marcas-afterwork-tardeo-y-futbol-se-consolidan-como-los-grandes-motores-del-consumo-experiencial\/\" target=\"_blank\" rel=\"nofollow\" class=\"\">Un nuevo prime time para las marcas: afterwork, tardeo y f\u00fatbol se consolidan como los grandes motores del consumo experiencial<\/a>\n\n\n\n\n\n\n<div class=\"wprss-feed-meta\">\n            <span class=\"feed-source\">\n            Source:\n\n                            Distrito Emprendedores\n                    <\/span>\n    \n            <span class=\"feed-date\">\n            Published on 2026-03-09\n        <\/span>\n    \n    <\/div>\n\n\n\n\n\n            \n        <\/li>\n                    <li class=\"wpra-item feed-item \">\n            \n            \n\n    <a  href=\"https:\/\/distritoemprendedores.es\/blog\/la-ventaja-competitiva-esta-en-entender-como-pregunta-el-consumidor\/\" target=\"_blank\" rel=\"nofollow\" class=\"\">La ventaja competitiva est\u00e1 en entender c\u00f3mo pregunta el consumidor<\/a>\n\n\n\n\n\n\n<div class=\"wprss-feed-meta\">\n            <span class=\"feed-source\">\n            Source:\n\n                            Distrito Emprendedores\n                    <\/span>\n    \n            <span class=\"feed-date\">\n            Published on 2026-03-08\n        <\/span>\n    \n    <\/div>\n\n\n\n\n\n            \n        <\/li>\n                    <li class=\"wpra-item feed-item \">\n            \n            \n\n    <a  href=\"https:\/\/distritoemprendedores.es\/blog\/solo-el-7-de-los-espanoles-cree-a-las-marcas-cuando-comunican-sus-valores-con-hechos-demostrables\/\" target=\"_blank\" rel=\"nofollow\" class=\"\">Solo el 7% de los espa\u00f1oles cree a las marcas cuando comunican sus valores con hechos demostrables<\/a>\n\n\n\n\n\n\n<div class=\"wprss-feed-meta\">\n            <span class=\"feed-source\">\n            Source:\n\n                            Distrito Emprendedores\n                    <\/span>\n    \n            <span class=\"feed-date\">\n            Published on 2026-03-07\n        <\/span>\n    \n    <\/div>\n\n\n\n\n\n            \n        <\/li>\n                    <li class=\"wpra-item feed-item \">\n            \n            \n\n    <a  href=\"https:\/\/distritoemprendedores.es\/blog\/el-38-de-las-empresas-creadas-en-2019-ha-echado-ya-el-cierre\/\" target=\"_blank\" rel=\"nofollow\" class=\"\">El 38% de las empresas creadas en 2019 ha echado ya el cierre<\/a>\n\n\n\n\n\n\n<div class=\"wprss-feed-meta\">\n            <span class=\"feed-source\">\n            Source:\n\n                            Distrito Emprendedores\n                    <\/span>\n    \n            <span class=\"feed-date\">\n            Published on 2026-03-06\n        <\/span>\n    \n    <\/div>\n\n\n\n\n\n            \n        <\/li>\n                    <li class=\"wpra-item feed-item \">\n            \n            \n\n    <a  href=\"https:\/\/distritoemprendedores.es\/blog\/descubre-las-oportunidades-y-tendencias-en-el-mercado-de-la-franquicia-para-2026\/\" target=\"_blank\" rel=\"nofollow\" class=\"\">Descubre las oportunidades y tendencias en el mercado de la franquicia para 2026<\/a>\n\n\n\n\n\n\n<div class=\"wprss-feed-meta\">\n            <span class=\"feed-source\">\n            Source:\n\n                            Distrito Emprendedores\n                    <\/span>\n    \n            <span class=\"feed-date\">\n            Published on 2026-03-05\n        <\/span>\n    \n    <\/div>\n\n\n\n\n\n            \n        <\/li>\n                    <li class=\"wpra-item feed-item \">\n            \n            \n\n    <a  href=\"https:\/\/distritoemprendedores.es\/blog\/las-startups-de-salud-mas-punteras-del-mundo\/\" target=\"_blank\" rel=\"nofollow\" class=\"\">Las startups de salud m\u00e1s punteras del mundo<\/a>\n\n\n\n\n\n\n<div class=\"wprss-feed-meta\">\n            <span class=\"feed-source\">\n            Source:\n\n                            Distrito Emprendedores\n                    <\/span>\n    \n            <span class=\"feed-date\">\n            Published on 2026-03-04\n        <\/span>\n    \n    <\/div>\n\n\n\n\n\n            \n        <\/li>\n                    <li class=\"wpra-item feed-item \">\n            \n            \n\n    <a  href=\"https:\/\/distritoemprendedores.es\/blog\/puesta-en-marcha-de-un-negocio-primeros-pasos-para-validar-vender-y-controlar-la-tesoreria\/\" target=\"_blank\" rel=\"nofollow\" class=\"\">Puesta en marcha de un negocio: primeros pasos para validar, vender y controlar la tesorer\u00eda<\/a>\n\n\n\n\n\n\n<div class=\"wprss-feed-meta\">\n            <span class=\"feed-source\">\n            Source:\n\n                            Distrito Emprendedores\n                    <\/span>\n    \n            <span class=\"feed-date\">\n            Published on 2026-03-03\n        <\/span>\n    \n    <\/div>\n\n\n\n\n\n            \n        <\/li>\n                    <li class=\"wpra-item feed-item \">\n            \n            \n\n    <a  href=\"https:\/\/distritoemprendedores.es\/blog\/6-franquicias-sin-apenas-competencia-en-el-mercado\/\" target=\"_blank\" rel=\"nofollow\" class=\"\">6 franquicias sin apenas competencia en el mercado<\/a>\n\n\n\n\n\n\n<div class=\"wprss-feed-meta\">\n            <span class=\"feed-source\">\n            Source:\n\n                            Distrito Emprendedores\n                    <\/span>\n    \n            <span class=\"feed-date\">\n            Published on 2026-03-02\n        <\/span>\n    \n    <\/div>\n\n\n\n\n\n            \n        <\/li>\n                    <li class=\"wpra-item feed-item \">\n            \n            \n\n    <a  href=\"https:\/\/digistorage.es\/links\/71d78951-a420-4f5b-8de6-7b35ae7efc1c#new_tab\" target=\"_blank\" rel=\"nofollow\" class=\"\">Los algoritmos amenazan con filtrar las confesiones realizadas al abogado<\/a>\n\n\n\n\n\n\n<div class=\"wprss-feed-meta\">\n            <span class=\"feed-source\">\n            Source:\n\n                            Distrito Emprendedores\n                    <\/span>\n    \n            <span class=\"feed-date\">\n            Published on 2026-03-01\n        <\/span>\n    \n    <\/div>\n\n\n\n\n\n            \n        <\/li>\n                    <li class=\"wpra-item feed-item \">\n            \n            \n\n    <a  href=\"https:\/\/distritoemprendedores.es\/blog\/las-startups-que-mas-innovan-en-el-mundo\/\" target=\"_blank\" rel=\"nofollow\" class=\"\">Las startups que m\u00e1s innovan en el mundo<\/a>\n\n\n\n\n\n\n<div class=\"wprss-feed-meta\">\n            <span class=\"feed-source\">\n            Source:\n\n                            Distrito Emprendedores\n                    <\/span>\n    \n            <span class=\"feed-date\">\n            Published on 2026-02-28\n        <\/span>\n    \n    <\/div>\n\n\n\n\n\n            \n        <\/li>\n                    <li class=\"wpra-item feed-item \">\n            \n            \n\n    <a  href=\"https:\/\/distritoemprendedores.es\/blog\/tiktok-genera-31-000-millones-de-euros-para-las-empresas-europeas-y-3-000-millones-en-espana\/\" target=\"_blank\" rel=\"nofollow\" class=\"\">TikTok genera 31.000 millones de euros para las empresas europeas y 3.000 millones en Espa\u00f1a<\/a>\n\n\n\n\n\n\n<div class=\"wprss-feed-meta\">\n            <span class=\"feed-source\">\n            Source:\n\n                            Distrito Emprendedores\n                    <\/span>\n    \n            <span class=\"feed-date\">\n            Published on 2026-02-27\n        <\/span>\n    \n    <\/div>\n\n\n\n\n\n            \n        <\/li>\n                    <li class=\"wpra-item feed-item \">\n            \n            \n\n    <a  href=\"https:\/\/distritoemprendedores.es\/blog\/amazon-planea-un-marketplace-para-hacer-de-puente-entre-los-publishers-y-las-empresas-de-ia\/\" target=\"_blank\" rel=\"nofollow\" class=\"\">Amazon planea un \u00abmarketplace\u00bb para hacer de puente entre los \u00abpublishers\u00bb y las empresas de IA<\/a>\n\n\n\n\n\n\n<div class=\"wprss-feed-meta\">\n            <span class=\"feed-source\">\n            Source:\n\n                            Distrito Emprendedores\n                    <\/span>\n    \n            <span class=\"feed-date\">\n            Published on 2026-02-26\n        <\/span>\n    \n    <\/div>\n\n\n\n\n\n            \n        <\/li>\n        <\/ul>\n\n        \n<\/div>\n\n<\/div>\n\n<hr \/>\n<h2>Fusionar p\u00e1ginas de Facebook<\/h2>\n<p>En esta gu\u00eda te explicamos c\u00f3mo\u00a0<strong>fusionar dos p\u00e1ginas de Facebook<\/strong>\u00a0de una manera muy f\u00e1cil. Estos son los requisitos que debes tener en cuenta y los pasos que debes seguir.<\/p>\n<h3>Los requisitos para combinar dos p\u00e1ginas de Facebook<\/h3>\n<p>Para fusionar dos p\u00e1ginas de Facebook, ambas deben cumplir ciertos requisitos que la propia plataforma enumera en su p\u00e1gina de Ayuda.<\/p>\n<ul>\n<li>Tener el mismo nombre y representar lo mismo. Si no lo tienen, no se pueden fusionar. No obstante, el usuario puedes\u00a0solicitar un cambio de nombre\u00a0en una de las p\u00e1ginas y, cuando se apruebe, solicitar la fusi\u00f3n de las mismas.<\/li>\n<li>Tener la misma\u00a0direcci\u00f3n\u00a0f\u00edsica (si es que la hay).<\/li>\n<li>Estar gestionadas por la misma cuenta de Business\u00a0Manager, es decir, que el administrador de las p\u00e1ginas sea el mismo.<\/li>\n<li>Estar ambas disponibles en la experiencia cl\u00e1sica (versi\u00f3n antigua) o la\u00a0nueva experiencia de p\u00e1ginas.<\/li>\n<li>La p\u00e1gina desde la que quieres hacer la fusi\u00f3n no es la p\u00e1gina principal de una cuenta de Business\u00a0Manager.<\/li>\n<\/ul>\n<p><strong>Las p\u00e1ginas que no cumplan estas condiciones no podr\u00e1n fusionarse.\u00a0<\/strong>Por ejemplo, no se podr\u00e1n unir p\u00e1ginas de Facebook que sean\u00a0<a href=\"https:\/\/www.facebook.com\/business\/help\/905034079579176\/?helpref=faq_content\" target=\"_blank\" rel=\"noreferrer noopener nofollow\">globales<\/a>, si son de experiencias diferentes o si una est\u00e1 verificada y la otra no.<\/p>\n<p>Si nunca has escuchado estos t\u00e9rminos, no te preocupes, te los aclaramos. Una p\u00e1gina global de Facebook permite proporcionar\u00a0<strong>versiones localizadas del contenido a clientes en todo el mundo<\/strong>\u00a0con un nombre de marca universal y la misma URL personalizada para cada p\u00e1gina.<\/p>\n<p>La propia plataforma apunta que esas p\u00e1ginas globales pueden anunciar un contenido para una audiencia determinada en una ubicaci\u00f3n determinada y hacer lo mismo con otro contenido diferente que se dirija a otra audiencia.<\/p>\n<p>La\u00a0<strong>verificaci\u00f3n\u00a0<\/strong>es la confirmaci\u00f3n por parte de Facebook de que la p\u00e1gina o el perfil en cuesti\u00f3n se corresponden con la presencia aut\u00e9ntica de la figura p\u00fablica o marca a la que representan. Se ilustra con un\u00a0<strong>tick azul<\/strong>, de la misma manera que sucede en otras redes sociales.<\/p>\n<h3>Pasos para fusionar p\u00e1ginas de Facebook<\/h3>\n<p>Si ya tienes claro que las p\u00e1ginas de tu empresa se pueden fusionar porque cumplen los requisitos, te explicamos los pasos para que lo hagas.<\/p>\n<ul>\n<li>Ve a tu p\u00e1gina a trav\u00e9s del men\u00fa situado a la izquierda en la p\u00e1gina principal.<\/li>\n<li>En el men\u00fa de la izquierda, haz clic en\u00a0<em>Configuraci\u00f3n<\/em>,\u00a0y despu\u00e9s, en la opci\u00f3n\u00a0<em>General<\/em>.<\/li>\n<li>Dir\u00edgete a la pesta\u00f1a\u00a0<em>Fusionar p\u00e1ginas<\/em>\u00a0y, despu\u00e9s, clica en\u00a0<em>Fusionar las p\u00e1ginas duplicadas.<\/em><\/li>\n<li>Escribe tu usuario y contrase\u00f1a de Facebook y haz clic en\u00a0<em>Continuar<\/em>.<\/li>\n<li>El \u00faltimo paso es seguir las instrucciones que aparecen en pantalla para enviar la solicitud y esperar a que esta sea aceptada.<\/li>\n<\/ul>\n<p>Es importante recordar que, si tus p\u00e1ginas est\u00e1n en\u00a0<strong>Business Manager<\/strong>, tambi\u00e9n puedes acceder a esta plataforma y fusionarlas desde ah\u00ed.<\/p>\n<p>No obstante, es recomendable que te asegures de que no hay ninguna campa\u00f1a en marcha y que hagas una copia de seguridad antes de comenzar la fusi\u00f3n. De lo contrario, se perder\u00e1n todos los \u2018Me Gustas\u2019, publicaciones, fotos y seguidores de la p\u00e1gina fusionada.<\/p>\n<p>Para ello, accede a la configuraci\u00f3n de tu cuenta y haz clic en\u00a0<em>Descargar tu informaci\u00f3n<\/em>. En la siguiente pantalla se mostrar\u00e1 informaci\u00f3n sobre el proceso y debes hacer clic en el bot\u00f3n\u00a0<em>Descargar<\/em>.<\/p>\n<h2>Fusionar cuentas de Facebook<\/h2>\n<p>La plataforma de Meta no permite tener m\u00e1s de una cuenta personal con el mismo nombre. De hecho, esto supone una infracci\u00f3n de las\u00a0<a href=\"https:\/\/es-es.facebook.com\/communitystandards\" target=\"_blank\" rel=\"noreferrer noopener nofollow\">normas<\/a>\u00a0de la compa\u00f1\u00eda. Por este motivo,\u00a0<strong>no existe ning\u00fan procedimiento para fusionar varias cuentas de Facebook.<\/strong><\/p>\n<h2>\u00bfC\u00f3mo puedo fusionar mi perfil con mi p\u00e1gina de Facebook?<\/h2>\n<p>Si fusionas un perfil personal con una p\u00e1gina de Facebook tienes que tener en cuenta que<strong>\u00a0los amigos del perfil se transformar\u00e1n en seguidores<\/strong>\u00a0de la nueva p\u00e1gina de empresa.\u00a0Pero antes de hacer este cambio es recomendable hacer una copia de seguridad del perfil para no perder las fotograf\u00edas, publicaciones y dem\u00e1s informaci\u00f3n, de la misma manera que lo hace un usuario cuando cierra su cuenta de la red social o al fusionar dos p\u00e1ginas.<\/p>\n<p>El proceso para asociar un perfil con una p\u00e1gina de Facebook consiste simplemente\u00a0<strong>crear una p\u00e1gina (o fan page) a partir de la cuenta personal.\u00a0<\/strong>No se puede convertir un perfil en una p\u00e1gina, sino vincular ambas partes para que un mismo administrador tenga acceso a ellas. Para hacerlo, hay que seguir estos pasos:<\/p>\n<ul>\n<li>Entra en tu perfil personal<\/li>\n<li>Ve a la secci\u00f3n\u00a0<em>P\u00e1ginas<\/em>\u00a0y, despu\u00e9s, clica en\u00a0<em>Crear p\u00e1gina<\/em><\/li>\n<li>A\u00f1ade el nombre de tu p\u00e1gina, la biograf\u00eda y la informaci\u00f3n que creas necesaria.<\/li>\n<li>A\u00f1ade fotograf\u00edas de perfil y de portada para que la imagen visual sea la m\u00e1s adecuada.<\/li>\n<li>Termina el proceso haciendo clic en el bot\u00f3n\u00a0<em>Siguiente<\/em>.<\/li>\n<\/ul>\n<p>Ahora que ya sabes c\u00f3mo fusionar dos p\u00e1ginas en Facebook y tienes toda la informaci\u00f3n sobre los requisitos que pide la plataforma para hacer este tipo de acciones, solo queda que te animes a probarlo.<\/p>\n<p><a href=\"https:\/\/www.marketingdirecto.com\/autor\/berta-jimenez\">Berta Jim\u00e9nez<\/a><\/p>\n<div id=\"telet-3859324432\" class=\"telet-despues-del-contenido telet-entity-placement\"><a target=\"_blank\" href=\"\/\/aff.lucushost.com\/resources\/click\/?n=gDxoXMAJ&aff=756\"><img decoding=\"async\" border=\"0\" alt=\"LucusHost, el mejor hosting\" src=\"\/\/aff.lucushost.com\/resources\/banners\/?zoneid=5123&n=gDxoXMAJ&aff=756\" \/><\/a><\/div>","protected":false},"excerpt":{"rendered":"<p>Fusionar p\u00e1ginas de Facebook\u00a0es m\u00e1s sencillo de lo que parece. Hace un tiempo que la red social puso a disposici\u00f3n de los usuarios la opci\u00f3n de combinar p\u00e1ginas de Facebook&hellip; <\/p>\n","protected":false},"author":1,"featured_media":1009,"comment_status":"open","ping_status":"open","sticky":false,"template":"","format":"standard","meta":{"_jetpack_memberships_contains_paid_content":false,"footnotes":"","_links_to":"","_links_to_target":""},"categories":[11],"tags":[15,14],"class_list":["post-11674","post","type-post","status-publish","format-standard","has-post-thumbnail","hentry","category-redes-sociales","tag-fuprisa","tag-jose-manuel-fuentes-prieto"],"nelio_content":{"autoShareEndMode":"never","automationSources":{"useCustomSentences":false,"customSentences":[]},"efiAlt":"","efiUrl":"","followers":[1],"highlights":[],"isAutoShareEnabled":true,"networkImageIds":[],"permalinkQueryArgs":[],"series":[],"suggestedReferences":[]},"jetpack_featured_media_url":"https:\/\/teletrabajoynegocios.com\/telesecretarias\/wp-content\/uploads\/sites\/2\/2020\/05\/port\u00e1til.jpg","jetpack_sharing_enabled":true,"_links":{"self":[{"href":"https:\/\/teletrabajoynegocios.com\/telesecretarias\/wp-json\/wp\/v2\/posts\/11674","targetHints":{"allow":["GET"]}}],"collection":[{"href":"https:\/\/teletrabajoynegocios.com\/telesecretarias\/wp-json\/wp\/v2\/posts"}],"about":[{"href":"https:\/\/teletrabajoynegocios.com\/telesecretarias\/wp-json\/wp\/v2\/types\/post"}],"author":[{"embeddable":true,"href":"https:\/\/teletrabajoynegocios.com\/telesecretarias\/wp-json\/wp\/v2\/users\/1"}],"replies":[{"embeddable":true,"href":"https:\/\/teletrabajoynegocios.com\/telesecretarias\/wp-json\/wp\/v2\/comments?post=11674"}],"version-history":[{"count":2,"href":"https:\/\/teletrabajoynegocios.com\/telesecretarias\/wp-json\/wp\/v2\/posts\/11674\/revisions"}],"predecessor-version":[{"id":11677,"href":"https:\/\/teletrabajoynegocios.com\/telesecretarias\/wp-json\/wp\/v2\/posts\/11674\/revisions\/11677"}],"wp:featuredmedia":[{"embeddable":true,"href":"https:\/\/teletrabajoynegocios.com\/telesecretarias\/wp-json\/wp\/v2\/media\/1009"}],"wp:attachment":[{"href":"https:\/\/teletrabajoynegocios.com\/telesecretarias\/wp-json\/wp\/v2\/media?parent=11674"}],"wp:term":[{"taxonomy":"category","embeddable":true,"href":"https:\/\/teletrabajoynegocios.com\/telesecretarias\/wp-json\/wp\/v2\/categories?post=11674"},{"taxonomy":"post_tag","embeddable":true,"href":"https:\/\/teletrabajoynegocios.com\/telesecretarias\/wp-json\/wp\/v2\/tags?post=11674"}],"curies":[{"name":"wp","href":"https:\/\/api.w.org\/{rel}","templated":true}]}}