{"id":11682,"date":"2022-11-05T11:02:13","date_gmt":"2022-11-05T10:02:13","guid":{"rendered":"https:\/\/teletrabajoynegocios.com\/telesecretarias\/?p=11682"},"modified":"2022-11-02T08:06:36","modified_gmt":"2022-11-02T07:06:36","slug":"social-media-7-cosas-que-podrias-estar-haciendo-mal","status":"publish","type":"post","link":"https:\/\/teletrabajoynegocios.com\/telesecretarias\/social-media-7-cosas-que-podrias-estar-haciendo-mal\/","title":{"rendered":"Social Media: 7 Cosas Que Podr\u00edas Estar Haciendo Mal"},"content":{"rendered":"<div id=\"telet-2200797165\" class=\"telet-antes-del-contenido telet-entity-placement\"><a href=\"https:\/\/quaderno.io\/?via=jose-manuel94\" aria-label=\"Quaderno General (Spanish) &#8211; 728&#215;90\"><img loading=\"lazy\" decoding=\"async\" src=\"https:\/\/teletrabajoynegocios.com\/telesecretarias\/wp-content\/uploads\/sites\/2\/2020\/11\/Quaderno-General-Spanish-728x90-1.png\" alt=\"\"  srcset=\"https:\/\/teletrabajoynegocios.com\/telesecretarias\/wp-content\/uploads\/sites\/2\/2020\/11\/Quaderno-General-Spanish-728x90-1.png 728w, https:\/\/teletrabajoynegocios.com\/telesecretarias\/wp-content\/uploads\/sites\/2\/2020\/11\/Quaderno-General-Spanish-728x90-1-300x37.png 300w\" sizes=\"(max-width: 728px) 100vw, 728px\" width=\"728\" height=\"90\"   \/><\/a><\/div><div>\u00ab<i>No entiendo por qu\u00e9 mis amigos &#8211; que dicen ser mis amigos &#8211; ni siquiera le dan like a mis publicaciones..<\/i>\u00ab<\/div>\n<div><\/div>\n<div>As\u00ed se quejaba con frustraci\u00f3n un participante de uno de mis talleres pensando que todos sus amigos deb\u00edan solo por amistad, interactuar con los posts de su negocio de servicios automotrices en su perfil personal en facebook.<\/div>\n<div><\/div>\n<p>Nada m\u00e1s alejado de la realidad y aunque este es el mejor ejemplo de c\u00f3mo un mal concepto te lleva a una p\u00e9sima estrategia, situaciones como estas ocurren mucho m\u00e1s frecuente de lo que imaginamos.<\/p>\n<div><\/div>\n<div>Y es que las redes sociales tienen por lo menos dos d\u00e9cadas de haberse instalado en nuestras vidas.<\/div>\n<div>\n<p>Hoy son parte de nuestras rutina diaria en nuestras distintas esferas de interacci\u00f3n y la evoluci\u00f3n de las mismas no ha dejado de sorprendernos.<\/p>\n<div>\n<div><\/div>\n<div>En pleno 2022 es casi imposible imaginar a una empresa con una estrategia comercial que no incluya redes sociales, sin embargo no todas las compa\u00f1\u00edas tienen \u00e9xito al usarlas.<\/div>\n<div><\/div>\n<div>La pregunta del mill\u00f3n de d\u00f3lares que todo el mundo se hace es:\u00a0<b>\u00bfC\u00f3mo hago para conseguir resultados?<\/b>\u00a0y a\u00fan m\u00e1s all\u00e1 de ello\u00a0<b>\u00bfC\u00f3mo puedo usarlas para vender m\u00e1s a m\u00e1s bajo costo?<\/b><\/div>\n<div><\/div>\n<div>Y si bien no hay respuestas sencillas para algo tan complejo como el ecosistema digital, si hay algunos principios y claves que pueden ayudarte a encontrar un norte y mejorar tus resultados por sobre tus competidores.<\/div>\n<div><\/div>\n<div>Ac\u00e1 te comparto algunas ideas que si las tomas en consideraci\u00f3n seguramente te ayudar\u00e1n a estructurar mejor tu propia estrategia y a entender qu\u00e9 es lo que puedes estar haciendo equivocadamente.<\/div>\n<div><\/div>\n<h2>LO QUE PODR\u00cdAS ESTAR HACIENDO MAL EN TUS REDES SOCIALES<\/h2>\n<h3>1. Pensar que las redes sociales son invariables<\/h3>\n<div>Lo primero que debes comprender es que las redes sociales\u00a0<b>cambian todo el tiempo<\/b>.<\/div>\n<div><\/div>\n<div>\u00bfQu\u00e9 quiere decir esto?<\/div>\n<div><\/div>\n<div>Quiere decir que no puedes conceptualizar a Facebook o a\u00a0<a href=\"https:\/\/www.1000ideasdenegocios.com\/2015\/08\/Google-Alphabet.html\" target=\"_blank\" rel=\"noopener\">Google<\/a>\u00a0en la misma forma que lo conceptualizabas hace 5 a\u00f1os o 10 a\u00f1os.<\/div>\n<div><\/div>\n<div>Las redes sociales, evolucionan, crecen, se vuelven m\u00e1s inteligentes a gran velocidad ya sea por temas de competitividad o por negocio, tienden a modificar constantemente sus algoritmos de funcionamiento.<\/div>\n<div><\/div>\n<div>Lo cual demanda para cada uno de nosotros los usuarios y los creadores de contenido que nos actualicemos constantemente para aprovechar al m\u00e1ximo las funcionalidades de cada red.<\/div>\n<div><\/div>\n<div>A\u00fan hoy en d\u00eda, algunas personas construyen\u00a0<a href=\"https:\/\/www.1000ideasdenegocios.com\/2019\/08\/como-hacer-campanas-exitosas-en-facebook-ads.html\" target=\"_blank\" rel=\"noopener\">p\u00e1ginas en facebook<\/a>\u00a0y publican posts como lo hac\u00edan hace 5 a\u00f1os, esperando resultados de algo que hace rato cambi\u00f3.<\/div>\n<div><\/div>\n<h3>2. Publicas posts como si fueran medios masivos<\/h3>\n<div>A diferencia de los millenials, las personas que nacimos en otra \u00e9poca anterior a la era digital tenemos instalado un chip que muchas veces es dif\u00edcil de reprogramar.<\/div>\n<div><\/div>\n<div>Y tiene que ver con el concepto de \u00ab<i>medios masivos<\/i>\u00ab.\u00a0 Hace algunas d\u00e9cadas, la forma de llegar a la gente era comprando espacio en radio, TV o peri\u00f3dicos.\u00a0 Espacios que por cierto eran muy costosos.<\/div>\n<div><\/div>\n<div>Estos medios pod\u00edan llevar tu mensaje a miles o millones de personas en algunos casos y entre esa gran cantidad de espectadores la estrategia era lograr captar algunos potenciales clientes.<\/div>\n<div><\/div>\n<div>Err\u00f3neamente muchos empresarios utilizan hoy en d\u00eda las redes como si a\u00fan fueran medios masivos, y no lo son.\u00a0 \u00a0La l\u00f3gica de las redes sociales es totalmente contraria a lo masivo.<\/div>\n<div><\/div>\n<div>Incluso se ve esta tendencia en los posts saturados de informaci\u00f3n con datos como tel\u00e9fono, correo, direcci\u00f3n, precio, oferta, im\u00e1genes, logo y todo lo que puedan, porque para ese sistema fuimos programados.<\/div>\n<div><\/div>\n<div>\n<p>As\u00ed que si esta es tu forma de gestionar las redes sociales, eso deber\u00eda cambiar ya.<\/p>\n<hr \/>\n<\/div>\n<div><img decoding=\"async\" src=\"https:\/\/teletrabajoynegocios.com\/teletrabajador\/wp-content\/uploads\/sites\/3\/2020\/07\/articulos.png\" \/><\/div>\n<div>\n<div class=\"wp-rss-template-container\" data-wpra-template=\"default\" data-template-ctx=\"W10=\">\n    <div class=\"wp-rss-aggregator wpra-list-template  \" data-page=\"1\">\n    \n    \n<ul class=\"wpra-item-list rss-aggregator wpra-item-list--bullets wpra-item-list--default\"\n    start=\"1\">\n                        <li class=\"wpra-item feed-item \">\n            \n            \n\n    <a  href=\"https:\/\/distritoemprendedores.com\/blog\/2026\/03\/16\/hello-world\/\" target=\"_blank\" rel=\"nofollow\" class=\"\">Hello world!<\/a>\n\n\n\n\n\n\n<div class=\"wprss-feed-meta\">\n            <span class=\"feed-source\">\n            Source:\n\n                            Distrito Emprendedores\n                    <\/span>\n    \n            <span class=\"feed-date\">\n            Published on 2026-03-16\n        <\/span>\n    \n    <\/div>\n\n\n\n\n\n            \n        <\/li>\n                    <li class=\"wpra-item feed-item \">\n            \n            \n\n    <a  href=\"https:\/\/www.dropbox.com\/scl\/fi\/b6csvpbfxu24vaezmo3es\/62bed0634df20e5ef35346439fdd423f_franquicias.pdf?rlkey=mfp2795s4n89mw35l0yeu2vl5&amp;e=2&amp;st=57kabuy0&amp;dl=0#new_tab\" target=\"_blank\" rel=\"nofollow\" class=\"\">Las franquicias espa\u00f1olas duplican su presencia en mercados for\u00e1neos<\/a>\n\n\n\n\n\n\n<div class=\"wprss-feed-meta\">\n            <span class=\"feed-source\">\n            Source:\n\n                            Distrito Emprendedores\n                    <\/span>\n    \n            <span class=\"feed-date\">\n            Published on 2026-03-11\n        <\/span>\n    \n    <\/div>\n\n\n\n\n\n            \n        <\/li>\n                    <li class=\"wpra-item feed-item \">\n            \n            \n\n    <a  href=\"https:\/\/distritoemprendedores.es\/blog\/5-errores-fatales-al-internacionalizar-tu-franquicia\/\" target=\"_blank\" rel=\"nofollow\" class=\"\">5 errores fatales al internacionalizar tu franquicia<\/a>\n\n\n\n\n\n\n<div class=\"wprss-feed-meta\">\n            <span class=\"feed-source\">\n            Source:\n\n                            Distrito Emprendedores\n                    <\/span>\n    \n            <span class=\"feed-date\">\n            Published on 2026-03-10\n        <\/span>\n    \n    <\/div>\n\n\n\n\n\n            \n        <\/li>\n                    <li class=\"wpra-item feed-item \">\n            \n            \n\n    <a  href=\"https:\/\/distritoemprendedores.es\/blog\/un-nuevo-prime-time-para-las-marcas-afterwork-tardeo-y-futbol-se-consolidan-como-los-grandes-motores-del-consumo-experiencial\/\" target=\"_blank\" rel=\"nofollow\" class=\"\">Un nuevo prime time para las marcas: afterwork, tardeo y f\u00fatbol se consolidan como los grandes motores del consumo experiencial<\/a>\n\n\n\n\n\n\n<div class=\"wprss-feed-meta\">\n            <span class=\"feed-source\">\n            Source:\n\n                            Distrito Emprendedores\n                    <\/span>\n    \n            <span class=\"feed-date\">\n            Published on 2026-03-09\n        <\/span>\n    \n    <\/div>\n\n\n\n\n\n            \n        <\/li>\n                    <li class=\"wpra-item feed-item \">\n            \n            \n\n    <a  href=\"https:\/\/distritoemprendedores.es\/blog\/la-ventaja-competitiva-esta-en-entender-como-pregunta-el-consumidor\/\" target=\"_blank\" rel=\"nofollow\" class=\"\">La ventaja competitiva est\u00e1 en entender c\u00f3mo pregunta el consumidor<\/a>\n\n\n\n\n\n\n<div class=\"wprss-feed-meta\">\n            <span class=\"feed-source\">\n            Source:\n\n                            Distrito Emprendedores\n                    <\/span>\n    \n            <span class=\"feed-date\">\n            Published on 2026-03-08\n        <\/span>\n    \n    <\/div>\n\n\n\n\n\n            \n        <\/li>\n                    <li class=\"wpra-item feed-item \">\n            \n            \n\n    <a  href=\"https:\/\/distritoemprendedores.es\/blog\/solo-el-7-de-los-espanoles-cree-a-las-marcas-cuando-comunican-sus-valores-con-hechos-demostrables\/\" target=\"_blank\" rel=\"nofollow\" class=\"\">Solo el 7% de los espa\u00f1oles cree a las marcas cuando comunican sus valores con hechos demostrables<\/a>\n\n\n\n\n\n\n<div class=\"wprss-feed-meta\">\n            <span class=\"feed-source\">\n            Source:\n\n                            Distrito Emprendedores\n                    <\/span>\n    \n            <span class=\"feed-date\">\n            Published on 2026-03-07\n        <\/span>\n    \n    <\/div>\n\n\n\n\n\n            \n        <\/li>\n                    <li class=\"wpra-item feed-item \">\n            \n            \n\n    <a  href=\"https:\/\/distritoemprendedores.es\/blog\/el-38-de-las-empresas-creadas-en-2019-ha-echado-ya-el-cierre\/\" target=\"_blank\" rel=\"nofollow\" class=\"\">El 38% de las empresas creadas en 2019 ha echado ya el cierre<\/a>\n\n\n\n\n\n\n<div class=\"wprss-feed-meta\">\n            <span class=\"feed-source\">\n            Source:\n\n                            Distrito Emprendedores\n                    <\/span>\n    \n            <span class=\"feed-date\">\n            Published on 2026-03-06\n        <\/span>\n    \n    <\/div>\n\n\n\n\n\n            \n        <\/li>\n                    <li class=\"wpra-item feed-item \">\n            \n            \n\n    <a  href=\"https:\/\/distritoemprendedores.es\/blog\/descubre-las-oportunidades-y-tendencias-en-el-mercado-de-la-franquicia-para-2026\/\" target=\"_blank\" rel=\"nofollow\" class=\"\">Descubre las oportunidades y tendencias en el mercado de la franquicia para 2026<\/a>\n\n\n\n\n\n\n<div class=\"wprss-feed-meta\">\n            <span class=\"feed-source\">\n            Source:\n\n                            Distrito Emprendedores\n                    <\/span>\n    \n            <span class=\"feed-date\">\n            Published on 2026-03-05\n        <\/span>\n    \n    <\/div>\n\n\n\n\n\n            \n        <\/li>\n                    <li class=\"wpra-item feed-item \">\n            \n            \n\n    <a  href=\"https:\/\/distritoemprendedores.es\/blog\/las-startups-de-salud-mas-punteras-del-mundo\/\" target=\"_blank\" rel=\"nofollow\" class=\"\">Las startups de salud m\u00e1s punteras del mundo<\/a>\n\n\n\n\n\n\n<div class=\"wprss-feed-meta\">\n            <span class=\"feed-source\">\n            Source:\n\n                            Distrito Emprendedores\n                    <\/span>\n    \n            <span class=\"feed-date\">\n            Published on 2026-03-04\n        <\/span>\n    \n    <\/div>\n\n\n\n\n\n            \n        <\/li>\n                    <li class=\"wpra-item feed-item \">\n            \n            \n\n    <a  href=\"https:\/\/distritoemprendedores.es\/blog\/puesta-en-marcha-de-un-negocio-primeros-pasos-para-validar-vender-y-controlar-la-tesoreria\/\" target=\"_blank\" rel=\"nofollow\" class=\"\">Puesta en marcha de un negocio: primeros pasos para validar, vender y controlar la tesorer\u00eda<\/a>\n\n\n\n\n\n\n<div class=\"wprss-feed-meta\">\n            <span class=\"feed-source\">\n            Source:\n\n                            Distrito Emprendedores\n                    <\/span>\n    \n            <span class=\"feed-date\">\n            Published on 2026-03-03\n        <\/span>\n    \n    <\/div>\n\n\n\n\n\n            \n        <\/li>\n                    <li class=\"wpra-item feed-item \">\n            \n            \n\n    <a  href=\"https:\/\/distritoemprendedores.es\/blog\/6-franquicias-sin-apenas-competencia-en-el-mercado\/\" target=\"_blank\" rel=\"nofollow\" class=\"\">6 franquicias sin apenas competencia en el mercado<\/a>\n\n\n\n\n\n\n<div class=\"wprss-feed-meta\">\n            <span class=\"feed-source\">\n            Source:\n\n                            Distrito Emprendedores\n                    <\/span>\n    \n            <span class=\"feed-date\">\n            Published on 2026-03-02\n        <\/span>\n    \n    <\/div>\n\n\n\n\n\n            \n        <\/li>\n                    <li class=\"wpra-item feed-item \">\n            \n            \n\n    <a  href=\"https:\/\/digistorage.es\/links\/71d78951-a420-4f5b-8de6-7b35ae7efc1c#new_tab\" target=\"_blank\" rel=\"nofollow\" class=\"\">Los algoritmos amenazan con filtrar las confesiones realizadas al abogado<\/a>\n\n\n\n\n\n\n<div class=\"wprss-feed-meta\">\n            <span class=\"feed-source\">\n            Source:\n\n                            Distrito Emprendedores\n                    <\/span>\n    \n            <span class=\"feed-date\">\n            Published on 2026-03-01\n        <\/span>\n    \n    <\/div>\n\n\n\n\n\n            \n        <\/li>\n                    <li class=\"wpra-item feed-item \">\n            \n            \n\n    <a  href=\"https:\/\/distritoemprendedores.es\/blog\/las-startups-que-mas-innovan-en-el-mundo\/\" target=\"_blank\" rel=\"nofollow\" class=\"\">Las startups que m\u00e1s innovan en el mundo<\/a>\n\n\n\n\n\n\n<div class=\"wprss-feed-meta\">\n            <span class=\"feed-source\">\n            Source:\n\n                            Distrito Emprendedores\n                    <\/span>\n    \n            <span class=\"feed-date\">\n            Published on 2026-02-28\n        <\/span>\n    \n    <\/div>\n\n\n\n\n\n            \n        <\/li>\n                    <li class=\"wpra-item feed-item \">\n            \n            \n\n    <a  href=\"https:\/\/distritoemprendedores.es\/blog\/tiktok-genera-31-000-millones-de-euros-para-las-empresas-europeas-y-3-000-millones-en-espana\/\" target=\"_blank\" rel=\"nofollow\" class=\"\">TikTok genera 31.000 millones de euros para las empresas europeas y 3.000 millones en Espa\u00f1a<\/a>\n\n\n\n\n\n\n<div class=\"wprss-feed-meta\">\n            <span class=\"feed-source\">\n            Source:\n\n                            Distrito Emprendedores\n                    <\/span>\n    \n            <span class=\"feed-date\">\n            Published on 2026-02-27\n        <\/span>\n    \n    <\/div>\n\n\n\n\n\n            \n        <\/li>\n                    <li class=\"wpra-item feed-item \">\n            \n            \n\n    <a  href=\"https:\/\/distritoemprendedores.es\/blog\/amazon-planea-un-marketplace-para-hacer-de-puente-entre-los-publishers-y-las-empresas-de-ia\/\" target=\"_blank\" rel=\"nofollow\" class=\"\">Amazon planea un \u00abmarketplace\u00bb para hacer de puente entre los \u00abpublishers\u00bb y las empresas de IA<\/a>\n\n\n\n\n\n\n<div class=\"wprss-feed-meta\">\n            <span class=\"feed-source\">\n            Source:\n\n                            Distrito Emprendedores\n                    <\/span>\n    \n            <span class=\"feed-date\">\n            Published on 2026-02-26\n        <\/span>\n    \n    <\/div>\n\n\n\n\n\n            \n        <\/li>\n        <\/ul>\n\n        \n<\/div>\n\n<\/div>\n\n<hr \/>\n<\/div>\n<h3>3. Sigues pensando que puedes alcanzar a todo el mundo<\/h3>\n<div>Para quienes est\u00e1n menos familiarizados con el concepto, dir\u00e9 que el\u00a0<b>alcance\u00a0<\/b>es la capacidad de una red social de llevar tu publicaci\u00f3n a la pantalla de un dispositivo digital.<\/div>\n<div><\/div>\n<div>En el momento que una persona ve pasar tu post o tu anuncio, esa persona ha sido alcanzada.<\/div>\n<div><\/div>\n<div>Ello no significa que se detenga, que lo lea, que interact\u00fae con ella o mucho menos que se convierta en un cliente.\u00a0 Solo significa que fue alcanzada.\u00a0 \u00a0El resto del trabajo lo tienes que hacer tu.<\/div>\n<div><\/div>\n<div>Es por ello que se dice que estamos en la \u00ab<i>econom\u00eda de la atenci\u00f3n<\/i>\u00bb porque necesitas captar la atenci\u00f3n para lograr algo con tu publicaci\u00f3n, y cr\u00e9eme eso requiere mucha creatividad.<\/div>\n<div><\/div>\n<div>Finalmente, debes saber que el alcance natural o tambi\u00e9n llamado org\u00e1nico, ha muerto.\u00a0 Es decir que ya no puedes esperar llegar a una gran cantidad de potenciales clientes por el solo hecho de publicar.<\/div>\n<div><\/div>\n<div>Hoy en d\u00eda es necesario pagar para poder conseguir ese alcance.\u00a0 La explicaci\u00f3n te la dar\u00e9 en otro post ya que es un poco larga pero solo dir\u00e9 que disminuir el alcance es parte del negocio de los creadores de redes sociales.<\/div>\n<div><\/div>\n<div>\n<blockquote><p>As\u00ed que si quieres resultados, sin pagar, estar\u00e1s perdiendo tu tiempo.<\/p><\/blockquote>\n<p>&nbsp;<\/p>\n<\/div>\n<h3>4. No todas las redes sociales son para todos<\/h3>\n<div>Un poco relacionado con el concepto de medios masivos es la idea que una red social te permite llegar a todo el mundo,<\/div>\n<div><\/div>\n<div>La mejor prueba de ello es el mi ejemplo inicial d\u00f3nde hay quienes piensan que publicando algo en su perfil personal autom\u00e1ticamente lo ver\u00e1n todos sus amigos, nada m\u00e1s alejado de la verdad.<\/div>\n<div><\/div>\n<div>Las redes sociales trabajan con segmentos.\u00a0 Y su gran fortaleza en mucho tiene que ver con la capacidad de llegar a la pantalla del tel\u00e9fono de la persona correcta.<\/div>\n<div><\/div>\n<div>Hay diferentes tipos de redes sociales, audiencias, formas de comportamiento y de interacci\u00f3n.<\/div>\n<div><\/div>\n<div>Pensar que tienes que estar en todas la redes y hacerlo medianamente bien en cada una es otro grave error que a la larga desgasta y produce pocos resultados.<\/div>\n<\/div>\n<\/div>\n<div><\/div>\n<div>\n<h3>5. Sin un plan de medios y sin enfoque<\/h3>\n<div>El enfoque hoy en d\u00eda sigue siendo una estrategia poderosa.\u00a0 No se trata de usar m\u00e1s redes sociales, sino usar bien las dos o tres que tu presupuesto te permite.<\/div>\n<div><\/div>\n<div>Publicar un contenido con el mismo formato y concepto para distintas redes sociales es equivocado.<\/div>\n<div><\/div>\n<div>Cada red funciona distinto.\u00a0 Cada personas interact\u00faa diferente seg\u00fan la red en donde est\u00e9.<\/div>\n<div><\/div>\n<div>Incluso es importante entender que en medio de una enorme saturaci\u00f3n de informaci\u00f3n y de publicaciones el usuario se vuelve m\u00e1s selectivo y exigente.<\/div>\n<div><\/div>\n<div>Hoy se dice que el lapso para captar su atenci\u00f3n es de solamente 3 segundos as\u00ed que si no est\u00e1s haciendo algo enfocado y enormemente creativo, poco vas a conseguir.<\/div>\n<div><\/div>\n<h3>6. Tu base de datos de clientes no est\u00e1 segmentada<\/h3>\n<div>Pocos conocen esta clave del \u00e9xito en redes sociales:\u00a0<b>la microsegmentaci\u00f3n.<\/b><\/div>\n<div><\/div>\n<div>Es la capacidad de dividir a tus clientes en peque\u00f1os segmentos a los cuales puedes enviarles mensajes particularmente espec\u00edficos.\u00a0 Cuanto m\u00e1s peque\u00f1o y espec\u00edfico, m\u00e1s efectivo.<\/div>\n<div><\/div>\n<div>Si tu producto son mujeres j\u00f3venes, puedes hablarles en funci\u00f3n de sus intereses que ser\u00e1n distintos a un segmento de hombres deportistas.<\/div>\n<div><\/div>\n<div>Es por ello que las redes sociales como facebook e\u00a0<a href=\"https:\/\/www.1000ideasdenegocios.com\/2022\/06\/asi-construi-mi-negocio-en-instagram.html\" target=\"_blank\" rel=\"noopener\">instagram<\/a>\u00a0te permiten micro segmentar en funci\u00f3n de la edad, el sexo, sus intereses y su\u00a0<a href=\"https:\/\/www.1000ideasdenegocios.com\/2017\/12\/como-poner-tu-negocio-en-google-maps.html\" target=\"_blank\" rel=\"noopener\">localizaci\u00f3n geogr\u00e1fica<\/a>.<\/div>\n<div><\/div>\n<div>Si no est\u00e1s aprovechando al m\u00e1ximo estas cualidades, entonces tus resultados seguir\u00e1n siendo pobres y costosos.<\/div>\n<div><\/div>\n<h3>7. No cuidas lo que dices, ni c\u00f3mo lo dices<\/h3>\n<div>Un principio fundamental en la comunicaci\u00f3n que es muy importante en una estrategia digital tiene que ver con la combinaci\u00f3n perfecta del mensaje, la forma y el canal.<\/div>\n<div><\/div>\n<div>Muchas publicaciones hechas a la ligera no conectan con el prospecto porque no utilizan su lenguaje.<\/div>\n<div><\/div>\n<div>Las im\u00e1genes son seleccionadas a la ligera y el mensaje se lo inventa alg\u00fan \u00abcommunity manager\u00bb que no comprende la misi\u00f3n ni los objetivos de la organizac\u00edon.<\/div>\n<div><\/div>\n<div>El resultado recurrente se traduce en poca interacci\u00f3n que lejanamente se traduce en una llamada o un mensaje solicitando informaci\u00f3n.<\/div>\n<div><\/div>\n<div>En conclusi\u00f3n, las redes sociales siguen siendo poderosas hoy en d\u00eda y son una herramienta incre\u00edble para ventas y negocios pero solamente en manos de quienes las utilizan bien.<\/div>\n<div><\/div>\n<div>La buena noticia para quienes est\u00e1n leyendo este post, es que a\u00fan hay muchas personas que las seguir\u00e1n usando mal y muchos de ellos son tus competidores.<\/div>\n<div><\/div>\n<div>As\u00ed que te invito a poner en pr\u00e1ctica estos conceptos, rep\u00e1salos, aprende m\u00e1s y mejora tu estrategia a partir de hoy.\u00a0 Los resultados, te aseguro llegar\u00e1n.<\/div>\n<\/div>\n<p><span class=\"fn\"><a class=\"g-profile\" title=\"Edwin Amaya\" href=\"https:\/\/www.blogger.com\/profile\/07561844105706189524\" rel=\"author\">Edwin Amaya\u00a0<\/a><\/span><\/p>\n<div id=\"telet-3728911483\" class=\"telet-despues-del-contenido telet-entity-placement\"><a target=\"_blank\" href=\"\/\/aff.lucushost.com\/resources\/click\/?n=gDxoXMAJ&aff=756\"><img decoding=\"async\" border=\"0\" alt=\"LucusHost, el mejor hosting\" src=\"\/\/aff.lucushost.com\/resources\/banners\/?zoneid=5123&n=gDxoXMAJ&aff=756\" \/><\/a><\/div>","protected":false},"excerpt":{"rendered":"<p>\u00abNo entiendo por qu\u00e9 mis amigos &#8211; que dicen ser mis amigos &#8211; ni siquiera le dan like a mis publicaciones..\u00ab As\u00ed se quejaba con frustraci\u00f3n un participante de uno&hellip; <\/p>\n","protected":false},"author":1,"featured_media":2369,"comment_status":"open","ping_status":"open","sticky":false,"template":"","format":"standard","meta":{"_jetpack_memberships_contains_paid_content":false,"footnotes":"","_links_to":"","_links_to_target":""},"categories":[11],"tags":[15,14],"class_list":["post-11682","post","type-post","status-publish","format-standard","has-post-thumbnail","hentry","category-redes-sociales","tag-fuprisa","tag-jose-manuel-fuentes-prieto"],"nelio_content":{"autoShareEndMode":"never","automationSources":{"useCustomSentences":false,"customSentences":[]},"efiAlt":"","efiUrl":"","followers":[1],"highlights":[],"isAutoShareEnabled":true,"networkImageIds":[],"permalinkQueryArgs":[],"series":[],"suggestedReferences":[]},"jetpack_featured_media_url":"https:\/\/teletrabajoynegocios.com\/telesecretarias\/wp-content\/uploads\/sites\/2\/2020\/10\/Asistente-virtual-negocio-post-pandemia.jpg","jetpack_sharing_enabled":true,"_links":{"self":[{"href":"https:\/\/teletrabajoynegocios.com\/telesecretarias\/wp-json\/wp\/v2\/posts\/11682","targetHints":{"allow":["GET"]}}],"collection":[{"href":"https:\/\/teletrabajoynegocios.com\/telesecretarias\/wp-json\/wp\/v2\/posts"}],"about":[{"href":"https:\/\/teletrabajoynegocios.com\/telesecretarias\/wp-json\/wp\/v2\/types\/post"}],"author":[{"embeddable":true,"href":"https:\/\/teletrabajoynegocios.com\/telesecretarias\/wp-json\/wp\/v2\/users\/1"}],"replies":[{"embeddable":true,"href":"https:\/\/teletrabajoynegocios.com\/telesecretarias\/wp-json\/wp\/v2\/comments?post=11682"}],"version-history":[{"count":2,"href":"https:\/\/teletrabajoynegocios.com\/telesecretarias\/wp-json\/wp\/v2\/posts\/11682\/revisions"}],"predecessor-version":[{"id":11689,"href":"https:\/\/teletrabajoynegocios.com\/telesecretarias\/wp-json\/wp\/v2\/posts\/11682\/revisions\/11689"}],"wp:featuredmedia":[{"embeddable":true,"href":"https:\/\/teletrabajoynegocios.com\/telesecretarias\/wp-json\/wp\/v2\/media\/2369"}],"wp:attachment":[{"href":"https:\/\/teletrabajoynegocios.com\/telesecretarias\/wp-json\/wp\/v2\/media?parent=11682"}],"wp:term":[{"taxonomy":"category","embeddable":true,"href":"https:\/\/teletrabajoynegocios.com\/telesecretarias\/wp-json\/wp\/v2\/categories?post=11682"},{"taxonomy":"post_tag","embeddable":true,"href":"https:\/\/teletrabajoynegocios.com\/telesecretarias\/wp-json\/wp\/v2\/tags?post=11682"}],"curies":[{"name":"wp","href":"https:\/\/api.w.org\/{rel}","templated":true}]}}