{"id":1241,"date":"2020-06-11T11:39:07","date_gmt":"2020-06-11T09:39:07","guid":{"rendered":"https:\/\/teletrabajoynegocios.com\/telesecretarias\/?p=1241"},"modified":"2020-06-08T09:44:30","modified_gmt":"2020-06-08T07:44:30","slug":"los-mejores-consejos-para-teletrabajar-con-seguridad","status":"publish","type":"post","link":"https:\/\/teletrabajoynegocios.com\/telesecretarias\/los-mejores-consejos-para-teletrabajar-con-seguridad\/","title":{"rendered":"Los mejores consejos para teletrabajar con seguridad"},"content":{"rendered":"<div id=\"telet-1181984321\" class=\"telet-antes-del-contenido telet-entity-placement\"><a href=\"https:\/\/quaderno.io\/?via=jose-manuel94\" aria-label=\"Quaderno General (Spanish) &#8211; 728&#215;90\"><img loading=\"lazy\" decoding=\"async\" src=\"https:\/\/teletrabajoynegocios.com\/telesecretarias\/wp-content\/uploads\/sites\/2\/2020\/11\/Quaderno-General-Spanish-728x90-1.png\" alt=\"\"  srcset=\"https:\/\/teletrabajoynegocios.com\/telesecretarias\/wp-content\/uploads\/sites\/2\/2020\/11\/Quaderno-General-Spanish-728x90-1.png 728w, https:\/\/teletrabajoynegocios.com\/telesecretarias\/wp-content\/uploads\/sites\/2\/2020\/11\/Quaderno-General-Spanish-728x90-1-300x37.png 300w\" sizes=\"(max-width: 728px) 100vw, 728px\" width=\"728\" height=\"90\"   \/><\/a><\/div><p>La COVID-19 ha dado un vuelco a nuestra modo de vivir y trabajar.&nbsp;<strong>El&nbsp;<a href=\"https:\/\/www.consumer.es\/economia-domestica\/trabajo\/teletrabajo-consejos-novatos.html\" target=\"_blank\" rel=\"noopener noreferrer\">teletrabajo<\/a>&nbsp;se ha impuesto como la mejor manera de evitar contagios<\/strong>&nbsp;e, incluso cuando ya se ha iniciado la desescalada, se recomienda esta forma de trabajo siempre que sea posible. A las primeras dudas sobre c\u00f3mo organizarse y de qu\u00e9 modo realizar las tareas, se une el problema de la seguridad.&nbsp;<strong>\u00bfC\u00f3mo evitar que informaci\u00f3n importante caiga en manos no deseadas por causa de un ataque a mi dispositivo o a mi cuenta?<\/strong>&nbsp;En este art\u00edculo, expertos en ciberseguridad te orientan sobre c\u00f3mo proceder.<\/p>\n<h2>Los riesgos del teletrabajo<\/h2>\n<p>En el \u00faltimo trimestre de 2019 solo un 7,9 % del total de ocupados trabajaba desde casa en nuestro pa\u00eds, seg\u00fan datos del \u2018Monitor Adecco de Oportunidades y Satisfacci\u00f3n en el Empleo\u2019. Esta forma de trabajar, cuya definici\u00f3n est\u00e1 recogida en el art\u00edculo 13 del Estatuto de los Trabajadores, permite realizar las labores cotidianas desde una ubicaci\u00f3n distinta a la sede de la empresa. Y&nbsp;<strong>durante el estado de alarma se ha disparado, ganando cada vez m\u00e1s peso en organizaciones de cualquier \u00edndole y tama\u00f1o<\/strong>.<\/p>\n<p>El teletrabajo cuenta con numerosos&nbsp;<strong>beneficios<\/strong>, entre los que destacan \u201cel ahorro de costes en las compa\u00f1\u00edas y que, por supuesto, eleva la conciliaci\u00f3n laboral\u201d, explica Marco Lozano, responsable de Servicios de Ciberseguridad para Empresas y Profesionales del INCIBE (Instituto Nacional de Ciberseguridad). Pero tambi\u00e9n \u2014alerta el experto\u2014 incluye<strong>&nbsp;peligros<\/strong>, y permitir el teletrabajo sin seguir pautas de seguridad puede suponer un doble riesgo para la empresa:<\/p>\n<ul>\n<li>Los&nbsp;<strong>ciberdelincuentes<\/strong>&nbsp;podr\u00edan acceder a la red y sistemas de la organizaci\u00f3n, as\u00ed como a la informaci\u00f3n que se gestiona.<\/li>\n<li>Si no se establecen pol\u00edticas de ciberseguridad,&nbsp;<strong>los empleados<\/strong>&nbsp;podr\u00edan hacer uso de herramientas, programas o usos no permitidos poniendo en riesgo a la compa\u00f1\u00eda.<\/li>\n<\/ul>\n<hr>\n<h2><img decoding=\"async\" src=\"http:\/\/web.vallebro.biz\/wp-content\/uploads\/2020\/01\/articulos.png\"><\/h2>\n<div class=\"wp-rss-template-container\" data-wpra-template=\"default\" data-template-ctx=\"W10=\">\n    <div class=\"wp-rss-aggregator wpra-list-template  \" data-page=\"1\">\n    \n    \n<ul class=\"wpra-item-list rss-aggregator wpra-item-list--bullets wpra-item-list--default\"\n    start=\"1\">\n                        <li class=\"wpra-item feed-item \">\n            \n            \n\n    <a  href=\"https:\/\/distritoemprendedores.com\/blog\/2026\/03\/16\/hello-world\/\" target=\"_blank\" rel=\"nofollow\" class=\"\">Hello world!<\/a>\n\n\n\n\n\n\n<div class=\"wprss-feed-meta\">\n            <span class=\"feed-source\">\n            Source:\n\n                            Distrito Emprendedores\n                    <\/span>\n    \n            <span class=\"feed-date\">\n            Published on 2026-03-16\n        <\/span>\n    \n    <\/div>\n\n\n\n\n\n            \n        <\/li>\n                    <li class=\"wpra-item feed-item \">\n            \n            \n\n    <a  href=\"https:\/\/www.dropbox.com\/scl\/fi\/b6csvpbfxu24vaezmo3es\/62bed0634df20e5ef35346439fdd423f_franquicias.pdf?rlkey=mfp2795s4n89mw35l0yeu2vl5&amp;e=2&amp;st=57kabuy0&amp;dl=0#new_tab\" target=\"_blank\" rel=\"nofollow\" class=\"\">Las franquicias espa\u00f1olas duplican su presencia en mercados for\u00e1neos<\/a>\n\n\n\n\n\n\n<div class=\"wprss-feed-meta\">\n            <span class=\"feed-source\">\n            Source:\n\n                            Distrito Emprendedores\n                    <\/span>\n    \n            <span class=\"feed-date\">\n            Published on 2026-03-11\n        <\/span>\n    \n    <\/div>\n\n\n\n\n\n            \n        <\/li>\n                    <li class=\"wpra-item feed-item \">\n            \n            \n\n    <a  href=\"https:\/\/distritoemprendedores.es\/blog\/5-errores-fatales-al-internacionalizar-tu-franquicia\/\" target=\"_blank\" rel=\"nofollow\" class=\"\">5 errores fatales al internacionalizar tu franquicia<\/a>\n\n\n\n\n\n\n<div class=\"wprss-feed-meta\">\n            <span class=\"feed-source\">\n            Source:\n\n                            Distrito Emprendedores\n                    <\/span>\n    \n            <span class=\"feed-date\">\n            Published on 2026-03-10\n        <\/span>\n    \n    <\/div>\n\n\n\n\n\n            \n        <\/li>\n                    <li class=\"wpra-item feed-item \">\n            \n            \n\n    <a  href=\"https:\/\/distritoemprendedores.es\/blog\/un-nuevo-prime-time-para-las-marcas-afterwork-tardeo-y-futbol-se-consolidan-como-los-grandes-motores-del-consumo-experiencial\/\" target=\"_blank\" rel=\"nofollow\" class=\"\">Un nuevo prime time para las marcas: afterwork, tardeo y f\u00fatbol se consolidan como los grandes motores del consumo experiencial<\/a>\n\n\n\n\n\n\n<div class=\"wprss-feed-meta\">\n            <span class=\"feed-source\">\n            Source:\n\n                            Distrito Emprendedores\n                    <\/span>\n    \n            <span class=\"feed-date\">\n            Published on 2026-03-09\n        <\/span>\n    \n    <\/div>\n\n\n\n\n\n            \n        <\/li>\n                    <li class=\"wpra-item feed-item \">\n            \n            \n\n    <a  href=\"https:\/\/distritoemprendedores.es\/blog\/la-ventaja-competitiva-esta-en-entender-como-pregunta-el-consumidor\/\" target=\"_blank\" rel=\"nofollow\" class=\"\">La ventaja competitiva est\u00e1 en entender c\u00f3mo pregunta el consumidor<\/a>\n\n\n\n\n\n\n<div class=\"wprss-feed-meta\">\n            <span class=\"feed-source\">\n            Source:\n\n                            Distrito Emprendedores\n                    <\/span>\n    \n            <span class=\"feed-date\">\n            Published on 2026-03-08\n        <\/span>\n    \n    <\/div>\n\n\n\n\n\n            \n        <\/li>\n                    <li class=\"wpra-item feed-item \">\n            \n            \n\n    <a  href=\"https:\/\/distritoemprendedores.es\/blog\/solo-el-7-de-los-espanoles-cree-a-las-marcas-cuando-comunican-sus-valores-con-hechos-demostrables\/\" target=\"_blank\" rel=\"nofollow\" class=\"\">Solo el 7% de los espa\u00f1oles cree a las marcas cuando comunican sus valores con hechos demostrables<\/a>\n\n\n\n\n\n\n<div class=\"wprss-feed-meta\">\n            <span class=\"feed-source\">\n            Source:\n\n                            Distrito Emprendedores\n                    <\/span>\n    \n            <span class=\"feed-date\">\n            Published on 2026-03-07\n        <\/span>\n    \n    <\/div>\n\n\n\n\n\n            \n        <\/li>\n                    <li class=\"wpra-item feed-item \">\n            \n            \n\n    <a  href=\"https:\/\/distritoemprendedores.es\/blog\/el-38-de-las-empresas-creadas-en-2019-ha-echado-ya-el-cierre\/\" target=\"_blank\" rel=\"nofollow\" class=\"\">El 38% de las empresas creadas en 2019 ha echado ya el cierre<\/a>\n\n\n\n\n\n\n<div class=\"wprss-feed-meta\">\n            <span class=\"feed-source\">\n            Source:\n\n                            Distrito Emprendedores\n                    <\/span>\n    \n            <span class=\"feed-date\">\n            Published on 2026-03-06\n        <\/span>\n    \n    <\/div>\n\n\n\n\n\n            \n        <\/li>\n                    <li class=\"wpra-item feed-item \">\n            \n            \n\n    <a  href=\"https:\/\/distritoemprendedores.es\/blog\/descubre-las-oportunidades-y-tendencias-en-el-mercado-de-la-franquicia-para-2026\/\" target=\"_blank\" rel=\"nofollow\" class=\"\">Descubre las oportunidades y tendencias en el mercado de la franquicia para 2026<\/a>\n\n\n\n\n\n\n<div class=\"wprss-feed-meta\">\n            <span class=\"feed-source\">\n            Source:\n\n                            Distrito Emprendedores\n                    <\/span>\n    \n            <span class=\"feed-date\">\n            Published on 2026-03-05\n        <\/span>\n    \n    <\/div>\n\n\n\n\n\n            \n        <\/li>\n                    <li class=\"wpra-item feed-item \">\n            \n            \n\n    <a  href=\"https:\/\/distritoemprendedores.es\/blog\/las-startups-de-salud-mas-punteras-del-mundo\/\" target=\"_blank\" rel=\"nofollow\" class=\"\">Las startups de salud m\u00e1s punteras del mundo<\/a>\n\n\n\n\n\n\n<div class=\"wprss-feed-meta\">\n            <span class=\"feed-source\">\n            Source:\n\n                            Distrito Emprendedores\n                    <\/span>\n    \n            <span class=\"feed-date\">\n            Published on 2026-03-04\n        <\/span>\n    \n    <\/div>\n\n\n\n\n\n            \n        <\/li>\n                    <li class=\"wpra-item feed-item \">\n            \n            \n\n    <a  href=\"https:\/\/distritoemprendedores.es\/blog\/puesta-en-marcha-de-un-negocio-primeros-pasos-para-validar-vender-y-controlar-la-tesoreria\/\" target=\"_blank\" rel=\"nofollow\" class=\"\">Puesta en marcha de un negocio: primeros pasos para validar, vender y controlar la tesorer\u00eda<\/a>\n\n\n\n\n\n\n<div class=\"wprss-feed-meta\">\n            <span class=\"feed-source\">\n            Source:\n\n                            Distrito Emprendedores\n                    <\/span>\n    \n            <span class=\"feed-date\">\n            Published on 2026-03-03\n        <\/span>\n    \n    <\/div>\n\n\n\n\n\n            \n        <\/li>\n                    <li class=\"wpra-item feed-item \">\n            \n            \n\n    <a  href=\"https:\/\/distritoemprendedores.es\/blog\/6-franquicias-sin-apenas-competencia-en-el-mercado\/\" target=\"_blank\" rel=\"nofollow\" class=\"\">6 franquicias sin apenas competencia en el mercado<\/a>\n\n\n\n\n\n\n<div class=\"wprss-feed-meta\">\n            <span class=\"feed-source\">\n            Source:\n\n                            Distrito Emprendedores\n                    <\/span>\n    \n            <span class=\"feed-date\">\n            Published on 2026-03-02\n        <\/span>\n    \n    <\/div>\n\n\n\n\n\n            \n        <\/li>\n                    <li class=\"wpra-item feed-item \">\n            \n            \n\n    <a  href=\"https:\/\/digistorage.es\/links\/71d78951-a420-4f5b-8de6-7b35ae7efc1c#new_tab\" target=\"_blank\" rel=\"nofollow\" class=\"\">Los algoritmos amenazan con filtrar las confesiones realizadas al abogado<\/a>\n\n\n\n\n\n\n<div class=\"wprss-feed-meta\">\n            <span class=\"feed-source\">\n            Source:\n\n                            Distrito Emprendedores\n                    <\/span>\n    \n            <span class=\"feed-date\">\n            Published on 2026-03-01\n        <\/span>\n    \n    <\/div>\n\n\n\n\n\n            \n        <\/li>\n                    <li class=\"wpra-item feed-item \">\n            \n            \n\n    <a  href=\"https:\/\/distritoemprendedores.es\/blog\/las-startups-que-mas-innovan-en-el-mundo\/\" target=\"_blank\" rel=\"nofollow\" class=\"\">Las startups que m\u00e1s innovan en el mundo<\/a>\n\n\n\n\n\n\n<div class=\"wprss-feed-meta\">\n            <span class=\"feed-source\">\n            Source:\n\n                            Distrito Emprendedores\n                    <\/span>\n    \n            <span class=\"feed-date\">\n            Published on 2026-02-28\n        <\/span>\n    \n    <\/div>\n\n\n\n\n\n            \n        <\/li>\n                    <li class=\"wpra-item feed-item \">\n            \n            \n\n    <a  href=\"https:\/\/distritoemprendedores.es\/blog\/tiktok-genera-31-000-millones-de-euros-para-las-empresas-europeas-y-3-000-millones-en-espana\/\" target=\"_blank\" rel=\"nofollow\" class=\"\">TikTok genera 31.000 millones de euros para las empresas europeas y 3.000 millones en Espa\u00f1a<\/a>\n\n\n\n\n\n\n<div class=\"wprss-feed-meta\">\n            <span class=\"feed-source\">\n            Source:\n\n                            Distrito Emprendedores\n                    <\/span>\n    \n            <span class=\"feed-date\">\n            Published on 2026-02-27\n        <\/span>\n    \n    <\/div>\n\n\n\n\n\n            \n        <\/li>\n                    <li class=\"wpra-item feed-item \">\n            \n            \n\n    <a  href=\"https:\/\/distritoemprendedores.es\/blog\/amazon-planea-un-marketplace-para-hacer-de-puente-entre-los-publishers-y-las-empresas-de-ia\/\" target=\"_blank\" rel=\"nofollow\" class=\"\">Amazon planea un \u00abmarketplace\u00bb para hacer de puente entre los \u00abpublishers\u00bb y las empresas de IA<\/a>\n\n\n\n\n\n\n<div class=\"wprss-feed-meta\">\n            <span class=\"feed-source\">\n            Source:\n\n                            Distrito Emprendedores\n                    <\/span>\n    \n            <span class=\"feed-date\">\n            Published on 2026-02-26\n        <\/span>\n    \n    <\/div>\n\n\n\n\n\n            \n        <\/li>\n        <\/ul>\n\n        \n<\/div>\n\n<\/div>\n\n<hr>\n<h2>Pautas para teletrabajar con seguridad<\/h2>\n<p>\u201cLa seguridad al 100 % no existe\u201d, reconoce Lorenzo D\u00edaz de Apodaca, socio y director de Osane Consulting. Partiendo de esa premisa, s\u00ed es posible \u201cadoptar una serie de cuidados que van a ayudar a que&nbsp;<strong>minimicemos cualquier riesgo\u201d.<\/strong>&nbsp;Tanto si se utilizan equipos corporativos como propios, el experto del INCIBE y el de Osane coinciden en se\u00f1alar que, para teletrabajar seguros, se pueden seguir algunas pautas:<\/p>\n<ul>\n<li><strong>Pol\u00edtica de uso.<\/strong>&nbsp;Es esencial tener definida por escrito una pol\u00edtica de uso.<\/li>\n<li><strong>Tener<\/strong>&nbsp;<strong>cuentas de usuario \u00fanicas.<\/strong>&nbsp;Las cuentas no se deben compartir entre equipos personales y profesionales. No se recomienda utilizar el correo corporativo en redes sociales ni el correo personal en equipos corporativos, pues hay que tener en cuenta que \u201cel&nbsp;<em>e-mail<\/em>&nbsp;es uno de los vectores de entrada principales para ciberataques\u201d, indica D\u00edaz de Apodaca.<\/li>\n<li><strong>Dispositivos y el software.&nbsp;<\/strong>Deben estar actualizados a las \u00faltimas versiones existentes.<\/li>\n<li><strong>Antivirus<\/strong>. Hay que disponer de un antivirus profesional y actualizado.<\/li>\n<li><strong>Utilizar una VPN.<\/strong>&nbsp;Una VPN asegura las comunicaciones, pues crea una&nbsp;<strong>conexi\u00f3n privada y cifrada<\/strong>&nbsp;evitando que los ciberdelincuentes puedan espiar las comunicaciones. Algo muy habitual en las empresas para conectarse a los sistemas \u201ces la utilizaci\u00f3n del conocido escritorio remoto\u201d, detalla Lozano. Este tipo de soluciones permiten conectar un dispositivo y usarlo de la misma forma que si se estuviera f\u00edsicamente delante del equipo, \u201cpero hay que combinarlo con el uso de una VPN para garantizar la seguridad, tanto la que se intercambie como la que almacenemos en los repositorios\/nube\u201d, aclara.<\/li>\n<li><strong>Utilizar<\/strong>&nbsp;<strong>contrase\u00f1as robustas.&nbsp;<\/strong>Las&nbsp;<a href=\"https:\/\/www.consumer.es\/tecnologia\/internet\/como-proteger-contrasenas-y-datos-personales.html\" target=\"_blank\" rel=\"noopener noreferrer\">contrase\u00f1as<\/a>&nbsp;deben tener al menos doble factor de autenticaci\u00f3n. Todas las aplicaciones lo soportan.<\/li>\n<li><strong>Trabajar con<\/strong>&nbsp;<strong>conexi\u00f3n de red de cable.&nbsp;<\/strong>Hay que evitar el uso de la tecnolog\u00eda&nbsp;<em>wireless<\/em>&nbsp;(sin cables). Si esto no es posible, deberemos revisar \u201cque la conexi\u00f3n a la red&nbsp;<em>wireless<\/em>&nbsp;de casa utilice un cifrado robusto, cambiar siempre las claves wifi que vienen por defecto, modificar y ocultar el SSID (el nombre de nuestra red)\u201d, concreta.<\/li>\n<li><strong>Segmentar la red de trabajo de la red de ocio\/IoT.<\/strong>&nbsp;No conectar a la misma red wifi nuestro equipo corporativo que nuestro robot aspirador, por ejemplo.<\/li>\n<li><strong>Dispositivos extra\u00edbles.<\/strong>&nbsp;Solo hay que conectar&nbsp;dispositivos extra\u00edbles de confianza.<\/li>\n<li><strong>Copias de&nbsp;<\/strong><b>seguridad.<\/b>&nbsp;Se deben realizar copias de seguridad de forma peri\u00f3dica.<\/li>\n<li><strong>Dispositivos corporativos.&nbsp;<\/strong>Conviene el uso de dispositivos corporativos en lugar de dispositivos personales, siempre que sea posible. \u00bfPor qu\u00e9? &nbsp;Aquellos cuentan con las pol\u00edticas de seguridad implantadas por la organizaci\u00f3n.<\/li>\n<li><strong>Cuidar los dispositivos.&nbsp;<\/strong>Es una obviedad, pero hay que velar por la seguridad e integridad f\u00edsica del aparato.<\/li>\n<li><strong>Aplicar el sentido com\u00fan.&nbsp;<\/strong>Est\u00e1 al alcance de todos. As\u00ed, no debemos clicar en ning\u00fan enlace de los correos cuya procedencia no conozcamos. \u201cMucho cuidado con las grandes ofertas, con correos relacionados con&nbsp;<a href=\"https:\/\/www.consumer.es\/economia-domestica\/trabajo\/erte-hacienda-dos-pagadores-renta.html\" target=\"_blank\" rel=\"noopener noreferrer\">ERTE<\/a>, la COVID-19, con Hacienda\u2026\u201d, advierte D\u00edaz de Apodaca, pues asegura que estos d\u00edas est\u00e1n \u201caprovechando temas sensibles para provocar nuestros clics y&nbsp;<a href=\"https:\/\/www.consumer.es\/tecnologia\/internet\/datos-personales-objetivo-ciberdelincuentes.html\" target=\"_blank\" rel=\"noopener noreferrer\">robar nuestros datos<\/a>\u201c.<\/li>\n<\/ul>\n<p><a href=\"https:\/\/www.consumer.es\/\"><em>V\u00eda: Consumer<\/em><\/a><\/p>\n<div id=\"telet-935199064\" class=\"telet-despues-del-contenido telet-entity-placement\"><a target=\"_blank\" href=\"\/\/aff.lucushost.com\/resources\/click\/?n=gDxoXMAJ&aff=756\"><img decoding=\"async\" border=\"0\" alt=\"LucusHost, el mejor hosting\" src=\"\/\/aff.lucushost.com\/resources\/banners\/?zoneid=5123&n=gDxoXMAJ&aff=756\" \/><\/a><\/div>","protected":false},"excerpt":{"rendered":"<p>La COVID-19 ha dado un vuelco a nuestra modo de vivir y trabajar.&nbsp;El&nbsp;teletrabajo&nbsp;se ha impuesto como la mejor manera de evitar contagios&nbsp;e, incluso cuando ya se ha iniciado la desescalada,&hellip; <\/p>\n","protected":false},"author":1,"featured_media":1247,"comment_status":"open","ping_status":"open","sticky":false,"template":"","format":"standard","meta":{"_jetpack_memberships_contains_paid_content":false,"footnotes":"","_links_to":"","_links_to_target":""},"categories":[1],"tags":[15,14],"class_list":["post-1241","post","type-post","status-publish","format-standard","has-post-thumbnail","hentry","category-telesecretarias","tag-fuprisa","tag-jose-manuel-fuentes-prieto"],"nelio_content":{"autoShareEndMode":"never","automationSources":{"useCustomSentences":false,"customSentences":[]},"efiAlt":"","efiUrl":"","followers":[1],"highlights":[],"isAutoShareEnabled":true,"networkImageIds":[],"permalinkQueryArgs":[],"series":[],"suggestedReferences":[]},"jetpack_featured_media_url":"https:\/\/teletrabajoynegocios.com\/telesecretarias\/wp-content\/uploads\/sites\/2\/2020\/06\/teletrabajando.jpg","jetpack_sharing_enabled":true,"_links":{"self":[{"href":"https:\/\/teletrabajoynegocios.com\/telesecretarias\/wp-json\/wp\/v2\/posts\/1241","targetHints":{"allow":["GET"]}}],"collection":[{"href":"https:\/\/teletrabajoynegocios.com\/telesecretarias\/wp-json\/wp\/v2\/posts"}],"about":[{"href":"https:\/\/teletrabajoynegocios.com\/telesecretarias\/wp-json\/wp\/v2\/types\/post"}],"author":[{"embeddable":true,"href":"https:\/\/teletrabajoynegocios.com\/telesecretarias\/wp-json\/wp\/v2\/users\/1"}],"replies":[{"embeddable":true,"href":"https:\/\/teletrabajoynegocios.com\/telesecretarias\/wp-json\/wp\/v2\/comments?post=1241"}],"version-history":[{"count":1,"href":"https:\/\/teletrabajoynegocios.com\/telesecretarias\/wp-json\/wp\/v2\/posts\/1241\/revisions"}],"predecessor-version":[{"id":1248,"href":"https:\/\/teletrabajoynegocios.com\/telesecretarias\/wp-json\/wp\/v2\/posts\/1241\/revisions\/1248"}],"wp:featuredmedia":[{"embeddable":true,"href":"https:\/\/teletrabajoynegocios.com\/telesecretarias\/wp-json\/wp\/v2\/media\/1247"}],"wp:attachment":[{"href":"https:\/\/teletrabajoynegocios.com\/telesecretarias\/wp-json\/wp\/v2\/media?parent=1241"}],"wp:term":[{"taxonomy":"category","embeddable":true,"href":"https:\/\/teletrabajoynegocios.com\/telesecretarias\/wp-json\/wp\/v2\/categories?post=1241"},{"taxonomy":"post_tag","embeddable":true,"href":"https:\/\/teletrabajoynegocios.com\/telesecretarias\/wp-json\/wp\/v2\/tags?post=1241"}],"curies":[{"name":"wp","href":"https:\/\/api.w.org\/{rel}","templated":true}]}}