{"id":1322,"date":"2020-06-22T08:46:46","date_gmt":"2020-06-22T06:46:46","guid":{"rendered":"https:\/\/teletrabajoynegocios.com\/telesecretarias\/?p=1322"},"modified":"2020-07-20T10:29:36","modified_gmt":"2020-07-20T08:29:36","slug":"consejos-para-hacer-una-videollamada-efectiva-2","status":"publish","type":"post","link":"https:\/\/teletrabajoynegocios.com\/telesecretarias\/consejos-para-hacer-una-videollamada-efectiva-2\/","title":{"rendered":"Consejos para hacer una videollamada efectiva"},"content":{"rendered":"<div id=\"telet-3300362608\" class=\"telet-antes-del-contenido telet-entity-placement\"><a href=\"https:\/\/quaderno.io\/?via=jose-manuel94\" aria-label=\"Quaderno General (Spanish) &#8211; 728&#215;90\"><img loading=\"lazy\" decoding=\"async\" src=\"https:\/\/teletrabajoynegocios.com\/telesecretarias\/wp-content\/uploads\/sites\/2\/2020\/11\/Quaderno-General-Spanish-728x90-1.png\" alt=\"\"  srcset=\"https:\/\/teletrabajoynegocios.com\/telesecretarias\/wp-content\/uploads\/sites\/2\/2020\/11\/Quaderno-General-Spanish-728x90-1.png 728w, https:\/\/teletrabajoynegocios.com\/telesecretarias\/wp-content\/uploads\/sites\/2\/2020\/11\/Quaderno-General-Spanish-728x90-1-300x37.png 300w\" sizes=\"(max-width: 728px) 100vw, 728px\" width=\"728\" height=\"90\"   \/><\/a><\/div><p>La vida sigue, pero esta situaci\u00f3n actual hace que estemos en un proceso de cambio sociol\u00f3gico a la hora de comunicarnos. Ahora vivimos a trav\u00e9s de la&nbsp;<strong>pantalla<\/strong>: de la&nbsp;<a href=\"https:\/\/www.muypymes.com\/2020\/05\/13\/contaminacion-pantallas-crece\">pantalla<\/a>&nbsp;de las televisiones para saber qu\u00e9 sucede, del tel\u00e9fono para conectar con familiares y amigos para sobrellevar la situaci\u00f3n, del ordenador para mantener un trabajo que cuelga de un hilo trabajando desde casa en dif\u00edciles condiciones como forma habitual de realizar nuestras tareas, etc. En definitiva, la sociedad est\u00e1 cambiando y ahora la pantalla es nuestro mejor y posiblemente, \u00fanico veh\u00edculo para intentar dar la mejor versi\u00f3n de nosotros mismos y poder relacionarnos.<\/p>\n<p>Nuestra vida se meti\u00f3&nbsp;<strong>en la pantalla y nos arrastr\u00f3 a ella<\/strong>, sin quererlo, sin pedirlo, incluso sin darnos cuenta, pero ahora se ha convertido en un veh\u00edculo imprescindible, no solo para comunicarnos de forma profesional,&nbsp;<a href=\"https:\/\/www.muypymes.com\/2020\/04\/24\/el-73-de-los-espanoles-quiere-volver-a-trabajar-a-sus-empresas-teletrabajando-solo-algun-dia-a-la-semana\">teletrabajando<\/a>, forma laboral m\u00e1s com\u00fan actualmente, sino, para relacionarnos con nuestros familiares y amigos en nuestros momentos de ocio. La sociedad est\u00e1 cambiando, adaptarnos, y hacerlo a la misma velocidad del cambio, es imprescindible.<\/p>\n<p>Pero, \u00bfsabes c\u00f3mo conseguir el mejor resultado en cada&nbsp;<a href=\"https:\/\/www.muypymes.com\/2020\/05\/10\/el-numero-de-videollamadas-semanales-de-los-espanoles-asciende-a-ocho-durante-el-periodo-de-confinamiento\">videollamada<\/a>? \u00bfSabes cu\u00e1l es la mejor postura, el mejor \u00e1ngulo, el espacio perfecto, c\u00f3mo utilizar las palabras, respuestas y&nbsp; preguntas? En definitiva, \u00bfsabes hacer &nbsp;las videollamadas de la forma m\u00e1s efectiva para conseguir el mejor resultado?<\/p>\n<hr>\n<p><img decoding=\"async\" src=\"http:\/\/web.vallebro.biz\/wp-content\/uploads\/2020\/01\/articulos.png\"><\/p>\n<div class=\"wp-rss-template-container\" data-wpra-template=\"default\" data-template-ctx=\"W10=\">\n    <div class=\"wp-rss-aggregator wpra-list-template  \" data-page=\"1\">\n    \n    \n<ul class=\"wpra-item-list rss-aggregator wpra-item-list--bullets wpra-item-list--default\"\n    start=\"1\">\n                        <li class=\"wpra-item feed-item \">\n            \n            \n\n    <a  href=\"https:\/\/distritoemprendedores.com\/blog\/2026\/03\/16\/hello-world\/\" target=\"_blank\" rel=\"nofollow\" class=\"\">Hello world!<\/a>\n\n\n\n\n\n\n<div class=\"wprss-feed-meta\">\n            <span class=\"feed-source\">\n            Source:\n\n                            Distrito Emprendedores\n                    <\/span>\n    \n            <span class=\"feed-date\">\n            Published on 2026-03-16\n        <\/span>\n    \n    <\/div>\n\n\n\n\n\n            \n        <\/li>\n                    <li class=\"wpra-item feed-item \">\n            \n            \n\n    <a  href=\"https:\/\/www.dropbox.com\/scl\/fi\/b6csvpbfxu24vaezmo3es\/62bed0634df20e5ef35346439fdd423f_franquicias.pdf?rlkey=mfp2795s4n89mw35l0yeu2vl5&amp;e=2&amp;st=57kabuy0&amp;dl=0#new_tab\" target=\"_blank\" rel=\"nofollow\" class=\"\">Las franquicias espa\u00f1olas duplican su presencia en mercados for\u00e1neos<\/a>\n\n\n\n\n\n\n<div class=\"wprss-feed-meta\">\n            <span class=\"feed-source\">\n            Source:\n\n                            Distrito Emprendedores\n                    <\/span>\n    \n            <span class=\"feed-date\">\n            Published on 2026-03-11\n        <\/span>\n    \n    <\/div>\n\n\n\n\n\n            \n        <\/li>\n                    <li class=\"wpra-item feed-item \">\n            \n            \n\n    <a  href=\"https:\/\/distritoemprendedores.es\/blog\/5-errores-fatales-al-internacionalizar-tu-franquicia\/\" target=\"_blank\" rel=\"nofollow\" class=\"\">5 errores fatales al internacionalizar tu franquicia<\/a>\n\n\n\n\n\n\n<div class=\"wprss-feed-meta\">\n            <span class=\"feed-source\">\n            Source:\n\n                            Distrito Emprendedores\n                    <\/span>\n    \n            <span class=\"feed-date\">\n            Published on 2026-03-10\n        <\/span>\n    \n    <\/div>\n\n\n\n\n\n            \n        <\/li>\n                    <li class=\"wpra-item feed-item \">\n            \n            \n\n    <a  href=\"https:\/\/distritoemprendedores.es\/blog\/un-nuevo-prime-time-para-las-marcas-afterwork-tardeo-y-futbol-se-consolidan-como-los-grandes-motores-del-consumo-experiencial\/\" target=\"_blank\" rel=\"nofollow\" class=\"\">Un nuevo prime time para las marcas: afterwork, tardeo y f\u00fatbol se consolidan como los grandes motores del consumo experiencial<\/a>\n\n\n\n\n\n\n<div class=\"wprss-feed-meta\">\n            <span class=\"feed-source\">\n            Source:\n\n                            Distrito Emprendedores\n                    <\/span>\n    \n            <span class=\"feed-date\">\n            Published on 2026-03-09\n        <\/span>\n    \n    <\/div>\n\n\n\n\n\n            \n        <\/li>\n                    <li class=\"wpra-item feed-item \">\n            \n            \n\n    <a  href=\"https:\/\/distritoemprendedores.es\/blog\/la-ventaja-competitiva-esta-en-entender-como-pregunta-el-consumidor\/\" target=\"_blank\" rel=\"nofollow\" class=\"\">La ventaja competitiva est\u00e1 en entender c\u00f3mo pregunta el consumidor<\/a>\n\n\n\n\n\n\n<div class=\"wprss-feed-meta\">\n            <span class=\"feed-source\">\n            Source:\n\n                            Distrito Emprendedores\n                    <\/span>\n    \n            <span class=\"feed-date\">\n            Published on 2026-03-08\n        <\/span>\n    \n    <\/div>\n\n\n\n\n\n            \n        <\/li>\n                    <li class=\"wpra-item feed-item \">\n            \n            \n\n    <a  href=\"https:\/\/distritoemprendedores.es\/blog\/solo-el-7-de-los-espanoles-cree-a-las-marcas-cuando-comunican-sus-valores-con-hechos-demostrables\/\" target=\"_blank\" rel=\"nofollow\" class=\"\">Solo el 7% de los espa\u00f1oles cree a las marcas cuando comunican sus valores con hechos demostrables<\/a>\n\n\n\n\n\n\n<div class=\"wprss-feed-meta\">\n            <span class=\"feed-source\">\n            Source:\n\n                            Distrito Emprendedores\n                    <\/span>\n    \n            <span class=\"feed-date\">\n            Published on 2026-03-07\n        <\/span>\n    \n    <\/div>\n\n\n\n\n\n            \n        <\/li>\n                    <li class=\"wpra-item feed-item \">\n            \n            \n\n    <a  href=\"https:\/\/distritoemprendedores.es\/blog\/el-38-de-las-empresas-creadas-en-2019-ha-echado-ya-el-cierre\/\" target=\"_blank\" rel=\"nofollow\" class=\"\">El 38% de las empresas creadas en 2019 ha echado ya el cierre<\/a>\n\n\n\n\n\n\n<div class=\"wprss-feed-meta\">\n            <span class=\"feed-source\">\n            Source:\n\n                            Distrito Emprendedores\n                    <\/span>\n    \n            <span class=\"feed-date\">\n            Published on 2026-03-06\n        <\/span>\n    \n    <\/div>\n\n\n\n\n\n            \n        <\/li>\n                    <li class=\"wpra-item feed-item \">\n            \n            \n\n    <a  href=\"https:\/\/distritoemprendedores.es\/blog\/descubre-las-oportunidades-y-tendencias-en-el-mercado-de-la-franquicia-para-2026\/\" target=\"_blank\" rel=\"nofollow\" class=\"\">Descubre las oportunidades y tendencias en el mercado de la franquicia para 2026<\/a>\n\n\n\n\n\n\n<div class=\"wprss-feed-meta\">\n            <span class=\"feed-source\">\n            Source:\n\n                            Distrito Emprendedores\n                    <\/span>\n    \n            <span class=\"feed-date\">\n            Published on 2026-03-05\n        <\/span>\n    \n    <\/div>\n\n\n\n\n\n            \n        <\/li>\n                    <li class=\"wpra-item feed-item \">\n            \n            \n\n    <a  href=\"https:\/\/distritoemprendedores.es\/blog\/las-startups-de-salud-mas-punteras-del-mundo\/\" target=\"_blank\" rel=\"nofollow\" class=\"\">Las startups de salud m\u00e1s punteras del mundo<\/a>\n\n\n\n\n\n\n<div class=\"wprss-feed-meta\">\n            <span class=\"feed-source\">\n            Source:\n\n                            Distrito Emprendedores\n                    <\/span>\n    \n            <span class=\"feed-date\">\n            Published on 2026-03-04\n        <\/span>\n    \n    <\/div>\n\n\n\n\n\n            \n        <\/li>\n                    <li class=\"wpra-item feed-item \">\n            \n            \n\n    <a  href=\"https:\/\/distritoemprendedores.es\/blog\/puesta-en-marcha-de-un-negocio-primeros-pasos-para-validar-vender-y-controlar-la-tesoreria\/\" target=\"_blank\" rel=\"nofollow\" class=\"\">Puesta en marcha de un negocio: primeros pasos para validar, vender y controlar la tesorer\u00eda<\/a>\n\n\n\n\n\n\n<div class=\"wprss-feed-meta\">\n            <span class=\"feed-source\">\n            Source:\n\n                            Distrito Emprendedores\n                    <\/span>\n    \n            <span class=\"feed-date\">\n            Published on 2026-03-03\n        <\/span>\n    \n    <\/div>\n\n\n\n\n\n            \n        <\/li>\n                    <li class=\"wpra-item feed-item \">\n            \n            \n\n    <a  href=\"https:\/\/distritoemprendedores.es\/blog\/6-franquicias-sin-apenas-competencia-en-el-mercado\/\" target=\"_blank\" rel=\"nofollow\" class=\"\">6 franquicias sin apenas competencia en el mercado<\/a>\n\n\n\n\n\n\n<div class=\"wprss-feed-meta\">\n            <span class=\"feed-source\">\n            Source:\n\n                            Distrito Emprendedores\n                    <\/span>\n    \n            <span class=\"feed-date\">\n            Published on 2026-03-02\n        <\/span>\n    \n    <\/div>\n\n\n\n\n\n            \n        <\/li>\n                    <li class=\"wpra-item feed-item \">\n            \n            \n\n    <a  href=\"https:\/\/digistorage.es\/links\/71d78951-a420-4f5b-8de6-7b35ae7efc1c#new_tab\" target=\"_blank\" rel=\"nofollow\" class=\"\">Los algoritmos amenazan con filtrar las confesiones realizadas al abogado<\/a>\n\n\n\n\n\n\n<div class=\"wprss-feed-meta\">\n            <span class=\"feed-source\">\n            Source:\n\n                            Distrito Emprendedores\n                    <\/span>\n    \n            <span class=\"feed-date\">\n            Published on 2026-03-01\n        <\/span>\n    \n    <\/div>\n\n\n\n\n\n            \n        <\/li>\n                    <li class=\"wpra-item feed-item \">\n            \n            \n\n    <a  href=\"https:\/\/distritoemprendedores.es\/blog\/las-startups-que-mas-innovan-en-el-mundo\/\" target=\"_blank\" rel=\"nofollow\" class=\"\">Las startups que m\u00e1s innovan en el mundo<\/a>\n\n\n\n\n\n\n<div class=\"wprss-feed-meta\">\n            <span class=\"feed-source\">\n            Source:\n\n                            Distrito Emprendedores\n                    <\/span>\n    \n            <span class=\"feed-date\">\n            Published on 2026-02-28\n        <\/span>\n    \n    <\/div>\n\n\n\n\n\n            \n        <\/li>\n                    <li class=\"wpra-item feed-item \">\n            \n            \n\n    <a  href=\"https:\/\/distritoemprendedores.es\/blog\/tiktok-genera-31-000-millones-de-euros-para-las-empresas-europeas-y-3-000-millones-en-espana\/\" target=\"_blank\" rel=\"nofollow\" class=\"\">TikTok genera 31.000 millones de euros para las empresas europeas y 3.000 millones en Espa\u00f1a<\/a>\n\n\n\n\n\n\n<div class=\"wprss-feed-meta\">\n            <span class=\"feed-source\">\n            Source:\n\n                            Distrito Emprendedores\n                    <\/span>\n    \n            <span class=\"feed-date\">\n            Published on 2026-02-27\n        <\/span>\n    \n    <\/div>\n\n\n\n\n\n            \n        <\/li>\n                    <li class=\"wpra-item feed-item \">\n            \n            \n\n    <a  href=\"https:\/\/distritoemprendedores.es\/blog\/amazon-planea-un-marketplace-para-hacer-de-puente-entre-los-publishers-y-las-empresas-de-ia\/\" target=\"_blank\" rel=\"nofollow\" class=\"\">Amazon planea un \u00abmarketplace\u00bb para hacer de puente entre los \u00abpublishers\u00bb y las empresas de IA<\/a>\n\n\n\n\n\n\n<div class=\"wprss-feed-meta\">\n            <span class=\"feed-source\">\n            Source:\n\n                            Distrito Emprendedores\n                    <\/span>\n    \n            <span class=\"feed-date\">\n            Published on 2026-02-26\n        <\/span>\n    \n    <\/div>\n\n\n\n\n\n            \n        <\/li>\n        <\/ul>\n\n        \n<\/div>\n\n<\/div>\n\n<hr>\n<p>La soci\u00f3loga&nbsp;<strong><a href=\"https:\/\/aliciaaradilla.es\/\">Alicia Aradilla<\/a>,&nbsp;<\/strong>te da las mejores claves para ello en este dec\u00e1logo:<\/p>\n<ol>\n<li><strong>Comunicar es mucho m\u00e1s que hablar.<\/strong>&nbsp;No saber comunicar hoy d\u00eda es c\u00f3mo ser analfabeto unos a\u00f1os atr\u00e1s. Identifica el mensaje central o clave de cada una de tus comunicaciones.<\/li>\n<li><strong>Improvisaciones.&nbsp;<\/strong>Saber improvisar requiere mucha experiencia previa y habilidades comunicativas ya consolidadas, &nbsp;prepara los contenidos antes de la reuni\u00f3n, para evitar construir el discurso mientras lo expones. Si no tienes claro que decir previamente es dif\u00edcil que lo identifiques mientras comunicas.<\/li>\n<li><strong>Anticipa y planifica.<\/strong>&nbsp;Si para prepararlos contenidos, necesitas dedicar tiempo a pensarlos, hacer un resumen, esquema, o notas. Hazlo. &nbsp;Todo el tiempo que utilices en planificar, lo ahorrar\u00e1s posteriormente en deshacer malentendidos.<\/li>\n<li><strong>Identifica tu patr\u00f3n mental temporal.<\/strong>&nbsp;El tiempo que transcurre en nuestro mundo exterior, est\u00e1 muy condicionado por la percepci\u00f3n que construimos de \u00e9l, a trav\u00e9s &nbsp;nuestro patr\u00f3n mental (consciente o subconsciente) acerca del tiempo. &nbsp;Si dedicar tiempo antes de una reuni\u00f3n, lo consideras \u201cuna p\u00e9rdida de tiempo\u201d&nbsp; revisa tu patr\u00f3n mental. Si para ello necesitas ayuda externa profesionalizada, b\u00fascala.<\/li>\n<li><strong>Escucha de calidad.<\/strong>&nbsp;Si planificas que dir\u00e1s, cuando hablen otras personas, en lugar de preparar mentalmente tu respuesta, podr\u00e1s poner toda tu atenci\u00f3n en escucharla,&nbsp; y si necesitas unos momentos para responder con calidad, ten la valent\u00eda de comunicarlo. Adem\u00e1s de ser valiente,&nbsp; ganar\u00e1s el respeto de la otra persona.<\/li>\n<li><strong>Mira a los ojos.<\/strong>&nbsp;Estamos cansados de visualizar a la otra persona \u201camorrada\u201d a la pantalla de su ordenador. Eleva tu ordenador, para poder mirar a los ojos, aunque sea virtualmente. El efecto positivo de una mirada a los ojos virtual es mayor en estos d\u00edas de exceso de pantalla.<\/li>\n<li><strong>Respeta la distancia vital.<\/strong>&nbsp;Situar el ordenador a una altura que te permita elevar la mirada a los ojos de tu interlocutor, tambi\u00e9n crear\u00e1 virtualmente la distancia vital que todos necesitamos en la comunicaci\u00f3n. Estar muy pegado a la pantalla, dar\u00e1 una sensaci\u00f3n de incomodidad e invasi\u00f3n a la otra persona.<\/li>\n<li><strong>Expresi\u00f3n corporal.<\/strong>&nbsp;Al elevar tu ordenador, podr\u00e1s reclinar tus hombros hacia atr\u00e1s. Adem\u00e1s de ser una postura m\u00e1s adecuada para ti, es mucho m\u00e1s agradable para tu interlocutor.<\/li>\n<li><strong>Tus emociones.<\/strong>&nbsp;Las emociones que te predominen ser\u00e1n muy influyentes en la calidad de la comunicaci\u00f3n. Si quieres provocar tranquilidad o creatividad \u00bfLo conseguir\u00edas desde presi\u00f3n o enfado?, la respuesta es No. Dedica unos momentos previos a tu comunicaci\u00f3n a revisar e identificar tu estado emocional.<\/li>\n<li><strong>Comunica.<\/strong>&nbsp;Para comunicar con calidad es importante comunicar situaciones. Si tienes una situaci\u00f3n puntual que puede afectar a la comunicaci\u00f3n, por ejemplo, hijos peque\u00f1os en casa, comun\u00edcalo y as\u00ed el resto de las personas entender\u00e1n que sucede, si sucede.<\/li>\n<\/ol>\n<p>\u201c<em>El covid-19 meti\u00f3 nuestra vida en una pantalla para que, sin respuestas ante una situaci\u00f3n tan excepcional, nos hagamos nuevas &nbsp;preguntas\u201d,<\/em>&nbsp;Concluye la soci\u00f3loga.<\/p>\n<p><a href=\"https:\/\/www.muypymes.com\/\"><em>V\u00eda: Muy Pymes<\/em><\/a><\/p>\n<div id=\"telet-2305277962\" class=\"telet-despues-del-contenido telet-entity-placement\"><a target=\"_blank\" href=\"\/\/aff.lucushost.com\/resources\/click\/?n=gDxoXMAJ&aff=756\"><img decoding=\"async\" border=\"0\" alt=\"LucusHost, el mejor hosting\" src=\"\/\/aff.lucushost.com\/resources\/banners\/?zoneid=5123&n=gDxoXMAJ&aff=756\" \/><\/a><\/div>","protected":false},"excerpt":{"rendered":"<p>La vida sigue, pero esta situaci\u00f3n actual hace que estemos en un proceso de cambio sociol\u00f3gico a la hora de comunicarnos. Ahora vivimos a trav\u00e9s de la&nbsp;pantalla: de la&nbsp;pantalla&nbsp;de las&hellip; <\/p>\n","protected":false},"author":1,"featured_media":1323,"comment_status":"open","ping_status":"open","sticky":false,"template":"","format":"standard","meta":{"_jetpack_memberships_contains_paid_content":false,"footnotes":"","_links_to":"","_links_to_target":""},"categories":[9],"tags":[15,14],"class_list":["post-1322","post","type-post","status-publish","format-standard","has-post-thumbnail","hentry","category-ofimatica","tag-fuprisa","tag-jose-manuel-fuentes-prieto"],"nelio_content":{"autoShareEndMode":"never","automationSources":{"useCustomSentences":false,"customSentences":[]},"efiAlt":"","efiUrl":"","followers":[1],"highlights":[],"isAutoShareEnabled":true,"networkImageIds":[],"permalinkQueryArgs":[],"series":[],"suggestedReferences":[]},"jetpack_featured_media_url":"https:\/\/teletrabajoynegocios.com\/telesecretarias\/wp-content\/uploads\/sites\/2\/2020\/06\/videollamada-1.jpg","jetpack_sharing_enabled":true,"_links":{"self":[{"href":"https:\/\/teletrabajoynegocios.com\/telesecretarias\/wp-json\/wp\/v2\/posts\/1322","targetHints":{"allow":["GET"]}}],"collection":[{"href":"https:\/\/teletrabajoynegocios.com\/telesecretarias\/wp-json\/wp\/v2\/posts"}],"about":[{"href":"https:\/\/teletrabajoynegocios.com\/telesecretarias\/wp-json\/wp\/v2\/types\/post"}],"author":[{"embeddable":true,"href":"https:\/\/teletrabajoynegocios.com\/telesecretarias\/wp-json\/wp\/v2\/users\/1"}],"replies":[{"embeddable":true,"href":"https:\/\/teletrabajoynegocios.com\/telesecretarias\/wp-json\/wp\/v2\/comments?post=1322"}],"version-history":[{"count":1,"href":"https:\/\/teletrabajoynegocios.com\/telesecretarias\/wp-json\/wp\/v2\/posts\/1322\/revisions"}],"predecessor-version":[{"id":1324,"href":"https:\/\/teletrabajoynegocios.com\/telesecretarias\/wp-json\/wp\/v2\/posts\/1322\/revisions\/1324"}],"wp:featuredmedia":[{"embeddable":true,"href":"https:\/\/teletrabajoynegocios.com\/telesecretarias\/wp-json\/wp\/v2\/media\/1323"}],"wp:attachment":[{"href":"https:\/\/teletrabajoynegocios.com\/telesecretarias\/wp-json\/wp\/v2\/media?parent=1322"}],"wp:term":[{"taxonomy":"category","embeddable":true,"href":"https:\/\/teletrabajoynegocios.com\/telesecretarias\/wp-json\/wp\/v2\/categories?post=1322"},{"taxonomy":"post_tag","embeddable":true,"href":"https:\/\/teletrabajoynegocios.com\/telesecretarias\/wp-json\/wp\/v2\/tags?post=1322"}],"curies":[{"name":"wp","href":"https:\/\/api.w.org\/{rel}","templated":true}]}}