{"id":1333,"date":"2020-06-24T11:05:37","date_gmt":"2020-06-24T09:05:37","guid":{"rendered":"https:\/\/teletrabajoynegocios.com\/telesecretarias\/?p=1333"},"modified":"2020-07-20T10:29:10","modified_gmt":"2020-07-20T08:29:10","slug":"estas-comenzando-con-tus-redes-sociales-recomendaciones-importantes-que-debes-saber-para-su-gestion","status":"publish","type":"post","link":"https:\/\/teletrabajoynegocios.com\/telesecretarias\/estas-comenzando-con-tus-redes-sociales-recomendaciones-importantes-que-debes-saber-para-su-gestion\/","title":{"rendered":"\u00bfEstas comenzando con tus redes sociales? Recomendaciones importantes que debes saber para su gesti\u00f3n."},"content":{"rendered":"<div id=\"telet-4059958734\" class=\"telet-antes-del-contenido telet-entity-placement\"><a href=\"https:\/\/quaderno.io\/?via=jose-manuel94\" aria-label=\"Quaderno General (Spanish) &#8211; 728&#215;90\"><img loading=\"lazy\" decoding=\"async\" src=\"https:\/\/teletrabajoynegocios.com\/telesecretarias\/wp-content\/uploads\/sites\/2\/2020\/11\/Quaderno-General-Spanish-728x90-1.png\" alt=\"\"  srcset=\"https:\/\/teletrabajoynegocios.com\/telesecretarias\/wp-content\/uploads\/sites\/2\/2020\/11\/Quaderno-General-Spanish-728x90-1.png 728w, https:\/\/teletrabajoynegocios.com\/telesecretarias\/wp-content\/uploads\/sites\/2\/2020\/11\/Quaderno-General-Spanish-728x90-1-300x37.png 300w\" sizes=\"(max-width: 728px) 100vw, 728px\" width=\"728\" height=\"90\"   \/><\/a><\/div><p>El manejo de Redes Sociales es fundamental en esta era digital, y es que cada vez hay un mayor n\u00famero de usuarios en internet en todo el mundo, ya sea para comercializar productos y servicios, informarse de lo que pasa en el mundo, capacitarse y formarse v\u00eda online, crear negocios de manera online o estar en contacto con otras personas en distintas partes del mundo.<\/p>\n<p>En esta era digital en donde todo es cada vez m\u00e1s visual y la forma de comunicarnos ha variado, es indispensable aprender y conocer sobre la gesti\u00f3n y manejo de redes sociales, y m\u00e1s a\u00fan si quieres emprender un negocio sea f\u00edsico u online, en ambos casos es importante tener presencia en redes sociales.<\/p>\n<p>Cada vez, son m\u00e1s las empresas, emprendimientos, coaches y mentores Agencias, etc que se suman al uso de las redes sociales para dar a conocer su marca, productos o servicios. Las m\u00e1s grandes tienen la capacidad y posibilidad de contratar un community manager que pueden ayudar en la comunicaci\u00f3n en medios sociales, gestionar comunidades y estrategias en redes sociales, pero los m\u00e1s peque\u00f1os quienes todav\u00eda no tienen la estructura no, por lo que seguro deber\u00e1n en un principio asumir el tema de gesti\u00f3n y manejo de redes sociales.<\/p>\n<p>Si este \u00faltimo es tu caso quiero compartir unas recomendaciones b\u00e1sicas para ayudarte a manejar y gestionar las redes sociales de emprendimiento, negocio o marca:<\/p>\n<h3><strong>1. Define por escrito quien es tu p\u00fablico objetivo.<\/strong><\/h3>\n<p>Para ello debes tener claridad en los siguientes puntos:<br \/>\n\u2022 Cu\u00e1les son las caracter\u00edsticas y beneficios de tus productos o servicios<br \/>\n\u2022 Cu\u00e1l es el tipo de p\u00fablico que quieres atraer. A quien dirigirte.<br \/>\n\u2022 Observa a tu competencia.<br \/>\n\u2022 Segmenta tu nicho de mercado: datos demogr\u00e1ficos: edad, sexo, gustos, comportamiento, etc.<\/p>\n<h3><strong>2. En base a que ya conoces a t\u00fa p\u00fablico define en que redes sociales vas a estar.<\/strong><\/h3>\n<p>Te dejo aqu\u00ed una breve descripci\u00f3n de las caracter\u00edsticas de las redes sociales m\u00e1s usadas que nos hace Postcron en este&nbsp;<a href=\"https:\/\/postcron.com\/es\/blog\/categoria\/gestionar-manejar-administrar-redes-sociales\/\" target=\"_blank\" rel=\"noopener noreferrer\">post<\/a>.<\/p>\n<p><strong>Facebook:<\/strong><br \/>\nEs la Red Social m\u00e1s grande del mundo, con m\u00e1s de mil millones de usuarios. Debido a su gran tama\u00f1o, es muy probable que tu audiencia objetivo se encuentre contenida en esta plataforma. Por esta raz\u00f3n, es esencial incluirla en tus estrategias de Social Media. Adem\u00e1s, cuenta con un servicio de publicidad muy efectivo y personalizado.<\/p>\n<p><strong>LinkedIn:<\/strong><br \/>\nEs la Red Social de profesionales m\u00e1s importante, por lo que es esencial incluirla en tus campa\u00f1as de Social Media (especialmente si te dedicas al Marketing B2B). All\u00ed puedes crear un perfil laboral para ti y p\u00e1ginas para tu empresa y para tus productos. Hacerlo favorecer\u00e1 tu exposici\u00f3n y posicionamiento.<\/p>\n<p><strong>Twitter:<\/strong><br \/>\nEsta plataforma se destaca por su valor noticioso, ya que sus posts avanzan en tiempo real. Por esta raz\u00f3n, es ideal para cubrir eventos y compartir las novedades de tu marca. Adem\u00e1s, su sistema de clasificaci\u00f3n de contenidos mediante el uso de hashtags es perfecto para difundir propuestas y conectar con personas interesadas en tu sector.<\/p>\n<p><strong>Pinterest:<\/strong><br \/>\nEs ideal para exhibir tus productos, ya que te permite subir fotos de tu mercanc\u00eda en alta calidad y clasificarla en categor\u00edas o tableros, para ser halladas por parte de los usuarios a trav\u00e9s del buscador. Adem\u00e1s, si tu audiencia es mayoritariamente femenina debes publicar aqu\u00ed, ya que m\u00e1s del 80% de sus miembros son mujeres.<\/p>\n<p><strong>Instagram:<\/strong><br \/>\nEsta Red Social en constante crecimiento se centra en la imagen y los v\u00eddeos, por lo que tambi\u00e9n es perfecta para mostrar tus productos o contar historias visuales relacionadas con tus servicios. Adem\u00e1s, debido a la reciente actualizaci\u00f3n de Instagram los anunciantes cuentan con herramientas de segmentaci\u00f3n cada vez m\u00e1s efectivas.<\/p>\n<h3><strong>3.<\/strong>&nbsp;<strong>Crea un contenido que comunique lo que quieres a ese p\u00fablico objetivo ya definido<\/strong>.<\/h3>\n<p>Comienza de menos a m\u00e1s, ya tu sabes lo que ofreces, cu\u00e1l es tu p\u00fablico, en cuales redes sociales quieres estar, entonces en un formato sencillo de Excel puede crear una grilla de contenido o buscar entre m\u00faltiples opciones que te ofrecen en internet de forma gratuita. Aqu\u00ed te dejo dos posts con enlaces para descargar modelos de plantillas, uno es de&nbsp;<strong><a href=\"https:\/\/vilmanunez.com\/plantilla-calendario-editorial-de-redes-sociales\/\" target=\"_blank\" rel=\"noopener noreferrer\">Vilma Nu\u00f1ez<\/a><\/strong>&nbsp;y el otro es de&nbsp;<a href=\"https:\/\/www.strategiocs.com\/como-crear-una-grilla-de-contenidos-para-rrss\/\" target=\"_blank\" rel=\"noopener noreferrer\"><strong>Strategiocs.com<\/strong><\/a><br \/>\nDe esta forma ya estas comenzando a crear una estrategia. Poco a poco ir\u00e1s agregando m\u00e1s elementos a esta estrategia.<\/p>\n<h3><strong>4. Identifica las herramientas b\u00e1sicas que mejor te ajusten para una buena gesti\u00f3n de redes sociales.<\/strong><\/h3>\n<p>Para comenzar necesitaras una aplicaci\u00f3n que te ayude a automatizar tus redes sociales, es decir programar el contenido que has realizado para cada red social semanal o quincenalmente. Tambi\u00e9n necesitaras otras aplicaciones que te ayude con la creaci\u00f3n de contenido visual: im\u00e1genes o v\u00eddeos. As\u00ed como alguna que te ayude con las m\u00e9tricas: an\u00e1lisis y comportamiento de tus redes sociales mes a mes.<\/p>\n<hr>\n<p><img decoding=\"async\" src=\"http:\/\/web.vallebro.biz\/wp-content\/uploads\/2020\/01\/articulos.png\"><\/p>\n<div class=\"wp-rss-template-container\" data-wpra-template=\"default\" data-template-ctx=\"W10=\">\n    <div class=\"wp-rss-aggregator wpra-list-template  \" data-page=\"1\">\n    \n    \n<ul class=\"wpra-item-list rss-aggregator wpra-item-list--bullets wpra-item-list--default\"\n    start=\"1\">\n                        <li class=\"wpra-item feed-item \">\n            \n            \n\n    <a  href=\"https:\/\/distritoemprendedores.com\/blog\/2026\/03\/16\/hello-world\/\" target=\"_blank\" rel=\"nofollow\" class=\"\">Hello world!<\/a>\n\n\n\n\n\n\n<div class=\"wprss-feed-meta\">\n            <span class=\"feed-source\">\n            Source:\n\n                            Distrito Emprendedores\n                    <\/span>\n    \n            <span class=\"feed-date\">\n            Published on 2026-03-16\n        <\/span>\n    \n    <\/div>\n\n\n\n\n\n            \n        <\/li>\n                    <li class=\"wpra-item feed-item \">\n            \n            \n\n    <a  href=\"https:\/\/www.dropbox.com\/scl\/fi\/b6csvpbfxu24vaezmo3es\/62bed0634df20e5ef35346439fdd423f_franquicias.pdf?rlkey=mfp2795s4n89mw35l0yeu2vl5&amp;e=2&amp;st=57kabuy0&amp;dl=0#new_tab\" target=\"_blank\" rel=\"nofollow\" class=\"\">Las franquicias espa\u00f1olas duplican su presencia en mercados for\u00e1neos<\/a>\n\n\n\n\n\n\n<div class=\"wprss-feed-meta\">\n            <span class=\"feed-source\">\n            Source:\n\n                            Distrito Emprendedores\n                    <\/span>\n    \n            <span class=\"feed-date\">\n            Published on 2026-03-11\n        <\/span>\n    \n    <\/div>\n\n\n\n\n\n            \n        <\/li>\n                    <li class=\"wpra-item feed-item \">\n            \n            \n\n    <a  href=\"https:\/\/distritoemprendedores.es\/blog\/5-errores-fatales-al-internacionalizar-tu-franquicia\/\" target=\"_blank\" rel=\"nofollow\" class=\"\">5 errores fatales al internacionalizar tu franquicia<\/a>\n\n\n\n\n\n\n<div class=\"wprss-feed-meta\">\n            <span class=\"feed-source\">\n            Source:\n\n                            Distrito Emprendedores\n                    <\/span>\n    \n            <span class=\"feed-date\">\n            Published on 2026-03-10\n        <\/span>\n    \n    <\/div>\n\n\n\n\n\n            \n        <\/li>\n                    <li class=\"wpra-item feed-item \">\n            \n            \n\n    <a  href=\"https:\/\/distritoemprendedores.es\/blog\/un-nuevo-prime-time-para-las-marcas-afterwork-tardeo-y-futbol-se-consolidan-como-los-grandes-motores-del-consumo-experiencial\/\" target=\"_blank\" rel=\"nofollow\" class=\"\">Un nuevo prime time para las marcas: afterwork, tardeo y f\u00fatbol se consolidan como los grandes motores del consumo experiencial<\/a>\n\n\n\n\n\n\n<div class=\"wprss-feed-meta\">\n            <span class=\"feed-source\">\n            Source:\n\n                            Distrito Emprendedores\n                    <\/span>\n    \n            <span class=\"feed-date\">\n            Published on 2026-03-09\n        <\/span>\n    \n    <\/div>\n\n\n\n\n\n            \n        <\/li>\n                    <li class=\"wpra-item feed-item \">\n            \n            \n\n    <a  href=\"https:\/\/distritoemprendedores.es\/blog\/la-ventaja-competitiva-esta-en-entender-como-pregunta-el-consumidor\/\" target=\"_blank\" rel=\"nofollow\" class=\"\">La ventaja competitiva est\u00e1 en entender c\u00f3mo pregunta el consumidor<\/a>\n\n\n\n\n\n\n<div class=\"wprss-feed-meta\">\n            <span class=\"feed-source\">\n            Source:\n\n                            Distrito Emprendedores\n                    <\/span>\n    \n            <span class=\"feed-date\">\n            Published on 2026-03-08\n        <\/span>\n    \n    <\/div>\n\n\n\n\n\n            \n        <\/li>\n                    <li class=\"wpra-item feed-item \">\n            \n            \n\n    <a  href=\"https:\/\/distritoemprendedores.es\/blog\/solo-el-7-de-los-espanoles-cree-a-las-marcas-cuando-comunican-sus-valores-con-hechos-demostrables\/\" target=\"_blank\" rel=\"nofollow\" class=\"\">Solo el 7% de los espa\u00f1oles cree a las marcas cuando comunican sus valores con hechos demostrables<\/a>\n\n\n\n\n\n\n<div class=\"wprss-feed-meta\">\n            <span class=\"feed-source\">\n            Source:\n\n                            Distrito Emprendedores\n                    <\/span>\n    \n            <span class=\"feed-date\">\n            Published on 2026-03-07\n        <\/span>\n    \n    <\/div>\n\n\n\n\n\n            \n        <\/li>\n                    <li class=\"wpra-item feed-item \">\n            \n            \n\n    <a  href=\"https:\/\/distritoemprendedores.es\/blog\/el-38-de-las-empresas-creadas-en-2019-ha-echado-ya-el-cierre\/\" target=\"_blank\" rel=\"nofollow\" class=\"\">El 38% de las empresas creadas en 2019 ha echado ya el cierre<\/a>\n\n\n\n\n\n\n<div class=\"wprss-feed-meta\">\n            <span class=\"feed-source\">\n            Source:\n\n                            Distrito Emprendedores\n                    <\/span>\n    \n            <span class=\"feed-date\">\n            Published on 2026-03-06\n        <\/span>\n    \n    <\/div>\n\n\n\n\n\n            \n        <\/li>\n                    <li class=\"wpra-item feed-item \">\n            \n            \n\n    <a  href=\"https:\/\/distritoemprendedores.es\/blog\/descubre-las-oportunidades-y-tendencias-en-el-mercado-de-la-franquicia-para-2026\/\" target=\"_blank\" rel=\"nofollow\" class=\"\">Descubre las oportunidades y tendencias en el mercado de la franquicia para 2026<\/a>\n\n\n\n\n\n\n<div class=\"wprss-feed-meta\">\n            <span class=\"feed-source\">\n            Source:\n\n                            Distrito Emprendedores\n                    <\/span>\n    \n            <span class=\"feed-date\">\n            Published on 2026-03-05\n        <\/span>\n    \n    <\/div>\n\n\n\n\n\n            \n        <\/li>\n                    <li class=\"wpra-item feed-item \">\n            \n            \n\n    <a  href=\"https:\/\/distritoemprendedores.es\/blog\/las-startups-de-salud-mas-punteras-del-mundo\/\" target=\"_blank\" rel=\"nofollow\" class=\"\">Las startups de salud m\u00e1s punteras del mundo<\/a>\n\n\n\n\n\n\n<div class=\"wprss-feed-meta\">\n            <span class=\"feed-source\">\n            Source:\n\n                            Distrito Emprendedores\n                    <\/span>\n    \n            <span class=\"feed-date\">\n            Published on 2026-03-04\n        <\/span>\n    \n    <\/div>\n\n\n\n\n\n            \n        <\/li>\n                    <li class=\"wpra-item feed-item \">\n            \n            \n\n    <a  href=\"https:\/\/distritoemprendedores.es\/blog\/puesta-en-marcha-de-un-negocio-primeros-pasos-para-validar-vender-y-controlar-la-tesoreria\/\" target=\"_blank\" rel=\"nofollow\" class=\"\">Puesta en marcha de un negocio: primeros pasos para validar, vender y controlar la tesorer\u00eda<\/a>\n\n\n\n\n\n\n<div class=\"wprss-feed-meta\">\n            <span class=\"feed-source\">\n            Source:\n\n                            Distrito Emprendedores\n                    <\/span>\n    \n            <span class=\"feed-date\">\n            Published on 2026-03-03\n        <\/span>\n    \n    <\/div>\n\n\n\n\n\n            \n        <\/li>\n                    <li class=\"wpra-item feed-item \">\n            \n            \n\n    <a  href=\"https:\/\/distritoemprendedores.es\/blog\/6-franquicias-sin-apenas-competencia-en-el-mercado\/\" target=\"_blank\" rel=\"nofollow\" class=\"\">6 franquicias sin apenas competencia en el mercado<\/a>\n\n\n\n\n\n\n<div class=\"wprss-feed-meta\">\n            <span class=\"feed-source\">\n            Source:\n\n                            Distrito Emprendedores\n                    <\/span>\n    \n            <span class=\"feed-date\">\n            Published on 2026-03-02\n        <\/span>\n    \n    <\/div>\n\n\n\n\n\n            \n        <\/li>\n                    <li class=\"wpra-item feed-item \">\n            \n            \n\n    <a  href=\"https:\/\/digistorage.es\/links\/71d78951-a420-4f5b-8de6-7b35ae7efc1c#new_tab\" target=\"_blank\" rel=\"nofollow\" class=\"\">Los algoritmos amenazan con filtrar las confesiones realizadas al abogado<\/a>\n\n\n\n\n\n\n<div class=\"wprss-feed-meta\">\n            <span class=\"feed-source\">\n            Source:\n\n                            Distrito Emprendedores\n                    <\/span>\n    \n            <span class=\"feed-date\">\n            Published on 2026-03-01\n        <\/span>\n    \n    <\/div>\n\n\n\n\n\n            \n        <\/li>\n                    <li class=\"wpra-item feed-item \">\n            \n            \n\n    <a  href=\"https:\/\/distritoemprendedores.es\/blog\/las-startups-que-mas-innovan-en-el-mundo\/\" target=\"_blank\" rel=\"nofollow\" class=\"\">Las startups que m\u00e1s innovan en el mundo<\/a>\n\n\n\n\n\n\n<div class=\"wprss-feed-meta\">\n            <span class=\"feed-source\">\n            Source:\n\n                            Distrito Emprendedores\n                    <\/span>\n    \n            <span class=\"feed-date\">\n            Published on 2026-02-28\n        <\/span>\n    \n    <\/div>\n\n\n\n\n\n            \n        <\/li>\n                    <li class=\"wpra-item feed-item \">\n            \n            \n\n    <a  href=\"https:\/\/distritoemprendedores.es\/blog\/tiktok-genera-31-000-millones-de-euros-para-las-empresas-europeas-y-3-000-millones-en-espana\/\" target=\"_blank\" rel=\"nofollow\" class=\"\">TikTok genera 31.000 millones de euros para las empresas europeas y 3.000 millones en Espa\u00f1a<\/a>\n\n\n\n\n\n\n<div class=\"wprss-feed-meta\">\n            <span class=\"feed-source\">\n            Source:\n\n                            Distrito Emprendedores\n                    <\/span>\n    \n            <span class=\"feed-date\">\n            Published on 2026-02-27\n        <\/span>\n    \n    <\/div>\n\n\n\n\n\n            \n        <\/li>\n                    <li class=\"wpra-item feed-item \">\n            \n            \n\n    <a  href=\"https:\/\/distritoemprendedores.es\/blog\/amazon-planea-un-marketplace-para-hacer-de-puente-entre-los-publishers-y-las-empresas-de-ia\/\" target=\"_blank\" rel=\"nofollow\" class=\"\">Amazon planea un \u00abmarketplace\u00bb para hacer de puente entre los \u00abpublishers\u00bb y las empresas de IA<\/a>\n\n\n\n\n\n\n<div class=\"wprss-feed-meta\">\n            <span class=\"feed-source\">\n            Source:\n\n                            Distrito Emprendedores\n                    <\/span>\n    \n            <span class=\"feed-date\">\n            Published on 2026-02-26\n        <\/span>\n    \n    <\/div>\n\n\n\n\n\n            \n        <\/li>\n        <\/ul>\n\n        \n<\/div>\n\n<\/div>\n\n<hr>\n<p>Herramientas hay much\u00edsimas de uso gratuito y de f\u00e1cil manejo. Te voy a&nbsp;<strong>recomendar algunas de las que uso y\/o he usado<\/strong>.<\/p>\n<p><strong>Para automatizar tus redes sociales<\/strong>: con estas puedes programar tu contenido, gestionarlo desde su plataforma, analizar m\u00e9tricas y crear informes y todas tienen una opci\u00f3n de gratis con ciertas limitaciones y de pago con muchas m\u00e1s funcionalidades.<\/p>\n<ul>\n<li><a href=\"https:\/\/hootsuite.com\/\" target=\"_blank\" rel=\"noopener noreferrer\"><strong>Hootsuite<\/strong><\/a>: Sin duda una de las pioneras para gestionar varios perfiles de manera simult\u00e1nea.<\/li>\n<li><a href=\"https:\/\/buffer.com\/\" target=\"_blank\" rel=\"noopener noreferrer\"><strong>Buffer<\/strong><\/a>: aunque esta en ingl\u00e9s es muy f\u00e1cil de usar y tambi\u00e9n te permite gestionar varios perfiles de forma simult\u00e1nea.<\/li>\n<li><a href=\"https:\/\/metricool.com\/es\/\" target=\"_blank\" rel=\"noopener noreferrer\"><strong>Metricool<\/strong><\/a>: es una gran opci\u00f3n, intuitiva, tambi\u00e9n puedes gestionar varios perfiles, aunque de gratis es bastante limitada, pero de pago es de las m\u00e1s accesibles.<\/li>\n<li><a href=\"https:\/\/www.socialgest.net\/es\" target=\"_blank\" rel=\"noopener noreferrer\"><strong>Socialgest<\/strong><\/a>: tienen un servicio al cliente muy bueno, es intuitiva, una de las m\u00e1s accesibles de pago junto a metricool.<\/li>\n<li><a href=\"https:\/\/www.planoly.com\/\" target=\"_blank\" rel=\"noopener noreferrer\"><strong>Planoly<\/strong><\/a>: si vas a comenzar solo con una cuenta de instagram, esta es una excelente opci\u00f3n, es solo para instagram pero es de las pocas que te permite ver cuando estas programando como va quedando tu feed.<\/li>\n<\/ul>\n<p><strong>Para crear contenido visual (im\u00e1genes, flayers, logotipos, presentaciones, etc)<\/strong><\/p>\n<ul>\n<li><a href=\"https:\/\/www.canva.com\/\" target=\"_blank\" rel=\"noopener noreferrer\"><strong>Canva<\/strong><\/a>: es lo m\u00e1ximo, te permite hacer dise\u00f1os hermosos y profesionales de manera r\u00e1pida y f\u00e1cil.<\/li>\n<li><a href=\"https:\/\/www.picmonkey.com\/\" target=\"_blank\" rel=\"noopener noreferrer\"><strong>Picmonkey<\/strong><\/a>: tambi\u00e9n es una opci\u00f3n f\u00e1cil de usar para crear im\u00e1genes con distintos efectos.<\/li>\n<li><a href=\"https:\/\/desygner.com\/es\/\" target=\"_blank\" rel=\"noopener noreferrer\"><strong>Desygner<\/strong><\/a>: la he usado m\u00e1s que todo para hacer stories y highlights de instagram de las stories destacadas, quedan muy bien.<\/li>\n<\/ul>\n<p>Con estas herramientas puedes comenzar a gestionar tus redes sociales.<\/p>\n<h3>&nbsp;<\/h3>\n<h3><strong>5. Identifica tus herramientas intangibles: tus valores.<\/strong><\/h3>\n<p>Adem\u00e1s de estas herramientas digitales, tambi\u00e9n es importantes que tengas en cuentas que debes contar con herramientas intangibles que debes poner en pr\u00e1ctica una vez que comiences a trabajar con las redes sociales de tu negocio, emprendimiento, marca, te dejo esas caracter\u00edsticas que me a m\u00ed me parecen importante:<\/p>\n<p>1. Iniciativa Propia<br \/>\n2. Creatividad<br \/>\n3. Ganas de aprender<br \/>\n4. Ser constante<br \/>\n5. \u00c9tica Profesional<\/p>\n<p>Manejar redes sociales puede ser complicado para algunos y muy f\u00e1cil para otros, en lo personal creo que debemos dar un buen uso de las m\u00faltiples herramientas que tenemos a la mano para la buena y productiva gesti\u00f3n de las mismas.<\/p>\n<p><a href=\"https:\/\/noreidasiritvirtual.com\/\"><em>Noreida Sirit<\/em><\/a><\/p>\n<div id=\"telet-1460140763\" class=\"telet-despues-del-contenido telet-entity-placement\"><a target=\"_blank\" href=\"\/\/aff.lucushost.com\/resources\/click\/?n=gDxoXMAJ&aff=756\"><img decoding=\"async\" border=\"0\" alt=\"LucusHost, el mejor hosting\" src=\"\/\/aff.lucushost.com\/resources\/banners\/?zoneid=5123&n=gDxoXMAJ&aff=756\" \/><\/a><\/div>","protected":false},"excerpt":{"rendered":"<p>El manejo de Redes Sociales es fundamental en esta era digital, y es que cada vez hay un mayor n\u00famero de usuarios en internet en todo el mundo, ya sea&hellip; <\/p>\n","protected":false},"author":1,"featured_media":1346,"comment_status":"open","ping_status":"open","sticky":false,"template":"","format":"standard","meta":{"_jetpack_memberships_contains_paid_content":false,"footnotes":"","_links_to":"","_links_to_target":""},"categories":[11],"tags":[15,14],"class_list":["post-1333","post","type-post","status-publish","format-standard","has-post-thumbnail","hentry","category-redes-sociales","tag-fuprisa","tag-jose-manuel-fuentes-prieto"],"nelio_content":{"autoShareEndMode":"never","automationSources":{"useCustomSentences":false,"customSentences":[]},"efiAlt":"","efiUrl":"","followers":[1],"highlights":[],"isAutoShareEnabled":true,"networkImageIds":[],"permalinkQueryArgs":[],"series":[],"suggestedReferences":[]},"jetpack_featured_media_url":"https:\/\/teletrabajoynegocios.com\/telesecretarias\/wp-content\/uploads\/sites\/2\/2020\/06\/mujer-teletrabajo-t.jpg","jetpack_sharing_enabled":true,"_links":{"self":[{"href":"https:\/\/teletrabajoynegocios.com\/telesecretarias\/wp-json\/wp\/v2\/posts\/1333","targetHints":{"allow":["GET"]}}],"collection":[{"href":"https:\/\/teletrabajoynegocios.com\/telesecretarias\/wp-json\/wp\/v2\/posts"}],"about":[{"href":"https:\/\/teletrabajoynegocios.com\/telesecretarias\/wp-json\/wp\/v2\/types\/post"}],"author":[{"embeddable":true,"href":"https:\/\/teletrabajoynegocios.com\/telesecretarias\/wp-json\/wp\/v2\/users\/1"}],"replies":[{"embeddable":true,"href":"https:\/\/teletrabajoynegocios.com\/telesecretarias\/wp-json\/wp\/v2\/comments?post=1333"}],"version-history":[{"count":1,"href":"https:\/\/teletrabajoynegocios.com\/telesecretarias\/wp-json\/wp\/v2\/posts\/1333\/revisions"}],"predecessor-version":[{"id":1347,"href":"https:\/\/teletrabajoynegocios.com\/telesecretarias\/wp-json\/wp\/v2\/posts\/1333\/revisions\/1347"}],"wp:featuredmedia":[{"embeddable":true,"href":"https:\/\/teletrabajoynegocios.com\/telesecretarias\/wp-json\/wp\/v2\/media\/1346"}],"wp:attachment":[{"href":"https:\/\/teletrabajoynegocios.com\/telesecretarias\/wp-json\/wp\/v2\/media?parent=1333"}],"wp:term":[{"taxonomy":"category","embeddable":true,"href":"https:\/\/teletrabajoynegocios.com\/telesecretarias\/wp-json\/wp\/v2\/categories?post=1333"},{"taxonomy":"post_tag","embeddable":true,"href":"https:\/\/teletrabajoynegocios.com\/telesecretarias\/wp-json\/wp\/v2\/tags?post=1333"}],"curies":[{"name":"wp","href":"https:\/\/api.w.org\/{rel}","templated":true}]}}