{"id":13553,"date":"2023-01-27T18:16:58","date_gmt":"2023-01-27T17:16:58","guid":{"rendered":"https:\/\/teletrabajoynegocios.com\/telesecretarias\/?p=13553"},"modified":"2023-03-16T18:23:15","modified_gmt":"2023-03-16T17:23:15","slug":"el-procesamiento-profundo-cuando-todo-debe-tener-un-significado","status":"publish","type":"post","link":"https:\/\/teletrabajoynegocios.com\/telesecretarias\/el-procesamiento-profundo-cuando-todo-debe-tener-un-significado\/","title":{"rendered":"El procesamiento profundo: cuando todo debe tener un significado"},"content":{"rendered":"<div id=\"telet-496756572\" class=\"telet-antes-del-contenido telet-entity-placement\"><a href=\"https:\/\/quaderno.io\/?via=jose-manuel94\" aria-label=\"Quaderno General (Spanish) &#8211; 728&#215;90\"><img loading=\"lazy\" decoding=\"async\" src=\"https:\/\/teletrabajoynegocios.com\/telesecretarias\/wp-content\/uploads\/sites\/2\/2020\/11\/Quaderno-General-Spanish-728x90-1.png\" alt=\"\"  srcset=\"https:\/\/teletrabajoynegocios.com\/telesecretarias\/wp-content\/uploads\/sites\/2\/2020\/11\/Quaderno-General-Spanish-728x90-1.png 728w, https:\/\/teletrabajoynegocios.com\/telesecretarias\/wp-content\/uploads\/sites\/2\/2020\/11\/Quaderno-General-Spanish-728x90-1-300x37.png 300w\" sizes=\"(max-width: 728px) 100vw, 728px\" width=\"728\" height=\"90\"   \/><\/a><\/div><p>Las personas altamente sensibles se definen tambi\u00e9n por un procesamiento de la realidad m\u00e1s profundo y reflexivo, y es as\u00ed porque necesitan encontrar sentido a cada experiencia o situaci\u00f3n. \u00bfTe sientes identificado?<\/p>\n<p class=\"jsx-4098198752 c--grey-neutral-800\"><strong>\u00bfEres de los que se siente decepcionado ante un mundo que, en ocasiones, es demasiado superficial?<\/strong> En una sociedad en la que valen m\u00e1s las apariencias que las esencias, cuesta mucho encontrar el sentido a lo que nos envuelve. En una actualidad dominada por relaciones fr\u00e1giles y el poder de la inmediatez, cuesta lo indecible hallar significados.<\/p>\n<p class=\"jsx-4098198752 c--grey-neutral-800\">Si te percibes de esta manera, es probable que pertenezcas a ese sector que necesita procesar las cosas de manera m\u00e1s profunda. No eres el \u00fanico. Hay d\u00edas en que todo parece ir tan r\u00e1pido que te faltan los \u00e1nimos, las fuerza y las estrategias para adaptarte a los cambios. <strong>Por no hablar de la gran cantidad de informaci\u00f3n que recibes cada d\u00eda, \u00bfc\u00f3mo manejar todos los est\u00edmulos que te rodean?<\/strong><\/p>\n<p>Cuando uno se caracteriza por un enfoque mental que necesita analizar cada aspecto y sutiliza del ambiente de forma meticulosa, el mundo se nos antoja ca\u00f3tico. \u00bfC\u00f3mo procesar lo que nos pasa, c\u00f3mo tomar buenas <a class=\"jsx-151512268 jsx-1474443579 default-a-link is--underline c--secondary-600 is--underline\" href=\"https:\/\/lamenteesmaravillosa.com\/por-que-sigues-tomando-malas-decisiones\/\" target=\"_self\" rel=\"noopener\" data-with-google-events=\"true\" data-google-events=\"{&quot;data&quot;:{&quot;action&quot;:&quot;click&quot;,&quot;category&quot;:&quot;Content&quot;,&quot;label&quot;:&quot;Related \/procesamiento-profundo\/&quot;,&quot;value&quot;:&quot;https:\/\/lamenteesmaravillosa.com\/por-que-sigues-tomando-malas-decisiones\/&quot;}}\">decisiones<\/a>\u00a0y navegar por el viaje de la vida cuando todo es tan ruidoso y complicado? Si esta sensaci\u00f3n te es conocida, te explicamos la raz\u00f3n.<\/p>\n<blockquote class=\"jsx-2118601352 jsx-2746653886 plr--big pt--big\">\n<div class=\"jsx-2118601352 jsx-2746653886 quote__text ta--center fs--italic lh--2 fs--normal ff--serif ls--medium c--secondary-800\">\n<p class=\"jsx-4098198752 c--grey-neutral-800\"><em>\u00abLos pensamientos se desenredan cuando pasan por los labios y las yemas de los dedos\u00bb.<\/em><\/p>\n<p class=\"jsx-4098198752 c--grey-neutral-800\"><em>\u00a0-Dawson Trotman-<\/em><\/p>\n<\/div>\n<\/blockquote>\n<h2 id=\"que-es-el-procesamiento-profundo\" class=\"jsx-3692753319 jsx-2309526989 c--main-700  mt--x-big pt--normal\">\u00bfQu\u00e9 es el procesamiento profundo?<\/h2>\n<p class=\"jsx-4098198752 c--grey-neutral-800\"><strong>Definimos el procesamiento profundo como la capacidad de organizar cada est\u00edmulo e informaci\u00f3n recibida de manera meticulosa, anal\u00edtica y reflexiva.<\/strong> La principal caracter\u00edstica de esta manera de manejar lo que nos llega es el objetivo que la promueve: obtener un significado. Es conseguir un valor de un contenido, una ense\u00f1anza de una experiencia y un sentido l\u00f3gico de una situaci\u00f3n cualquiera.<\/p>\n<p class=\"jsx-4098198752 c--grey-neutral-800\">Asimismo, los <a class=\"jsx-151512268 jsx-1474443579 default-a-link is--underline c--secondary-600 is--underline\" href=\"https:\/\/lamenteesmaravillosa.com\/cerebro-gusta-jackson-pollock\/\" target=\"_self\" rel=\"noopener\" data-with-google-events=\"true\" data-google-events=\"{&quot;data&quot;:{&quot;action&quot;:&quot;click&quot;,&quot;category&quot;:&quot;Content&quot;,&quot;label&quot;:&quot;Related \/procesamiento-profundo\/&quot;,&quot;value&quot;:&quot;https:\/\/lamenteesmaravillosa.com\/cerebro-gusta-jackson-pollock\/&quot;}}\">cerebros<\/a> definidos por esta caracter\u00edstica evidencian una tendencia mayor hacia la observaci\u00f3n y la conexi\u00f3n con el entorno. Podr\u00edamos definirlos como esponjas sensoriales, como antenas capaces de captar mayores est\u00edmulos, pero con la necesidad de hallar un sentido a todo lo que les llega. Y ese es su mayor problema\u2026<\/p>\n<p class=\"jsx-4098198752 c--grey-neutral-800\">Estamos ante un rasgo que no solo puede consumir muchos recursos mentales, sino tambi\u00e9n emocionales. El procesamiento profundo busca relacionar cada experiencia con los conocimientos previos, con el propio ba\u00fal de valores, del bagaje vital e <a class=\"jsx-151512268 jsx-1474443579 default-a-link is--underline c--secondary-600 is--underline\" href=\"https:\/\/lamenteesmaravillosa.com\/el-poder-de-las-intuiciones\/\" target=\"_self\" rel=\"noopener\" data-with-google-events=\"true\" data-google-events=\"{&quot;data&quot;:{&quot;action&quot;:&quot;click&quot;,&quot;category&quot;:&quot;Content&quot;,&quot;label&quot;:&quot;Related \/procesamiento-profundo\/&quot;,&quot;value&quot;:&quot;https:\/\/lamenteesmaravillosa.com\/el-poder-de-las-intuiciones\/&quot;}}\">intuiciones<\/a> para encontrar un significado concreto.<strong> Esto puede agotar y tambi\u00e9n frustrar, porque no todo lo que nos rodea tiene siempre un sentido\u2026<\/strong><\/p>\n<div class=\"article-quote bc--secondary-50 ptb--big p--relative mb--normal mt--x-big\">\n<blockquote class=\"jsx-2118601352 jsx-2746653886 plr--big pt--big\">\n<div class=\"jsx-2118601352 jsx-2746653886 quote__text ta--center fs--italic lh--2 fs--normal ff--serif ls--medium c--secondary-800\">\n<p class=\"jsx-4098198752 c--grey-neutral-800\"><em>\u00abLos r\u00edos poco profundos son ruidosos. Los lagos profundos est\u00e1n en silencio\u00bb.<\/em><\/p>\n<p class=\"jsx-4098198752 c--grey-neutral-800\"><em>-Proverbio-<\/em><\/p>\n<\/div>\n<\/blockquote>\n<\/div>\n<h3 id=\"como-saber-si-me-define-este-tipo-de-enfoque\" class=\"jsx-3692753319 jsx-2309526989 c--main-700  mt--x-big pt--normal\">\u00bfC\u00f3mo saber si me define este tipo de enfoque?<\/h3>\n<p class=\"jsx-4098198752 c--grey-neutral-800\"><strong>Aunque todos nosotros aplicamos el procesamiento profundo en ciertos momentos, hay quien lo aplica de manera constante.<\/strong> Esto se explica por rasgos de personalidad. Es decir, hay quien, por su forma de ser, necesita dedicar m\u00e1s tiempo al an\u00e1lisis y meditaci\u00f3n de cada situaci\u00f3n vivida, de cada conversaci\u00f3n tenida o hecho observado.<\/p>\n<p class=\"jsx-4098198752 c--grey-neutral-800\">Veamos ahora qu\u00e9 caracter\u00edsticas se asocian a este enfoque mental:<\/p>\n<ul class=\"jsx-43291209 list-on-content mlr--x-big mtb--big c--grey-neutral-800 lh--1-8 ff--serif lst--disc\">\n<li>Procesar cada situaci\u00f3n de manera profunda significa que<strong> te pasas horas e incluso d\u00edas pensando en algo que te acaba de suceder.<\/strong> A veces, puedes pasarte una noche entera dando vueltas a ese di\u00e1logo que has tenido con alguien.<\/li>\n<li>Pensar a ese nivel de meticulosidad te agota y te deja bajo m\u00ednimos.<\/li>\n<li><strong>Eres una persona muy observadora,<\/strong> tienes la necesidad de poner la mirada en aspectos nimios a los que no todos suelen prestar <a class=\"jsx-151512268 jsx-1474443579 default-a-link is--underline c--secondary-600 is--underline\" href=\"https:\/\/www.frontiersin.org\/articles\/10.3389\/fncom.2020.00029\/full\" target=\"_blank\" rel=\"noopener\" data-with-google-events=\"true\" data-google-events=\"{&quot;data&quot;:{&quot;action&quot;:&quot;click&quot;,&quot;category&quot;:&quot;Content&quot;,&quot;label&quot;:&quot;Related \/procesamiento-profundo\/&quot;,&quot;value&quot;:&quot;https:\/\/www.frontiersin.org\/articles\/10.3389\/fncom.2020.00029\/full&quot;}}\">atenci\u00f3n<\/a>.<\/li>\n<li>El procesamiento profundo<strong> se relaciona con la <a class=\"jsx-151512268 jsx-1474443579 default-a-link is--underline c--secondary-600 is--underline\" href=\"https:\/\/lamenteesmaravillosa.com\/sensibilidad-vantage\/\" target=\"_self\" rel=\"noopener\" data-with-google-events=\"true\" data-google-events=\"{&quot;data&quot;:{&quot;action&quot;:&quot;click&quot;,&quot;category&quot;:&quot;Content&quot;,&quot;label&quot;:&quot;Related \/procesamiento-profundo\/&quot;,&quot;value&quot;:&quot;https:\/\/lamenteesmaravillosa.com\/sensibilidad-vantage\/&quot;}}\">sensibilidad<\/a>\u00a0sensorial.<\/strong> Es decir, a veces, los escenarios ruidosos o con muchas luces te abruman<strong>.<\/strong><\/li>\n<\/ul>\n<h2 id=\"la-alta-sensibilidad-y-la-busqueda-de-significado\" class=\"jsx-3692753319 jsx-2309526989 c--main-700  mt--x-big pt--normal\">La alta sensibilidad y la b\u00fasqueda de significado<\/h2>\n<p class=\"jsx-4098198752 c--grey-neutral-800\"><strong>Las personas altamente sensibles (PAS) suelen evidenciar este patr\u00f3n de procesamiento<\/strong>. Esa profundidad a la hora de observar, comprender y obtener informaci\u00f3n del contexto que les rodea es una cualidad definitoria de este rasgo de personalidad.<\/p>\n<p class=\"jsx-4098198752 c--grey-neutral-800\">Una <a class=\"jsx-151512268 jsx-1474443579 default-a-link is--underline c--secondary-600 is--underline\" href=\"https:\/\/www.karger.com\/Article\/Abstract\/513527\" target=\"_blank\" rel=\"noopener\" data-with-google-events=\"true\" data-google-events=\"{&quot;data&quot;:{&quot;action&quot;:&quot;click&quot;,&quot;category&quot;:&quot;Content&quot;,&quot;label&quot;:&quot;Related \/procesamiento-profundo\/&quot;,&quot;value&quot;:&quot;https:\/\/www.karger.com\/Article\/Abstract\/513527&quot;}}\">investigaci\u00f3n<\/a> realizada por Bianca Acevedo, investigadora del departamento de Ciencias Psicol\u00f3gicas y del Cerebro de la Universidad de Santa B\u00e1rbara, destaca algo al respecto.<\/p>\n<p class=\"jsx-4098198752 c--grey-neutral-800\"><strong>Los hombres y las mujeres altamente sensibles revelan una mayor conciencia y capacidad de respuesta ante todo est\u00edmulo ambiental<\/strong>. No solo se ven m\u00e1s afectados por el entorno, sino que demuestran un mayor detenimiento a la hora de procesar cada situaci\u00f3n. De hecho, las resonancias magn\u00e9ticas demuestran que sus cerebros presentan ciertas particularidades que explicar\u00edan esta caracter\u00edstica.<\/p>\n<p class=\"jsx-4098198752 c--grey-neutral-800\"><strong>Hay una mayor activaci\u00f3n en las redes nerviosas vinculadas a la atenci\u00f3n, tambi\u00e9n al <a class=\"jsx-151512268 jsx-1474443579 default-a-link is--underline c--secondary-600 is--underline\" href=\"https:\/\/lamenteesmaravillosa.com\/la-relacion-entre-el-hipocampo-y-la-autoestima\/\" target=\"_self\" rel=\"noopener\" data-with-google-events=\"true\" data-google-events=\"{&quot;data&quot;:{&quot;action&quot;:&quot;click&quot;,&quot;category&quot;:&quot;Content&quot;,&quot;label&quot;:&quot;Related \/procesamiento-profundo\/&quot;,&quot;value&quot;:&quot;https:\/\/lamenteesmaravillosa.com\/la-relacion-entre-el-hipocampo-y-la-autoestima\/&quot;}}\">hipocampo<\/a> y la \u00ednsula (relacionada con en el procesamiento cognitivo).<\/strong> Hay toda una base neurol\u00f3gica que subyace a dicha particularidad.<\/p>\n<h3 id=\"cual-es-el-fin-de-esta-particularidad\" class=\"jsx-3692753319 jsx-2309526989 c--main-700  mt--x-big pt--normal\">\u00bfCu\u00e1l es el fin de esta particularidad?<\/h3>\n<p class=\"jsx-4098198752 c--grey-neutral-800\">La mente en una persona altamente sensible rara vez descansa. Suelen caer en infinitos laberintos de an\u00e1lisis, se pierden durante horas en las ramas de la reflexi\u00f3n. Para ellas, un gesto cualquiera debe encerrar mil significados ocultos. Una conversaci\u00f3n reciente ser\u00e1 analizada mentalmente durante d\u00edas.<\/p>\n<p class=\"jsx-4098198752 c--grey-neutral-800\">Una situaci\u00f3n mundana se pondr\u00e1 bajo el microscopio del an\u00e1lisis mental en busca de aspectos poco visibles. \u00bfPor qu\u00e9 raz\u00f3n el cerebro altamente sensible necesita de ese procesamiento profundo? La doctora Elaine N. Aron explica que este rasgo de personalidad pudo ser en el pasado una ventaja evolutiva. Esa capacidad de an\u00e1lisis y sensibilidad pod\u00eda anticipar riesgos y tomar mejores decisiones para el grupo social.<\/p>\n<p class=\"jsx-4098198752 c--grey-neutral-800\">Sin embargo, estas situaciones generan <a class=\"jsx-151512268 jsx-1474443579 default-a-link is--underline c--secondary-600 is--underline\" href=\"https:\/\/lamenteesmaravillosa.com\/estrategias-para-prevenir-la-fatiga-mental\/\" target=\"_self\" rel=\"noopener\" data-with-google-events=\"true\" data-google-events=\"{&quot;data&quot;:{&quot;action&quot;:&quot;click&quot;,&quot;category&quot;:&quot;Content&quot;,&quot;label&quot;:&quot;Related \/procesamiento-profundo\/&quot;,&quot;value&quot;:&quot;https:\/\/lamenteesmaravillosa.com\/estrategias-para-prevenir-la-fatiga-mental\/&quot;}}\">fatiga cognitiva<\/a>. <strong>La b\u00fasqueda de significado persistente es a menudo infructuosa, y hasta decepcionante.<\/strong> Sumando la gran cantidad de informaci\u00f3n que nos rodea, la incertidumbre y la ambig\u00fcedad existente en muchas de nuestras relaciones, podemos explicar ese malestar que a menudo sienten sus protagonistas.<\/p>\n<blockquote class=\"jsx-2118601352 jsx-2746653886 plr--big pt--big\">\n<div class=\"jsx-2118601352 jsx-2746653886 quote__text ta--center fs--italic lh--2 fs--normal ff--serif ls--medium c--secondary-800\">\n<p class=\"jsx-4098198752 c--grey-neutral-800\"><em>Las personas altamente sensibles son como la lente de una gran c\u00e1mara: pueden captar mayores datos, pero deben procesarlos con meticulosidad para tener una panor\u00e1mica completa de la realidad que les envuelve.<\/em><\/p>\n<\/div>\n<\/blockquote>\n<h2 id=\"que-podemos-hacer\" class=\"jsx-3692753319 jsx-2309526989 c--main-700  mt--x-big pt--normal\">\u00bfQu\u00e9 podemos hacer?<\/h2>\n<p class=\"jsx-4098198752 c--grey-neutral-800\">El psicoterapeuta humanista <a class=\"jsx-151512268 jsx-1474443579 default-a-link is--underline c--secondary-600 is--underline\" href=\"https:\/\/lamenteesmaravillosa.com\/rollo-may-biografia-del-padre-de-la-psicologia-existencial\/\" target=\"_self\" rel=\"noopener\" data-with-google-events=\"true\" data-google-events=\"{&quot;data&quot;:{&quot;action&quot;:&quot;click&quot;,&quot;category&quot;:&quot;Content&quot;,&quot;label&quot;:&quot;Related \/procesamiento-profundo\/&quot;,&quot;value&quot;:&quot;https:\/\/lamenteesmaravillosa.com\/rollo-may-biografia-del-padre-de-la-psicologia-existencial\/&quot;}}\">Rollo May<\/a> dijo algo interesante en alguna ocasi\u00f3n. Libertad humana es tambi\u00e9n darnos una pausa entre un est\u00edmulo y su respuesta. Es decir,<strong> no todo lo que nos rodea tiene por qu\u00e9 ser susceptible de un an\u00e1lisis ni de una b\u00fasqueda persistente de significado<\/strong>. A veces, vale la pena saber decidir qu\u00e9 merece nuestra atenci\u00f3n y qu\u00e9 no.<\/p>\n<p class=\"jsx-4098198752 c--grey-neutral-800\">El procesamiento profundo exige invertir un gran esfuerzo mental por nuestra parte, y esto no es algo que merezca la pena hacer en cada circunstancia. Es m\u00e1s, no todo lo que nos rodea y nos ocurre tiene por qu\u00e9 tener un significado. A veces, ese gesto en nuestra pareja no implica que haya dejado de querernos; puede que sea solo cansancio.<\/p>\n<p>En ocasiones, no todo lo que nos sucede implica tener que tomar una decisi\u00f3n. Hay veces en que es suficiente con aceptar lo sucedido y dejarnos llevar. No actuar tambi\u00e9n es una decisi\u00f3n. Por tanto, recordemos que,<strong> en este mundo apresurado y ca\u00f3tico, es necesario saber d\u00f3nde situar la atenci\u00f3n.<\/strong> Aprenderlo reducir\u00e1 cuotas de ansiedad y mejorar\u00e1 nuestro bienestar.<\/p>\n<p><a class=\"jsx-151512268 jsx-1596958326 default-a-link is--underline c--grey-neutral-800  link-tool-tip jsx-2288154920 jsx-986712099\" href=\"https:\/\/lamenteesmaravillosa.com\/autor\/valeria-sabater\/\" target=\"_self\" rel=\"noopener\"><strong>Valeria Sabater<\/strong><\/a>.<\/p>\n<div id=\"telet-817170488\" class=\"telet-despues-del-contenido telet-entity-placement\"><a target=\"_blank\" href=\"\/\/aff.lucushost.com\/resources\/click\/?n=gDxoXMAJ&aff=756\"><img decoding=\"async\" border=\"0\" alt=\"LucusHost, el mejor hosting\" src=\"\/\/aff.lucushost.com\/resources\/banners\/?zoneid=5123&n=gDxoXMAJ&aff=756\" \/><\/a><\/div>","protected":false},"excerpt":{"rendered":"<p>Las personas altamente sensibles se definen tambi\u00e9n por un procesamiento de la realidad m\u00e1s profundo y reflexivo, y es as\u00ed porque necesitan encontrar sentido a cada experiencia o situaci\u00f3n. \u00bfTe&hellip; <\/p>\n","protected":false},"author":1,"featured_media":13554,"comment_status":"open","ping_status":"open","sticky":false,"template":"","format":"standard","meta":{"_jetpack_memberships_contains_paid_content":false,"footnotes":"","_links_to":"","_links_to_target":""},"categories":[8],"tags":[15,14],"class_list":["post-13553","post","type-post","status-publish","format-standard","has-post-thumbnail","hentry","category-vida-social","tag-fuprisa","tag-jose-manuel-fuentes-prieto"],"nelio_content":{"autoShareEndMode":"never","automationSources":{"useCustomSentences":false,"customSentences":[]},"efiAlt":"","efiUrl":"","followers":[1],"highlights":[],"isAutoShareEnabled":true,"networkImageIds":[],"permalinkQueryArgs":[],"series":[],"suggestedReferences":[]},"jetpack_featured_media_url":"https:\/\/teletrabajoynegocios.com\/telesecretarias\/wp-content\/uploads\/sites\/2\/2023\/03\/paciente-terapia-psicologica.jpg","jetpack_sharing_enabled":true,"_links":{"self":[{"href":"https:\/\/teletrabajoynegocios.com\/telesecretarias\/wp-json\/wp\/v2\/posts\/13553","targetHints":{"allow":["GET"]}}],"collection":[{"href":"https:\/\/teletrabajoynegocios.com\/telesecretarias\/wp-json\/wp\/v2\/posts"}],"about":[{"href":"https:\/\/teletrabajoynegocios.com\/telesecretarias\/wp-json\/wp\/v2\/types\/post"}],"author":[{"embeddable":true,"href":"https:\/\/teletrabajoynegocios.com\/telesecretarias\/wp-json\/wp\/v2\/users\/1"}],"replies":[{"embeddable":true,"href":"https:\/\/teletrabajoynegocios.com\/telesecretarias\/wp-json\/wp\/v2\/comments?post=13553"}],"version-history":[{"count":1,"href":"https:\/\/teletrabajoynegocios.com\/telesecretarias\/wp-json\/wp\/v2\/posts\/13553\/revisions"}],"predecessor-version":[{"id":13555,"href":"https:\/\/teletrabajoynegocios.com\/telesecretarias\/wp-json\/wp\/v2\/posts\/13553\/revisions\/13555"}],"wp:featuredmedia":[{"embeddable":true,"href":"https:\/\/teletrabajoynegocios.com\/telesecretarias\/wp-json\/wp\/v2\/media\/13554"}],"wp:attachment":[{"href":"https:\/\/teletrabajoynegocios.com\/telesecretarias\/wp-json\/wp\/v2\/media?parent=13553"}],"wp:term":[{"taxonomy":"category","embeddable":true,"href":"https:\/\/teletrabajoynegocios.com\/telesecretarias\/wp-json\/wp\/v2\/categories?post=13553"},{"taxonomy":"post_tag","embeddable":true,"href":"https:\/\/teletrabajoynegocios.com\/telesecretarias\/wp-json\/wp\/v2\/tags?post=13553"}],"curies":[{"name":"wp","href":"https:\/\/api.w.org\/{rel}","templated":true}]}}