{"id":13596,"date":"2023-01-31T18:50:21","date_gmt":"2023-01-31T17:50:21","guid":{"rendered":"https:\/\/teletrabajoynegocios.com\/telesecretarias\/?p=13596"},"modified":"2023-03-16T18:57:44","modified_gmt":"2023-03-16T17:57:44","slug":"5-tecnicas-para-desactivar-los-pensamientos-negativos-automaticos","status":"publish","type":"post","link":"https:\/\/teletrabajoynegocios.com\/telesecretarias\/5-tecnicas-para-desactivar-los-pensamientos-negativos-automaticos\/","title":{"rendered":"5 t\u00e9cnicas para desactivar los pensamientos negativos autom\u00e1ticos"},"content":{"rendered":"<div id=\"telet-1865146298\" class=\"telet-antes-del-contenido telet-entity-placement\"><a href=\"https:\/\/quaderno.io\/?via=jose-manuel94\" aria-label=\"Quaderno General (Spanish) &#8211; 728&#215;90\"><img loading=\"lazy\" decoding=\"async\" src=\"https:\/\/teletrabajoynegocios.com\/telesecretarias\/wp-content\/uploads\/sites\/2\/2020\/11\/Quaderno-General-Spanish-728x90-1.png\" alt=\"\"  srcset=\"https:\/\/teletrabajoynegocios.com\/telesecretarias\/wp-content\/uploads\/sites\/2\/2020\/11\/Quaderno-General-Spanish-728x90-1.png 728w, https:\/\/teletrabajoynegocios.com\/telesecretarias\/wp-content\/uploads\/sites\/2\/2020\/11\/Quaderno-General-Spanish-728x90-1-300x37.png 300w\" sizes=\"(max-width: 728px) 100vw, 728px\" width=\"728\" height=\"90\"   \/><\/a><\/div><p>Y t\u00fa&#8230; \u00bfQu\u00e9 haces con tus pensamientos negativos? Todos los tenemos, pero algo decisivo es saber c\u00f3mo relacionarnos con esas im\u00e1genes debilitantes que desgastan nuestro potencial y bienestar. Te damos una serie de estrategias para manejarlos.<\/p>\n<p class=\"jsx-4098198752 c--grey-neutral-800\">Detente un instante, para lo que est\u00e9s haciendo y echa una mirada en la cerradura de tu universo mental. \u00bfQu\u00e9 pensamientos habitan ahora mismo en su interior? \u00bfSon amables? \u00bfTienen el olor de la esperanza, de la positividad y la calma? \u00bfO lo que percibes es quiz\u00e1 cierto caos, desorden y una atm\u00f3sfera de irrespirable negatividad?<\/p>\n<p class=\"jsx-4098198752 c--grey-neutral-800\"><strong>Todos producimos cada d\u00eda un n\u00famero significativo de pensamientos autom\u00e1ticos de valencia negativa.<\/strong> El hecho de que suceda esto entra dentro de la normalidad. Al fin y al cabo, nadie es inmune a la inseguridad, al miedo, la incertidumbre o la angustia. La clave que marca la diferencia es el modo en que nos relacionamos con ese tipo de actividad mental.<\/p>\n<p class=\"jsx-4098198752 c--grey-neutral-800\">Hay quien los desactiva casi al instante gracias a un enfoque m\u00e1s racional. Ese que ante ideas como \u00abno voy a encontrar trabajo nunca m\u00e1s\u00bb se responde algo como \u00abya he pasado por situaciones as\u00ed antes y he salido de ellas con \u00e9xito\u00bb. Cada uno de nosotros deber\u00edamos tener en nuestro bolsillo psicol\u00f3gico alguna estrategia para manejar de forma efectiva ese tipo de din\u00e1micas mentales.<\/p>\n<p class=\"jsx-4098198752 c--grey-neutral-800\">Son im\u00e1genes, ideas y estados que no contribuyen en absoluto a nuestro bienestar. M\u00e1s bien al contrario. As\u00ed que\u2026 \u00bfY si en lugar de aprender una t\u00e9cnica integramos cinco recursos para vivir mejor? Toma nota.<\/p>\n<blockquote class=\"jsx-2118601352 jsx-2746653886 plr--big pt--big\">\n<div class=\"jsx-2118601352 jsx-2746653886 quote__text ta--center fs--italic lh--2 fs--normal ff--serif ls--medium c--secondary-800\">\n<p class=\"jsx-4098198752 c--grey-neutral-800\"><em>\u00abEl trabajo del pensamiento se parece a la perforaci\u00f3n de un pozo: el agua es turbia al principio, pero luego se clarifica\u00bb.<\/em><\/p>\n<p class=\"jsx-4098198752 c--grey-neutral-800\"><em>-Proverbio chino-<\/em><\/p>\n<\/div>\n<\/blockquote>\n<h2 id=\"como-desactivar-los-pensamientos-negativos-automaticos\" class=\"jsx-3692753319 jsx-2309526989 c--main-700  mt--x-big pt--normal\">C\u00f3mo desactivar los pensamientos negativos autom\u00e1ticos<\/h2>\n<p class=\"jsx-4098198752 c--grey-neutral-800\">\u00bfDe d\u00f3nde vienen los pensamientos negativos y por qu\u00e9 son autom\u00e1ticos? Esta es una pregunta muy recurrente. Un <a class=\"jsx-151512268 jsx-1474443579 default-a-link is--underline c--secondary-600 is--underline\" href=\"https:\/\/www.researchgate.net\/publication\/309270993_A_Meta-Analytical_Approach_of_the_Relationships_Between_the_Irrationality_of_Beliefs_and_the_Functionality_of_Automatic_Thoughts\" target=\"_blank\" rel=\"noopener\" data-with-google-events=\"true\" data-google-events=\"{&quot;data&quot;:{&quot;action&quot;:&quot;click&quot;,&quot;category&quot;:&quot;Content&quot;,&quot;label&quot;:&quot;Related \/tecnicas-desactivar-pensamientos-negativos-automaticos\/&quot;,&quot;value&quot;:&quot;https:\/\/www.researchgate.net\/publication\/309270993_A_Meta-Analytical_Approach_of_the_Relationships_Between_the_Irrationality_of_Beliefs_and_the_Functionality_of_Automatic_Thoughts&quot;}}\">estudio<\/a> de Soflau &amp; David, 2017, incide en un aspecto. Desde un punto de vista cl\u00ednico siempre vemos este tipo de razonamientos, im\u00e1genes e ideas adversas como los cimientos que, poco a poco, edifican los trastornos depresivos y de ansiedad.<\/p>\n<p class=\"jsx-4098198752 c--grey-neutral-800\">Sin embargo, es importante comprender su origen, sus desencadenantes. Seg\u00fan estos autores, <strong>los pensamientos autom\u00e1ticos derivan de nuestras creencias y concepciones sobre nosotros mismos y el mundo<\/strong>. Son cogniciones que se arraigan en nuestra conciencia y que afloran en forma de inferencias, descripciones y evaluaciones sin que nos demos cuenta de ello.<\/p>\n<p class=\"jsx-4098198752 c--grey-neutral-800\">Cabe se\u00f1alar que no es sencillo regular o tomar el control sobre dichos procesos mentales. Se requiere tiempo, compromiso y una serie de herramientas b\u00e1sicas con las que lograr tal fin. Por ello, nos ser\u00e1n de gran ayuda esta serie de estrategias.<\/p>\n<div class=\"article-quote bc--secondary-50 ptb--big p--relative mb--normal mt--x-big\"><\/div>\n<div class=\"article-quote bc--secondary-50 ptb--big p--relative mb--normal mt--x-big\">\n<blockquote class=\"jsx-2118601352 jsx-2746653886 plr--big pt--big\">\n<div class=\"jsx-2118601352 jsx-2746653886 quote__text ta--center fs--italic lh--2 fs--normal ff--serif ls--medium c--secondary-800\">\n<p class=\"jsx-4098198752 c--grey-neutral-800\"><em>Nuestros pensamientos negativos no se pueden borrar o eliminar, se deben reformular por enfoques m\u00e1s saludables.<\/em><\/p>\n<\/div>\n<\/blockquote>\n<\/div>\n<h3 id=\"1-reestructuracion-cognitiva\" class=\"jsx-3692753319 jsx-2309526989 c--main-700  mt--x-big pt--normal\">1. Reestructuraci\u00f3n cognitiva<\/h3>\n<p class=\"jsx-4098198752 c--grey-neutral-800\">La <a class=\"jsx-151512268 jsx-1474443579 default-a-link is--underline c--secondary-600 is--underline\" href=\"https:\/\/lamenteesmaravillosa.com\/tecnicas-reestructuracion-cognitiva\/\" target=\"_self\" rel=\"noopener\" data-with-google-events=\"true\" data-google-events=\"{&quot;data&quot;:{&quot;action&quot;:&quot;click&quot;,&quot;category&quot;:&quot;Content&quot;,&quot;label&quot;:&quot;Related \/tecnicas-desactivar-pensamientos-negativos-automaticos\/&quot;,&quot;value&quot;:&quot;https:\/\/lamenteesmaravillosa.com\/tecnicas-reestructuracion-cognitiva\/&quot;}}\">reestructuraci\u00f3n cognitiva<\/a> es un proceso muy utilizado en terapia que<strong> consiste en la identificaci\u00f3n y la confrontaci\u00f3n de los pensamientos negativos e irracionales<\/strong>. Tal y como nos explica en un <a class=\"jsx-151512268 jsx-1474443579 default-a-link is--underline c--secondary-600 is--underline\" href=\"https:\/\/psycnet.apa.org\/record\/2010-01409-001\" target=\"_blank\" rel=\"noopener\" data-with-google-events=\"true\" data-google-events=\"{&quot;data&quot;:{&quot;action&quot;:&quot;click&quot;,&quot;category&quot;:&quot;Content&quot;,&quot;label&quot;:&quot;Related \/tecnicas-desactivar-pensamientos-negativos-automaticos\/&quot;,&quot;value&quot;:&quot;https:\/\/psycnet.apa.org\/record\/2010-01409-001&quot;}}\">trabajo<\/a> la doctora Debra A. Hope, de la Universidad de Nebraska-Lincoln, los pasos que se requieren en este modelo son los siguientes:<\/p>\n<ul class=\"jsx-43291209 list-on-content mlr--x-big mtb--big c--grey-neutral-800 lh--1-8 ff--serif lst--disc\">\n<li>Debemos identificar nuestras cogniciones negativas autom\u00e1ticas.<\/li>\n<li>Tomar conciencia de la <a class=\"jsx-151512268 jsx-1474443579 default-a-link is--underline c--secondary-600 is--underline\" href=\"https:\/\/lamenteesmaravillosa.com\/las-distorsiones-cognitivas-mas-comunes-en-la-ansiedad\/\" target=\"_self\" rel=\"noopener\" data-with-google-events=\"true\" data-google-events=\"{&quot;data&quot;:{&quot;action&quot;:&quot;click&quot;,&quot;category&quot;:&quot;Content&quot;,&quot;label&quot;:&quot;Related \/tecnicas-desactivar-pensamientos-negativos-automaticos\/&quot;,&quot;value&quot;:&quot;https:\/\/lamenteesmaravillosa.com\/las-distorsiones-cognitivas-mas-comunes-en-la-ansiedad\/&quot;}}\">distorsi\u00f3n cognitiva<\/a> que la refuerza. Es decir, muchos de nuestros pensamientos est\u00e1n dominados por mecanismos de \u00abtodo o nada\u00bb, de catastrofismos, sobregeneralizaci\u00f3n, etc.<\/li>\n<li>El siguiente paso es confrontar esos pensamientos. \u00bfDe verdad me ayudan, me son \u00fatiles?<\/li>\n<li>La \u00faltima fase es dar paso a un razonamiento m\u00e1s saludable al refutar esos pensamientos negativos autom\u00e1ticos.<\/li>\n<\/ul>\n<h3 id=\"2-tecnica-de-las-hormigas\" class=\"jsx-3692753319 jsx-2309526989 c--main-700  mt--x-big pt--normal\">2. T\u00e9cnica de las hormigas<\/h3>\n<p class=\"jsx-4098198752 c--grey-neutral-800\">Hay una estrategia muy efectiva que demanda un peque\u00f1o ejercicio de <a class=\"jsx-151512268 jsx-1474443579 default-a-link is--underline c--secondary-600 is--underline\" href=\"https:\/\/lamenteesmaravillosa.com\/3-tecnicas-de-visualizacion-conectar-cuerpo-y-mente\/\" target=\"_self\" rel=\"noopener\" data-with-google-events=\"true\" data-google-events=\"{&quot;data&quot;:{&quot;action&quot;:&quot;click&quot;,&quot;category&quot;:&quot;Content&quot;,&quot;label&quot;:&quot;Related \/tecnicas-desactivar-pensamientos-negativos-automaticos\/&quot;,&quot;value&quot;:&quot;https:\/\/lamenteesmaravillosa.com\/3-tecnicas-de-visualizacion-conectar-cuerpo-y-mente\/&quot;}}\">visualizaci\u00f3n<\/a>. <strong>Debemos ver nuestros pensamientos disfuncionales como hormigas, como peque\u00f1os insectos que se mueven sin rumbo y que llenan cada recoveco de nuestra mente<\/strong>. El objetivo es eliminarlas de nuestro interior para recuperar la armon\u00eda. \u00bfDe qu\u00e9 manera?<\/p>\n<ul class=\"jsx-43291209 list-on-content mlr--x-big mtb--big c--grey-neutral-800 lh--1-8 ff--serif lst--disc\">\n<li>Detecta tus pensamientos negativos autom\u00e1ticos.<\/li>\n<li>\u00bfCu\u00e1l es su desencadenante? \u00bfDe d\u00f3nde vienen esas \u00abhormigas\u00bb?<\/li>\n<li>\u00bfC\u00f3mo te afectan esos elementos? \u00bfC\u00f3mo te sientes cuando esos pensamientos te dominan?<\/li>\n<li>La tercera etapa de la t\u00e9cnica de las hormigas consiste en dar forma a un enfoque mental m\u00e1s adaptativo. \u00bfC\u00f3mo deber\u00eda reformular esas ideas para sentirme mejor?<\/li>\n<\/ul>\n<h3 id=\"3-hoja-de-registros-de-pensamientos-negativos-y-emociones\" class=\"jsx-3692753319 jsx-2309526989 c--main-700  mt--x-big pt--normal\">3. Hoja de registros de pensamientos negativos y emociones<\/h3>\n<p class=\"jsx-4098198752 c--grey-neutral-800\">El paso m\u00e1s decisivo para desactivar nuestros pensamientos negativos autom\u00e1ticos es<strong> tomar conciencia de su existencia y de c\u00f3mo nos impactan<\/strong>. Muchas veces, nos dejamos llevar por la inercia de esas fuerzas mentales que condicionan desde nuestras emociones, hasta nuestras conductas y decisiones.<\/p>\n<p class=\"jsx-4098198752 c--grey-neutral-800\">Por ello, una estrategia sencilla es tener nuestro propio diario en el que registrar esta serie de dimensiones:<\/p>\n<ul class=\"jsx-43291209 list-on-content mlr--x-big mtb--big c--grey-neutral-800 lh--1-8 ff--serif lst--disc\">\n<li>Razonamientos debilitantes.<\/li>\n<li>Ideas catastr\u00f3ficas.<\/li>\n<li>Evaluaciones negativas.<\/li>\n<li>Pensamientos irracionales.<\/li>\n<li>Im\u00e1genes negativas que te vienen a la mente.<\/li>\n<\/ul>\n<p class=\"jsx-4098198752 c--grey-neutral-800\">Asimismo, en este diario<strong> es importante que describas c\u00f3mo te hacen sentir esos procesos mentales.<\/strong> Habla de tus <a class=\"jsx-151512268 jsx-1474443579 default-a-link is--underline c--secondary-600 is--underline\" href=\"https:\/\/lamenteesmaravillosa.com\/emociones-prosociales\/\" target=\"_self\" rel=\"noopener\" data-with-google-events=\"true\" data-google-events=\"{&quot;data&quot;:{&quot;action&quot;:&quot;click&quot;,&quot;category&quot;:&quot;Content&quot;,&quot;label&quot;:&quot;Related \/tecnicas-desactivar-pensamientos-negativos-automaticos\/&quot;,&quot;value&quot;:&quot;https:\/\/lamenteesmaravillosa.com\/emociones-prosociales\/&quot;}}\">emociones<\/a> y sentimientos asociados.<\/p>\n<div class=\"article-quote bc--secondary-50 ptb--big p--relative mb--normal mt--x-big\">\n<blockquote class=\"jsx-2118601352 jsx-2746653886 plr--big pt--big\">\n<div class=\"jsx-2118601352 jsx-2746653886 quote__text ta--center fs--italic lh--2 fs--normal ff--serif ls--medium c--secondary-800\">\n<p class=\"jsx-4098198752 c--grey-neutral-800\"><em>En caso de no detener el ciclo de los pensamientos irracionales y debilitantes, podremos derivar en m\u00e1s de un problema de salud mental. Adem\u00e1s, debilitaremos nuestro potencial humano y seremos cautivos de la indefensi\u00f3n.<\/em><\/p>\n<\/div>\n<\/blockquote>\n<\/div>\n<h3 id=\"4-la-tecnica-de-las-preguntas-desafiantes\" class=\"jsx-3692753319 jsx-2309526989 c--main-700  mt--x-big pt--normal\">4. La t\u00e9cnica de las preguntas desafiantes<\/h3>\n<p class=\"jsx-4098198752 c--grey-neutral-800\">\u00bfHas o\u00eddo hablar del di\u00e1logo <a class=\"jsx-151512268 jsx-1474443579 default-a-link is--underline c--secondary-600 is--underline\" href=\"https:\/\/lamenteesmaravillosa.com\/metodo-socratico\/\" target=\"_self\" rel=\"noopener\" data-with-google-events=\"true\" data-google-events=\"{&quot;data&quot;:{&quot;action&quot;:&quot;click&quot;,&quot;category&quot;:&quot;Content&quot;,&quot;label&quot;:&quot;Related \/tecnicas-desactivar-pensamientos-negativos-automaticos\/&quot;,&quot;value&quot;:&quot;https:\/\/lamenteesmaravillosa.com\/metodo-socratico\/&quot;}}\">socr\u00e1tico<\/a>? Consiste en una conversaci\u00f3n entre dos o m\u00e1s personas que incentiva la reflexi\u00f3n, la confrontaci\u00f3n y la capacidad para movilizar nuevos enfoques ante las problem\u00e1ticas que nos atosigan. Es un recurso muy enriquecedor que podemos trasladar a nuestro universo mental. \u00bfDe qu\u00e9 manera?<\/p>\n<p class=\"jsx-4098198752 c--grey-neutral-800\">Cuando aparezca un pensamiento negativo en tu mente,<strong> confr\u00f3ntalo con preguntas desafiantes<\/strong>:<\/p>\n<ul class=\"jsx-43291209 list-on-content mlr--x-big mtb--big c--grey-neutral-800 lh--1-8 ff--serif lst--disc\">\n<li>\u00bfDe qu\u00e9 me sirve esta idea, imagen, sensaci\u00f3n o razonamiento?<\/li>\n<li>\u00bfEs \u00fatil? \u00bfDe d\u00f3nde viene este pensamiento?<\/li>\n<li>\u00bfDebo hacerle caso? \u00bfSi lo hago qu\u00e9 puede pasar?<\/li>\n<li>\u00bfQu\u00e9 ocurrir\u00eda si pensara justo lo contrario?<\/li>\n<\/ul>\n<h3 id=\"5-hoja-de-trabajo-para-reemplazar-los-pensamientos-debilitantes-por-enfoques-saludables\" class=\"jsx-3692753319 jsx-2309526989 c--main-700  mt--x-big pt--normal\">5. Hoja de trabajo para reemplazar los pensamientos debilitantes por enfoques saludables<\/h3>\n<p class=\"jsx-4098198752 c--grey-neutral-800\">Mejorar la atm\u00f3sfera de nuestro universo mental requiere de un trabajo cotidiano. Esto implica buscar aquella estrategia que m\u00e1s se ajuste a nosotros, y esas que requieren del papel y el l\u00e1piz, son sencillas y pr\u00e1cticas. Una de ellas es servirnos de unas hojas de trabajo divididas en dos columnas:<\/p>\n<ul class=\"jsx-43291209 list-on-content mlr--x-big mtb--big c--grey-neutral-800 lh--1-8 ff--serif lst--disc\">\n<li>Pensamientos que me debilitan.<\/li>\n<li>Reformulaci\u00f3n saludable.<\/li>\n<\/ul>\n<p class=\"jsx-4098198752 c--grey-neutral-800\"><strong>El objetivo a la hora de desactivar los pensamientos negativos autom\u00e1ticos es sustituirlos por enfoques m\u00e1s adaptativos y saludables.<\/strong> Algo as\u00ed requiere aplicar una mirada m\u00e1s flexible, innovadora y positiva.<\/p>\n<h2 id=\"invertir-en-calidad-de-vida\" class=\"jsx-3692753319 jsx-2309526989 c--main-700  mt--x-big pt--normal\">Invertir en calidad de vida<\/h2>\n<p class=\"jsx-4098198752 c--grey-neutral-800\">Es importante tener en cuenta un detalle. Es muy f\u00e1cil ser cautivos de ese filtro psicol\u00f3gico que queda atrapado por la negatividad. Lo hacemos por creencias arraigadas, por la educaci\u00f3n recibida, patrones de personalidad o por estrategias de afrontamiento deficientes. En estos casos el resultado siempre es el mismo: perdemos la salud, el bienestar y nuestro potencial.<\/p>\n<p class=\"jsx-4098198752 c--grey-neutral-800\"><strong>Cuidar de todo aquello que acontece en nuestro interior es invertir en calidad de vida<\/strong>. Recordemos que los pensamientos negativos no se pueden eliminar de nuestra mente, lo que se puede hacer es reformularlos y bajar su volumen. \u00bfQu\u00e9 tal si empezamos hoy a ponerlo en pr\u00e1ctica?<\/p>\n<p><a class=\"jsx-151512268 jsx-1596958326 default-a-link is--underline c--grey-neutral-800  link-tool-tip jsx-2288154920 jsx-986712099\" href=\"https:\/\/lamenteesmaravillosa.com\/autor\/valeria-sabater\/\" target=\"_self\" rel=\"noopener\"><strong>Valeria Sabater<\/strong><\/a>.<\/p>\n<div id=\"telet-4018778352\" class=\"telet-despues-del-contenido telet-entity-placement\"><a target=\"_blank\" href=\"\/\/aff.lucushost.com\/resources\/click\/?n=gDxoXMAJ&aff=756\"><img decoding=\"async\" border=\"0\" alt=\"LucusHost, el mejor hosting\" src=\"\/\/aff.lucushost.com\/resources\/banners\/?zoneid=5123&n=gDxoXMAJ&aff=756\" \/><\/a><\/div>","protected":false},"excerpt":{"rendered":"<p>Y t\u00fa&#8230; \u00bfQu\u00e9 haces con tus pensamientos negativos? Todos los tenemos, pero algo decisivo es saber c\u00f3mo relacionarnos con esas im\u00e1genes debilitantes que desgastan nuestro potencial y bienestar. Te damos&hellip; <\/p>\n","protected":false},"author":1,"featured_media":13597,"comment_status":"open","ping_status":"open","sticky":false,"template":"","format":"standard","meta":{"_jetpack_memberships_contains_paid_content":false,"footnotes":"","_links_to":"","_links_to_target":""},"categories":[8],"tags":[15,14],"class_list":["post-13596","post","type-post","status-publish","format-standard","has-post-thumbnail","hentry","category-vida-social","tag-fuprisa","tag-jose-manuel-fuentes-prieto"],"nelio_content":{"autoShareEndMode":"never","automationSources":{"useCustomSentences":false,"customSentences":[]},"efiAlt":"","efiUrl":"","followers":[1],"highlights":[],"isAutoShareEnabled":true,"networkImageIds":[],"permalinkQueryArgs":[],"series":[],"suggestedReferences":[]},"jetpack_featured_media_url":"https:\/\/teletrabajoynegocios.com\/telesecretarias\/wp-content\/uploads\/sites\/2\/2023\/03\/mujer-triste-aburrida-calle.jpg","jetpack_sharing_enabled":true,"_links":{"self":[{"href":"https:\/\/teletrabajoynegocios.com\/telesecretarias\/wp-json\/wp\/v2\/posts\/13596","targetHints":{"allow":["GET"]}}],"collection":[{"href":"https:\/\/teletrabajoynegocios.com\/telesecretarias\/wp-json\/wp\/v2\/posts"}],"about":[{"href":"https:\/\/teletrabajoynegocios.com\/telesecretarias\/wp-json\/wp\/v2\/types\/post"}],"author":[{"embeddable":true,"href":"https:\/\/teletrabajoynegocios.com\/telesecretarias\/wp-json\/wp\/v2\/users\/1"}],"replies":[{"embeddable":true,"href":"https:\/\/teletrabajoynegocios.com\/telesecretarias\/wp-json\/wp\/v2\/comments?post=13596"}],"version-history":[{"count":1,"href":"https:\/\/teletrabajoynegocios.com\/telesecretarias\/wp-json\/wp\/v2\/posts\/13596\/revisions"}],"predecessor-version":[{"id":13598,"href":"https:\/\/teletrabajoynegocios.com\/telesecretarias\/wp-json\/wp\/v2\/posts\/13596\/revisions\/13598"}],"wp:featuredmedia":[{"embeddable":true,"href":"https:\/\/teletrabajoynegocios.com\/telesecretarias\/wp-json\/wp\/v2\/media\/13597"}],"wp:attachment":[{"href":"https:\/\/teletrabajoynegocios.com\/telesecretarias\/wp-json\/wp\/v2\/media?parent=13596"}],"wp:term":[{"taxonomy":"category","embeddable":true,"href":"https:\/\/teletrabajoynegocios.com\/telesecretarias\/wp-json\/wp\/v2\/categories?post=13596"},{"taxonomy":"post_tag","embeddable":true,"href":"https:\/\/teletrabajoynegocios.com\/telesecretarias\/wp-json\/wp\/v2\/tags?post=13596"}],"curies":[{"name":"wp","href":"https:\/\/api.w.org\/{rel}","templated":true}]}}