{"id":13660,"date":"2023-02-06T18:19:58","date_gmt":"2023-02-06T17:19:58","guid":{"rendered":"https:\/\/teletrabajoynegocios.com\/telesecretarias\/?p=13660"},"modified":"2023-03-17T18:32:40","modified_gmt":"2023-03-17T17:32:40","slug":"no-eres-una-carga-frases-que-te-convenceran-para-pedir-ayuda","status":"publish","type":"post","link":"https:\/\/teletrabajoynegocios.com\/telesecretarias\/no-eres-una-carga-frases-que-te-convenceran-para-pedir-ayuda\/","title":{"rendered":"No eres una carga: frases que te convencer\u00e1n para pedir ayuda"},"content":{"rendered":"<div id=\"telet-2019252644\" class=\"telet-antes-del-contenido telet-entity-placement\"><a href=\"https:\/\/quaderno.io\/?via=jose-manuel94\" aria-label=\"Quaderno General (Spanish) &#8211; 728&#215;90\"><img loading=\"lazy\" decoding=\"async\" src=\"https:\/\/teletrabajoynegocios.com\/telesecretarias\/wp-content\/uploads\/sites\/2\/2020\/11\/Quaderno-General-Spanish-728x90-1.png\" alt=\"\"  srcset=\"https:\/\/teletrabajoynegocios.com\/telesecretarias\/wp-content\/uploads\/sites\/2\/2020\/11\/Quaderno-General-Spanish-728x90-1.png 728w, https:\/\/teletrabajoynegocios.com\/telesecretarias\/wp-content\/uploads\/sites\/2\/2020\/11\/Quaderno-General-Spanish-728x90-1-300x37.png 300w\" sizes=\"(max-width: 728px) 100vw, 728px\" width=\"728\" height=\"90\"   \/><\/a><\/div><p>\u00bfEres de los que no duda en ayudar a los dem\u00e1s, pero de los que le cuesta much\u00edsimo pedirla para s\u00ed mismo? Si es tu caso, hay una serie de lecciones que te servir\u00e1n para tomar conciencia de que tambi\u00e9n t\u00fa mereces apoyo, comprensi\u00f3n y una mano amiga.<\/p>\n<p class=\"jsx-4098198752 c--grey-neutral-800\">Ya desde ni\u00f1os nos ense\u00f1an la necesidad de ser valientes. Nos convencen de que no hay que tener miedo a la oscuridad, de que las personas fuertes no lloran y que no hay mejor valor que la autosuficiencia. Nuestra sociedad nos inculca de manera impl\u00edcita que pedir ayuda y apoyarnos en hombros ajenos es algo poco deseable que solo hacen los d\u00e9biles.<\/p>\n<p class=\"jsx-4098198752 c--grey-neutral-800\">Lo cierto es que la mayor\u00eda tenemos instalada en nuestra mente una curiosa disonancia cognitiva. Nos satisface hacer de salvadores de los dem\u00e1s, pero nos mortifica pedir cualquier cosa a quienes nos rodean. Somos esas criaturas que ven la vulnerabilidad como una amenaza y nos carcome decir en voz alta que estamos mal, que necesitamos apoyo.<\/p>\n<p class=\"jsx-4098198752 c--grey-neutral-800\">El ser humano est\u00e1 dominado en su mayor\u00eda por una mentalidad independiente que nos convence de que debemos hacer las cosas por nosotros mismos. Y esto no tiene por qu\u00e9 ser malo, en absoluto. Sin embargo<strong>, tener claro que hay momentos en que la vida nos pesa en exceso y es de vital importancia saber decir \u00abestoy mal, ay\u00fadame\u00bb es todo un acto de <a class=\"jsx-151512268 jsx-1474443579 default-a-link is--underline c--secondary-600 is--underline\" href=\"https:\/\/lamenteesmaravillosa.com\/que-es-que-no-responsabilidad-afectiva\/\" target=\"_self\" rel=\"noopener\" data-with-google-events=\"true\" data-google-events=\"{&quot;data&quot;:{&quot;action&quot;:&quot;click&quot;,&quot;category&quot;:&quot;Content&quot;,&quot;label&quot;:&quot;Related \/frases-convenceran-pedir-ayuda\/&quot;,&quot;value&quot;:&quot;https:\/\/lamenteesmaravillosa.com\/que-es-que-no-responsabilidad-afectiva\/&quot;}}\">responsabilidad<\/a>.<\/strong><\/p>\n<p><em>Todos debemos mejorar en una competencia que puede salvarnos la vida: la de pedir ayuda.<\/em><\/p>\n<h2 id=\"7-frases-que-te-convenceran-para-pedir-ayuda\" class=\"jsx-3692753319 jsx-2309526989 c--main-700  mt--x-big pt--normal\">7 frases que te convencer\u00e1n para pedir ayuda<\/h2>\n<p class=\"jsx-4098198752 c--grey-neutral-800\">Hay un aspecto revelador que nos hace reflexionar. Muchos ni\u00f1os temen decir en voz alta a su profesor que no han entendido algo porque temen las burlas de sus compa\u00f1eros. Si las personas tememos pedir ayuda es porque desde bien temprano interiorizamos que hacerlo evidencia nuestra incompetencia. Tambi\u00e9n porque nos puede poner en desventaja ante los dem\u00e1s.<\/p>\n<p class=\"jsx-4098198752 c--grey-neutral-800\">Sin embargo, y aqu\u00ed llega la mayor iron\u00eda de todas,<strong> a buena parte de las personas les hace feliz ayudar a los dem\u00e1s.<\/strong> Esto mismo es lo que nos explica un <a class=\"jsx-151512268 jsx-1474443579 default-a-link is--underline c--secondary-600 is--underline\" href=\"https:\/\/www.researchgate.net\/publication\/323927175_Happy_to_help_A_systematic_review_and_meta-analysis_of_the_effects_of_performing_acts_of_kindness_on_the_well-being_of_the_actor\" target=\"_blank\" rel=\"noopener\" data-with-google-events=\"true\" data-google-events=\"{&quot;data&quot;:{&quot;action&quot;:&quot;click&quot;,&quot;category&quot;:&quot;Content&quot;,&quot;label&quot;:&quot;Related \/frases-convenceran-pedir-ayuda\/&quot;,&quot;value&quot;:&quot;https:\/\/www.researchgate.net\/publication\/323927175_Happy_to_help_A_systematic_review_and_meta-analysis_of_the_effects_of_performing_acts_of_kindness_on_the_well-being_of_the_actor&quot;}}\">estudio<\/a> de la Universidad de Oxford. Los actos de bondad nos hacen sentir bien. El simple hecho de decirle a alguien que pasamos por una mala \u00e9poca y necesitamos su apoyo le har\u00e1 sentirse \u00fatil, satisfecho y hasta autorrealizado.<\/p>\n<p>El problema es que quien transita por un instante complicado, alberga ideas muy sesgadas. Asumen que hay una alta probabilidad de que los dem\u00e1s rechacen su solicitud, ridiculicen su <a class=\"jsx-151512268 jsx-1474443579 default-a-link is--underline c--secondary-600 is--underline\" href=\"https:\/\/lamenteesmaravillosa.com\/fenomenologia-dolor-sufrimiento\/\" target=\"_self\" rel=\"noopener\" data-with-google-events=\"true\" data-google-events=\"{&quot;data&quot;:{&quot;action&quot;:&quot;click&quot;,&quot;category&quot;:&quot;Content&quot;,&quot;label&quot;:&quot;Related \/frases-convenceran-pedir-ayuda\/&quot;,&quot;value&quot;:&quot;https:\/\/lamenteesmaravillosa.com\/fenomenologia-dolor-sufrimiento\/&quot;}}\">sufrimiento<\/a> y sean una molestia. <strong>Son muchas las personas que alimentan la idea de que son una carga y que lo mejor es no a\u00f1adir mayor presi\u00f3n al entorno cercano con sus problemas.<\/strong><\/p>\n<p class=\"jsx-4098198752 c--grey-neutral-800\">Necesitamos desactivar esas ideas irracionales y da\u00f1inas. Por ello, si est\u00e1s pasando en estos momentos por dificultades, tristezas y malestares, ten en cuenta estas frases para pedir ayuda.<\/p>\n<div class=\"article-quote bc--secondary-50 ptb--big p--relative mb--normal mt--x-big\"><\/div>\n<div class=\"article-quote bc--secondary-50 ptb--big p--relative mb--normal mt--x-big\">\n<blockquote class=\"jsx-2118601352 jsx-2746653886 plr--big pt--big\">\n<div class=\"jsx-2118601352 jsx-2746653886 quote__text ta--center fs--italic lh--2 fs--normal ff--serif ls--medium c--secondary-800\">\n<p class=\"jsx-4098198752 c--grey-neutral-800\"><em>Una de nuestras mayores preocupaciones es no agobiar a los dem\u00e1s con nuestros problemas. Esta idea nos termina por aislar hasta asumir que no merecemos la ayuda de nadie.<\/em><\/p>\n<\/div>\n<\/blockquote>\n<\/div>\n<h3 id=\"1-valiente-es-quien-pide-ayuda-no-quien-aparenta-estar-bien\" class=\"jsx-3692753319 jsx-2309526989 c--main-700  mt--x-big pt--normal\">1. Valiente es quien pide ayuda, no quien aparenta estar bien<\/h3>\n<p class=\"jsx-4098198752 c--grey-neutral-800\">La mayor\u00eda de las sociedades ensalzan la imagen de la independencia, la resoluci\u00f3n y la eficacia. Nos hacen creer desde ni\u00f1os que h\u00e9roe es quien resuelve toda vicisitud por s\u00ed mismo, sin ayuda de nadie. Tengamos cuidado con esta idea porque es tan falsa como contraproducente.<\/p>\n<p class=\"jsx-4098198752 c--grey-neutral-800\"><strong>Valiente es quien se apoya en los dem\u00e1s, quien da el paso para pedir lo que necesita y no duda en reconocer sus l\u00edmites y problemas.<\/strong> No hay ni un gramo de cobard\u00eda en quien se rinde y pide cobijo, afecto y la gu\u00eda de los dem\u00e1s.<\/p>\n<h3 id=\"2-no-eres-una-carga-eres-alguien-amado\" class=\"jsx-3692753319 jsx-2309526989 c--main-700  mt--x-big pt--normal\">2. No eres una carga, eres alguien amado<\/h3>\n<p class=\"jsx-4098198752 c--grey-neutral-800\">Cuando la oscuridad y la desesperanza nos abrazan, cuesta mucho ver la luz de las \u00abpersonas faro\u00bb, esas que est\u00e1n ah\u00ed para nosotros en cada momento. Porque las hay, porque est\u00e1n ah\u00ed, junto a ti, en la forma de tu pareja, tus amigos, tu familia. <strong>Hay muchas figuras que te aman para las cuales no eres una carga, eres alguien amado y parte esencial de sus vidas.\u00a0<\/strong><\/p>\n<h3 id=\"3-tu-solo-no-puedes-con-ayuda-de-los-demas-encontraras-la-fuerza-que-necesitas\" class=\"jsx-3692753319 jsx-2309526989 c--main-700  mt--x-big pt--normal\">3. T\u00fa solo no puedes, con ayuda de los dem\u00e1s encontrar\u00e1s la fuerza que necesitas<\/h3>\n<p class=\"jsx-4098198752 c--grey-neutral-800\">Es posible que a lo largo de tu vida te hayas habituado a resolver cada uno de tus problemas, inquietudes y desaf\u00edos. Es m\u00e1s, es muy probable que siempre hayas sido para los dem\u00e1s esa mano amiga, ese hombro en quien llorar, esas espaldas que todo lo cargan y esa mente que todo lo resuelve. Pero, \u00bfy a ti quien te cuida y te salva?<\/p>\n<p class=\"jsx-4098198752 c--grey-neutral-800\"><strong>Integra en tu coraz\u00f3n y en tu cerebro que ha llegado el momento de entender que t\u00fa solo no puedes con esto<\/strong>. Ha llegado el d\u00eda de dar el paso y entender que con la fuerza de los dem\u00e1s encontrar\u00e1s la fuerza que necesitas. Esta es una de las frases que te convencer\u00e1n para pedir ayuda.<\/p>\n<h3 id=\"4-ser-vulnerable-no-te-hace-falible-te-convierte-en-humano\" class=\"jsx-3692753319 jsx-2309526989 c--main-700  mt--x-big pt--normal\">4. Ser vulnerable no te hace falible, te convierte en humano<\/h3>\n<p class=\"jsx-4098198752 c--grey-neutral-800\">Permitirnos aceptar nuestra vulnerabilidad es un ejercicio b\u00e1sico de supervivencia. La doctora <a class=\"jsx-151512268 jsx-1474443579 default-a-link is--underline c--secondary-600 is--underline\" href=\"https:\/\/es.wikipedia.org\/wiki\/Bren%C3%A9_Brown\" target=\"_blank\" rel=\"noopener\" data-with-google-events=\"true\" data-google-events=\"{&quot;data&quot;:{&quot;action&quot;:&quot;click&quot;,&quot;category&quot;:&quot;Content&quot;,&quot;label&quot;:&quot;Related \/frases-convenceran-pedir-ayuda\/&quot;,&quot;value&quot;:&quot;https:\/\/es.wikipedia.org\/wiki\/Bren%C3%A9_Brown&quot;}}\">Bren\u00e9 Brown<\/a>, profesora e investigadora en la Universidad de Houston, nos recuerda que esta dimensi\u00f3n es la que facilita el amor, la pertenencia y hasta el coraje. No somos seres invulnerables, superh\u00e9roes de fortaleza inexpugnable.<\/p>\n<p class=\"jsx-4098198752 c--grey-neutral-800\">Somos personas de carne, huesos, emociones y necesidades. <strong>Ser vulnerables forma parte de nuestra esencia y sentirnos de este modo no nos hace falibles, <\/strong>sino que facilita la conexi\u00f3n con los dem\u00e1s.<\/p>\n<h3 id=\"5-sentir-miedo-es-normal-todos-lo-sentimos-a-la-hora-de-pedir-ayuda\" class=\"jsx-3692753319 jsx-2309526989 c--main-700  mt--x-big pt--normal\">5. Sentir miedo es normal, todos lo sentimos a la hora de pedir ayuda<\/h3>\n<p class=\"jsx-4098198752 c--grey-neutral-800\">Miedo, inquietud, <a class=\"jsx-151512268 jsx-1474443579 default-a-link is--underline c--secondary-600 is--underline\" href=\"https:\/\/lamenteesmaravillosa.com\/la-verguenza-asociada-al-abuso-emocional-como-tratarla\/\" target=\"_self\" rel=\"noopener\" data-with-google-events=\"true\" data-google-events=\"{&quot;data&quot;:{&quot;action&quot;:&quot;click&quot;,&quot;category&quot;:&quot;Content&quot;,&quot;label&quot;:&quot;Related \/frases-convenceran-pedir-ayuda\/&quot;,&quot;value&quot;:&quot;https:\/\/lamenteesmaravillosa.com\/la-verguenza-asociada-al-abuso-emocional-como-tratarla\/&quot;}}\">verg\u00fcenza<\/a>, indecisi\u00f3n, angustia\u2026 El acto de revelar a los dem\u00e1s que no estamos bien y que necesitamos apoyo nos llena de emociones dif\u00edciles. Sin embargo, debes saber que es una sensaci\u00f3n universal, todos la hemos experimentado alguna vez y sentirla no te hace diferente ni defectuoso. Es una experiencia universal.<\/p>\n<p>Acepta esas sensaciones y avanza. <strong>No dudes en decirle a alguien de tu entorno algo tan sencillo y sincero como \u00abahora mismo siento mucho miedo<\/strong>, pero tengo que decirte que estoy mal y necesito tu apoyo\u00bb. Esta es una de las frases que te convencer\u00e1n para pedir ayuda.<\/p>\n<h3 id=\"6-nadie-te-va-a-juzgar-lo-que-vas-a-sentir-es-el-amor-de-los-demas\" class=\"jsx-3692753319 jsx-2309526989 c--main-700  mt--x-big pt--normal\">6. Nadie te va a juzgar, lo que vas a sentir es el amor de los dem\u00e1s<\/h3>\n<p class=\"jsx-4098198752 c--grey-neutral-800\">Quien te ama no te juzga, quien te siente parte de s\u00ed mismo, no te criticar\u00e1 ni pondr\u00e1 en duda tus palabras y necesidades. As\u00ed que <strong>desactiva esas <a class=\"jsx-151512268 jsx-1474443579 default-a-link is--underline c--secondary-600 is--underline\" href=\"https:\/\/lamenteesmaravillosa.com\/las-ideas-irracionales-de-albert-ellis\/\" target=\"_self\" rel=\"noopener\" data-with-google-events=\"true\" data-google-events=\"{&quot;data&quot;:{&quot;action&quot;:&quot;click&quot;,&quot;category&quot;:&quot;Content&quot;,&quot;label&quot;:&quot;Related \/frases-convenceran-pedir-ayuda\/&quot;,&quot;value&quot;:&quot;https:\/\/lamenteesmaravillosa.com\/las-ideas-irracionales-de-albert-ellis\/&quot;}}\">ideas irracionales<\/a> que alimentan tu indecisi\u00f3n y la creencia constante de que no van a entenderte.<\/strong> Lo har\u00e1n porque el afecto es comprensi\u00f3n y porque nada es m\u00e1s decisivo para quien forma parte de tu vida como ser tu aliado, tu refugio, tu apoyo indiscutible.<\/p>\n<h3 id=\"7-todo-se-vera-mucho-mejor-cuando-pidas-ayuda\" class=\"jsx-3692753319 jsx-2309526989 c--main-700  mt--x-big pt--normal\">7. Todo se ver\u00e1 mucho mejor cuando pidas ayuda<\/h3>\n<p class=\"jsx-4098198752 c--grey-neutral-800\">Puede que ahora mismo te cueste creerlo. Porque cuando las personas sufrimos, estamos desesperanzados y la pesadumbre nos domina, cuesta mucho creer que las cosas puedan solucionarse. Sin embargo, ocurrir\u00e1. <strong>El dolor que sientes ahora es temporal, porque nada es eterno, porque cuando pidas ayuda percibir\u00e1s que se libera de ti una carga inmensa<\/strong>. Esa que ahora te impide respirar.<\/p>\n<p class=\"jsx-4098198752 c--grey-neutral-800\">No lo dudes, no le des m\u00e1s vueltas y busca a esas personas que son la piedra angular de tu d\u00eda a d\u00eda. Los tuyos te aman y eres importante para ellos y por eso, no debes tener m\u00e1s dudas y reticencias. T\u00fa dar\u00edas tu alma por ellos, as\u00ed que\u2026 \u00bfPor qu\u00e9 no ser t\u00fa esta vez el que deba ser ayudado cuando lo necesita? Es momento de ser valiente para dejar de sufrir.<\/p>\n<p><a class=\"jsx-151512268 jsx-1596958326 default-a-link is--underline c--grey-neutral-800  link-tool-tip jsx-2288154920 jsx-986712099\" href=\"https:\/\/lamenteesmaravillosa.com\/autor\/valeria-sabater\/\" target=\"_self\" rel=\"noopener\"><strong>Valeria Sabater<\/strong><\/a>.<\/p>\n<div id=\"telet-2170685791\" class=\"telet-despues-del-contenido telet-entity-placement\"><a target=\"_blank\" href=\"\/\/aff.lucushost.com\/resources\/click\/?n=gDxoXMAJ&aff=756\"><img decoding=\"async\" border=\"0\" alt=\"LucusHost, el mejor hosting\" src=\"\/\/aff.lucushost.com\/resources\/banners\/?zoneid=5123&n=gDxoXMAJ&aff=756\" \/><\/a><\/div>","protected":false},"excerpt":{"rendered":"<p>\u00bfEres de los que no duda en ayudar a los dem\u00e1s, pero de los que le cuesta much\u00edsimo pedirla para s\u00ed mismo? Si es tu caso, hay una serie de&hellip; <\/p>\n","protected":false},"author":1,"featured_media":13661,"comment_status":"open","ping_status":"open","sticky":false,"template":"","format":"standard","meta":{"_jetpack_memberships_contains_paid_content":false,"footnotes":"","_links_to":"","_links_to_target":""},"categories":[8],"tags":[15,14],"class_list":["post-13660","post","type-post","status-publish","format-standard","has-post-thumbnail","hentry","category-vida-social","tag-fuprisa","tag-jose-manuel-fuentes-prieto"],"nelio_content":{"autoShareEndMode":"never","automationSources":{"useCustomSentences":false,"customSentences":[]},"efiAlt":"","efiUrl":"","followers":[1],"highlights":[],"isAutoShareEnabled":true,"networkImageIds":[],"permalinkQueryArgs":[],"series":[],"suggestedReferences":[]},"jetpack_featured_media_url":"https:\/\/teletrabajoynegocios.com\/telesecretarias\/wp-content\/uploads\/sites\/2\/2023\/03\/pareja-riendo-coche.jpg","jetpack_sharing_enabled":true,"_links":{"self":[{"href":"https:\/\/teletrabajoynegocios.com\/telesecretarias\/wp-json\/wp\/v2\/posts\/13660","targetHints":{"allow":["GET"]}}],"collection":[{"href":"https:\/\/teletrabajoynegocios.com\/telesecretarias\/wp-json\/wp\/v2\/posts"}],"about":[{"href":"https:\/\/teletrabajoynegocios.com\/telesecretarias\/wp-json\/wp\/v2\/types\/post"}],"author":[{"embeddable":true,"href":"https:\/\/teletrabajoynegocios.com\/telesecretarias\/wp-json\/wp\/v2\/users\/1"}],"replies":[{"embeddable":true,"href":"https:\/\/teletrabajoynegocios.com\/telesecretarias\/wp-json\/wp\/v2\/comments?post=13660"}],"version-history":[{"count":2,"href":"https:\/\/teletrabajoynegocios.com\/telesecretarias\/wp-json\/wp\/v2\/posts\/13660\/revisions"}],"predecessor-version":[{"id":13669,"href":"https:\/\/teletrabajoynegocios.com\/telesecretarias\/wp-json\/wp\/v2\/posts\/13660\/revisions\/13669"}],"wp:featuredmedia":[{"embeddable":true,"href":"https:\/\/teletrabajoynegocios.com\/telesecretarias\/wp-json\/wp\/v2\/media\/13661"}],"wp:attachment":[{"href":"https:\/\/teletrabajoynegocios.com\/telesecretarias\/wp-json\/wp\/v2\/media?parent=13660"}],"wp:term":[{"taxonomy":"category","embeddable":true,"href":"https:\/\/teletrabajoynegocios.com\/telesecretarias\/wp-json\/wp\/v2\/categories?post=13660"},{"taxonomy":"post_tag","embeddable":true,"href":"https:\/\/teletrabajoynegocios.com\/telesecretarias\/wp-json\/wp\/v2\/tags?post=13660"}],"curies":[{"name":"wp","href":"https:\/\/api.w.org\/{rel}","templated":true}]}}