{"id":1439,"date":"2020-07-03T11:16:51","date_gmt":"2020-07-03T09:16:51","guid":{"rendered":"https:\/\/teletrabajoynegocios.com\/telesecretarias\/?p=1439"},"modified":"2020-07-20T10:28:19","modified_gmt":"2020-07-20T08:28:19","slug":"he-creado-un-negocio-online-debo-darme-de-alta-como-autonomo","status":"publish","type":"post","link":"https:\/\/teletrabajoynegocios.com\/telesecretarias\/he-creado-un-negocio-online-debo-darme-de-alta-como-autonomo\/","title":{"rendered":"He creado un negocio online \u00bfdebo darme de alta como aut\u00f3nomo?"},"content":{"rendered":"<div id=\"telet-1481290557\" class=\"telet-antes-del-contenido telet-entity-placement\"><a href=\"https:\/\/quaderno.io\/?via=jose-manuel94\" aria-label=\"Quaderno General (Spanish) &#8211; 728&#215;90\"><img loading=\"lazy\" decoding=\"async\" src=\"https:\/\/teletrabajoynegocios.com\/telesecretarias\/wp-content\/uploads\/sites\/2\/2020\/11\/Quaderno-General-Spanish-728x90-1.png\" alt=\"\"  srcset=\"https:\/\/teletrabajoynegocios.com\/telesecretarias\/wp-content\/uploads\/sites\/2\/2020\/11\/Quaderno-General-Spanish-728x90-1.png 728w, https:\/\/teletrabajoynegocios.com\/telesecretarias\/wp-content\/uploads\/sites\/2\/2020\/11\/Quaderno-General-Spanish-728x90-1-300x37.png 300w\" sizes=\"(max-width: 728px) 100vw, 728px\" width=\"728\" height=\"90\"   \/><\/a><\/div><p>La crisis econ\u00f3mica causada por el Covid-19&nbsp;ha puesto de manifiesto la importancia de la f\u00f3rmula online y el teletrabajo en el mantenimiento del empleo por cuenta propia. Adem\u00e1s,&nbsp;<strong>muchas personas se han lanzado a montar sus negocios por Internet en busca&nbsp;de una&nbsp;<a href=\"https:\/\/www.autonomosyemprendedor.es\/tags\/cotizaciones\">fuente de ingresos<\/a>&nbsp;ante el par\u00f3n en su trabajo o actividad econ\u00f3mica.<\/strong><\/p>\n<p>La idea de abrir un blog o&nbsp;comercializar productos o servicios&nbsp;online&nbsp;<strong>ha sido una de las m\u00e1s recurrentes para muchos trabajadores en tiempos de confinamiento<\/strong>. El Estado de Alarma y su consecuente freno en la econom\u00eda de m\u00faltiples negocios ha disparado el n\u00famero de&nbsp;e-commerce en muy poco tiempo.<strong>&nbsp;De hecho, seg\u00fan apuntan los expertos, el comercio online ha pasado a ser, en muchas familias, la \u00fanica fuente de ingresos<\/strong>.<\/p>\n<p>Prescindir de un emplazamiento f\u00edsico donde desarrollar la actividad puede suponer un ahorro importante. A pesar de ello,<strong>&nbsp;los negocios no siempre dan la rentabilidad esperada<\/strong>. Muchos proyectos online,&nbsp;especialmente en sus inicios, obtienen unos beneficios muy bajos&nbsp;y es ah\u00ed cuando muchos emprendedores&nbsp;<strong>se plantean si es obligatorio o no&nbsp;<a href=\"https:\/\/www.autonomosyemprendedor.es\/articulo\/tu-negocio\/puede-facturar-estar-dado-alta-como-autonomo\/20190718171742020124.html\">darse de alta como aut\u00f3nomo<\/a>-debido a que, muchas veces, la cuota puede llegar a superar los ingresos-<\/strong>.&nbsp;<\/p>\n<p>Frente a este&nbsp;incremento de iniciativas online, las&nbsp;dudas de si darse o no de alta en el r\u00e9gimen se amontonan en forma de consultas para todas las&nbsp;gestor\u00edas. Una de ellas&nbsp;es&nbsp;Infoaut\u00f3nomos. Desde esta asesor\u00eda especializada en el colectivo explican que, \u00abmuy a menudo,&nbsp;se nos plantea esta pregunta. Y especialmente ahora, tras el COVID-19. Est\u00e1 muy extendida la idea de que&nbsp;<a href=\"https:\/\/www.autonomosyemprendedor.es\/articulo\/guias-de-emprendimiento\/cuando-es-obligatorio-darse-alta-autonomo\/20181008174003017811.html\">no existe una obligaci\u00f3n de darse de alta&nbsp;<\/a>en el RETA&nbsp;siempre que no se supere el SMI (Salario M\u00ednimo Interprofesional)\u201d.<\/p>\n<p>Sin embargo,&nbsp;<strong>la realidad es que existe un vac\u00edo legal al respecto. \u201cHay criterios que crearon jurisprudencia para, excepcionalmente, entender que no se est\u00e1 ante una actividad profesional sino meramente residual y, por tanto, no es necesario estar dado de alta como aut\u00f3nomo \u201d<\/strong>, explic\u00f3 Alberto Sierra, abogado laboralista.<\/p>\n<h2>Entonces, \u00bfes o no obligatorio darse de alta?<\/h2>\n<p>Bien es cierto que el Decreto 2530\/1970, del 20 de agosto, por el que se regula el r\u00e9gimen especial de la Seguridad Social de los<a href=\"https:\/\/www.autonomosyemprendedor.es\/tags\/autonomos\">&nbsp;aut\u00f3nomos<\/a>, se\u00f1ala en sus art\u00edculos 2 y 3, que est\u00e1n&nbsp;<strong>obligatoriamente incluidos en el RETA los mayores de 18 a\u00f1os que residan y ejerzan su actividad en territorio nacional y que, de forma habitual, personal y directa, realicen una actividad econ\u00f3mica a t\u00edtulo lucrativo, sin sujeci\u00f3n a contrato de trabajo<\/strong>.<\/p>\n<p>Adem\u00e1s, en el mismo sentido, la Ley 20\/2007, de 11 de Julio, del Estatuto del Trabajo Aut\u00f3nomo, se\u00f1ala en su art\u00edculo 1.1 que la citada ley \u00abser\u00e1 de aplicaci\u00f3n a las&nbsp;<strong>personas f\u00edsicas que realicen de forma habitual<\/strong>, personal, directa, por cuenta propia y fuera del \u00e1mbito de direcci\u00f3n y organizaci\u00f3n de otra persona, una actividad econ\u00f3mica o profesional a t\u00edtulo lucrativo, den o no ocupaci\u00f3n a trabajadores por cuenta ajena\u00bb.<\/p>\n<p><strong>El requisito de ejercicio con habitualidad de la actividad por cuenta propia es esencial para la existencia de un trabajador aut\u00f3nomo, y tambi\u00e9n para poder plantearse no pagar la cuota.<\/strong>&nbsp;\u201cLo que ocurre es que la ley 20\/2007 no precisa de manera completa el alcance del requisito de habitualidad de la actividad econ\u00f3mica que se exige al trabajador aut\u00f3nomo para su inclusi\u00f3n en este R\u00e9gimen\u201d se\u00f1al\u00f3 el abogado laboralista.&nbsp;<strong>\u201cLa superaci\u00f3n del umbral del salario m\u00ednimo percibido en un a\u00f1o natural, puede ser un indicador adecuado de habitualidad\u201d<\/strong>, a\u00f1adi\u00f3.<\/p>\n<hr>\n<p><img decoding=\"async\" src=\"http:\/\/web.vallebro.biz\/wp-content\/uploads\/2020\/01\/articulos.png\"><\/p>\n<div class=\"wp-rss-template-container\" data-wpra-template=\"default\" data-template-ctx=\"W10=\">\n    <div class=\"wp-rss-aggregator wpra-list-template  \" data-page=\"1\">\n    \n    \n<ul class=\"wpra-item-list rss-aggregator wpra-item-list--bullets wpra-item-list--default\"\n    start=\"1\">\n                        <li class=\"wpra-item feed-item \">\n            \n            \n\n    <a  href=\"https:\/\/distritoemprendedores.com\/blog\/2026\/03\/16\/hello-world\/\" target=\"_blank\" rel=\"nofollow\" class=\"\">Hello world!<\/a>\n\n\n\n\n\n\n<div class=\"wprss-feed-meta\">\n            <span class=\"feed-source\">\n            Source:\n\n                            Distrito Emprendedores\n                    <\/span>\n    \n            <span class=\"feed-date\">\n            Published on 2026-03-16\n        <\/span>\n    \n    <\/div>\n\n\n\n\n\n            \n        <\/li>\n                    <li class=\"wpra-item feed-item \">\n            \n            \n\n    <a  href=\"https:\/\/www.dropbox.com\/scl\/fi\/b6csvpbfxu24vaezmo3es\/62bed0634df20e5ef35346439fdd423f_franquicias.pdf?rlkey=mfp2795s4n89mw35l0yeu2vl5&amp;e=2&amp;st=57kabuy0&amp;dl=0#new_tab\" target=\"_blank\" rel=\"nofollow\" class=\"\">Las franquicias espa\u00f1olas duplican su presencia en mercados for\u00e1neos<\/a>\n\n\n\n\n\n\n<div class=\"wprss-feed-meta\">\n            <span class=\"feed-source\">\n            Source:\n\n                            Distrito Emprendedores\n                    <\/span>\n    \n            <span class=\"feed-date\">\n            Published on 2026-03-11\n        <\/span>\n    \n    <\/div>\n\n\n\n\n\n            \n        <\/li>\n                    <li class=\"wpra-item feed-item \">\n            \n            \n\n    <a  href=\"https:\/\/distritoemprendedores.es\/blog\/5-errores-fatales-al-internacionalizar-tu-franquicia\/\" target=\"_blank\" rel=\"nofollow\" class=\"\">5 errores fatales al internacionalizar tu franquicia<\/a>\n\n\n\n\n\n\n<div class=\"wprss-feed-meta\">\n            <span class=\"feed-source\">\n            Source:\n\n                            Distrito Emprendedores\n                    <\/span>\n    \n            <span class=\"feed-date\">\n            Published on 2026-03-10\n        <\/span>\n    \n    <\/div>\n\n\n\n\n\n            \n        <\/li>\n                    <li class=\"wpra-item feed-item \">\n            \n            \n\n    <a  href=\"https:\/\/distritoemprendedores.es\/blog\/un-nuevo-prime-time-para-las-marcas-afterwork-tardeo-y-futbol-se-consolidan-como-los-grandes-motores-del-consumo-experiencial\/\" target=\"_blank\" rel=\"nofollow\" class=\"\">Un nuevo prime time para las marcas: afterwork, tardeo y f\u00fatbol se consolidan como los grandes motores del consumo experiencial<\/a>\n\n\n\n\n\n\n<div class=\"wprss-feed-meta\">\n            <span class=\"feed-source\">\n            Source:\n\n                            Distrito Emprendedores\n                    <\/span>\n    \n            <span class=\"feed-date\">\n            Published on 2026-03-09\n        <\/span>\n    \n    <\/div>\n\n\n\n\n\n            \n        <\/li>\n                    <li class=\"wpra-item feed-item \">\n            \n            \n\n    <a  href=\"https:\/\/distritoemprendedores.es\/blog\/la-ventaja-competitiva-esta-en-entender-como-pregunta-el-consumidor\/\" target=\"_blank\" rel=\"nofollow\" class=\"\">La ventaja competitiva est\u00e1 en entender c\u00f3mo pregunta el consumidor<\/a>\n\n\n\n\n\n\n<div class=\"wprss-feed-meta\">\n            <span class=\"feed-source\">\n            Source:\n\n                            Distrito Emprendedores\n                    <\/span>\n    \n            <span class=\"feed-date\">\n            Published on 2026-03-08\n        <\/span>\n    \n    <\/div>\n\n\n\n\n\n            \n        <\/li>\n                    <li class=\"wpra-item feed-item \">\n            \n            \n\n    <a  href=\"https:\/\/distritoemprendedores.es\/blog\/solo-el-7-de-los-espanoles-cree-a-las-marcas-cuando-comunican-sus-valores-con-hechos-demostrables\/\" target=\"_blank\" rel=\"nofollow\" class=\"\">Solo el 7% de los espa\u00f1oles cree a las marcas cuando comunican sus valores con hechos demostrables<\/a>\n\n\n\n\n\n\n<div class=\"wprss-feed-meta\">\n            <span class=\"feed-source\">\n            Source:\n\n                            Distrito Emprendedores\n                    <\/span>\n    \n            <span class=\"feed-date\">\n            Published on 2026-03-07\n        <\/span>\n    \n    <\/div>\n\n\n\n\n\n            \n        <\/li>\n                    <li class=\"wpra-item feed-item \">\n            \n            \n\n    <a  href=\"https:\/\/distritoemprendedores.es\/blog\/el-38-de-las-empresas-creadas-en-2019-ha-echado-ya-el-cierre\/\" target=\"_blank\" rel=\"nofollow\" class=\"\">El 38% de las empresas creadas en 2019 ha echado ya el cierre<\/a>\n\n\n\n\n\n\n<div class=\"wprss-feed-meta\">\n            <span class=\"feed-source\">\n            Source:\n\n                            Distrito Emprendedores\n                    <\/span>\n    \n            <span class=\"feed-date\">\n            Published on 2026-03-06\n        <\/span>\n    \n    <\/div>\n\n\n\n\n\n            \n        <\/li>\n                    <li class=\"wpra-item feed-item \">\n            \n            \n\n    <a  href=\"https:\/\/distritoemprendedores.es\/blog\/descubre-las-oportunidades-y-tendencias-en-el-mercado-de-la-franquicia-para-2026\/\" target=\"_blank\" rel=\"nofollow\" class=\"\">Descubre las oportunidades y tendencias en el mercado de la franquicia para 2026<\/a>\n\n\n\n\n\n\n<div class=\"wprss-feed-meta\">\n            <span class=\"feed-source\">\n            Source:\n\n                            Distrito Emprendedores\n                    <\/span>\n    \n            <span class=\"feed-date\">\n            Published on 2026-03-05\n        <\/span>\n    \n    <\/div>\n\n\n\n\n\n            \n        <\/li>\n                    <li class=\"wpra-item feed-item \">\n            \n            \n\n    <a  href=\"https:\/\/distritoemprendedores.es\/blog\/las-startups-de-salud-mas-punteras-del-mundo\/\" target=\"_blank\" rel=\"nofollow\" class=\"\">Las startups de salud m\u00e1s punteras del mundo<\/a>\n\n\n\n\n\n\n<div class=\"wprss-feed-meta\">\n            <span class=\"feed-source\">\n            Source:\n\n                            Distrito Emprendedores\n                    <\/span>\n    \n            <span class=\"feed-date\">\n            Published on 2026-03-04\n        <\/span>\n    \n    <\/div>\n\n\n\n\n\n            \n        <\/li>\n                    <li class=\"wpra-item feed-item \">\n            \n            \n\n    <a  href=\"https:\/\/distritoemprendedores.es\/blog\/puesta-en-marcha-de-un-negocio-primeros-pasos-para-validar-vender-y-controlar-la-tesoreria\/\" target=\"_blank\" rel=\"nofollow\" class=\"\">Puesta en marcha de un negocio: primeros pasos para validar, vender y controlar la tesorer\u00eda<\/a>\n\n\n\n\n\n\n<div class=\"wprss-feed-meta\">\n            <span class=\"feed-source\">\n            Source:\n\n                            Distrito Emprendedores\n                    <\/span>\n    \n            <span class=\"feed-date\">\n            Published on 2026-03-03\n        <\/span>\n    \n    <\/div>\n\n\n\n\n\n            \n        <\/li>\n                    <li class=\"wpra-item feed-item \">\n            \n            \n\n    <a  href=\"https:\/\/distritoemprendedores.es\/blog\/6-franquicias-sin-apenas-competencia-en-el-mercado\/\" target=\"_blank\" rel=\"nofollow\" class=\"\">6 franquicias sin apenas competencia en el mercado<\/a>\n\n\n\n\n\n\n<div class=\"wprss-feed-meta\">\n            <span class=\"feed-source\">\n            Source:\n\n                            Distrito Emprendedores\n                    <\/span>\n    \n            <span class=\"feed-date\">\n            Published on 2026-03-02\n        <\/span>\n    \n    <\/div>\n\n\n\n\n\n            \n        <\/li>\n                    <li class=\"wpra-item feed-item \">\n            \n            \n\n    <a  href=\"https:\/\/digistorage.es\/links\/71d78951-a420-4f5b-8de6-7b35ae7efc1c#new_tab\" target=\"_blank\" rel=\"nofollow\" class=\"\">Los algoritmos amenazan con filtrar las confesiones realizadas al abogado<\/a>\n\n\n\n\n\n\n<div class=\"wprss-feed-meta\">\n            <span class=\"feed-source\">\n            Source:\n\n                            Distrito Emprendedores\n                    <\/span>\n    \n            <span class=\"feed-date\">\n            Published on 2026-03-01\n        <\/span>\n    \n    <\/div>\n\n\n\n\n\n            \n        <\/li>\n                    <li class=\"wpra-item feed-item \">\n            \n            \n\n    <a  href=\"https:\/\/distritoemprendedores.es\/blog\/las-startups-que-mas-innovan-en-el-mundo\/\" target=\"_blank\" rel=\"nofollow\" class=\"\">Las startups que m\u00e1s innovan en el mundo<\/a>\n\n\n\n\n\n\n<div class=\"wprss-feed-meta\">\n            <span class=\"feed-source\">\n            Source:\n\n                            Distrito Emprendedores\n                    <\/span>\n    \n            <span class=\"feed-date\">\n            Published on 2026-02-28\n        <\/span>\n    \n    <\/div>\n\n\n\n\n\n            \n        <\/li>\n                    <li class=\"wpra-item feed-item \">\n            \n            \n\n    <a  href=\"https:\/\/distritoemprendedores.es\/blog\/tiktok-genera-31-000-millones-de-euros-para-las-empresas-europeas-y-3-000-millones-en-espana\/\" target=\"_blank\" rel=\"nofollow\" class=\"\">TikTok genera 31.000 millones de euros para las empresas europeas y 3.000 millones en Espa\u00f1a<\/a>\n\n\n\n\n\n\n<div class=\"wprss-feed-meta\">\n            <span class=\"feed-source\">\n            Source:\n\n                            Distrito Emprendedores\n                    <\/span>\n    \n            <span class=\"feed-date\">\n            Published on 2026-02-27\n        <\/span>\n    \n    <\/div>\n\n\n\n\n\n            \n        <\/li>\n                    <li class=\"wpra-item feed-item \">\n            \n            \n\n    <a  href=\"https:\/\/distritoemprendedores.es\/blog\/amazon-planea-un-marketplace-para-hacer-de-puente-entre-los-publishers-y-las-empresas-de-ia\/\" target=\"_blank\" rel=\"nofollow\" class=\"\">Amazon planea un \u00abmarketplace\u00bb para hacer de puente entre los \u00abpublishers\u00bb y las empresas de IA<\/a>\n\n\n\n\n\n\n<div class=\"wprss-feed-meta\">\n            <span class=\"feed-source\">\n            Source:\n\n                            Distrito Emprendedores\n                    <\/span>\n    \n            <span class=\"feed-date\">\n            Published on 2026-02-26\n        <\/span>\n    \n    <\/div>\n\n\n\n\n\n            \n        <\/li>\n        <\/ul>\n\n        \n<\/div>\n\n<\/div>\n\n<hr>\n<h2>L\u00edmites para facturar como trabajador aut\u00f3nomo<\/h2>\n<p>El concepto de habitualidad es el&nbsp;que podr\u00eda librar al emprendedor de pagar la cuota de aut\u00f3nomos. En principio,&nbsp;<strong>aquel que desarrolle un negocio que no se considere habitual, podr\u00eda estar exento de pagar todos los meses a la Seguridad Social. Sin embargo, y a pesar de que se ha pedido en numerosas ocasiones la reforma de ese concepto en el RETA, a\u00fan a d\u00eda de hoy sus l\u00edmites siguen confusos<\/strong>.<\/p>\n<p>Con todo, \u00abla habitualidad es la caracter\u00edstica m\u00e1s defendible, y es m\u00e1s probable que el emprendedor que pueda demostrar que tiene un negocio puntual no tenga problemas con una posible inspecci\u00f3n\u201d, explic\u00f3 Sierra.&nbsp;&nbsp;<\/p>\n<p>Este concepto va estrechamente ligado al del Salario M\u00ednimo Interprofesional. El abogado Alberto Sierra&nbsp;afirm\u00f3 que&nbsp;<strong>ha habido sentencias que eximen al emprendedor de darse de alta como aut\u00f3nomo, ya que sus beneficios eran inferiores al salario m\u00ednimo. S<\/strong>in embargo,&nbsp;<strong>\u201cninguna ley se refiere al beneficio del emprendedor para considerarlo o no aut\u00f3nomo\u201d<\/strong>.&nbsp; La norma define al aut\u00f3nomo como \u2018aquella persona que desarrolla una actividad de forma habitual\u2019, pero en ning\u00fan momento habla del salario.&nbsp;<\/p>\n<h2>La importancia de darse de alta en el RETA<\/h2>\n<p>La Seguridad Social y la Agencia Tributaria son dos \u00f3rganos diferenciados,&nbsp;<strong>pero su informaci\u00f3n y datos se cruzan entre ellos constantemente<\/strong>. Es ah\u00ed donde radica el peligro y la exposici\u00f3n de estos trabajadores que, mientras esperan a que el negocio que han puesto en marcha sea rentable, no se dan de alta como&nbsp;aut\u00f3nomos.<\/p>\n<p>Es por ello que&nbsp;<strong>todos los abogados coinciden en la necesidad e importancia de darse de&nbsp;alta en el&nbsp;RETA<\/strong>&nbsp;siempre que se lleve a cabo cualquier tipo de actividad econ\u00f3mica profesional.&nbsp;<strong>Y en caso de que el emprendedor decida bajo su propia cuenta y riesgo facturar sin ser aut\u00f3nomo,&nbsp;que su negocio sea puntual<\/strong>. Que no dure m\u00e1s de tres semanas&nbsp;y que, en definitiva, pueda demostrarle a la Seguridad Social, que su actividad no es habitual y que, por tanto, no tiene la obligaci\u00f3n de pagar cuota por ella.&nbsp;&nbsp;<\/p>\n<h2>Consecuencias en caso de fraude<\/h2>\n<p>En el caso de que la inspecci\u00f3n de Trabajo investigue un negocio, descubra que no est\u00e1 dado de alta en el r\u00e9gimen de aut\u00f3nomos, y considere que s\u00ed deber\u00eda estarlo, teniendo en cuenta los factores previamente mencionados, \u00e9stas ser\u00edan las consecuencias:&nbsp;<\/p>\n<ul>\n<li><strong>Obligaci\u00f3n de alta inmediata en el RETA<\/strong><\/li>\n<li><strong>Pago de las cuotas de aut\u00f3nomos atrasadas con el recargo<\/strong>&nbsp;que marca la Ley 6\/2017 de 24 de Octubre. Este recargo var\u00eda entre el 10 y el 35% dependiendo de si el pago de las cuotas atrasadas en voluntario o has recibido la notificaci\u00f3n de Seguridad Social oblig\u00e1ndote a ello.<\/li>\n<\/ul>\n<p><a title=\"andrea-gonzalez\" href=\"https:\/\/www.autonomosyemprendedor.es\/author\/andrea-gonzalez\">ANDREA GONZ\u00c1LEZ<\/a><\/p>\n<div id=\"telet-2476474056\" class=\"telet-despues-del-contenido telet-entity-placement\"><a target=\"_blank\" href=\"\/\/aff.lucushost.com\/resources\/click\/?n=gDxoXMAJ&aff=756\"><img decoding=\"async\" border=\"0\" alt=\"LucusHost, el mejor hosting\" src=\"\/\/aff.lucushost.com\/resources\/banners\/?zoneid=5123&n=gDxoXMAJ&aff=756\" \/><\/a><\/div>","protected":false},"excerpt":{"rendered":"<p>La crisis econ\u00f3mica causada por el Covid-19&nbsp;ha puesto de manifiesto la importancia de la f\u00f3rmula online y el teletrabajo en el mantenimiento del empleo por cuenta propia. Adem\u00e1s,&nbsp;muchas personas se&hellip; <\/p>\n","protected":false},"author":1,"featured_media":1445,"comment_status":"open","ping_status":"open","sticky":false,"template":"","format":"standard","meta":{"_jetpack_memberships_contains_paid_content":false,"footnotes":"","_links_to":"","_links_to_target":""},"categories":[1],"tags":[15,14],"class_list":["post-1439","post","type-post","status-publish","format-standard","has-post-thumbnail","hentry","category-telesecretarias","tag-fuprisa","tag-jose-manuel-fuentes-prieto"],"nelio_content":{"autoShareEndMode":"never","automationSources":{"useCustomSentences":false,"customSentences":[]},"efiAlt":"","efiUrl":"","followers":[1],"highlights":[],"isAutoShareEnabled":true,"networkImageIds":[],"permalinkQueryArgs":[],"series":[],"suggestedReferences":[]},"jetpack_featured_media_url":"https:\/\/teletrabajoynegocios.com\/telesecretarias\/wp-content\/uploads\/sites\/2\/2020\/07\/mujer-ordenador.jpg","jetpack_sharing_enabled":true,"_links":{"self":[{"href":"https:\/\/teletrabajoynegocios.com\/telesecretarias\/wp-json\/wp\/v2\/posts\/1439","targetHints":{"allow":["GET"]}}],"collection":[{"href":"https:\/\/teletrabajoynegocios.com\/telesecretarias\/wp-json\/wp\/v2\/posts"}],"about":[{"href":"https:\/\/teletrabajoynegocios.com\/telesecretarias\/wp-json\/wp\/v2\/types\/post"}],"author":[{"embeddable":true,"href":"https:\/\/teletrabajoynegocios.com\/telesecretarias\/wp-json\/wp\/v2\/users\/1"}],"replies":[{"embeddable":true,"href":"https:\/\/teletrabajoynegocios.com\/telesecretarias\/wp-json\/wp\/v2\/comments?post=1439"}],"version-history":[{"count":1,"href":"https:\/\/teletrabajoynegocios.com\/telesecretarias\/wp-json\/wp\/v2\/posts\/1439\/revisions"}],"predecessor-version":[{"id":1446,"href":"https:\/\/teletrabajoynegocios.com\/telesecretarias\/wp-json\/wp\/v2\/posts\/1439\/revisions\/1446"}],"wp:featuredmedia":[{"embeddable":true,"href":"https:\/\/teletrabajoynegocios.com\/telesecretarias\/wp-json\/wp\/v2\/media\/1445"}],"wp:attachment":[{"href":"https:\/\/teletrabajoynegocios.com\/telesecretarias\/wp-json\/wp\/v2\/media?parent=1439"}],"wp:term":[{"taxonomy":"category","embeddable":true,"href":"https:\/\/teletrabajoynegocios.com\/telesecretarias\/wp-json\/wp\/v2\/categories?post=1439"},{"taxonomy":"post_tag","embeddable":true,"href":"https:\/\/teletrabajoynegocios.com\/telesecretarias\/wp-json\/wp\/v2\/tags?post=1439"}],"curies":[{"name":"wp","href":"https:\/\/api.w.org\/{rel}","templated":true}]}}