{"id":1466,"date":"2020-07-08T11:12:17","date_gmt":"2020-07-08T09:12:17","guid":{"rendered":"https:\/\/teletrabajoynegocios.com\/telesecretarias\/?p=1466"},"modified":"2020-07-03T09:16:18","modified_gmt":"2020-07-03T07:16:18","slug":"consejos-para-elegir-el-mejor-monitor-para-trabajar-desde-casa","status":"publish","type":"post","link":"https:\/\/teletrabajoynegocios.com\/telesecretarias\/consejos-para-elegir-el-mejor-monitor-para-trabajar-desde-casa\/","title":{"rendered":"Consejos para elegir el mejor monitor para trabajar desde casa"},"content":{"rendered":"<div id=\"telet-1876307892\" class=\"telet-antes-del-contenido telet-entity-placement\"><a href=\"https:\/\/quaderno.io\/?via=jose-manuel94\" aria-label=\"Quaderno General (Spanish) &#8211; 728&#215;90\"><img loading=\"lazy\" decoding=\"async\" src=\"https:\/\/teletrabajoynegocios.com\/telesecretarias\/wp-content\/uploads\/sites\/2\/2020\/11\/Quaderno-General-Spanish-728x90-1.png\" alt=\"\"  srcset=\"https:\/\/teletrabajoynegocios.com\/telesecretarias\/wp-content\/uploads\/sites\/2\/2020\/11\/Quaderno-General-Spanish-728x90-1.png 728w, https:\/\/teletrabajoynegocios.com\/telesecretarias\/wp-content\/uploads\/sites\/2\/2020\/11\/Quaderno-General-Spanish-728x90-1-300x37.png 300w\" sizes=\"(max-width: 728px) 100vw, 728px\" width=\"728\" height=\"90\"   \/><\/a><\/div><p>No podemos negar que el&nbsp;<a href=\"https:\/\/www.muypymes.com\/2020\/04\/17\/asi-ha-conseguido-datisa-implementar-el-teletrabajo-con-el-100-de-la-plantilla-durante-la-crisis-del-coronavirus\">teletrabajo<\/a>&nbsp;se ha convertido en la gran tendencia de estas semanas y, para poder llevarlo a cabo con \u00e9xito, es necesario rodearnos de buena tecnolog\u00eda. Los&nbsp;<strong>monitores<\/strong>, por ejemplo, son unas de las herramientas esenciales para mejorar la experiencia laboral, aumentar la productividad y ser una inversi\u00f3n inteligente en salud.<\/p>\n<p>Uno de los expertos en estos dispositivos,&nbsp;<a href=\"https:\/\/www.dell.com\/es-es\">Dell<\/a>, nos da algunos consejos para elegir el monitor m\u00e1s adecuado a nuestras necesidades de teletrabajo.<\/p>\n<h2>Tama\u00f1o y resoluci\u00f3n de pantalla<\/h2>\n<p>El tama\u00f1o de la pantalla tiene una correlaci\u00f3n directa con el aumento de la productividad. Las dimensiones m\u00e1s utilizadas en la mayor\u00eda de los trabajos de oficina es de entre 24 y 32 pulgadas.<\/p>\n<p>Si tu prioridad es tener una pantalla m\u00e1s grande y m\u00e1s ancha, puedes optar por tener m\u00e1s de un monitor o un monitor curvo ultra ancho, normalmente entre 34 y 49 pulgadas. Los monitores con biseles ultradelgados son ideales para crear configuraciones de m\u00faltiples monitores, para una menor distracci\u00f3n con las roturas del bisel.<\/p>\n<p>La resoluci\u00f3n y el tama\u00f1o de la pantalla van de la mano. Se recomienda una resoluci\u00f3n m\u00e1s alta para monitores m\u00e1s grandes. Por ejemplo, las pantallas QHD de 27 pulgadas (2560 x 1440), 4K de 32 pulgadas (3840 x 2160) y WQHD de 34 pulgadas (3440 x 1440) son el tama\u00f1o y la resoluci\u00f3n recomendados con m\u00e1s de 100 p\u00edxeles por pulgada. Un monitor con resoluci\u00f3n QHD 2560 X 1440p ofrece 1,77 veces m\u00e1s p\u00edxeles que un monitor con resoluci\u00f3n FHD 1920 X 1080p.<\/p>\n<h2>Ergonom\u00eda y bienestar<\/h2>\n<p>Cuando teletrabajamos tendemos a trabajar m\u00e1s horas, por lo que es fundamental contar con el equipo adecuado. Entrecerrar los ojos en una pantalla o encorvarse sobre el monitor puede conducir a una mala postura, problemas de espalda y fatiga visual. Por eso es importante elegir un monitor ergon\u00f3micamente optimizado para poder ajustar la altura, la inclinaci\u00f3n, el giro y la rotaci\u00f3n del monitor a su posici\u00f3n ideal.<\/p>\n<p>Tambi\u00e9n se recomienda elegir monitores con poca luz azul y tecnolog\u00eda sin parpadeo para reducir la fatiga visual.<\/p>\n<h2>Conectividad<\/h2>\n<p>Considere qu\u00e9 dispositivos desea conectar a su nuevo monitor y verifique la compatibilidad de los puertos de su port\u00e1til. Los port\u00e1tiles de hoy suelen contar con puertos HDMI, USB-C y Thunderbolt 3. Puede reducir el desorden de cables y optar por una configuraci\u00f3n de escritorio limpia con un monitor USB-C, que permite cargar el port\u00e1til y transferir se\u00f1ales de datos, audio y video en un solo cable.<\/p>\n<p>Adem\u00e1s, si tiene otros accesorios que le gustar\u00eda conectar a su monitor como un teclado y rat\u00f3n, c\u00e1mara web, auriculares o tel\u00e9fonos m\u00f3viles, elija un monitor con m\u00faltiples puertos USB<\/p>\n<hr>\n<p><img decoding=\"async\" src=\"http:\/\/web.vallebro.biz\/wp-content\/uploads\/2020\/01\/articulos.png\"><\/p>\n<div class=\"wp-rss-template-container\" data-wpra-template=\"default\" data-template-ctx=\"W10=\">\n    <div class=\"wp-rss-aggregator wpra-list-template  \" data-page=\"1\">\n    \n    \n<ul class=\"wpra-item-list rss-aggregator wpra-item-list--bullets wpra-item-list--default\"\n    start=\"1\">\n                        <li class=\"wpra-item feed-item \">\n            \n            \n\n    <a  href=\"https:\/\/distritoemprendedores.com\/blog\/2026\/03\/16\/hello-world\/\" target=\"_blank\" rel=\"nofollow\" class=\"\">Hello world!<\/a>\n\n\n\n\n\n\n<div class=\"wprss-feed-meta\">\n            <span class=\"feed-source\">\n            Source:\n\n                            Distrito Emprendedores\n                    <\/span>\n    \n            <span class=\"feed-date\">\n            Published on 2026-03-16\n        <\/span>\n    \n    <\/div>\n\n\n\n\n\n            \n        <\/li>\n                    <li class=\"wpra-item feed-item \">\n            \n            \n\n    <a  href=\"https:\/\/www.dropbox.com\/scl\/fi\/b6csvpbfxu24vaezmo3es\/62bed0634df20e5ef35346439fdd423f_franquicias.pdf?rlkey=mfp2795s4n89mw35l0yeu2vl5&amp;e=2&amp;st=57kabuy0&amp;dl=0#new_tab\" target=\"_blank\" rel=\"nofollow\" class=\"\">Las franquicias espa\u00f1olas duplican su presencia en mercados for\u00e1neos<\/a>\n\n\n\n\n\n\n<div class=\"wprss-feed-meta\">\n            <span class=\"feed-source\">\n            Source:\n\n                            Distrito Emprendedores\n                    <\/span>\n    \n            <span class=\"feed-date\">\n            Published on 2026-03-11\n        <\/span>\n    \n    <\/div>\n\n\n\n\n\n            \n        <\/li>\n                    <li class=\"wpra-item feed-item \">\n            \n            \n\n    <a  href=\"https:\/\/distritoemprendedores.es\/blog\/5-errores-fatales-al-internacionalizar-tu-franquicia\/\" target=\"_blank\" rel=\"nofollow\" class=\"\">5 errores fatales al internacionalizar tu franquicia<\/a>\n\n\n\n\n\n\n<div class=\"wprss-feed-meta\">\n            <span class=\"feed-source\">\n            Source:\n\n                            Distrito Emprendedores\n                    <\/span>\n    \n            <span class=\"feed-date\">\n            Published on 2026-03-10\n        <\/span>\n    \n    <\/div>\n\n\n\n\n\n            \n        <\/li>\n                    <li class=\"wpra-item feed-item \">\n            \n            \n\n    <a  href=\"https:\/\/distritoemprendedores.es\/blog\/un-nuevo-prime-time-para-las-marcas-afterwork-tardeo-y-futbol-se-consolidan-como-los-grandes-motores-del-consumo-experiencial\/\" target=\"_blank\" rel=\"nofollow\" class=\"\">Un nuevo prime time para las marcas: afterwork, tardeo y f\u00fatbol se consolidan como los grandes motores del consumo experiencial<\/a>\n\n\n\n\n\n\n<div class=\"wprss-feed-meta\">\n            <span class=\"feed-source\">\n            Source:\n\n                            Distrito Emprendedores\n                    <\/span>\n    \n            <span class=\"feed-date\">\n            Published on 2026-03-09\n        <\/span>\n    \n    <\/div>\n\n\n\n\n\n            \n        <\/li>\n                    <li class=\"wpra-item feed-item \">\n            \n            \n\n    <a  href=\"https:\/\/distritoemprendedores.es\/blog\/la-ventaja-competitiva-esta-en-entender-como-pregunta-el-consumidor\/\" target=\"_blank\" rel=\"nofollow\" class=\"\">La ventaja competitiva est\u00e1 en entender c\u00f3mo pregunta el consumidor<\/a>\n\n\n\n\n\n\n<div class=\"wprss-feed-meta\">\n            <span class=\"feed-source\">\n            Source:\n\n                            Distrito Emprendedores\n                    <\/span>\n    \n            <span class=\"feed-date\">\n            Published on 2026-03-08\n        <\/span>\n    \n    <\/div>\n\n\n\n\n\n            \n        <\/li>\n                    <li class=\"wpra-item feed-item \">\n            \n            \n\n    <a  href=\"https:\/\/distritoemprendedores.es\/blog\/solo-el-7-de-los-espanoles-cree-a-las-marcas-cuando-comunican-sus-valores-con-hechos-demostrables\/\" target=\"_blank\" rel=\"nofollow\" class=\"\">Solo el 7% de los espa\u00f1oles cree a las marcas cuando comunican sus valores con hechos demostrables<\/a>\n\n\n\n\n\n\n<div class=\"wprss-feed-meta\">\n            <span class=\"feed-source\">\n            Source:\n\n                            Distrito Emprendedores\n                    <\/span>\n    \n            <span class=\"feed-date\">\n            Published on 2026-03-07\n        <\/span>\n    \n    <\/div>\n\n\n\n\n\n            \n        <\/li>\n                    <li class=\"wpra-item feed-item \">\n            \n            \n\n    <a  href=\"https:\/\/distritoemprendedores.es\/blog\/el-38-de-las-empresas-creadas-en-2019-ha-echado-ya-el-cierre\/\" target=\"_blank\" rel=\"nofollow\" class=\"\">El 38% de las empresas creadas en 2019 ha echado ya el cierre<\/a>\n\n\n\n\n\n\n<div class=\"wprss-feed-meta\">\n            <span class=\"feed-source\">\n            Source:\n\n                            Distrito Emprendedores\n                    <\/span>\n    \n            <span class=\"feed-date\">\n            Published on 2026-03-06\n        <\/span>\n    \n    <\/div>\n\n\n\n\n\n            \n        <\/li>\n                    <li class=\"wpra-item feed-item \">\n            \n            \n\n    <a  href=\"https:\/\/distritoemprendedores.es\/blog\/descubre-las-oportunidades-y-tendencias-en-el-mercado-de-la-franquicia-para-2026\/\" target=\"_blank\" rel=\"nofollow\" class=\"\">Descubre las oportunidades y tendencias en el mercado de la franquicia para 2026<\/a>\n\n\n\n\n\n\n<div class=\"wprss-feed-meta\">\n            <span class=\"feed-source\">\n            Source:\n\n                            Distrito Emprendedores\n                    <\/span>\n    \n            <span class=\"feed-date\">\n            Published on 2026-03-05\n        <\/span>\n    \n    <\/div>\n\n\n\n\n\n            \n        <\/li>\n                    <li class=\"wpra-item feed-item \">\n            \n            \n\n    <a  href=\"https:\/\/distritoemprendedores.es\/blog\/las-startups-de-salud-mas-punteras-del-mundo\/\" target=\"_blank\" rel=\"nofollow\" class=\"\">Las startups de salud m\u00e1s punteras del mundo<\/a>\n\n\n\n\n\n\n<div class=\"wprss-feed-meta\">\n            <span class=\"feed-source\">\n            Source:\n\n                            Distrito Emprendedores\n                    <\/span>\n    \n            <span class=\"feed-date\">\n            Published on 2026-03-04\n        <\/span>\n    \n    <\/div>\n\n\n\n\n\n            \n        <\/li>\n                    <li class=\"wpra-item feed-item \">\n            \n            \n\n    <a  href=\"https:\/\/distritoemprendedores.es\/blog\/puesta-en-marcha-de-un-negocio-primeros-pasos-para-validar-vender-y-controlar-la-tesoreria\/\" target=\"_blank\" rel=\"nofollow\" class=\"\">Puesta en marcha de un negocio: primeros pasos para validar, vender y controlar la tesorer\u00eda<\/a>\n\n\n\n\n\n\n<div class=\"wprss-feed-meta\">\n            <span class=\"feed-source\">\n            Source:\n\n                            Distrito Emprendedores\n                    <\/span>\n    \n            <span class=\"feed-date\">\n            Published on 2026-03-03\n        <\/span>\n    \n    <\/div>\n\n\n\n\n\n            \n        <\/li>\n                    <li class=\"wpra-item feed-item \">\n            \n            \n\n    <a  href=\"https:\/\/distritoemprendedores.es\/blog\/6-franquicias-sin-apenas-competencia-en-el-mercado\/\" target=\"_blank\" rel=\"nofollow\" class=\"\">6 franquicias sin apenas competencia en el mercado<\/a>\n\n\n\n\n\n\n<div class=\"wprss-feed-meta\">\n            <span class=\"feed-source\">\n            Source:\n\n                            Distrito Emprendedores\n                    <\/span>\n    \n            <span class=\"feed-date\">\n            Published on 2026-03-02\n        <\/span>\n    \n    <\/div>\n\n\n\n\n\n            \n        <\/li>\n                    <li class=\"wpra-item feed-item \">\n            \n            \n\n    <a  href=\"https:\/\/digistorage.es\/links\/71d78951-a420-4f5b-8de6-7b35ae7efc1c#new_tab\" target=\"_blank\" rel=\"nofollow\" class=\"\">Los algoritmos amenazan con filtrar las confesiones realizadas al abogado<\/a>\n\n\n\n\n\n\n<div class=\"wprss-feed-meta\">\n            <span class=\"feed-source\">\n            Source:\n\n                            Distrito Emprendedores\n                    <\/span>\n    \n            <span class=\"feed-date\">\n            Published on 2026-03-01\n        <\/span>\n    \n    <\/div>\n\n\n\n\n\n            \n        <\/li>\n                    <li class=\"wpra-item feed-item \">\n            \n            \n\n    <a  href=\"https:\/\/distritoemprendedores.es\/blog\/las-startups-que-mas-innovan-en-el-mundo\/\" target=\"_blank\" rel=\"nofollow\" class=\"\">Las startups que m\u00e1s innovan en el mundo<\/a>\n\n\n\n\n\n\n<div class=\"wprss-feed-meta\">\n            <span class=\"feed-source\">\n            Source:\n\n                            Distrito Emprendedores\n                    <\/span>\n    \n            <span class=\"feed-date\">\n            Published on 2026-02-28\n        <\/span>\n    \n    <\/div>\n\n\n\n\n\n            \n        <\/li>\n                    <li class=\"wpra-item feed-item \">\n            \n            \n\n    <a  href=\"https:\/\/distritoemprendedores.es\/blog\/tiktok-genera-31-000-millones-de-euros-para-las-empresas-europeas-y-3-000-millones-en-espana\/\" target=\"_blank\" rel=\"nofollow\" class=\"\">TikTok genera 31.000 millones de euros para las empresas europeas y 3.000 millones en Espa\u00f1a<\/a>\n\n\n\n\n\n\n<div class=\"wprss-feed-meta\">\n            <span class=\"feed-source\">\n            Source:\n\n                            Distrito Emprendedores\n                    <\/span>\n    \n            <span class=\"feed-date\">\n            Published on 2026-02-27\n        <\/span>\n    \n    <\/div>\n\n\n\n\n\n            \n        <\/li>\n                    <li class=\"wpra-item feed-item \">\n            \n            \n\n    <a  href=\"https:\/\/distritoemprendedores.es\/blog\/amazon-planea-un-marketplace-para-hacer-de-puente-entre-los-publishers-y-las-empresas-de-ia\/\" target=\"_blank\" rel=\"nofollow\" class=\"\">Amazon planea un \u00abmarketplace\u00bb para hacer de puente entre los \u00abpublishers\u00bb y las empresas de IA<\/a>\n\n\n\n\n\n\n<div class=\"wprss-feed-meta\">\n            <span class=\"feed-source\">\n            Source:\n\n                            Distrito Emprendedores\n                    <\/span>\n    \n            <span class=\"feed-date\">\n            Published on 2026-02-26\n        <\/span>\n    \n    <\/div>\n\n\n\n\n\n            \n        <\/li>\n        <\/ul>\n\n        \n<\/div>\n\n<\/div>\n\n<hr>\n<h2>Eficiencia energ\u00e9tica<\/h2>\n<p>Al igual que otros electrodom\u00e9sticos, la eficiencia energ\u00e9tica es importante. Los monitores certificados con un consumo el\u00e9ctrico reducido como Energy Star o EPEAT pueden ahorrarnos hasta 45 \u20ac en la factura el\u00e9ctrica. Los monitores avanzados suelen contar con funciones que reducen el consumo de energ\u00eda al poner el monitor en suspensi\u00f3n despu\u00e9s de un per\u00edodo de inactividad.<\/p>\n<h2>Color<\/h2>\n<p>La cobertura del color, la precisi\u00f3n y la calibraci\u00f3n son factores clave a tener en cuenta al comprar un monitor para flujos de trabajo creativos como la fotograf\u00eda y la videograf\u00eda. Para tareas cr\u00edticas de color, seleccione un monitor que no solo tenga una gama de colores m\u00e1s amplia, sino que tambi\u00e9n ofrezca precisi\u00f3n de color real.<\/p>\n<p>Hay m\u00faltiples espacios de color como sRGB, Adobe RGB y DCI-P3. Con el espacio de color m\u00e1s amplio, DCI-P3 puede mostrar m\u00e1s colores e im\u00e1genes m\u00e1s ricas. Para los profesionales que requieren un rendimiento de color optimizado, elegir un monitor con DCI-P3 por encima del 95% de cobertura con calibraci\u00f3n de f\u00e1brica ayudar\u00e1 con las tareas cr\u00edticas de color.<\/p>\n<p>Para los profesionales que requieren un rendimiento de color calibrado se recomienda elegir un monitor con un color\u00edmetro incorporado o un monitor compatible con un color\u00edmetro externo para una calibraci\u00f3n r\u00e1pida y sencilla.<\/p>\n<h2>Colaboraci\u00f3n<\/h2>\n<p>Los monitores que incluyen una c\u00e1mara integrada, un micr\u00f3fono y altavoces est\u00e1n creciendo en popularidad gracias al aumento de las llamadas de videoconferencia. Si hace&nbsp;<a href=\"https:\/\/www.muypymes.com\/2020\/03\/23\/aplicaciones-videpllamadas-reinas-teletrabajo\">videollamadas<\/a>&nbsp;durante la mayor parte de su jornada laboral, busque un monitor que incluya estas funcionalidades.<\/p>\n<p><a href=\"https:\/\/www.muypymes.com\/\"><em>V\u00eda: Muy Pymes<\/em><\/a><\/p>\n<div id=\"telet-1334826840\" class=\"telet-despues-del-contenido telet-entity-placement\"><a target=\"_blank\" href=\"\/\/aff.lucushost.com\/resources\/click\/?n=gDxoXMAJ&aff=756\"><img decoding=\"async\" border=\"0\" alt=\"LucusHost, el mejor hosting\" src=\"\/\/aff.lucushost.com\/resources\/banners\/?zoneid=5123&n=gDxoXMAJ&aff=756\" \/><\/a><\/div>","protected":false},"excerpt":{"rendered":"<p>No podemos negar que el&nbsp;teletrabajo&nbsp;se ha convertido en la gran tendencia de estas semanas y, para poder llevarlo a cabo con \u00e9xito, es necesario rodearnos de buena tecnolog\u00eda. Los&nbsp;monitores, por&hellip; <\/p>\n","protected":false},"author":1,"featured_media":678,"comment_status":"open","ping_status":"open","sticky":false,"template":"","format":"standard","meta":{"_jetpack_memberships_contains_paid_content":false,"footnotes":"","_links_to":"","_links_to_target":""},"categories":[9],"tags":[15,14],"class_list":["post-1466","post","type-post","status-publish","format-standard","has-post-thumbnail","hentry","category-ofimatica","tag-fuprisa","tag-jose-manuel-fuentes-prieto"],"nelio_content":{"autoShareEndMode":"never","automationSources":{"useCustomSentences":false,"customSentences":[]},"efiAlt":"","efiUrl":"","followers":[1],"highlights":[],"isAutoShareEnabled":true,"networkImageIds":[],"permalinkQueryArgs":[],"series":[],"suggestedReferences":[]},"jetpack_featured_media_url":"https:\/\/teletrabajoynegocios.com\/telesecretarias\/wp-content\/uploads\/sites\/2\/2020\/02\/mujer-trabajando-ordenador.jpg","jetpack_sharing_enabled":true,"_links":{"self":[{"href":"https:\/\/teletrabajoynegocios.com\/telesecretarias\/wp-json\/wp\/v2\/posts\/1466","targetHints":{"allow":["GET"]}}],"collection":[{"href":"https:\/\/teletrabajoynegocios.com\/telesecretarias\/wp-json\/wp\/v2\/posts"}],"about":[{"href":"https:\/\/teletrabajoynegocios.com\/telesecretarias\/wp-json\/wp\/v2\/types\/post"}],"author":[{"embeddable":true,"href":"https:\/\/teletrabajoynegocios.com\/telesecretarias\/wp-json\/wp\/v2\/users\/1"}],"replies":[{"embeddable":true,"href":"https:\/\/teletrabajoynegocios.com\/telesecretarias\/wp-json\/wp\/v2\/comments?post=1466"}],"version-history":[{"count":1,"href":"https:\/\/teletrabajoynegocios.com\/telesecretarias\/wp-json\/wp\/v2\/posts\/1466\/revisions"}],"predecessor-version":[{"id":1470,"href":"https:\/\/teletrabajoynegocios.com\/telesecretarias\/wp-json\/wp\/v2\/posts\/1466\/revisions\/1470"}],"wp:featuredmedia":[{"embeddable":true,"href":"https:\/\/teletrabajoynegocios.com\/telesecretarias\/wp-json\/wp\/v2\/media\/678"}],"wp:attachment":[{"href":"https:\/\/teletrabajoynegocios.com\/telesecretarias\/wp-json\/wp\/v2\/media?parent=1466"}],"wp:term":[{"taxonomy":"category","embeddable":true,"href":"https:\/\/teletrabajoynegocios.com\/telesecretarias\/wp-json\/wp\/v2\/categories?post=1466"},{"taxonomy":"post_tag","embeddable":true,"href":"https:\/\/teletrabajoynegocios.com\/telesecretarias\/wp-json\/wp\/v2\/tags?post=1466"}],"curies":[{"name":"wp","href":"https:\/\/api.w.org\/{rel}","templated":true}]}}