{"id":14736,"date":"2023-06-14T10:53:16","date_gmt":"2023-06-14T08:53:16","guid":{"rendered":"https:\/\/teletrabajoynegocios.com\/telesecretarias\/?p=14736"},"modified":"2023-06-13T09:59:58","modified_gmt":"2023-06-13T07:59:58","slug":"como-afrontar-las-criticas-y-hate-en-las-redes-sociales","status":"publish","type":"post","link":"https:\/\/teletrabajoynegocios.com\/telesecretarias\/como-afrontar-las-criticas-y-hate-en-las-redes-sociales\/","title":{"rendered":"\u00bfC\u00f3mo afrontar las cr\u00edticas y \u00abhate\u00bb en las redes sociales?"},"content":{"rendered":"<div id=\"telet-2295298730\" class=\"telet-antes-del-contenido telet-entity-placement\"><a href=\"https:\/\/quaderno.io\/?via=jose-manuel94\" aria-label=\"Quaderno General (Spanish) &#8211; 728&#215;90\"><img loading=\"lazy\" decoding=\"async\" src=\"https:\/\/teletrabajoynegocios.com\/telesecretarias\/wp-content\/uploads\/sites\/2\/2020\/11\/Quaderno-General-Spanish-728x90-1.png\" alt=\"\"  srcset=\"https:\/\/teletrabajoynegocios.com\/telesecretarias\/wp-content\/uploads\/sites\/2\/2020\/11\/Quaderno-General-Spanish-728x90-1.png 728w, https:\/\/teletrabajoynegocios.com\/telesecretarias\/wp-content\/uploads\/sites\/2\/2020\/11\/Quaderno-General-Spanish-728x90-1-300x37.png 300w\" sizes=\"(max-width: 728px) 100vw, 728px\" width=\"728\" height=\"90\"   \/><\/a><\/div><p>Recibir cr\u00edticas en redes sociales est\u00e1 a la orden del d\u00eda, pero si no sabemos gestionar dichos comentarios llegan a da\u00f1arnos. Te contamos qu\u00e9 hacer al respecto.<\/p>\n<p class=\"jsx-2049201783 c--grey-neutral-800\">Hoy en d\u00eda la mayor\u00eda de las personas poseen un <em>smartphone<\/em> y una cuenta en diferentes redes sociales. Esto permite comunicarnos e interactuar con personas muy diversas, lo cual resulta divertido y enriquecedor. Sin embargo, Internet es una gran ventana al mundo y, al exponernos de modo p\u00fablico, corremos el riesgo de recibir cr\u00edticas y <em>hate<\/em> en las redes sociales.<\/p>\n<p class=\"jsx-2049201783 c--grey-neutral-800\">Postear una foto, un texto o un comentario en estas plataformas nos deja susceptibles de una respuesta hostil por parte de otros. As\u00ed lo recoge una investigaci\u00f3n realizada por <a class=\"jsx-151512268 jsx-1474443579 default-a-link is--underline c--secondary-600 is--underline\" href=\"https:\/\/www.pewresearch.org\/short-reads\/2014\/11\/20\/about-1-in-5-victims-of-online-harassment-say-it-happened-in-the-comments-section\/\" target=\"_blank\" rel=\"noopener\" data-with-google-events=\"true\" data-google-events=\"{&quot;data&quot;:{&quot;action&quot;:&quot;click&quot;,&quot;category&quot;:&quot;Content&quot;,&quot;label&quot;:&quot;Related \/como-afrontar-las-criticas-y-hate-en-las-redes-sociales\/&quot;,&quot;value&quot;:&quot;https:\/\/www.pewresearch.org\/short-reads\/2014\/11\/20\/about-1-in-5-victims-of-online-harassment-say-it-happened-in-the-comments-section\/&quot;}}\"><em>Pew Research Center<\/em><\/a>. Pero <strong>el riesgo se incrementa para quienes tienen una cuenta p\u00fablica<\/strong>, hacen de las redes su modo de vida o cuentan con cierta repercusi\u00f3n.<\/p>\n<p class=\"jsx-2049201783 c--grey-neutral-800\">El problema radica en que detr\u00e1s de la pantalla siempre hay un ser humano y, aunque podamos percibir que las interacciones virtuales no tienen un gran impacto, lo cierto es que<strong> afectan el bienestar y la salud mental.<\/strong> Entonces, \u00bfc\u00f3mo hacer frente a este fen\u00f3meno? Te lo contamos a continuaci\u00f3n.<\/p>\n<h2 id=\"las-criticas-y-el-hate-en-las-redes-sociales\" class=\"jsx-3692753319 jsx-2305657373 c--main-700  mt--x-big pt--normal\">Las cr\u00edticas y el <em>hate<\/em> en las redes sociales<\/h2>\n<p class=\"jsx-2049201783 c--grey-neutral-800\">Si bien comparten algunas caracter\u00edsticas, las cr\u00edticas y el <em>hate<\/em> no son lo mismo. En el primer caso, se trata de <strong>una serie de opiniones, juicios o valoraciones que otra persona emite respecto a tu contenido<\/strong> o tu persona.<\/p>\n<p class=\"jsx-2049201783 c--grey-neutral-800\">Pueden ser cr\u00edticas positivas o negativas; del mismo modo pueden ser constructivas (cuando apuntan, con respeto, un aspecto mejorable) o destructivas (cuando no ofrecen ninguna sugerencia para el cambio o solo buscan da\u00f1ar).<\/p>\n<p class=\"jsx-2049201783 c--grey-neutral-800\">Por su lado, <strong>el <em>hate<\/em> es un discurso de odio que ataca, discrimina o degrada a la persona por lo que es.<\/strong> Suele alimentarse de la pol\u00e9mica y utiliza estrategias como el <a class=\"jsx-151512268 jsx-1474443579 default-a-link is--underline c--secondary-600 is--underline\" href=\"https:\/\/lamenteesmaravillosa.com\/personas-no-soportan-humanidad\/\" target=\"_self\" rel=\"noopener\" data-with-google-events=\"true\" data-google-events=\"{&quot;data&quot;:{&quot;action&quot;:&quot;click&quot;,&quot;category&quot;:&quot;Content&quot;,&quot;label&quot;:&quot;Related \/como-afrontar-las-criticas-y-hate-en-las-redes-sociales\/&quot;,&quot;value&quot;:&quot;https:\/\/lamenteesmaravillosa.com\/personas-no-soportan-humanidad\/&quot;}}\">sarcasmo<\/a>, la burla y la agresividad para esparcir comentarios da\u00f1inos, sin fundamento ni prop\u00f3sito. Adem\u00e1s, tiende a llevarse a cabo de forma reiterada y estar movido por ideolog\u00edas (Casta\u00f1o-Pulgar\u00edn <em>et al<\/em>., 2021).<\/p>\n<p>Ambos tipos de comentarios resultan ofensivos e hirientes, aunque los segundos son m\u00e1s destructivos.<\/p>\n<h3 id=\"cuales-son-sus-consecuencias\" class=\"jsx-3692753319 jsx-2305657373 c--main-700  mt--x-big pt--normal\">\u00bfCu\u00e1les son sus consecuencias?<\/h3>\n<p class=\"jsx-2049201783 c--grey-neutral-800\">Los efectos de las cr\u00edticas y el <em>hate<\/em> en las redes sociales dependen de diferentes factores, como el tipo de comentarios, la frecuencia y la personalidad del receptor. No obstante, pueden provocar da\u00f1os importantes en la salud mental.<\/p>\n<p class=\"jsx-2049201783 c--grey-neutral-800\">Tal como resalta una revisi\u00f3n sistem\u00e1tica publicada en <a class=\"jsx-151512268 jsx-1474443579 default-a-link is--underline c--secondary-600 is--underline\" href=\"https:\/\/www.liebertpub.com\/doi\/abs\/10.1089\/cyber.2020.0253\" target=\"_blank\" rel=\"noopener\" data-with-google-events=\"true\" data-google-events=\"{&quot;data&quot;:{&quot;action&quot;:&quot;click&quot;,&quot;category&quot;:&quot;Content&quot;,&quot;label&quot;:&quot;Related \/como-afrontar-las-criticas-y-hate-en-las-redes-sociales\/&quot;,&quot;value&quot;:&quot;https:\/\/www.liebertpub.com\/doi\/abs\/10.1089\/cyber.2020.0253&quot;}}\"><i>Cyberpsychology, Behavior, and Social Networking<\/i><\/a>, el acoso en l\u00ednea<strong> genera ansiedad, ataques de p\u00e1nico, depresi\u00f3n e incluso ideaci\u00f3n suicida.<\/strong><\/p>\n<p class=\"jsx-2049201783 c--grey-neutral-800\">Recibir mensajes hostiles u ofensivos quiz\u00e1s conduzcan a las personas a temer usar sus cuentas de redes,<strong> desencadenar sentimientos de rabia y frustraci\u00f3n y afectar de forma considerable la autoestima.<\/strong> Adem\u00e1s, cuando este odio se dirige hacia empresas o marcas personales, es probable que influya de forma significativa en la actitud de los consumidores y genere grandes p\u00e9rdidas (Kucuk, 2019).<\/p>\n<h2 id=\"formas-de-afrontar-el-hate-o-criticas-en-las-redes-sociales\" class=\"jsx-3692753319 jsx-2305657373 c--main-700  mt--x-big pt--normal\">Formas de afrontar el <em>hate<\/em> o cr\u00edticas en las redes sociales<\/h2>\n<p class=\"jsx-2049201783 c--grey-neutral-800\">Para nadie es plato de buen gusto recibir una cr\u00edtica, incluso si es constructiva. Y es que puede tocarnos el orgullo o hacernos dudar de si nuestra forma de ser es v\u00e1lida o aceptable. Hay algunas pautas que ayudan a lidiar con estas situaciones de mejor forma.<\/p>\n<h3 id=\"analiza-el-comentario\" class=\"jsx-3692753319 jsx-2305657373 c--main-700  mt--x-big pt--normal\">Analiza el comentario<\/h3>\n<p class=\"jsx-2049201783 c--grey-neutral-800\">Si eres una persona en <a class=\"jsx-151512268 jsx-1474443579 default-a-link is--underline c--secondary-600 is--underline\" href=\"https:\/\/lamenteesmaravillosa.com\/hipersensibilidad-a-la-critica-que-es-y-por-que-se-produce\/\" target=\"_self\" rel=\"noopener\" data-with-google-events=\"true\" data-google-events=\"{&quot;data&quot;:{&quot;action&quot;:&quot;click&quot;,&quot;category&quot;:&quot;Content&quot;,&quot;label&quot;:&quot;Related \/como-afrontar-las-criticas-y-hate-en-las-redes-sociales\/&quot;,&quot;value&quot;:&quot;https:\/\/lamenteesmaravillosa.com\/hipersensibilidad-a-la-critica-que-es-y-por-que-se-produce\/&quot;}}\">sensible a las cr\u00edticas<\/a> puedes caer en el error de reaccionar en exceso ante un comentario. Por ello, primero anal\u00edzalo y piensa si se trata de odio o de una simple cr\u00edtica constructiva. En este segundo caso, <strong>es posible que halles elementos de mejora a futuro<\/strong> para tu contenido. Asimismo, puede que la sugerencia de esta persona te resulte \u00fatil.<\/p>\n<h3 id=\"conoce-la-figura-de-los-haters\" class=\"jsx-3692753319 jsx-2305657373 c--main-700  mt--x-big pt--normal\">Conoce la figura de los <em>haters<\/em><\/h3>\n<p class=\"jsx-2049201783 c--grey-neutral-800\">Por otro lado, es posible que el comentario sea en verdad hostil y no busque aportar nada m\u00e1s que generar pol\u00e9mica o causar da\u00f1o. En este punto, has de recordar que <strong>los actos de las personas hablan de s\u00ed mismas y no de ti.<\/strong><\/p>\n<p class=\"jsx-2049201783 c--grey-neutral-800\">En espec\u00edfico,<strong> en las redes sociales abunda la figura de los <em>haters<\/em><\/strong>, quienes se dedican a expresar desprecio y socavar la posici\u00f3n de los dem\u00e1s. Y, parad\u00f3jicamente, cualquiera es una v\u00edctima potencial, ya que el detonante de su conducta no es el otro, sino su propio estado interno.<\/p>\n<p class=\"jsx-2049201783 c--grey-neutral-800\">De hecho, parece que los <em>haters<\/em> <strong>comparten ciertas caracter\u00edsticas entre s\u00ed, como sentimientos de envidia, frustraci\u00f3n y rasgos psicop\u00e1ticos<\/strong> (Sorokowski <em>et al<\/em>., 2020). Tener en cuenta esto contribuir\u00e1 a no tomar dichos comentarios como algo personal o un reflejo de tu propia val\u00eda.<\/p>\n<h3 id=\"pon-los-limites-que-consideres-necesarios\" class=\"jsx-3692753319 jsx-2305657373 c--main-700  mt--x-big pt--normal\">Pon los l\u00edmites que consideres necesarios<\/h3>\n<p class=\"jsx-2049201783 c--grey-neutral-800\">Las acciones concretas con respecto a estos comentarios depender\u00e1n de lo que te haga sentir m\u00e1s c\u00f3modo, pero no dudes en marcar todos los l\u00edmites que necesites.<\/p>\n<p class=\"jsx-2049201783 c--grey-neutral-800\"><strong>Borrar los mensajes despectivos, bloquear a los <em>haters<\/em> o filtrar qui\u00e9n comenta en tus publicaciones,<\/strong> lejos de ser una muestra de cobard\u00eda puede ser una inteligente estrategia de autocuidado emocional. Y es que, al final, tu \u00fanico compromiso es contigo y con tu bienestar.<\/p>\n<p class=\"jsx-2049201783 c--grey-neutral-800\">Por otro lado, recuerda que <strong>est\u00e1s en tu derecho de denunciar esas cr\u00edticas destructivas y esos comentarios de odio<\/strong> en diferentes instancias: desde la propia red social hasta las autoridades de tu pa\u00eds. El aparente <a class=\"jsx-151512268 jsx-1474443579 default-a-link is--underline c--secondary-600 is--underline\" href=\"https:\/\/lamenteesmaravillosa.com\/efecto-desinhibicion-online\/\" target=\"_self\" rel=\"noopener\" data-with-google-events=\"true\" data-google-events=\"{&quot;data&quot;:{&quot;action&quot;:&quot;click&quot;,&quot;category&quot;:&quot;Content&quot;,&quot;label&quot;:&quot;Related \/como-afrontar-las-criticas-y-hate-en-las-redes-sociales\/&quot;,&quot;value&quot;:&quot;https:\/\/lamenteesmaravillosa.com\/efecto-desinhibicion-online\/&quot;}}\">anonimato<\/a> que proporciona internet no supone una carta blanca para degradar o acosar a los dem\u00e1s; dichos actos implican consecuencias.<\/p>\n<h3 id=\"reconoce-y-gestiona-tus-emociones\" class=\"jsx-3692753319 jsx-2305657373 c--main-700  mt--x-big pt--normal\">Reconoce y gestiona tus emociones<\/h3>\n<p class=\"jsx-2049201783 c--grey-neutral-800\">Por \u00faltimo, otra de las formas de afrontar el <em>hate<\/em> o cr\u00edticas en internet, es la gesti\u00f3n de emociones. Cada persona tiene unos mecanismos de afrontamiento diferentes. Hay quienes optan por suprimir o negar lo que sienten, aparentar fortaleza o defenderse con la misma agresividad. Otros eligen evitar el conflicto y llegan a borrar sus redes sociales.<\/p>\n<p class=\"jsx-2049201783 c--grey-neutral-800\">Sin embargo, el camino m\u00e1s adecuado es<strong> identificar y aceptar lo que esos comentarios nos hacen sentir<\/strong> (ya sea tristeza, rabia, verg\u00fcenza o ansiedad) y gestionarlo de una forma adecuada. Por ejemplo, buscando el apoyo social en alguien cercano o permiti\u00e9ndonos expresar ese malestar mediante escritura terap\u00e9utica.<\/p>\n<p class=\"jsx-2049201783 c--grey-neutral-800\">Ante todo, <strong>es necesario que no reaccionemos de inmediato,<\/strong> para no cometer errores de los que nos arrepintamos. Y es que, como enfatiza un art\u00edculo en <a class=\"jsx-151512268 jsx-1474443579 default-a-link is--underline c--secondary-600 is--underline\" href=\"https:\/\/magazine.hms.harvard.edu\/articles\/anger-management\" target=\"_blank\" rel=\"noopener\" data-with-google-events=\"true\" data-google-events=\"{&quot;data&quot;:{&quot;action&quot;:&quot;click&quot;,&quot;category&quot;:&quot;Content&quot;,&quot;label&quot;:&quot;Related \/como-afrontar-las-criticas-y-hate-en-las-redes-sociales\/&quot;,&quot;value&quot;:&quot;https:\/\/magazine.hms.harvard.edu\/articles\/anger-management&quot;}}\"><em>The Magazine of Harvard Medical School<\/em><\/a>, cuando estamos enfadados, la am\u00edgdala o cerebro emocional toma el control de nuestra conducta y desactiva la parte racional, dej\u00e1ndonos a merced de los impulsos.<\/p>\n<p>Es preferible tomarnos unos momentos para respirar antes de decidir qu\u00e9 hacer con ese comentario.<\/p>\n<h2 id=\"protegete-frente-a-las-criticas-y-el-hate-en-redes-sociales\" class=\"jsx-3692753319 jsx-2305657373 c--main-700  mt--x-big pt--normal\">Prot\u00e9gete frente a las cr\u00edticas y el <em>hate<\/em> en redes sociales<\/h2>\n<p class=\"jsx-2049201783 c--grey-neutral-800\">En la actualidad, tener presencia en redes sociales har\u00e1 que, en alg\u00fan momento u otro, nos enfrentemos a cr\u00edticas y comentarios hostiles, por lo que debemos estar preparados. Es natural que se despierten emociones inc\u00f3modas, dolorosas y desagradables ante dichos eventos. Y hemos de permit\u00edrnoslas.<\/p>\n<p class=\"jsx-2049201783 c--grey-neutral-800\">Pero, sobre todo, <strong>es importante reafirmar nuestra <a class=\"jsx-151512268 jsx-1474443579 default-a-link is--underline c--secondary-600 is--underline\" href=\"https:\/\/lamenteesmaravillosa.com\/como-mejorar-la-autoestima\/\" target=\"_self\" rel=\"noopener\" data-with-google-events=\"true\" data-google-events=\"{&quot;data&quot;:{&quot;action&quot;:&quot;click&quot;,&quot;category&quot;:&quot;Content&quot;,&quot;label&quot;:&quot;Related \/como-afrontar-las-criticas-y-hate-en-las-redes-sociales\/&quot;,&quot;value&quot;:&quot;https:\/\/lamenteesmaravillosa.com\/como-mejorar-la-autoestima\/&quot;}}\">autoestima<\/a> deslig\u00e1ndola de la opini\u00f3n externa<\/strong> y aprender a poner l\u00edmites a los comentarios y actos de los dem\u00e1s. Si esta tarea se te dificulta y el odio que recibes en redes afecta de forma importante tu bienestar y tu salud mental, no dudes en buscar apoyo profesional.<\/p>\n<p><a class=\"jsx-151512268 jsx-1596958326 default-a-link is--underline c--grey-neutral-800  link-tool-tip jsx-2288154920 jsx-986712099\" href=\"https:\/\/lamenteesmaravillosa.com\/autor\/elena-sanz\/\" target=\"_self\" rel=\"noopener\"><strong>Elena Sanz<\/strong><\/a>.<\/p>\n<div id=\"telet-1218707181\" class=\"telet-despues-del-contenido telet-entity-placement\"><a target=\"_blank\" href=\"\/\/aff.lucushost.com\/resources\/click\/?n=gDxoXMAJ&aff=756\"><img decoding=\"async\" border=\"0\" alt=\"LucusHost, el mejor hosting\" src=\"\/\/aff.lucushost.com\/resources\/banners\/?zoneid=5123&n=gDxoXMAJ&aff=756\" \/><\/a><\/div>","protected":false},"excerpt":{"rendered":"<p>Recibir cr\u00edticas en redes sociales est\u00e1 a la orden del d\u00eda, pero si no sabemos gestionar dichos comentarios llegan a da\u00f1arnos. Te contamos qu\u00e9 hacer al respecto. Hoy en d\u00eda&hellip; <\/p>\n","protected":false},"author":1,"featured_media":14737,"comment_status":"open","ping_status":"open","sticky":false,"template":"","format":"standard","meta":{"_jetpack_memberships_contains_paid_content":false,"footnotes":"","_links_to":"","_links_to_target":""},"categories":[11],"tags":[15,14],"class_list":["post-14736","post","type-post","status-publish","format-standard","has-post-thumbnail","hentry","category-redes-sociales","tag-fuprisa","tag-jose-manuel-fuentes-prieto"],"nelio_content":{"autoShareEndMode":"never","automationSources":{"useCustomSentences":false,"customSentences":[]},"efiAlt":"","efiUrl":"","followers":[1],"highlights":[],"isAutoShareEnabled":true,"networkImageIds":[],"permalinkQueryArgs":[],"series":[],"suggestedReferences":[]},"jetpack_featured_media_url":"https:\/\/teletrabajoynegocios.com\/telesecretarias\/wp-content\/uploads\/sites\/2\/2023\/06\/chicas-coche.jpg","jetpack_sharing_enabled":true,"_links":{"self":[{"href":"https:\/\/teletrabajoynegocios.com\/telesecretarias\/wp-json\/wp\/v2\/posts\/14736","targetHints":{"allow":["GET"]}}],"collection":[{"href":"https:\/\/teletrabajoynegocios.com\/telesecretarias\/wp-json\/wp\/v2\/posts"}],"about":[{"href":"https:\/\/teletrabajoynegocios.com\/telesecretarias\/wp-json\/wp\/v2\/types\/post"}],"author":[{"embeddable":true,"href":"https:\/\/teletrabajoynegocios.com\/telesecretarias\/wp-json\/wp\/v2\/users\/1"}],"replies":[{"embeddable":true,"href":"https:\/\/teletrabajoynegocios.com\/telesecretarias\/wp-json\/wp\/v2\/comments?post=14736"}],"version-history":[{"count":2,"href":"https:\/\/teletrabajoynegocios.com\/telesecretarias\/wp-json\/wp\/v2\/posts\/14736\/revisions"}],"predecessor-version":[{"id":14746,"href":"https:\/\/teletrabajoynegocios.com\/telesecretarias\/wp-json\/wp\/v2\/posts\/14736\/revisions\/14746"}],"wp:featuredmedia":[{"embeddable":true,"href":"https:\/\/teletrabajoynegocios.com\/telesecretarias\/wp-json\/wp\/v2\/media\/14737"}],"wp:attachment":[{"href":"https:\/\/teletrabajoynegocios.com\/telesecretarias\/wp-json\/wp\/v2\/media?parent=14736"}],"wp:term":[{"taxonomy":"category","embeddable":true,"href":"https:\/\/teletrabajoynegocios.com\/telesecretarias\/wp-json\/wp\/v2\/categories?post=14736"},{"taxonomy":"post_tag","embeddable":true,"href":"https:\/\/teletrabajoynegocios.com\/telesecretarias\/wp-json\/wp\/v2\/tags?post=14736"}],"curies":[{"name":"wp","href":"https:\/\/api.w.org\/{rel}","templated":true}]}}