{"id":14778,"date":"2023-06-18T10:51:18","date_gmt":"2023-06-18T08:51:18","guid":{"rendered":"https:\/\/teletrabajoynegocios.com\/telesecretarias\/?p=14778"},"modified":"2023-06-21T10:20:00","modified_gmt":"2023-06-21T08:20:00","slug":"no-tengo-ganas-de-hacer-nada-causas-y-estrategias-de-afrontamiento","status":"publish","type":"post","link":"https:\/\/teletrabajoynegocios.com\/telesecretarias\/no-tengo-ganas-de-hacer-nada-causas-y-estrategias-de-afrontamiento\/","title":{"rendered":"\u00abNo tengo ganas de hacer nada\u00bb: causas y estrategias de afrontamiento"},"content":{"rendered":"<div id=\"telet-1769728028\" class=\"telet-antes-del-contenido telet-entity-placement\"><a href=\"https:\/\/quaderno.io\/?via=jose-manuel94\" aria-label=\"Quaderno General (Spanish) &#8211; 728&#215;90\"><img loading=\"lazy\" decoding=\"async\" src=\"https:\/\/teletrabajoynegocios.com\/telesecretarias\/wp-content\/uploads\/sites\/2\/2020\/11\/Quaderno-General-Spanish-728x90-1.png\" alt=\"\"  srcset=\"https:\/\/teletrabajoynegocios.com\/telesecretarias\/wp-content\/uploads\/sites\/2\/2020\/11\/Quaderno-General-Spanish-728x90-1.png 728w, https:\/\/teletrabajoynegocios.com\/telesecretarias\/wp-content\/uploads\/sites\/2\/2020\/11\/Quaderno-General-Spanish-728x90-1-300x37.png 300w\" sizes=\"(max-width: 728px) 100vw, 728px\" width=\"728\" height=\"90\"   \/><\/a><\/div><p>En ocasiones, vivimos \u00e9pocas caracterizadas por una mezcla de agotamiento y apat\u00eda. Sentimos poca energ\u00eda, des\u00e1nimo y desmotivaci\u00f3n. Descubre en el siguiente texto a qu\u00e9 puede deberse<\/p>\n<p class=\"jsx-2049201783 c--grey-neutral-800\">Hay \u00e9pocas en las que uno no siente ganas de hacer nada, los \u00e1nimos se van por las alcantarillas y ni el cuerpo ni la mente parecen estar en armon\u00eda. Todo pesa, todo agota y cualquier tarea se vuelve una monta\u00f1a. Si bien es frecuente que esta experiencia sea algo puntual y con los d\u00edas recuperar la motivaci\u00f3n, el problema llega cuando esa \u00abcostra\u00bb de malestar no desaparece.<\/p>\n<p class=\"jsx-2049201783 c--grey-neutral-800\"><strong>Factores como el estr\u00e9s bajan a m\u00ednimo la motivaci\u00f3n.<\/strong> Sin embargo, existen otras condiciones f\u00edsicas y psicol\u00f3gicas subyacentes en este tipo de estados. La depresi\u00f3n o los <a class=\"jsx-151512268 jsx-1474443579 default-a-link is--underline c--secondary-600 is--underline\" href=\"https:\/\/lamenteesmaravillosa.com\/personas-traumas-escuchan-voces\/\" target=\"_self\" rel=\"noopener\" data-with-google-events=\"true\" data-google-events=\"{&quot;data&quot;:{&quot;action&quot;:&quot;click&quot;,&quot;category&quot;:&quot;Content&quot;,&quot;label&quot;:&quot;Related \/no-tengo-ganas-de-hacer-nada-causas-y-estrategias-de-afrontamiento\/&quot;,&quot;value&quot;:&quot;https:\/\/lamenteesmaravillosa.com\/personas-traumas-escuchan-voces\/&quot;}}\">traumas<\/a> no curados acompa\u00f1an con frecuencia tales cuadros conductuales y emocionales. Conocer las causas ayuda a saber c\u00f3mo actuar. Profundicemos en este tema, a continuaci\u00f3n.<\/p>\n<div class=\"article-quote bc--secondary-50 ptb--big p--relative mb--normal mt--x-big\">\n<blockquote class=\"jsx-2118601352 jsx-2746653886 plr--big pt--big\">\n<div class=\"jsx-2118601352 jsx-2746653886 quote__text ta--center fs--italic lh--2 fs--x-normal ff--inter c--secondary-800\">\n<p class=\"jsx-2049201783 c--grey-neutral-800\">A menudo, el cansancio emocional es m\u00e1s incapacitante que el agotamiento f\u00edsico.<\/p>\n<\/div>\n<\/blockquote>\n<\/div>\n<h2 id=\"que-significa-no-tener-ganas-de-hacer-nada\" class=\"jsx-3692753319 jsx-2305657373 c--main-700 mt--x-big pt--normal\">\u00bfQu\u00e9 significa no tener ganas de hacer nada?<\/h2>\n<p class=\"jsx-2049201783 c--grey-neutral-800\">\u00bfQui\u00e9n no ha dicho alguna vez: \u00ab\u00daltimamente no tengo ganas de hacer nada\u00bb? Es algo que escuchamos con frecuencia y, hasta nosotros mismos, lo vivimos en piel propia m\u00e1s de una vez. Ahora bien, es necesario matizar con precisi\u00f3n lo que implica esta experiencia.<\/p>\n<p class=\"jsx-2049201783 c--grey-neutral-800\"><strong>No tener ganas de nada evidencia un estado psicof\u00edsico que va m\u00e1s all\u00e1 del <a class=\"jsx-151512268 jsx-1474443579 default-a-link is--underline c--secondary-600 is--underline\" href=\"https:\/\/lamenteesmaravillosa.com\/asi-afecta-agotamiento-relacion\/\" target=\"_self\" rel=\"noopener\" data-with-google-events=\"true\" data-google-events=\"{&quot;data&quot;:{&quot;action&quot;:&quot;click&quot;,&quot;category&quot;:&quot;Content&quot;,&quot;label&quot;:&quot;Related \/no-tengo-ganas-de-hacer-nada-causas-y-estrategias-de-afrontamiento\/&quot;,&quot;value&quot;:&quot;https:\/\/lamenteesmaravillosa.com\/asi-afecta-agotamiento-relacion\/&quot;}}\">agotamiento<\/a> corporal: aparece un desgaste emocional o mental<\/strong>. En la mayor\u00eda de los casos, se trata de situaciones puntuales resueltas con los d\u00edas, tras darnos un descanso o solventar aquello que nos preocupa. Sin embargo, es posible que se cronifique en el tiempo.<\/p>\n<p class=\"jsx-2049201783 c--grey-neutral-800\">Cuando la <a class=\"jsx-151512268 jsx-1474443579 default-a-link is--underline c--secondary-600 is--underline\" href=\"https:\/\/lamenteesmaravillosa.com\/tipos-desmotivacion\/\" target=\"_self\" rel=\"noopener\" data-with-google-events=\"true\" data-google-events=\"{&quot;data&quot;:{&quot;action&quot;:&quot;click&quot;,&quot;category&quot;:&quot;Content&quot;,&quot;label&quot;:&quot;Related \/no-tengo-ganas-de-hacer-nada-causas-y-estrategias-de-afrontamiento\/&quot;,&quot;value&quot;:&quot;https:\/\/lamenteesmaravillosa.com\/tipos-desmotivacion\/&quot;}}\">falta de motivaci\u00f3n<\/a>, des\u00e1nimo y cansancio duran m\u00e1s de dos semanas, quiz\u00e1s son s\u00edntomas de alg\u00fan problema de salud o trastorno psicol\u00f3gico. Las siguientes son caracter\u00edsticas que acompa\u00f1an a estas sensaciones:<\/p>\n<ul class=\"jsx-652603557 list-on-content mlr--x-big mtb--big c--grey-neutral-800 lh--1-8 ff--inter lst--disc\">\n<li>Desesperanza.<\/li>\n<li>Pesadez muscular.<\/li>\n<li>Irritabilidad y mal humor.<\/li>\n<li>Dificultad para reflexionar.<\/li>\n<li>Tendencia a la <a class=\"jsx-151512268 jsx-1474443579 default-a-link is--underline c--secondary-600 is--underline\" href=\"https:\/\/lamenteesmaravillosa.com\/neurociencia-procrastinacion\/\" target=\"_self\" rel=\"noopener\" data-with-google-events=\"true\" data-google-events=\"{&quot;data&quot;:{&quot;action&quot;:&quot;click&quot;,&quot;category&quot;:&quot;Content&quot;,&quot;label&quot;:&quot;Related \/no-tengo-ganas-de-hacer-nada-causas-y-estrategias-de-afrontamiento\/&quot;,&quot;value&quot;:&quot;https:\/\/lamenteesmaravillosa.com\/neurociencia-procrastinacion\/&quot;}}\">procrastinaci\u00f3n<\/a>.<\/li>\n<li>Des\u00e1nimo para empezar el d\u00eda.<\/li>\n<li>Agotamiento y nada de energ\u00eda.<\/li>\n<li><strong>Falta de iniciativa y motivaci\u00f3n.<\/strong><\/li>\n<li>Inconvenientes para toma decisiones.<\/li>\n<li>Necesidad de dormir m\u00e1s de la cuenta.<\/li>\n<li><strong>Desinter\u00e9s por el ocio o actividades sociales.<\/strong><\/li>\n<li>No hay rendimiento en el trabajo o los estudios.<\/li>\n<li><strong><a class=\"jsx-151512268 jsx-1474443579 default-a-link is--underline c--secondary-600 is--underline\" href=\"https:\/\/lamenteesmaravillosa.com\/anhedonia-social\/\" target=\"_self\" rel=\"noopener\" data-with-google-events=\"true\" data-google-events=\"{&quot;data&quot;:{&quot;action&quot;:&quot;click&quot;,&quot;category&quot;:&quot;Content&quot;,&quot;label&quot;:&quot;Related \/no-tengo-ganas-de-hacer-nada-causas-y-estrategias-de-afrontamiento\/&quot;,&quot;value&quot;:&quot;https:\/\/lamenteesmaravillosa.com\/anhedonia-social\/&quot;}}\">Anhedonia<\/a> o incapacidad para experimentar placer.<\/strong><\/li>\n<\/ul>\n<h2 id=\"a-que-puede-deberse-esa-falta-de-ganas\" class=\"jsx-3692753319 jsx-2305657373 c--main-700 mt--x-big pt--normal\">\u00bfA qu\u00e9 puede deberse esa falta de ganas?<\/h2>\n<p class=\"jsx-2049201783 c--grey-neutral-800\">No tener ganas de hacer nada es un problema cuando nuestras responsabilidades son muchas y no podemos detenernos. El trabajo, las tareas del hogar, la familia o las metas que deseamos alcanzar la vida se requiere movimiento y acci\u00f3n. Pero, a veces, fallan las fuerzas y los \u00e1nimos. En estas situaciones es necesario saber qu\u00e9 causas hay detr\u00e1s. Las analizamos.<\/p>\n<h3 id=\"problemas-de-salud\" class=\"jsx-3692753319 jsx-2305657373 c--main-700 mt--x-big pt--normal\">Problemas de salud<\/h3>\n<p class=\"jsx-2049201783 c--grey-neutral-800\"><strong>Los estados de des\u00e1nimo, apat\u00eda y cansancio son frecuentes en pacientes con alteraciones en la tiroides<\/strong>. La revista <a class=\"jsx-151512268 jsx-1474443579 default-a-link is--underline c--secondary-600 is--underline\" href=\"https:\/\/www.ncbi.nlm.nih.gov\/pmc\/articles\/PMC5974249\/\" target=\"_blank\" rel=\"noopener\" data-with-google-events=\"true\" data-google-events=\"{&quot;data&quot;:{&quot;action&quot;:&quot;click&quot;,&quot;category&quot;:&quot;Content&quot;,&quot;label&quot;:&quot;Related \/no-tengo-ganas-de-hacer-nada-causas-y-estrategias-de-afrontamiento\/&quot;,&quot;value&quot;:&quot;https:\/\/www.ncbi.nlm.nih.gov\/pmc\/articles\/PMC5974249\/&quot;}}\"><i>Frontiers in Physiology<\/i><\/a> <i>\u00a0<\/i>destaca en un art\u00edculo que hay mujeres que, a ra\u00edz de vivencias adversas, desarrollan en alg\u00fan momento alteraciones en el eje hipot\u00e1lamo-pituitario-tiroideo.<\/p>\n<p class=\"jsx-2049201783 c--grey-neutral-800\">Descartar problemas en este sentido es esencial cuando nos encontramos con pacientes desmotivados y cansados. No obstante, hay otros factores a considerar en el aspecto fisiol\u00f3gico; se trata de los listados enseguida:<\/p>\n<ul class=\"jsx-652603557 list-on-content mlr--x-big mtb--big c--grey-neutral-800 lh--1-8 ff--inter lst--disc\">\n<li>Migra\u00f1as.<\/li>\n<li><a class=\"jsx-151512268 jsx-1474443579 default-a-link is--underline c--secondary-600 is--underline\" href=\"https:\/\/lamenteesmaravillosa.com\/trauma-y-fibromialgia\/\" target=\"_self\" rel=\"noopener\" data-with-google-events=\"true\" data-google-events=\"{&quot;data&quot;:{&quot;action&quot;:&quot;click&quot;,&quot;category&quot;:&quot;Content&quot;,&quot;label&quot;:&quot;Related \/no-tengo-ganas-de-hacer-nada-causas-y-estrategias-de-afrontamiento\/&quot;,&quot;value&quot;:&quot;https:\/\/lamenteesmaravillosa.com\/trauma-y-fibromialgia\/&quot;}}\">Fibromialgia<\/a>.<\/li>\n<li>Alteraciones hormonales.<\/li>\n<li>S\u00edndrome de fatiga cr\u00f3nica.<\/li>\n<li>Un sistema inmunitario debilitado.<\/li>\n<li>Insomnio y otros trastornos del <a class=\"jsx-151512268 jsx-1474443579 default-a-link is--underline c--secondary-600 is--underline\" href=\"https:\/\/lamenteesmaravillosa.com\/5-consejos-para-tener-un-sueno-reparador\/\" target=\"_self\" rel=\"noopener\" data-with-google-events=\"true\" data-google-events=\"{&quot;data&quot;:{&quot;action&quot;:&quot;click&quot;,&quot;category&quot;:&quot;Content&quot;,&quot;label&quot;:&quot;Related \/no-tengo-ganas-de-hacer-nada-causas-y-estrategias-de-afrontamiento\/&quot;,&quot;value&quot;:&quot;https:\/\/lamenteesmaravillosa.com\/5-consejos-para-tener-un-sueno-reparador\/&quot;}}\">sue\u00f1o<\/a>.<\/li>\n<li>La mala alimentaci\u00f3n y falta de nutrientes.<\/li>\n<\/ul>\n<h3 id=\"el-aburrimiento-y-el-peso-de-la-rutina\" class=\"jsx-3692753319 jsx-2305657373 c--main-700 mt--x-big pt--normal\">El aburrimiento y el peso de la rutina<\/h3>\n<p class=\"jsx-2049201783 c--grey-neutral-800\">Quiz\u00e1s en temporadas nos faltan motivadores, ilusiones y <a class=\"jsx-151512268 jsx-1474443579 default-a-link is--underline c--secondary-600 is--underline\" href=\"https:\/\/lamenteesmaravillosa.com\/no-cuentes-metas-si-quieres-cumplir\/\" target=\"_self\" rel=\"noopener\" data-with-google-events=\"true\" data-google-events=\"{&quot;data&quot;:{&quot;action&quot;:&quot;click&quot;,&quot;category&quot;:&quot;Content&quot;,&quot;label&quot;:&quot;Related \/no-tengo-ganas-de-hacer-nada-causas-y-estrategias-de-afrontamiento\/&quot;,&quot;value&quot;:&quot;https:\/\/lamenteesmaravillosa.com\/no-cuentes-metas-si-quieres-cumplir\/&quot;}}\">metas<\/a> emocionantes. El peso de la rutina y el aburrimiento son como el \u00f3xido para el cerebro. <strong>El ser humano necesita est\u00edmulos en su d\u00eda a d\u00eda<\/strong>\u00a0para hallar ese impulso con el cual, seguir movi\u00e9ndose, trazando sue\u00f1os y objetivos. Si esto falla, llega el malestar y el des\u00e1nimo.<\/p>\n<h3 id=\"estres-cronico-y-no-tener-ganas-de-hacer-nada\" class=\"jsx-3692753319 jsx-2305657373 c--main-700 mt--x-big pt--normal\">Estr\u00e9s cr\u00f3nico y no tener ganas de hacer nada<\/h3>\n<p class=\"jsx-2049201783 c--grey-neutral-800\"><strong>A veces, pasamos por alto el efecto que tiene en nuestra salud f\u00edsica y mental ese estr\u00e9s que no regulamos, el que nos sobrepasa.<\/strong> Estudios como los publicados en <i><a class=\"jsx-151512268 jsx-1474443579 default-a-link is--underline c--secondary-600 is--underline\" href=\"https:\/\/www.ncbi.nlm.nih.gov\/pmc\/articles\/PMC5137920\/\" target=\"_blank\" rel=\"noopener\" data-with-google-events=\"true\" data-google-events=\"{&quot;data&quot;:{&quot;action&quot;:&quot;click&quot;,&quot;category&quot;:&quot;Content&quot;,&quot;label&quot;:&quot;Related \/no-tengo-ganas-de-hacer-nada-causas-y-estrategias-de-afrontamiento\/&quot;,&quot;value&quot;:&quot;https:\/\/www.ncbi.nlm.nih.gov\/pmc\/articles\/PMC5137920\/&quot;}}\">Future Science<\/a><\/i> comentan sus efectos. Los circuitos neuroendocrinos que se activan pueden alterar m\u00faltiples procesos, afectando a nuestro sistema inmunitario, la salud cardiovascular, etc.<\/p>\n<p class=\"jsx-2049201783 c--grey-neutral-800\">Procuremos, en la medida de lo posible, que esos estados de <a class=\"jsx-151512268 jsx-1474443579 default-a-link is--underline c--secondary-600 is--underline\" href=\"https:\/\/lamenteesmaravillosa.com\/preocupaciones-son-mas-intensas-domingos-noche\/\" target=\"_self\" rel=\"noopener\" data-with-google-events=\"true\" data-google-events=\"{&quot;data&quot;:{&quot;action&quot;:&quot;click&quot;,&quot;category&quot;:&quot;Content&quot;,&quot;label&quot;:&quot;Related \/no-tengo-ganas-de-hacer-nada-causas-y-estrategias-de-afrontamiento\/&quot;,&quot;value&quot;:&quot;https:\/\/lamenteesmaravillosa.com\/preocupaciones-son-mas-intensas-domingos-noche\/&quot;}}\">preocupaci\u00f3n<\/a>, de tensi\u00f3n y de angustia sean lo m\u00e1s puntuales y limitados en el tiempo. Usemos adecuadas estrategias de afrontamiento.<\/p>\n<h3 id=\"el-peso-de-los-problemas-no-resueltos\" class=\"jsx-3692753319 jsx-2305657373 c--main-700 mt--x-big pt--normal\">El peso de los problemas no resueltos<\/h3>\n<p class=\"jsx-2049201783 c--grey-neutral-800\">Uno no tiene ganas de hacer nada cuando hay exceso de problemas y no sabe c\u00f3mo abordarlos. Por ejemplo, las desavenencias con la pareja se mezclan con la falta de trabajo o con las malas condiciones laborales. A ello se le a\u00f1ade la frustraci\u00f3n por los sue\u00f1os no cumplidos, por la falta de tiempo para uno mismo y la sombra constante de la <a class=\"jsx-151512268 jsx-1474443579 default-a-link is--underline c--secondary-600 is--underline\" href=\"https:\/\/lamenteesmaravillosa.com\/como-actua-el-cerebro-ante-la-incertidumbre\/\" target=\"_self\" rel=\"noopener\" data-with-google-events=\"true\" data-google-events=\"{&quot;data&quot;:{&quot;action&quot;:&quot;click&quot;,&quot;category&quot;:&quot;Content&quot;,&quot;label&quot;:&quot;Related \/no-tengo-ganas-de-hacer-nada-causas-y-estrategias-de-afrontamiento\/&quot;,&quot;value&quot;:&quot;https:\/\/lamenteesmaravillosa.com\/como-actua-el-cerebro-ante-la-incertidumbre\/&quot;}}\">incertidumbre<\/a>.<\/p>\n<p class=\"jsx-2049201783 c--grey-neutral-800\">\u00bfC\u00f3mo negarlo? <strong>A veces la vida es demasiado complicada y nuestra mente, como mecanismo de defensa, nos pide detenernos<\/strong>. La sensaci\u00f3n de cansancio es solo un aviso para darnos tiempo, pensar y tomar decisiones.<\/p>\n<h3 id=\"agotamiento-un-signo-de-los-trastornos-depresivos\" class=\"jsx-3692753319 jsx-2305657373 c--main-700 mt--x-big pt--normal\">Agotamiento, un signo de los trastornos depresivos<\/h3>\n<p class=\"jsx-2049201783 c--grey-neutral-800\">El cansancio y la desmotivaci\u00f3n son dos caracter\u00edsticas recurrentes de los trastornos depresivos. Desde <a class=\"jsx-151512268 jsx-1474443579 default-a-link is--underline c--secondary-600 is--underline\" href=\"https:\/\/www.ncbi.nlm.nih.gov\/pmc\/articles\/PMC6658985\/\" target=\"_blank\" rel=\"noopener\" data-with-google-events=\"true\" data-google-events=\"{&quot;data&quot;:{&quot;action&quot;:&quot;click&quot;,&quot;category&quot;:&quot;Content&quot;,&quot;label&quot;:&quot;Related \/no-tengo-ganas-de-hacer-nada-causas-y-estrategias-de-afrontamiento\/&quot;,&quot;value&quot;:&quot;https:\/\/www.ncbi.nlm.nih.gov\/pmc\/articles\/PMC6658985\/&quot;}}\"><i>Frontiers in Immunology<\/i><\/a> nos dan una explicaci\u00f3n de esta causa. <strong>Es com\u00fan que la depresi\u00f3n curse con una activaci\u00f3n inflamatoria del sistema inmunitario que impacta en el propio sistema nervioso central.<\/strong><\/p>\n<p class=\"jsx-2049201783 c--grey-neutral-800\">Ello explica la sensaci\u00f3n de pesadez, los dolores musculares y ese agotamiento que no desaparece, aunque hayamos dormido diez horas seguidas. No obstante, tengamos en cuenta que hay m\u00e1s criterios para saber si estamos o no ante un trastorno depresivo.<\/p>\n<ul class=\"jsx-652603557 list-on-content mlr--x-big mtb--big c--grey-neutral-800 lh--1-8 ff--inter lst--disc\">\n<li><a class=\"jsx-151512268 jsx-1474443579 default-a-link is--underline c--secondary-600 is--underline\" href=\"https:\/\/lamenteesmaravillosa.com\/la-desesperanza-en-la-depresion-cuando-todo-pierde-sentido\/\" target=\"_self\" rel=\"noopener\" data-with-google-events=\"true\" data-google-events=\"{&quot;data&quot;:{&quot;action&quot;:&quot;click&quot;,&quot;category&quot;:&quot;Content&quot;,&quot;label&quot;:&quot;Related \/no-tengo-ganas-de-hacer-nada-causas-y-estrategias-de-afrontamiento\/&quot;,&quot;value&quot;:&quot;https:\/\/lamenteesmaravillosa.com\/la-desesperanza-en-la-depresion-cuando-todo-pierde-sentido\/&quot;}}\">Desesperanza.<\/a><\/li>\n<li>Baja autoestima.<\/li>\n<li>Alteraciones en el sue\u00f1o.<\/li>\n<li>Pensamientos negativos.<\/li>\n<li>Ideaci\u00f3n suicida o autol\u00edtica.<\/li>\n<li>Alteraciones en la alimentaci\u00f3n.<\/li>\n<li>Incapacidad para resolver problemas.<\/li>\n<li>Anhedonia o incapacidad para sentir placer.<\/li>\n<\/ul>\n<div class=\"article-quote bc--secondary-50 ptb--big p--relative mb--normal mt--x-big\">\n<blockquote class=\"jsx-2118601352 jsx-2746653886 plr--big pt--big\">\n<div class=\"jsx-2118601352 jsx-2746653886 quote__text ta--center fs--italic lh--2 fs--x-normal ff--inter c--secondary-800\">\n<p class=\"jsx-2049201783 c--grey-neutral-800\">En esas \u00e9pocas en que no tenemos ganas de hacer nada, es de gran utilidad darnos unos d\u00edas de descanso y de desconexi\u00f3n. Las t\u00e9cnicas art\u00edsticas, como pintar o escribir son cat\u00e1rticas.<\/p>\n<\/div>\n<\/blockquote>\n<\/div>\n<h3 id=\"los-traumas-no-resueltos\" class=\"jsx-3692753319 jsx-2305657373 c--main-700 mt--x-big pt--normal\">Los traumas no resueltos<\/h3>\n<p class=\"jsx-2049201783 c--grey-neutral-800\">Muchos de nosotros lidiamos con alguna experiencia traum\u00e1tica: p\u00e9rdidas, rupturas emocionales, accidentes, agresiones o ser testigos de alg\u00fan hecho violento, por mencionar algunas. En la mayor\u00eda de los casos, somos capaces de superar esos sucesos. Bien es cierto que no se olvidan, pero aprendemos a vivir con ese recuerdo sin que el peso de las emociones negativas condicione en exceso.<\/p>\n<p class=\"jsx-2049201783 c--grey-neutral-800\">No obstante, hay quien no puede. Sobre todo, si esas vivencias estresantes sucedieron en la infancia, cuando menos <a class=\"jsx-151512268 jsx-1474443579 default-a-link is--underline c--secondary-600 is--underline\" href=\"https:\/\/lamenteesmaravillosa.com\/descubre-cual-es-estilo-afrontamiento-jeffrey-young\/\" target=\"_self\" rel=\"noopener\" data-with-google-events=\"true\" data-google-events=\"{&quot;data&quot;:{&quot;action&quot;:&quot;click&quot;,&quot;category&quot;:&quot;Content&quot;,&quot;label&quot;:&quot;Related \/no-tengo-ganas-de-hacer-nada-causas-y-estrategias-de-afrontamiento\/&quot;,&quot;value&quot;:&quot;https:\/\/lamenteesmaravillosa.com\/descubre-cual-es-estilo-afrontamiento-jeffrey-young\/&quot;}}\">recursos de afrontamiento<\/a> ten\u00edamos a mano. Es importante saber que la mec\u00e1nica neurobiol\u00f3gica de los traumas es profunda y lesiva, logrando que la mente y el cuerpo se vean afectados.<\/p>\n<p class=\"jsx-2049201783 c--grey-neutral-800\">Un ejemplo ilustrativo es lo que se\u00f1alan en un estudio difundido por <i><a class=\"jsx-151512268 jsx-1474443579 default-a-link is--underline c--secondary-600 is--underline\" href=\"https:\/\/jamanetwork.com\/journals\/jamapsychiatry\/fullarticle\/482949\" target=\"_blank\" rel=\"noopener\" data-with-google-events=\"true\" data-google-events=\"{&quot;data&quot;:{&quot;action&quot;:&quot;click&quot;,&quot;category&quot;:&quot;Content&quot;,&quot;label&quot;:&quot;Related \/no-tengo-ganas-de-hacer-nada-causas-y-estrategias-de-afrontamiento\/&quot;,&quot;value&quot;:&quot;https:\/\/jamanetwork.com\/journals\/jamapsychiatry\/fullarticle\/482949&quot;}}\">Archives of General Psychiatry<\/a><\/i>: <strong>los traumas de infancia elevan el riesgo de desarrollar el s\u00edndrome de fatiga cr\u00f3nica.<\/strong><\/p>\n<h2 id=\"como-puedo-abordar-esa-falta-de-energia-y-motivacion\" class=\"jsx-3692753319 jsx-2305657373 c--main-700 mt--x-big pt--normal\">\u00bfC\u00f3mo puedo abordar esa falta de energ\u00eda y motivaci\u00f3n?<\/h2>\n<p class=\"jsx-2049201783 c--grey-neutral-800\"><strong>Si llevamos tiempo sin ganas de hacer nada lo m\u00e1s indicado es empezar con un chequeo m\u00e9dico;<\/strong> el primer paso es descartar problemas en este \u00e1mbito. En caso de no encontrar afectaciones de salud, como una alteraci\u00f3n en la <a class=\"jsx-151512268 jsx-1474443579 default-a-link is--underline c--secondary-600 is--underline\" href=\"https:\/\/lamenteesmaravillosa.com\/tiroides-y-estado-de-animo-cual-es-su-relacion\/\" target=\"_self\" rel=\"noopener\" data-with-google-events=\"true\" data-google-events=\"{&quot;data&quot;:{&quot;action&quot;:&quot;click&quot;,&quot;category&quot;:&quot;Content&quot;,&quot;label&quot;:&quot;Related \/no-tengo-ganas-de-hacer-nada-causas-y-estrategias-de-afrontamiento\/&quot;,&quot;value&quot;:&quot;https:\/\/lamenteesmaravillosa.com\/tiroides-y-estado-de-animo-cual-es-su-relacion\/&quot;}}\">tiroides<\/a>, es momento de tomar conciencia de un aspecto clave: poner en marcha cambios para recuperar la energ\u00eda y el bienestar.<\/p>\n<p class=\"jsx-2049201783 c--grey-neutral-800\">Un paso esencial para iniciar dicho cambio es comprometernos con nosotros mismos. A veces, ponemos m\u00e1s la mirada en el exterior que en las propias necesidades. Es momento de practicar el <a class=\"jsx-151512268 jsx-1474443579 default-a-link is--underline c--secondary-600 is--underline\" href=\"https:\/\/lamenteesmaravillosa.com\/claves-para-el-autocuidado-emocional\/\" target=\"_self\" rel=\"noopener\" data-with-google-events=\"true\" data-google-events=\"{&quot;data&quot;:{&quot;action&quot;:&quot;click&quot;,&quot;category&quot;:&quot;Content&quot;,&quot;label&quot;:&quot;Related \/no-tengo-ganas-de-hacer-nada-causas-y-estrategias-de-afrontamiento\/&quot;,&quot;value&quot;:&quot;https:\/\/lamenteesmaravillosa.com\/claves-para-el-autocuidado-emocional\/&quot;}}\">autocuidado<\/a> y para ello conviene aplicar lo siguiente:<\/p>\n<ul class=\"jsx-652603557 list-on-content mlr--x-big mtb--big c--grey-neutral-800 lh--1-8 ff--inter lst--disc\">\n<li><strong>M\u00e1rcate nuevas metas y prop\u00f3sitos.<\/strong><\/li>\n<li>Aprende t\u00e9cnicas de <a class=\"jsx-151512268 jsx-1474443579 default-a-link is--underline c--secondary-600 is--underline\" href=\"https:\/\/lamenteesmaravillosa.com\/pasos-terapia-resolucion-problemas\/\" target=\"_self\" rel=\"noopener\" data-with-google-events=\"true\" data-google-events=\"{&quot;data&quot;:{&quot;action&quot;:&quot;click&quot;,&quot;category&quot;:&quot;Content&quot;,&quot;label&quot;:&quot;Related \/no-tengo-ganas-de-hacer-nada-causas-y-estrategias-de-afrontamiento\/&quot;,&quot;value&quot;:&quot;https:\/\/lamenteesmaravillosa.com\/pasos-terapia-resolucion-problemas\/&quot;}}\">resoluci\u00f3n de problemas<\/a>.<\/li>\n<li>Aprende t\u00e9cnicas de relajaci\u00f3n y respiraci\u00f3n profunda.<\/li>\n<li><strong>Integra en tu d\u00eda a d\u00eda recursos para manejar el estr\u00e9s.<\/strong><\/li>\n<li>Mejora tu enfoque mental y racionaliza tus pensamientos negativos.<\/li>\n<li>Organiza tus rutinas de manera que tengas varias horas para disfrutar del ocio.<\/li>\n<li>Haz peque\u00f1os cambios en tu vida. Ap\u00fantate a alg\u00fan curso, conoce gente nueva.<\/li>\n<li>Disfruta de las terapias art\u00edsticas. La pintura y la escritura son maravillosos ejercicios cat\u00e1rticos.<\/li>\n<li><strong>Toma conciencia de aquellas actividades o personas que te traen m\u00e1s estr\u00e9s que bienestar<\/strong>.<\/li>\n<li><strong>Date un tiempo de descanso y de desconexi\u00f3n<\/strong>. Es hora de escucharte, de saber qu\u00e9 quieres en tu vida.<\/li>\n<li>Aplica la <a class=\"jsx-151512268 jsx-1474443579 default-a-link is--underline c--secondary-600 is--underline\" href=\"https:\/\/lamenteesmaravillosa.com\/la-activacion-conductual-una-ayuda-salir-la-depresion\/\" target=\"_self\" rel=\"noopener\" data-with-google-events=\"true\" data-google-events=\"{&quot;data&quot;:{&quot;action&quot;:&quot;click&quot;,&quot;category&quot;:&quot;Content&quot;,&quot;label&quot;:&quot;Related \/no-tengo-ganas-de-hacer-nada-causas-y-estrategias-de-afrontamiento\/&quot;,&quot;value&quot;:&quot;https:\/\/lamenteesmaravillosa.com\/la-activacion-conductual-una-ayuda-salir-la-depresion\/&quot;}}\">activaci\u00f3n conductual<\/a>. Aunque tu mente te diga \u00abno tengo ganas de nada\u00bb, ponte en movimiento y sal a pasear. <strong>A menudo, cuando el cuerpo entra en marcha, la mente cambia.<\/strong><\/li>\n<\/ul>\n<h2 id=\"las-mejores-terapias-psicologicas-frente-al-desanimo\" class=\"jsx-3692753319 jsx-2305657373 c--main-700 mt--x-big pt--normal\">Las mejores terapias psicol\u00f3gicas frente al des\u00e1nimo<\/h2>\n<p class=\"jsx-2049201783 c--grey-neutral-800\">En caso de que nuestro des\u00e1nimo y falta de energ\u00eda no desaparezcan, es momento de solicitar ayuda experta. Veamos qu\u00e9 modelos terap\u00e9uticos contribuyen a superar estos cuadros.<\/p>\n<ul class=\"jsx-652603557 list-on-content mlr--x-big mtb--big c--grey-neutral-800 lh--1-8 ff--inter lst--disc\">\n<li><strong>La <a class=\"jsx-151512268 jsx-1474443579 default-a-link is--underline c--secondary-600 is--underline\" href=\"https:\/\/lamenteesmaravillosa.com\/steve-de-shazer-biografia-de-un-pionero-de-la-terapia-breve-centrada-en-soluciones\/\" target=\"_self\" rel=\"noopener\" data-with-google-events=\"true\" data-google-events=\"{&quot;data&quot;:{&quot;action&quot;:&quot;click&quot;,&quot;category&quot;:&quot;Content&quot;,&quot;label&quot;:&quot;Related \/no-tengo-ganas-de-hacer-nada-causas-y-estrategias-de-afrontamiento\/&quot;,&quot;value&quot;:&quot;https:\/\/lamenteesmaravillosa.com\/steve-de-shazer-biografia-de-un-pionero-de-la-terapia-breve-centrada-en-soluciones\/&quot;}}\">terapia breve estrat\u00e9gica centrada en soluciones<\/a> permite identificar lo que nos sucede, para despu\u00e9s potenciar nuestras fortalezas y alcanzar nuevas metas.<\/strong> Es un recurso muy efectivo.<\/li>\n<li><strong>La terapia cognitivo-conductual.<\/strong>\u00a0Es el enfoque m\u00e1s utilizado y el que mayor evidencia cient\u00edfica dispone. Trabaja nuestros pensamientos negativos y creencias limitantes, para integrar conductas m\u00e1s saludables.<\/li>\n<li><strong>Terapia de aceptaci\u00f3n y compromiso.<\/strong> Este modelo colabora en que entendamos que la vida no es f\u00e1cil, que la adversidad existe y que hay que aceptarla. A su vez, aporta herramientas para clarificar valores y empoderarnos para seguir adelante.<\/li>\n<\/ul>\n<p class=\"jsx-2049201783 c--grey-neutral-800\">No dudemos en pedir apoyo profesional si esos estados de des\u00e1nimo y falta de energ\u00eda emborronan lo que somos. Todos merecemos disfrutar de vivir y ser seres activos capaces de luchar por lo que desean para tener la vida que merecen.<\/p>\n<p><a class=\"jsx-151512268 jsx-1596958326 default-a-link is--underline c--grey-neutral-800 link-tool-tip jsx-2288154920 jsx-986712099\" href=\"https:\/\/lamenteesmaravillosa.com\/autor\/valeria-sabater\/\" target=\"_self\" rel=\"noopener\"><strong>Valeria Sabater<\/strong><\/a>.<\/p>\n<div id=\"telet-1716200029\" class=\"telet-despues-del-contenido telet-entity-placement\"><a target=\"_blank\" href=\"\/\/aff.lucushost.com\/resources\/click\/?n=gDxoXMAJ&aff=756\"><img decoding=\"async\" border=\"0\" alt=\"LucusHost, el mejor hosting\" src=\"\/\/aff.lucushost.com\/resources\/banners\/?zoneid=5123&n=gDxoXMAJ&aff=756\" \/><\/a><\/div>","protected":false},"excerpt":{"rendered":"<p>En ocasiones, vivimos \u00e9pocas caracterizadas por una mezcla de agotamiento y apat\u00eda. Sentimos poca energ\u00eda, des\u00e1nimo y desmotivaci\u00f3n. Descubre en el siguiente texto a qu\u00e9 puede deberse Hay \u00e9pocas en&hellip; <\/p>\n","protected":false},"author":1,"featured_media":14779,"comment_status":"open","ping_status":"open","sticky":false,"template":"","format":"standard","meta":{"_jetpack_memberships_contains_paid_content":false,"footnotes":"","_links_to":"","_links_to_target":""},"categories":[8],"tags":[15,14],"class_list":["post-14778","post","type-post","status-publish","format-standard","has-post-thumbnail","hentry","category-vida-social","tag-fuprisa","tag-jose-manuel-fuentes-prieto"],"nelio_content":{"autoShareEndMode":"never","automationSources":{"useCustomSentences":false,"customSentences":[]},"efiAlt":"","efiUrl":"","followers":[1],"highlights":[],"isAutoShareEnabled":true,"networkImageIds":[],"permalinkQueryArgs":[],"series":[],"suggestedReferences":[]},"jetpack_featured_media_url":"https:\/\/teletrabajoynegocios.com\/telesecretarias\/wp-content\/uploads\/sites\/2\/2023\/06\/atencion-energia.jpg","jetpack_sharing_enabled":true,"_links":{"self":[{"href":"https:\/\/teletrabajoynegocios.com\/telesecretarias\/wp-json\/wp\/v2\/posts\/14778","targetHints":{"allow":["GET"]}}],"collection":[{"href":"https:\/\/teletrabajoynegocios.com\/telesecretarias\/wp-json\/wp\/v2\/posts"}],"about":[{"href":"https:\/\/teletrabajoynegocios.com\/telesecretarias\/wp-json\/wp\/v2\/types\/post"}],"author":[{"embeddable":true,"href":"https:\/\/teletrabajoynegocios.com\/telesecretarias\/wp-json\/wp\/v2\/users\/1"}],"replies":[{"embeddable":true,"href":"https:\/\/teletrabajoynegocios.com\/telesecretarias\/wp-json\/wp\/v2\/comments?post=14778"}],"version-history":[{"count":1,"href":"https:\/\/teletrabajoynegocios.com\/telesecretarias\/wp-json\/wp\/v2\/posts\/14778\/revisions"}],"predecessor-version":[{"id":14780,"href":"https:\/\/teletrabajoynegocios.com\/telesecretarias\/wp-json\/wp\/v2\/posts\/14778\/revisions\/14780"}],"wp:featuredmedia":[{"embeddable":true,"href":"https:\/\/teletrabajoynegocios.com\/telesecretarias\/wp-json\/wp\/v2\/media\/14779"}],"wp:attachment":[{"href":"https:\/\/teletrabajoynegocios.com\/telesecretarias\/wp-json\/wp\/v2\/media?parent=14778"}],"wp:term":[{"taxonomy":"category","embeddable":true,"href":"https:\/\/teletrabajoynegocios.com\/telesecretarias\/wp-json\/wp\/v2\/categories?post=14778"},{"taxonomy":"post_tag","embeddable":true,"href":"https:\/\/teletrabajoynegocios.com\/telesecretarias\/wp-json\/wp\/v2\/tags?post=14778"}],"curies":[{"name":"wp","href":"https:\/\/api.w.org\/{rel}","templated":true}]}}