{"id":1503,"date":"2020-07-13T10:46:38","date_gmt":"2020-07-13T08:46:38","guid":{"rendered":"https:\/\/teletrabajoynegocios.com\/telesecretarias\/?p=1503"},"modified":"2020-09-01T07:27:06","modified_gmt":"2020-09-01T05:27:06","slug":"tres-pautas-para-incrementar-tu-carisma","status":"publish","type":"post","link":"https:\/\/teletrabajoynegocios.com\/telesecretarias\/tres-pautas-para-incrementar-tu-carisma\/","title":{"rendered":"Tres pautas para incrementar tu carisma"},"content":{"rendered":"<div id=\"telet-2682469158\" class=\"telet-antes-del-contenido telet-entity-placement\"><a href=\"https:\/\/quaderno.io\/?via=jose-manuel94\" aria-label=\"Quaderno General (Spanish) &#8211; 728&#215;90\"><img loading=\"lazy\" decoding=\"async\" src=\"https:\/\/teletrabajoynegocios.com\/telesecretarias\/wp-content\/uploads\/sites\/2\/2020\/11\/Quaderno-General-Spanish-728x90-1.png\" alt=\"\"  srcset=\"https:\/\/teletrabajoynegocios.com\/telesecretarias\/wp-content\/uploads\/sites\/2\/2020\/11\/Quaderno-General-Spanish-728x90-1.png 728w, https:\/\/teletrabajoynegocios.com\/telesecretarias\/wp-content\/uploads\/sites\/2\/2020\/11\/Quaderno-General-Spanish-728x90-1-300x37.png 300w\" sizes=\"(max-width: 728px) 100vw, 728px\" width=\"728\" height=\"90\"   \/><\/a><\/div><p>La buena noticia, si quieres incrementar tu carisma, es que cuentas con la posibilidad de hacerlo. Se trata de una habilidad que se cultiva internamente y que en el exterior nos abre muchas puertas. De ah\u00ed que la inversi\u00f3n merezca la pena.<\/p>\n<p><strong>Incrementar el carisma siempre es posible<\/strong>. De hecho, quienes lo tienen y lo ostentan no nacieron con esa habilidad, sino que, quiz\u00e1s sin darse cuenta, la han ido aprendiendo y desplegando a lo largo de sus vidas.<\/p>\n<p><strong>Hablamos de es esa habilidad para generar una impresi\u00f3n positiva en los dem\u00e1s y dejar huella en los otros<\/strong>, incluso si no se tiene contacto directo con ellos. Se trata de una cualidad sutil por la cual alguien llama la atenci\u00f3n y genera credibilidad y aceptaci\u00f3n con su&nbsp;<a href=\"https:\/\/lamenteesmaravillosa.com\/tener-serenidad-una-maravillosa-actitud-ante-la-vida\/\" target=\"_blank\" rel=\"noopener noreferrer\">actitud<\/a>.<\/p>\n<p><strong>Con frecuencia, d<\/strong><strong>etr\u00e1s de esta habilidad hay un&nbsp;<a href=\"https:\/\/lamenteesmaravillosa.com\/como-cultivar-tu-mundo-interior\/\" target=\"_blank\" rel=\"noopener noreferrer\">mundo interior<\/a><\/strong><strong>&nbsp;muy activo.&nbsp;<\/strong>Este se refleja en la manera de decir, de hacer y de comportarse en el plano social. Genera un efecto en los otros, sin propon\u00e9rtelo, y facilita el flujo de las relaciones con los dem\u00e1s. Suena maravilloso, pero \u00bfc\u00f3mo se desarrolla esa habilidad? \u00bfC\u00f3mo incrementar tu carisma? Enseguida te damos algunas ideas para ello.<\/p>\n<blockquote><p>\u201c<em>Carisma es el nombre elegante dado a la habilidad de darle a la gente toda su atenci\u00f3n<\/em>\u201d.<\/p>\n<p>-Robert Brault-<\/p><\/blockquote>\n<hr>\n<p><img decoding=\"async\" src=\"http:\/\/web.vallebro.biz\/wp-content\/uploads\/2020\/01\/articulos.png\"><\/p>\n<div class=\"wp-rss-template-container\" data-wpra-template=\"default\" data-template-ctx=\"W10=\">\n    <div class=\"wp-rss-aggregator wpra-list-template  \" data-page=\"1\">\n    \n    \n<ul class=\"wpra-item-list rss-aggregator wpra-item-list--bullets wpra-item-list--default\"\n    start=\"1\">\n                        <li class=\"wpra-item feed-item \">\n            \n            \n\n    <a  href=\"https:\/\/distritoemprendedores.com\/blog\/2026\/03\/16\/hello-world\/\" target=\"_blank\" rel=\"nofollow\" class=\"\">Hello world!<\/a>\n\n\n\n\n\n\n<div class=\"wprss-feed-meta\">\n            <span class=\"feed-source\">\n            Source:\n\n                            Distrito Emprendedores\n                    <\/span>\n    \n            <span class=\"feed-date\">\n            Published on 2026-03-16\n        <\/span>\n    \n    <\/div>\n\n\n\n\n\n            \n        <\/li>\n                    <li class=\"wpra-item feed-item \">\n            \n            \n\n    <a  href=\"https:\/\/www.dropbox.com\/scl\/fi\/b6csvpbfxu24vaezmo3es\/62bed0634df20e5ef35346439fdd423f_franquicias.pdf?rlkey=mfp2795s4n89mw35l0yeu2vl5&amp;e=2&amp;st=57kabuy0&amp;dl=0#new_tab\" target=\"_blank\" rel=\"nofollow\" class=\"\">Las franquicias espa\u00f1olas duplican su presencia en mercados for\u00e1neos<\/a>\n\n\n\n\n\n\n<div class=\"wprss-feed-meta\">\n            <span class=\"feed-source\">\n            Source:\n\n                            Distrito Emprendedores\n                    <\/span>\n    \n            <span class=\"feed-date\">\n            Published on 2026-03-11\n        <\/span>\n    \n    <\/div>\n\n\n\n\n\n            \n        <\/li>\n                    <li class=\"wpra-item feed-item \">\n            \n            \n\n    <a  href=\"https:\/\/distritoemprendedores.es\/blog\/5-errores-fatales-al-internacionalizar-tu-franquicia\/\" target=\"_blank\" rel=\"nofollow\" class=\"\">5 errores fatales al internacionalizar tu franquicia<\/a>\n\n\n\n\n\n\n<div class=\"wprss-feed-meta\">\n            <span class=\"feed-source\">\n            Source:\n\n                            Distrito Emprendedores\n                    <\/span>\n    \n            <span class=\"feed-date\">\n            Published on 2026-03-10\n        <\/span>\n    \n    <\/div>\n\n\n\n\n\n            \n        <\/li>\n                    <li class=\"wpra-item feed-item \">\n            \n            \n\n    <a  href=\"https:\/\/distritoemprendedores.es\/blog\/un-nuevo-prime-time-para-las-marcas-afterwork-tardeo-y-futbol-se-consolidan-como-los-grandes-motores-del-consumo-experiencial\/\" target=\"_blank\" rel=\"nofollow\" class=\"\">Un nuevo prime time para las marcas: afterwork, tardeo y f\u00fatbol se consolidan como los grandes motores del consumo experiencial<\/a>\n\n\n\n\n\n\n<div class=\"wprss-feed-meta\">\n            <span class=\"feed-source\">\n            Source:\n\n                            Distrito Emprendedores\n                    <\/span>\n    \n            <span class=\"feed-date\">\n            Published on 2026-03-09\n        <\/span>\n    \n    <\/div>\n\n\n\n\n\n            \n        <\/li>\n                    <li class=\"wpra-item feed-item \">\n            \n            \n\n    <a  href=\"https:\/\/distritoemprendedores.es\/blog\/la-ventaja-competitiva-esta-en-entender-como-pregunta-el-consumidor\/\" target=\"_blank\" rel=\"nofollow\" class=\"\">La ventaja competitiva est\u00e1 en entender c\u00f3mo pregunta el consumidor<\/a>\n\n\n\n\n\n\n<div class=\"wprss-feed-meta\">\n            <span class=\"feed-source\">\n            Source:\n\n                            Distrito Emprendedores\n                    <\/span>\n    \n            <span class=\"feed-date\">\n            Published on 2026-03-08\n        <\/span>\n    \n    <\/div>\n\n\n\n\n\n            \n        <\/li>\n                    <li class=\"wpra-item feed-item \">\n            \n            \n\n    <a  href=\"https:\/\/distritoemprendedores.es\/blog\/solo-el-7-de-los-espanoles-cree-a-las-marcas-cuando-comunican-sus-valores-con-hechos-demostrables\/\" target=\"_blank\" rel=\"nofollow\" class=\"\">Solo el 7% de los espa\u00f1oles cree a las marcas cuando comunican sus valores con hechos demostrables<\/a>\n\n\n\n\n\n\n<div class=\"wprss-feed-meta\">\n            <span class=\"feed-source\">\n            Source:\n\n                            Distrito Emprendedores\n                    <\/span>\n    \n            <span class=\"feed-date\">\n            Published on 2026-03-07\n        <\/span>\n    \n    <\/div>\n\n\n\n\n\n            \n        <\/li>\n                    <li class=\"wpra-item feed-item \">\n            \n            \n\n    <a  href=\"https:\/\/distritoemprendedores.es\/blog\/el-38-de-las-empresas-creadas-en-2019-ha-echado-ya-el-cierre\/\" target=\"_blank\" rel=\"nofollow\" class=\"\">El 38% de las empresas creadas en 2019 ha echado ya el cierre<\/a>\n\n\n\n\n\n\n<div class=\"wprss-feed-meta\">\n            <span class=\"feed-source\">\n            Source:\n\n                            Distrito Emprendedores\n                    <\/span>\n    \n            <span class=\"feed-date\">\n            Published on 2026-03-06\n        <\/span>\n    \n    <\/div>\n\n\n\n\n\n            \n        <\/li>\n                    <li class=\"wpra-item feed-item \">\n            \n            \n\n    <a  href=\"https:\/\/distritoemprendedores.es\/blog\/descubre-las-oportunidades-y-tendencias-en-el-mercado-de-la-franquicia-para-2026\/\" target=\"_blank\" rel=\"nofollow\" class=\"\">Descubre las oportunidades y tendencias en el mercado de la franquicia para 2026<\/a>\n\n\n\n\n\n\n<div class=\"wprss-feed-meta\">\n            <span class=\"feed-source\">\n            Source:\n\n                            Distrito Emprendedores\n                    <\/span>\n    \n            <span class=\"feed-date\">\n            Published on 2026-03-05\n        <\/span>\n    \n    <\/div>\n\n\n\n\n\n            \n        <\/li>\n                    <li class=\"wpra-item feed-item \">\n            \n            \n\n    <a  href=\"https:\/\/distritoemprendedores.es\/blog\/las-startups-de-salud-mas-punteras-del-mundo\/\" target=\"_blank\" rel=\"nofollow\" class=\"\">Las startups de salud m\u00e1s punteras del mundo<\/a>\n\n\n\n\n\n\n<div class=\"wprss-feed-meta\">\n            <span class=\"feed-source\">\n            Source:\n\n                            Distrito Emprendedores\n                    <\/span>\n    \n            <span class=\"feed-date\">\n            Published on 2026-03-04\n        <\/span>\n    \n    <\/div>\n\n\n\n\n\n            \n        <\/li>\n                    <li class=\"wpra-item feed-item \">\n            \n            \n\n    <a  href=\"https:\/\/distritoemprendedores.es\/blog\/puesta-en-marcha-de-un-negocio-primeros-pasos-para-validar-vender-y-controlar-la-tesoreria\/\" target=\"_blank\" rel=\"nofollow\" class=\"\">Puesta en marcha de un negocio: primeros pasos para validar, vender y controlar la tesorer\u00eda<\/a>\n\n\n\n\n\n\n<div class=\"wprss-feed-meta\">\n            <span class=\"feed-source\">\n            Source:\n\n                            Distrito Emprendedores\n                    <\/span>\n    \n            <span class=\"feed-date\">\n            Published on 2026-03-03\n        <\/span>\n    \n    <\/div>\n\n\n\n\n\n            \n        <\/li>\n                    <li class=\"wpra-item feed-item \">\n            \n            \n\n    <a  href=\"https:\/\/distritoemprendedores.es\/blog\/6-franquicias-sin-apenas-competencia-en-el-mercado\/\" target=\"_blank\" rel=\"nofollow\" class=\"\">6 franquicias sin apenas competencia en el mercado<\/a>\n\n\n\n\n\n\n<div class=\"wprss-feed-meta\">\n            <span class=\"feed-source\">\n            Source:\n\n                            Distrito Emprendedores\n                    <\/span>\n    \n            <span class=\"feed-date\">\n            Published on 2026-03-02\n        <\/span>\n    \n    <\/div>\n\n\n\n\n\n            \n        <\/li>\n                    <li class=\"wpra-item feed-item \">\n            \n            \n\n    <a  href=\"https:\/\/digistorage.es\/links\/71d78951-a420-4f5b-8de6-7b35ae7efc1c#new_tab\" target=\"_blank\" rel=\"nofollow\" class=\"\">Los algoritmos amenazan con filtrar las confesiones realizadas al abogado<\/a>\n\n\n\n\n\n\n<div class=\"wprss-feed-meta\">\n            <span class=\"feed-source\">\n            Source:\n\n                            Distrito Emprendedores\n                    <\/span>\n    \n            <span class=\"feed-date\">\n            Published on 2026-03-01\n        <\/span>\n    \n    <\/div>\n\n\n\n\n\n            \n        <\/li>\n                    <li class=\"wpra-item feed-item \">\n            \n            \n\n    <a  href=\"https:\/\/distritoemprendedores.es\/blog\/las-startups-que-mas-innovan-en-el-mundo\/\" target=\"_blank\" rel=\"nofollow\" class=\"\">Las startups que m\u00e1s innovan en el mundo<\/a>\n\n\n\n\n\n\n<div class=\"wprss-feed-meta\">\n            <span class=\"feed-source\">\n            Source:\n\n                            Distrito Emprendedores\n                    <\/span>\n    \n            <span class=\"feed-date\">\n            Published on 2026-02-28\n        <\/span>\n    \n    <\/div>\n\n\n\n\n\n            \n        <\/li>\n                    <li class=\"wpra-item feed-item \">\n            \n            \n\n    <a  href=\"https:\/\/distritoemprendedores.es\/blog\/tiktok-genera-31-000-millones-de-euros-para-las-empresas-europeas-y-3-000-millones-en-espana\/\" target=\"_blank\" rel=\"nofollow\" class=\"\">TikTok genera 31.000 millones de euros para las empresas europeas y 3.000 millones en Espa\u00f1a<\/a>\n\n\n\n\n\n\n<div class=\"wprss-feed-meta\">\n            <span class=\"feed-source\">\n            Source:\n\n                            Distrito Emprendedores\n                    <\/span>\n    \n            <span class=\"feed-date\">\n            Published on 2026-02-27\n        <\/span>\n    \n    <\/div>\n\n\n\n\n\n            \n        <\/li>\n                    <li class=\"wpra-item feed-item \">\n            \n            \n\n    <a  href=\"https:\/\/distritoemprendedores.es\/blog\/amazon-planea-un-marketplace-para-hacer-de-puente-entre-los-publishers-y-las-empresas-de-ia\/\" target=\"_blank\" rel=\"nofollow\" class=\"\">Amazon planea un \u00abmarketplace\u00bb para hacer de puente entre los \u00abpublishers\u00bb y las empresas de IA<\/a>\n\n\n\n\n\n\n<div class=\"wprss-feed-meta\">\n            <span class=\"feed-source\">\n            Source:\n\n                            Distrito Emprendedores\n                    <\/span>\n    \n            <span class=\"feed-date\">\n            Published on 2026-02-26\n        <\/span>\n    \n    <\/div>\n\n\n\n\n\n            \n        <\/li>\n        <\/ul>\n\n        \n<\/div>\n\n<\/div>\n\n<hr>\n<h2><strong>1. Invertir en uno mismo, una pauta para incrementar tu carisma<\/strong><\/h2>\n<p><strong>Para incrementar tu carisma debes&nbsp;<a href=\"https:\/\/lamenteesmaravillosa.com\/inviertes-crecimiento-personal-calidad-vida\/\" target=\"_blank\" rel=\"noopener noreferrer\">invertir<\/a><\/strong><strong>&nbsp;en ti mismo<\/strong>. Cuando hablamos de inversi\u00f3n nos referimos al significado cl\u00e1sico de esa palabra, pero tambi\u00e9n a la dimensi\u00f3n simb\u00f3lica de este acto. As\u00ed que el tema tiene que ver principalmente con lo interno, pero debe verse reflejado en lo externo.<\/p>\n<p><strong>Invertir en ti quiere decir, primero que todo,&nbsp;<a href=\"https:\/\/lamenteesmaravillosa.com\/dedicar-tiempo-a-estar-bien-contigo-mismo-tambien-es-salud\/\" target=\"_blank\" rel=\"noopener noreferrer\">dedicarte tiempo<\/a><\/strong>. Esto es, tiempo para estar contigo mismo, para observarte, pensar en ti, hacerte consciente de tus necesidades y realizar pr\u00e1cticas de autocuidado. Parece obvio, pero en realidad son muchas las personas que pasan la mayor parte de su tiempo pensando en todo, menos en ellos mismos.<\/p>\n<p><strong>Esa inversi\u00f3n tambi\u00e9n implica cuidar de tu aspecto<\/strong>, lo cual no quiere decir vestirte a la moda, o realizar rituales de belleza. M\u00e1s bien supone atender a la forma como te ves y personalizarla. Vestirte como te gusta, llevar el cabello como lo prefieres, tener los accesorios que te identifican. Es otro punto que parece obvio sin serlo: la mayor parte de la gente trata de verse como los dem\u00e1s.<\/p>\n<h2><strong>2. Mejorar la opini\u00f3n sobre lo propio<\/strong><\/h2>\n<p><strong>Para incrementar tu carisma es esencial que tengas una buena opini\u00f3n de ti mismo; si no en todo, s\u00ed en aspectos concretos<\/strong>. En realidad, no toda persona plenamente segura&nbsp;de s\u00ed misma tiene carisma, ni toda persona con inseguridades carece de \u00e9l. Esta cualidad va m\u00e1s all\u00e1 de eso.<\/p>\n<p>Las personas carism\u00e1ticas tienen convicciones profundas en algunos aspectos, aunque no las tengan en todos.&nbsp;<strong>Esas creencias firmes terminan proyectando una luz indefinible que le otorga ese halo especial a quienes las tienen<\/strong>. Ese brillo es tambi\u00e9n la semilla del carisma.<\/p>\n<p>Las convicciones sobre lo que se es, lo que se piensa o lo que se siente&nbsp;<strong>hacen que alrededor de una persona se genere una atm\u00f3sfera de confianza y de calidez<\/strong>. El trabajo comienza dentro y termina siendo perceptible afuera.<\/p>\n<p>As\u00ed que&nbsp;<strong>mejorar la opini\u00f3n sobre lo propio comienza precisamente por conocerte y saber en qu\u00e9 crees<\/strong>. No basta con eso, es necesario que te comprometas con esas convicciones para que terminen siendo una de tus fortalezas y se conviertan en una v\u00eda para incrementar tu carisma.<\/p>\n<h2><strong>3. Trabajar la mirada<\/strong><\/h2>\n<p>El lenguaje corporal comunica mucho m\u00e1s que la palabra misma, porque es m\u00e1s espont\u00e1neo y nunca se deja calcular del todo. Siempre est\u00e1s hablando con el cuerpo y, en particular con la mirada.&nbsp;<strong>Los mensajes que cada persona transmite muchas veces no logran racionalizarse, pero a fe que se sienten<\/strong>.<\/p>\n<p>Una mirada evasiva, por ejemplo, da a entender que se est\u00e1 ocultando algo o que una persona se siente avergonzada. En el extremo opuesto est\u00e1 la mirada fija, que usualmente comunica un mensaje de desaf\u00edo o&nbsp;<a href=\"https:\/\/d1wqtxts1xzle7.cloudfront.net\/52721495\/Vol15No1Art5.pdf?1492716349=&amp;response-content-disposition=inline%3B+filename%3DUNA_REVISION_PSICOLOGICA_A_LAS_TEORIAS_D.pdf&amp;Expires=1593345914&amp;Signature=LlKypkpPWGoVxE1K9mqcu~Z74pAdWIG9khevaYrRheSkh6APOmzw7YR1jFXG~91ynWAbcgmWu0EEJ8kEKgzUpbfBDQ3oCpsIcm4bZWJ4t8-FW3Mnq~8Pp-SwmgiciBdhKpRdJw8Ge2C4XXX55YuFNEl1V61DFR-pzjaxu81wZF91GS3P44K-GteoxMTQbXl85M3OWgrSU49oKYDVePTJBP8GcuCeMMX7eaY1WiexN6mpJPQbVXSMudHpl~Lc148YF48Dd-DL5ieGzbgaPrqg1bLi5QB3-fLzns556AAVRwZ~I6Tkzw5ncPIkJbfkcZbG3gjgl0uUquACt~vPRyTBhQ__&amp;Key-Pair-Id=APKAJLOHF5GGSLRBV4ZA\" target=\"_blank\" rel=\"noopener noreferrer\">agresividad<\/a>.&nbsp;<strong>La mirada franca y natural es una mirada atenta, receptiva al otro y a la vez afable<\/strong>.<\/p>\n<p>La mirada no se deja calcular, por lo que en este caso tambi\u00e9n se trata de trabajar lo que hay dentro para que se refleje fuera.&nbsp;<strong>Observa la forma como miras a los dem\u00e1s y trata de identificar lo que dicen tus ojos al hacerlo<\/strong>. De seguro puedes encontrar valiosas pistas sobre la forma como te est\u00e1s relacionando con los dem\u00e1s.<\/p>\n<p><strong>Incrementar tu carisma puede ayudar a ampliar y mejorar las relaciones con los dem\u00e1s<\/strong>. Tambi\u00e9n contribuye a que logres ser m\u00e1s influyente y&nbsp;<a href=\"https:\/\/www.redalyc.org\/pdf\/727\/72716105.pdf\" target=\"_blank\" rel=\"noopener noreferrer\">persuasivo<\/a>&nbsp;con quienes te rodean. El secreto para ser m\u00e1s carism\u00e1tico est\u00e1 en ser cada vez m\u00e1s aut\u00e9ntico y confiado en qui\u00e9n eres y c\u00f3mo eres.<\/p>\n<p><a class=\"highlight utilitary-border\" href=\"https:\/\/lamenteesmaravillosa.com\/autor\/edith-sanchez\/\">Edith S\u00e1nchez<\/a><\/p>\n<div id=\"telet-1498879748\" class=\"telet-despues-del-contenido telet-entity-placement\"><a target=\"_blank\" href=\"\/\/aff.lucushost.com\/resources\/click\/?n=gDxoXMAJ&aff=756\"><img decoding=\"async\" border=\"0\" alt=\"LucusHost, el mejor hosting\" src=\"\/\/aff.lucushost.com\/resources\/banners\/?zoneid=5123&n=gDxoXMAJ&aff=756\" \/><\/a><\/div>","protected":false},"excerpt":{"rendered":"<p>La buena noticia, si quieres incrementar tu carisma, es que cuentas con la posibilidad de hacerlo. Se trata de una habilidad que se cultiva internamente y que en el exterior&hellip; <\/p>\n","protected":false},"author":1,"featured_media":1510,"comment_status":"open","ping_status":"open","sticky":false,"template":"","format":"standard","meta":{"_jetpack_memberships_contains_paid_content":false,"footnotes":"","_links_to":"","_links_to_target":""},"categories":[1],"tags":[15,14],"class_list":["post-1503","post","type-post","status-publish","format-standard","has-post-thumbnail","hentry","category-telesecretarias","tag-fuprisa","tag-jose-manuel-fuentes-prieto"],"nelio_content":{"autoShareEndMode":"never","automationSources":{"useCustomSentences":false,"customSentences":[]},"efiAlt":"","efiUrl":"","followers":[1],"highlights":[],"isAutoShareEnabled":true,"networkImageIds":[],"permalinkQueryArgs":[],"series":[],"suggestedReferences":[]},"jetpack_featured_media_url":"https:\/\/teletrabajoynegocios.com\/telesecretarias\/wp-content\/uploads\/sites\/2\/2020\/07\/personas-hablando-negocios.jpg","jetpack_sharing_enabled":true,"_links":{"self":[{"href":"https:\/\/teletrabajoynegocios.com\/telesecretarias\/wp-json\/wp\/v2\/posts\/1503","targetHints":{"allow":["GET"]}}],"collection":[{"href":"https:\/\/teletrabajoynegocios.com\/telesecretarias\/wp-json\/wp\/v2\/posts"}],"about":[{"href":"https:\/\/teletrabajoynegocios.com\/telesecretarias\/wp-json\/wp\/v2\/types\/post"}],"author":[{"embeddable":true,"href":"https:\/\/teletrabajoynegocios.com\/telesecretarias\/wp-json\/wp\/v2\/users\/1"}],"replies":[{"embeddable":true,"href":"https:\/\/teletrabajoynegocios.com\/telesecretarias\/wp-json\/wp\/v2\/comments?post=1503"}],"version-history":[{"count":1,"href":"https:\/\/teletrabajoynegocios.com\/telesecretarias\/wp-json\/wp\/v2\/posts\/1503\/revisions"}],"predecessor-version":[{"id":1511,"href":"https:\/\/teletrabajoynegocios.com\/telesecretarias\/wp-json\/wp\/v2\/posts\/1503\/revisions\/1511"}],"wp:featuredmedia":[{"embeddable":true,"href":"https:\/\/teletrabajoynegocios.com\/telesecretarias\/wp-json\/wp\/v2\/media\/1510"}],"wp:attachment":[{"href":"https:\/\/teletrabajoynegocios.com\/telesecretarias\/wp-json\/wp\/v2\/media?parent=1503"}],"wp:term":[{"taxonomy":"category","embeddable":true,"href":"https:\/\/teletrabajoynegocios.com\/telesecretarias\/wp-json\/wp\/v2\/categories?post=1503"},{"taxonomy":"post_tag","embeddable":true,"href":"https:\/\/teletrabajoynegocios.com\/telesecretarias\/wp-json\/wp\/v2\/tags?post=1503"}],"curies":[{"name":"wp","href":"https:\/\/api.w.org\/{rel}","templated":true}]}}