{"id":15555,"date":"2023-07-29T10:53:31","date_gmt":"2023-07-29T08:53:31","guid":{"rendered":"https:\/\/teletrabajoynegocios.com\/telesecretarias\/?p=15555"},"modified":"2023-07-25T18:49:53","modified_gmt":"2023-07-25T16:49:53","slug":"telegram-por-fin-escucha-a-sus-usuarios-y-suma-una-de-las-funciones-mas-pedidas","status":"publish","type":"post","link":"https:\/\/teletrabajoynegocios.com\/telesecretarias\/telegram-por-fin-escucha-a-sus-usuarios-y-suma-una-de-las-funciones-mas-pedidas\/","title":{"rendered":"Telegram por fin escucha a sus usuarios y suma una de las funciones m\u00e1s pedidas"},"content":{"rendered":"<div id=\"telet-1708093833\" class=\"telet-antes-del-contenido telet-entity-placement\"><a href=\"https:\/\/quaderno.io\/?via=jose-manuel94\" aria-label=\"Quaderno General (Spanish) &#8211; 728&#215;90\"><img loading=\"lazy\" decoding=\"async\" src=\"https:\/\/teletrabajoynegocios.com\/telesecretarias\/wp-content\/uploads\/sites\/2\/2020\/11\/Quaderno-General-Spanish-728x90-1.png\" alt=\"\"  srcset=\"https:\/\/teletrabajoynegocios.com\/telesecretarias\/wp-content\/uploads\/sites\/2\/2020\/11\/Quaderno-General-Spanish-728x90-1.png 728w, https:\/\/teletrabajoynegocios.com\/telesecretarias\/wp-content\/uploads\/sites\/2\/2020\/11\/Quaderno-General-Spanish-728x90-1-300x37.png 300w\" sizes=\"(max-width: 728px) 100vw, 728px\" width=\"728\" height=\"90\"   \/><\/a><\/div><p>Despu\u00e9s de reclamarlas durante mucho tiempo, <strong>Telegram<\/strong> por fin ha escuchado a sus usuarios y <strong>muy pronto incorporar\u00e1 historias<\/strong>. La nueva caracter\u00edstica <a href=\"https:\/\/t.me\/durov\/213\">fue confirmada<\/a> por Pavel Durov, CEO de la plataforma de mensajer\u00eda, quien brind\u00f3 m\u00e1s detalles sobre cu\u00e1ndo y c\u00f3mo se implementar\u00e1 dentro de la app.<\/p>\n<p>Las historias de Telegram funcionar\u00e1n b\u00e1sicamente del mismo modo que las de Instagram y Messenger, o los estados de WhatsApp. Los usuarios ser\u00e1n capaces de publicar fotos y v\u00eddeos, a\u00f1adir texto y enlaces, o etiquetar a otras personas. En tanto que quienes las vean podr\u00e1n reaccionar a ellas con emojis y comentarios.<\/p>\n<p>Un elemento interesante de las historias de Telegram es que se podr\u00e1n almacenar en una pesta\u00f1a dedicada en el perfil de cada usuario. Y para los canales, Durov coment\u00f3 que est\u00e1n trabajando en una opci\u00f3n para <strong>republicar mensajes en las historias<\/strong>. \u00abVolverse viral en Telegram ser\u00e1 mucho m\u00e1s f\u00e1cil\u00bb, asegur\u00f3.<\/p>\n<p>Al igual que en otras plataformas, las historias de Telegram aparecer\u00e1n como \u00abburbujas\u00bb en la parte superior de la interfaz de la app. Lo diferenciador es que estar\u00e1n ubicadas en un espacio m\u00e1s compacto y que se podr\u00e1 expandir cuando el usuario desee ver qu\u00e9 est\u00e1n publicando sus contactos.<\/p>\n<h2 id=\"h-telegram-permitira-controlar-cuanto-duran-las-historias-y-mas\" class=\"wp-block-heading\">Telegram permitir\u00e1 controlar cu\u00e1nto duran las historias, y m\u00e1s<\/h2>\n<p>Lo mejor de las historias de Telegram es que los usuarios <strong>podr\u00e1n elegir cu\u00e1nto duran<\/strong>. Esto es algo que no se ofrece en pr\u00e1cticamente ninguna \u2014por no decir ninguna\u2014 de las dem\u00e1s aplicaciones que las incorporan. Adem\u00e1s de la duraci\u00f3n \u00abest\u00e1ndar\u00bb de 24 horas, se podr\u00e1 publicar <em>stories<\/em> que <strong>expiren a las 6, 12 o 48 horas<\/strong>. Esto se suma a lo antes comentado de archivar las publicaciones para que aparezcan permanentemente en el perfil.<\/p>\n<p>En <a href=\"https:\/\/hipertextual.com\/2022\/05\/6-ajustes-telegram-mejorar-privacidad\">materia de privacidad<\/a>, quienes usen Telegram podr\u00e1n elegir a qui\u00e9nes quieren mostrarles sus historias. Las fotos y v\u00eddeos ef\u00edmeros se podr\u00e1n mostrar a todos, solo a los contactos (pudiendo establecer excepciones), a una lista de mejores amigos o a contactos espec\u00edficos. Adem\u00e1s, ser\u00e1 posible ocultar las publicaciones de ciertos contactos.<\/p>\n<p>Otra caracter\u00edstica novedosa es que las historias de Telegram <strong>tendr\u00e1n un componente a lo BeReal<\/strong>. Esto se debe a que ofrecer\u00e1n soporte para publicaciones con doble c\u00e1mara. Esto significa que los usuarios podr\u00e1n, por ejemplo, compartir la foto de un paisaje tomada con la c\u00e1mara trasera, mientras posan para un <em>selfie<\/em> tomado con la c\u00e1mara frontal.<\/p>\n<p>Seg\u00fan Pavel Durov, por mucho tiempo los usuarios han pedido por la incorporaci\u00f3n de historias en Telegram. De hecho, el CEO de la app de mensajer\u00eda asegur\u00f3 que m\u00e1s de la mitad de los pedidos de nuevas funciones han estado relacionados con caracter\u00edsticas vinculadas a <em>stories<\/em>. Sin embargo, la plataforma opt\u00f3 por hacer o\u00eddos sordos durante a\u00f1os.<\/p>\n<p>El empresario explic\u00f3 que la negativa a sumar este formato a Telegram era porque <strong>\u00ablas historias ya estaban en todas partes\u00bb<\/strong>. Pese a ello, el p\u00fablico finalmente se ha salido con la suya. \u00abDespu\u00e9s de nuestras pruebas internas con las historias, incluso los esc\u00e9pticos de nuestro equipo comenzaron a apreciarlas. Ya no podemos imaginar Telegram sin ellas\u00bb, asever\u00f3.<\/p>\n<p>Las historias de Telegram est\u00e1n en la fase final de pruebas y <strong>se lanzar\u00e1n formalmente a comienzos de julio<\/strong>. En <a href=\"https:\/\/t.me\/durov\/214\">este v\u00eddeo<\/a> puedes ver un adelanto de c\u00f3mo se ver\u00e1 y funcionar\u00e1 esta caracter\u00edstica.<\/p>\n<p><span class=\"byline\"><span class=\"author vcard\"><a class=\"url fn n\" href=\"https:\/\/hipertextual.com\/author\/gabrielerard\">Gabriel Erard<\/a><\/span><\/span><\/p>\n<div id=\"telet-170364407\" class=\"telet-despues-del-contenido telet-entity-placement\"><a target=\"_blank\" href=\"\/\/aff.lucushost.com\/resources\/click\/?n=gDxoXMAJ&aff=756\"><img decoding=\"async\" border=\"0\" alt=\"LucusHost, el mejor hosting\" src=\"\/\/aff.lucushost.com\/resources\/banners\/?zoneid=5123&n=gDxoXMAJ&aff=756\" \/><\/a><\/div>","protected":false},"excerpt":{"rendered":"<p>Despu\u00e9s de reclamarlas durante mucho tiempo, Telegram por fin ha escuchado a sus usuarios y muy pronto incorporar\u00e1 historias. La nueva caracter\u00edstica fue confirmada por Pavel Durov, CEO de la&hellip; <\/p>\n","protected":false},"author":1,"featured_media":9784,"comment_status":"open","ping_status":"open","sticky":false,"template":"","format":"standard","meta":{"_jetpack_memberships_contains_paid_content":false,"footnotes":"","_links_to":"","_links_to_target":""},"categories":[11],"tags":[15,14],"class_list":["post-15555","post","type-post","status-publish","format-standard","has-post-thumbnail","hentry","category-redes-sociales","tag-fuprisa","tag-jose-manuel-fuentes-prieto"],"nelio_content":{"autoShareEndMode":"never","automationSources":{"useCustomSentences":false,"customSentences":[]},"efiAlt":"","efiUrl":"","followers":[1],"highlights":[],"isAutoShareEnabled":true,"networkImageIds":[],"permalinkQueryArgs":[],"series":[],"suggestedReferences":[]},"jetpack_featured_media_url":"https:\/\/teletrabajoynegocios.com\/telesecretarias\/wp-content\/uploads\/sites\/2\/2022\/07\/chicas-jovenes-leyendo.jpg","jetpack_sharing_enabled":true,"_links":{"self":[{"href":"https:\/\/teletrabajoynegocios.com\/telesecretarias\/wp-json\/wp\/v2\/posts\/15555","targetHints":{"allow":["GET"]}}],"collection":[{"href":"https:\/\/teletrabajoynegocios.com\/telesecretarias\/wp-json\/wp\/v2\/posts"}],"about":[{"href":"https:\/\/teletrabajoynegocios.com\/telesecretarias\/wp-json\/wp\/v2\/types\/post"}],"author":[{"embeddable":true,"href":"https:\/\/teletrabajoynegocios.com\/telesecretarias\/wp-json\/wp\/v2\/users\/1"}],"replies":[{"embeddable":true,"href":"https:\/\/teletrabajoynegocios.com\/telesecretarias\/wp-json\/wp\/v2\/comments?post=15555"}],"version-history":[{"count":1,"href":"https:\/\/teletrabajoynegocios.com\/telesecretarias\/wp-json\/wp\/v2\/posts\/15555\/revisions"}],"predecessor-version":[{"id":15556,"href":"https:\/\/teletrabajoynegocios.com\/telesecretarias\/wp-json\/wp\/v2\/posts\/15555\/revisions\/15556"}],"wp:featuredmedia":[{"embeddable":true,"href":"https:\/\/teletrabajoynegocios.com\/telesecretarias\/wp-json\/wp\/v2\/media\/9784"}],"wp:attachment":[{"href":"https:\/\/teletrabajoynegocios.com\/telesecretarias\/wp-json\/wp\/v2\/media?parent=15555"}],"wp:term":[{"taxonomy":"category","embeddable":true,"href":"https:\/\/teletrabajoynegocios.com\/telesecretarias\/wp-json\/wp\/v2\/categories?post=15555"},{"taxonomy":"post_tag","embeddable":true,"href":"https:\/\/teletrabajoynegocios.com\/telesecretarias\/wp-json\/wp\/v2\/tags?post=15555"}],"curies":[{"name":"wp","href":"https:\/\/api.w.org\/{rel}","templated":true}]}}