{"id":16433,"date":"2023-09-24T11:08:02","date_gmt":"2023-09-24T09:08:02","guid":{"rendered":"https:\/\/teletrabajoynegocios.com\/telesecretarias\/?p=16433"},"modified":"2023-09-21T13:16:01","modified_gmt":"2023-09-21T11:16:01","slug":"la-oficina-virtual-en-el-metaverso-esta-mas-cerca-de-lo-que-piensas","status":"publish","type":"post","link":"https:\/\/teletrabajoynegocios.com\/telesecretarias\/la-oficina-virtual-en-el-metaverso-esta-mas-cerca-de-lo-que-piensas\/","title":{"rendered":"La oficina virtual en el metaverso est\u00e1 m\u00e1s cerca de lo que piensas"},"content":{"rendered":"<div id=\"telet-935946039\" class=\"telet-antes-del-contenido telet-entity-placement\"><a href=\"https:\/\/quaderno.io\/?via=jose-manuel94\" aria-label=\"Quaderno General (Spanish) &#8211; 728&#215;90\"><img loading=\"lazy\" decoding=\"async\" src=\"https:\/\/teletrabajoynegocios.com\/telesecretarias\/wp-content\/uploads\/sites\/2\/2020\/11\/Quaderno-General-Spanish-728x90-1.png\" alt=\"\"  srcset=\"https:\/\/teletrabajoynegocios.com\/telesecretarias\/wp-content\/uploads\/sites\/2\/2020\/11\/Quaderno-General-Spanish-728x90-1.png 728w, https:\/\/teletrabajoynegocios.com\/telesecretarias\/wp-content\/uploads\/sites\/2\/2020\/11\/Quaderno-General-Spanish-728x90-1-300x37.png 300w\" sizes=\"(max-width: 728px) 100vw, 728px\" width=\"728\" height=\"90\"   \/><\/a><\/div><p>Mientras prosigue el debate sobre la vuelta a la oficina, Meta y Apple est\u00e1n desarrollando una nueva forma de trabajar que pasa por el mundo virtual y que refuerza la idea de trabajar en equipo en cualquier lugar del mundo.<\/p>\n<p>Meta tiene una <a title=\"Todo lo que necesitas saber sobre la realidad virtual de Meta: auriculares Quest, nuevos anuncios y m\u00e1s\" href=\"https:\/\/www.businessinsider.es\/todo-necesitas-saber-realidad-virtual-meta-1291742\">gama de gafas de realidad virtual Quest<\/a>, y Apple ya ha presentado sus gafas de realidad mixta <a title=\"Todo lo que ha presentado Apple en la WWDC 2023: Apple Vision Pro es la apuesta a futuro con realidad mixta, iOS 17 y Mac\" href=\"https:\/\/www.businessinsider.es\/apple-wwdc-2023-todo-debes-saber-apple-vr-ios-17-nuevos-mac-1254580\">Vision Pro<\/a> que tienen un precio en Espa\u00f1a de 1.599 euros y cuyos detalles la empresa mantiene en secreto.<\/p>\n<p>Pero, <strong>\u00bfc\u00f3mo ser\u00e1 trabajar en la realidad virtual o aumentada? <\/strong>Esto es lo que sabemos hasta ahora.<\/p>\n<h2>Meta y Apple optimizan sus gafas para la oficina virtual<\/h2>\n<p>Las primeras gafas Oculus Quest de Meta salieron en 2019 y se comercializaron como un dispositivo pensado para los juegos.<\/p>\n<p>Varios modelos m\u00e1s tarde, la compa\u00f1\u00eda se encuentra a punto de sacar al mercado las <a title=\"Mark Zuckerberg presenta las Meta Quest 3: llegar\u00e1n este oto\u00f1o por menos de 570 euros\" href=\"https:\/\/www.businessinsider.es\/zuckerberg-presenta-meta-quest-3-llegaran-otono-menos-570-euros-1254178\">Meta Quest 3<\/a>, que se comercializar\u00e1n en Espa\u00f1a por menos de 570 euros y se lanzar\u00e1n este oto\u00f1o. Prometen \u00abpermitirte<strong> interactuar con contenido virtual y el mundo f\u00edsico simult\u00e1neamente<\/strong>\u00ab, explica la compa\u00f1\u00eda, para una <a title=\"As\u00ed funciona la pantalla de realidad mixta con la que los soldados del ej\u00e9rcito de los Estados Unidos est\u00e1n simulando batallas antes de ir a la guerra\" href=\"https:\/\/www.businessinsider.es\/como-funciona-pantalla-realidad-mixta-ejercito-eeuu-529979\">experiencia de realidad mixta<\/a>.<\/p>\n<p>El <a title=\"Mark Zuckerberg ha perdido 40.000 millones con el metaverso: por qu\u00e9 que a Wall Street no le importa\" href=\"https:\/\/www.businessinsider.es\/zuckerberg-pierde-40000-millones-metaverso-wall-street-no-importa-1281672\">car\u00edsimo sue\u00f1o <\/a>de Mark Zuckerberg es <a title=\"Todo el mundo habla de repente del metaverso, pero yo no entiendo muy bien de qu\u00e9 va este negocio, \u00bfqu\u00e9 es y por qu\u00e9 es tan importante?\" href=\"https:\/\/www.businessinsider.es\/explicacion-metaverso-como-funciona-negocio-cual-futuro-1009947\">construir el metaverso<\/a>, que en sentido amplio se define como <strong>mundos virtuales que suelen incluir alg\u00fan elemento de realidad aumentada<\/strong>, aunque <a title=\"DEP Metaverso: obituario de la \u00faltima moda de la industria tecnol\u00f3gica que acaba en el cementerio \" href=\"https:\/\/www.businessinsider.es\/metaverso-obsesion-zuckerberg-muerto-chatgpt-ha-matado-1242470\">sus planes se han visto truncados<\/a>.<\/p>\n<p><a title=\"Meta lanza Horizon Worlds en Espa\u00f1a, su plataforma social para que interact\u00faes en el metaverso\" href=\"https:\/\/www.businessinsider.es\/meta-lanza-horizon-worlds-espana-plataforma-social-metaverso-1109889\">Horizon Worlds<\/a>, la plataforma virtual multijugador de la empresa, asegura que<strong> ofrece oficinas virtuales <\/strong>donde los empleados pueden \u00abreunirse con compa\u00f1eros de equipo, aportar ideas, compartir presentaciones y hacer cosas\u00bb.<\/p>\n<p>Mientras tanto, se espera que las gafas de realidad mixta <a title=\"Las nuevas gafas de Apple te permiten ver lo que te rodea: as\u00ed funciona su innovadora tecnolog\u00eda EyeSight\" href=\"https:\/\/www.businessinsider.es\/permiten-ver-exterior-apple-vision-pro-primeras-gafas-1256284\">Vision Pro de Apple<\/a>, de 1.600 euros, sean <strong>el mayor lanzamiento de hardware de la empresa desde el iPhone<\/strong> cuando se estrenen el a\u00f1o que viene, pero Apple <a title=\"Tim Cook asegura que usa diariamente las Vision Pro, pero sigue sin ense\u00f1ar fotos\" href=\"https:\/\/www.businessinsider.es\/tim-cook-dice-usa-mucho-apple-vision-pro-pero-no-ensena-fotos-1285570\">mantiene los detalles en secreto por ahora<\/a>.<\/p>\n<p>Se presenta como una mezcla de<strong> entretenimiento, productividad y comunicaci\u00f3n <\/strong>que \u00abfusiona a la perfecci\u00f3n el contenido digital con el espacio f\u00edsico\u00bb y se controla mediante movimientos oculares, gestos con las manos y comandos de voz.<\/p>\n<h2>Los elevados precios y la calidad de los avatares suscitan dudas sobre su recibimiento entre el p\u00fablico masivo<\/h2>\n<p>Para que las gafas de realidad mixta alteren nuestra forma de trabajar, <strong>hay que tener en cuenta el precio.<\/strong><\/p>\n<p>Para empezar, es probable que los primeros en adoptar los lugares de trabajo virtuales sean los empleados de oficina. Aun as\u00ed, el precio tendr\u00eda que bajar sustancialmente <strong>para que el trabajo de realidad virtual fuera accesible a las masas<\/strong>.<\/p>\n<p>La gente alucin\u00f3 cuando Apple anunci\u00f3 el precio de 3.500 d\u00f3lares y 1.500 euros en Espa\u00f1a de la realidad mixta de las Vision Pro. Y aunque las Quest 3 de Meta son bastante m\u00e1s baratas, 500 euros no es moco de pavo.<\/p>\n<p>Tambi\u00e9n las reacciones iniciales de la gente a esta tecnolog\u00eda muestran que las capacidades de estas gafas, y de cualquier herramienta que permita el mundo virtual, <strong>podr\u00edan dejar mucho que desear<\/strong>, al menos por ahora.<\/p>\n<p>Cuando <a title=\"Mark Zuckerberg desvela su nuevo avatar para el metaverso despu\u00e9s de que los usuarios se burlaran de la versi\u00f3n anterior por tener una apariencia de los videojuegos de los a\u00f1os 90\" href=\"https:\/\/www.businessinsider.es\/mark-zuckerberg-desvela-nuevo-avatar-metaverso-1111903\">Zuckerberg desvel\u00f3 su avatar en 2022<\/a> \u2014utilizando Horizon Worlds\u2014 frente a una Torre Eiffel digital y la Sagrada Familia de Barcelona,<strong> llovieron las cr\u00edticas.<\/strong><\/p>\n<p>Los espectadores se burlaron del aspecto muerto de los ojos de su avatar, de los rudimentarios gr\u00e1ficos del fondo y, por supuesto, de la desaparici\u00f3n de sus piernas en el mundo virtual.<\/p>\n<p>M\u00e1s tarde, Zuckerberg reconoci\u00f3 que la imagen era \u00abb\u00e1sica\u00bb y pareci\u00f3 hacer control de da\u00f1os con <a title=\"As\u00ed es el nuevo avatar de Mark Zuckerberg, con piernas y un estilo gr\u00e1fico mucho m\u00e1s depurado para evitar nuevas cr\u00edticas \" href=\"https:\/\/www.businessinsider.es\/mark-zuckerberg-ensena-avatar-remodelado-refinado-tiempo-real-1139253\">un nuevo avatar que ten\u00eda ojos y piernas<\/a> y escribi\u00f3: \u00abLos gr\u00e1ficos de Horizon son capaces de mucho m\u00e1s \u2014incluso con las gafas\u2014 y est\u00e1 mejorando muy r\u00e1pidamente\u00bb.<\/p>\n<h2>La necesidad de gafas de realidad virtual en la oficina es un debate para el futuro<\/h2>\n<p>Alistair Barr, de<em> Business Insider,<\/em> public\u00f3 que, si bien Apple hab\u00eda conseguido convertir dispositivos funcionales como el iPhone y el MacBook en s\u00edmbolos de estatus, parece que <strong>no va a repetir ese \u00e9xito con el Vision Pro <\/strong><a title=\"Apple necesita un nuevo dispositivo de \u00e9xito, pero sus gafas de realidad mixta no son lo que busca\" href=\"https:\/\/www.businessinsider.es\/apple-necesita-producto-exito-futuras-gafas-no-lograran-1176316\">a corto plazo.<\/a> Y muchos en las redes sociales han comparado el aspecto del Vision Pro con unas gafas de esqu\u00ed.<\/p>\n<p>Tambi\u00e9n hay, por supuesto, una cuesti\u00f3n m\u00e1s fundamental sobre las gafas. <strong>\u00bfQui\u00e9n est\u00e1 dispuesto a pasar largas horas con las lentes puestas? <\/strong>Si este es el <a title=\"Bill Gates dice que la mayor\u00eda de las reuniones virtuales se trasladar\u00e1n al metaverso dentro de 3 a\u00f1os, y los trabajadores interactuar\u00e1n usando gafas y avatares de realidad virtual\" href=\"https:\/\/www.businessinsider.es\/bill-gates-anticipa-metaverso-acogera-reuniones-trabajo-978461\">futuro de los espacios de trabajo<\/a>, existen varios problemas, pero que tus compa\u00f1eros te vean en las reuniones como una persona y no como un avatar digital no es realmente uno de ellos.<\/p>\n<p>Parece que <strong>Meta y Apple tienen un largo camino por delante <\/strong>si quieren que sus gafas de realidad mixta transformen nuestra forma de trabajar.<\/p>\n<p>Pero si logran superar todos los obst\u00e1culos, o si lo hacen otros competidores que a\u00fan est\u00e1n por llegar, a<strong>lg\u00fan d\u00eda podr\u00eda haber un mundo completamente nuevo <\/strong>en los espacios de trabajo, aunque sean virtuales.<\/p>\n<p><a href=\"https:\/\/www.businessinsider.es\/\"><em>Miriam P\u00e9rez<\/em><\/a><\/p>\n<div id=\"telet-1017052687\" class=\"telet-despues-del-contenido telet-entity-placement\"><a target=\"_blank\" href=\"\/\/aff.lucushost.com\/resources\/click\/?n=gDxoXMAJ&aff=756\"><img decoding=\"async\" border=\"0\" alt=\"LucusHost, el mejor hosting\" src=\"\/\/aff.lucushost.com\/resources\/banners\/?zoneid=5123&n=gDxoXMAJ&aff=756\" \/><\/a><\/div>","protected":false},"excerpt":{"rendered":"<p>Mientras prosigue el debate sobre la vuelta a la oficina, Meta y Apple est\u00e1n desarrollando una nueva forma de trabajar que pasa por el mundo virtual y que refuerza la&hellip; <\/p>\n","protected":false},"author":1,"featured_media":16434,"comment_status":"open","ping_status":"open","sticky":false,"template":"","format":"standard","meta":{"_jetpack_memberships_contains_paid_content":false,"footnotes":"","_links_to":"","_links_to_target":""},"categories":[8],"tags":[15,14],"class_list":["post-16433","post","type-post","status-publish","format-standard","has-post-thumbnail","hentry","category-vida-social","tag-fuprisa","tag-jose-manuel-fuentes-prieto"],"nelio_content":{"autoShareEndMode":"never","automationSources":{"useCustomSentences":false,"customSentences":[]},"efiAlt":"","efiUrl":"","followers":[1],"highlights":[],"isAutoShareEnabled":true,"networkImageIds":[],"permalinkQueryArgs":[],"series":[],"suggestedReferences":[]},"jetpack_featured_media_url":"https:\/\/teletrabajoynegocios.com\/telesecretarias\/wp-content\/uploads\/sites\/2\/2023\/09\/ofivirtual.jpg","jetpack_sharing_enabled":true,"_links":{"self":[{"href":"https:\/\/teletrabajoynegocios.com\/telesecretarias\/wp-json\/wp\/v2\/posts\/16433","targetHints":{"allow":["GET"]}}],"collection":[{"href":"https:\/\/teletrabajoynegocios.com\/telesecretarias\/wp-json\/wp\/v2\/posts"}],"about":[{"href":"https:\/\/teletrabajoynegocios.com\/telesecretarias\/wp-json\/wp\/v2\/types\/post"}],"author":[{"embeddable":true,"href":"https:\/\/teletrabajoynegocios.com\/telesecretarias\/wp-json\/wp\/v2\/users\/1"}],"replies":[{"embeddable":true,"href":"https:\/\/teletrabajoynegocios.com\/telesecretarias\/wp-json\/wp\/v2\/comments?post=16433"}],"version-history":[{"count":1,"href":"https:\/\/teletrabajoynegocios.com\/telesecretarias\/wp-json\/wp\/v2\/posts\/16433\/revisions"}],"predecessor-version":[{"id":16435,"href":"https:\/\/teletrabajoynegocios.com\/telesecretarias\/wp-json\/wp\/v2\/posts\/16433\/revisions\/16435"}],"wp:featuredmedia":[{"embeddable":true,"href":"https:\/\/teletrabajoynegocios.com\/telesecretarias\/wp-json\/wp\/v2\/media\/16434"}],"wp:attachment":[{"href":"https:\/\/teletrabajoynegocios.com\/telesecretarias\/wp-json\/wp\/v2\/media?parent=16433"}],"wp:term":[{"taxonomy":"category","embeddable":true,"href":"https:\/\/teletrabajoynegocios.com\/telesecretarias\/wp-json\/wp\/v2\/categories?post=16433"},{"taxonomy":"post_tag","embeddable":true,"href":"https:\/\/teletrabajoynegocios.com\/telesecretarias\/wp-json\/wp\/v2\/tags?post=16433"}],"curies":[{"name":"wp","href":"https:\/\/api.w.org\/{rel}","templated":true}]}}