{"id":16436,"date":"2023-09-25T11:16:43","date_gmt":"2023-09-25T09:16:43","guid":{"rendered":"https:\/\/teletrabajoynegocios.com\/telesecretarias\/?p=16436"},"modified":"2023-09-26T16:41:46","modified_gmt":"2023-09-26T14:41:46","slug":"whatsapp-se-conectara-a-telegram-tras-una-inminente-actualizacion","status":"publish","type":"post","link":"https:\/\/teletrabajoynegocios.com\/telesecretarias\/whatsapp-se-conectara-a-telegram-tras-una-inminente-actualizacion\/","title":{"rendered":"WhatsApp se \u00abconectar\u00e1\u00bb a Telegram tras una inminente actualizaci\u00f3n"},"content":{"rendered":"<div id=\"telet-4220219899\" class=\"telet-antes-del-contenido telet-entity-placement\"><a href=\"https:\/\/quaderno.io\/?via=jose-manuel94\" aria-label=\"Quaderno General (Spanish) &#8211; 728&#215;90\"><img loading=\"lazy\" decoding=\"async\" src=\"https:\/\/teletrabajoynegocios.com\/telesecretarias\/wp-content\/uploads\/sites\/2\/2020\/11\/Quaderno-General-Spanish-728x90-1.png\" alt=\"\"  srcset=\"https:\/\/teletrabajoynegocios.com\/telesecretarias\/wp-content\/uploads\/sites\/2\/2020\/11\/Quaderno-General-Spanish-728x90-1.png 728w, https:\/\/teletrabajoynegocios.com\/telesecretarias\/wp-content\/uploads\/sites\/2\/2020\/11\/Quaderno-General-Spanish-728x90-1-300x37.png 300w\" sizes=\"(max-width: 728px) 100vw, 728px\" width=\"728\" height=\"90\"   \/><\/a><\/div><p>WhatsApp ya est\u00e1 comenzando a trabajar en la implementaci\u00f3n de una funci\u00f3n que, a principios de 2024, ser\u00e1 obligatoria en Europa por la <a href=\"https:\/\/hipertextual.com\/2023\/09\/ley-de-mercados-digitales-guardianes-de-acceso-servicios-afectados\">nueva Ley de Mercados Digitales<\/a>. La app de mensajer\u00eda, en concreto,<strong> est\u00e1 desarrollando una secci\u00f3n destinada a la interoperabilidad de chats<\/strong>, donde los usuarios podr\u00e1n ver y responder mensajes recibidos a trav\u00e9s de una aplicaci\u00f3n de terceros.<\/p>\n<p>Esta funci\u00f3n llega despu\u00e9s de que la Comisi\u00f3n Europea considere que WhatsApp es una compa\u00f1\u00eda \u201cguardi\u00e1n\u201d para la nueva ley que pretende acabar con la competencia desleal y el abuso de poder de las grandes tecnol\u00f3gicas frente a otros servicios o plataformas m\u00e1s peque\u00f1as. Con la interoperabilidad de chats, los usuarios de otras aplicaciones podr\u00e1n escribir a usuarios de WhatsApp <strong>sin necesidad de que ellos tengan una cuenta en la plataforma de Meta<\/strong>. Por ejemplo, un usuario de Telegram podr\u00e1 escribir a alguien de WhatsApp, y los chats, aparentemente, aparecer\u00e1n en la mencionada secci\u00f3n.<\/p>\n<p>Tal y como ha revelado el portal <em><a href=\"https:\/\/wabetainfo.com\/whatsapp-beta-for-android-2-23-19-8-whats-new\/\">Wabetainfo<\/a><\/em>, la funci\u00f3n aparece en la \u00faltima versi\u00f3n beta de WhatsApp, aunque todav\u00eda no est\u00e1 disponible oficialmente, pues la compa\u00f1\u00eda contin\u00faa trabajando en ella. Meta, propietaria de la app, <strong>deber\u00e1 tenerla lista antes de marzo de 2024<\/strong>. Y es que la Comisi\u00f3n Europea ha puesto un plazo de 6 meses para que aquellas compa\u00f1\u00edas consideradas como \u201cguardi\u00e1n\u201d realicen los cambios necesarios para que cumplan con la nueva Ley de Mercados digitales.<\/p>\n<h2 id=\"h-whatsapp-de-las-pocas-aplicaciones-de-mensajeria-consideradas-como-guardianes\" class=\"wp-block-heading has-text-align-left\">WhatsApp, de las pocas aplicaciones de mensajer\u00eda consideradas como \u201cGuardianes\u201d<\/h2>\n<p>No est\u00e1 claro, eso s\u00ed, si la interoperabilidad de chats afectar\u00e1 el cifrado de extremo a extremo de WhatsApp. Tampoco, si algunas de las funciones de la app de mensajer\u00eda se podr\u00e1n utilizar en aquellas conversaciones donde el remitente o el destinatario participa desde una aplicaci\u00f3n de terceros.<\/p>\n<p>Curiosamente, en la secci\u00f3n de aplicaciones de mensajer\u00eda de la Comisi\u00f3n Europea, <strong>solo aparecen como \u201cguardianes\u201d dos servicios de Meta<\/strong>. Son, en concreto, WhatsApp y Facebook Messenger. Esta \u00faltima plataforma tambi\u00e9n deber\u00e1 activar la interoperabilidad de mensajes antes del pr\u00f3ximo mes de marzo.<\/p>\n<p>Por el momento, <strong>la plataforma de mensajes de Apple no ha sido considerada \u201cguardi\u00e1n\u201d<\/strong>. La compa\u00f1\u00eda de Cupertino afirma que en Europa su servicio no tiene tanto poder. Sucede algo similar con Microsoft y Bing, quien afirma que su buscador apenas tiene cuota de mercado en la Uni\u00f3n Europa. En ambos casos, la Comisi\u00f3n Europea se encuentra investigando si cumplen o no las condiciones, y tomar\u00e1 una decisi\u00f3n m\u00e1s concluyente en las pr\u00f3ximas semanas.<\/p>\n<p><span class=\"byline\"><span class=\"author vcard\"><a class=\"url fn n\" href=\"https:\/\/hipertextual.com\/author\/rubenchicharro\">Rub\u00e9n Chicharro<\/a><\/span><\/span><\/p>\n<div id=\"telet-3120934408\" class=\"telet-despues-del-contenido telet-entity-placement\"><a target=\"_blank\" href=\"\/\/aff.lucushost.com\/resources\/click\/?n=gDxoXMAJ&aff=756\"><img decoding=\"async\" border=\"0\" alt=\"LucusHost, el mejor hosting\" src=\"\/\/aff.lucushost.com\/resources\/banners\/?zoneid=5123&n=gDxoXMAJ&aff=756\" \/><\/a><\/div>","protected":false},"excerpt":{"rendered":"<p>WhatsApp ya est\u00e1 comenzando a trabajar en la implementaci\u00f3n de una funci\u00f3n que, a principios de 2024, ser\u00e1 obligatoria en Europa por la nueva Ley de Mercados Digitales. La app&hellip; <\/p>\n","protected":false},"author":1,"featured_media":1951,"comment_status":"open","ping_status":"open","sticky":false,"template":"","format":"standard","meta":{"_jetpack_memberships_contains_paid_content":false,"footnotes":"","_links_to":"","_links_to_target":""},"categories":[9],"tags":[15,14],"class_list":["post-16436","post","type-post","status-publish","format-standard","has-post-thumbnail","hentry","category-ofimatica","tag-fuprisa","tag-jose-manuel-fuentes-prieto"],"nelio_content":{"autoShareEndMode":"never","automationSources":{"useCustomSentences":false,"customSentences":[]},"efiAlt":"","efiUrl":"","followers":[1],"highlights":[],"isAutoShareEnabled":true,"networkImageIds":[],"permalinkQueryArgs":[],"series":[],"suggestedReferences":[]},"jetpack_featured_media_url":"https:\/\/teletrabajoynegocios.com\/telesecretarias\/wp-content\/uploads\/sites\/2\/2020\/09\/mujer-disfrutando-paseo-campo.jpg","jetpack_sharing_enabled":true,"_links":{"self":[{"href":"https:\/\/teletrabajoynegocios.com\/telesecretarias\/wp-json\/wp\/v2\/posts\/16436","targetHints":{"allow":["GET"]}}],"collection":[{"href":"https:\/\/teletrabajoynegocios.com\/telesecretarias\/wp-json\/wp\/v2\/posts"}],"about":[{"href":"https:\/\/teletrabajoynegocios.com\/telesecretarias\/wp-json\/wp\/v2\/types\/post"}],"author":[{"embeddable":true,"href":"https:\/\/teletrabajoynegocios.com\/telesecretarias\/wp-json\/wp\/v2\/users\/1"}],"replies":[{"embeddable":true,"href":"https:\/\/teletrabajoynegocios.com\/telesecretarias\/wp-json\/wp\/v2\/comments?post=16436"}],"version-history":[{"count":1,"href":"https:\/\/teletrabajoynegocios.com\/telesecretarias\/wp-json\/wp\/v2\/posts\/16436\/revisions"}],"predecessor-version":[{"id":16437,"href":"https:\/\/teletrabajoynegocios.com\/telesecretarias\/wp-json\/wp\/v2\/posts\/16436\/revisions\/16437"}],"wp:featuredmedia":[{"embeddable":true,"href":"https:\/\/teletrabajoynegocios.com\/telesecretarias\/wp-json\/wp\/v2\/media\/1951"}],"wp:attachment":[{"href":"https:\/\/teletrabajoynegocios.com\/telesecretarias\/wp-json\/wp\/v2\/media?parent=16436"}],"wp:term":[{"taxonomy":"category","embeddable":true,"href":"https:\/\/teletrabajoynegocios.com\/telesecretarias\/wp-json\/wp\/v2\/categories?post=16436"},{"taxonomy":"post_tag","embeddable":true,"href":"https:\/\/teletrabajoynegocios.com\/telesecretarias\/wp-json\/wp\/v2\/tags?post=16436"}],"curies":[{"name":"wp","href":"https:\/\/api.w.org\/{rel}","templated":true}]}}