{"id":17732,"date":"2023-12-24T20:15:52","date_gmt":"2023-12-24T19:15:52","guid":{"rendered":"https:\/\/teletrabajoynegocios.com\/telesecretarias\/?p=17732"},"modified":"2023-12-26T20:21:48","modified_gmt":"2023-12-26T19:21:48","slug":"meta-desactivara-una-de-las-funciones-mas-utiles-de-instagram-y-facebook-messenger","status":"publish","type":"post","link":"https:\/\/teletrabajoynegocios.com\/telesecretarias\/meta-desactivara-una-de-las-funciones-mas-utiles-de-instagram-y-facebook-messenger\/","title":{"rendered":"Meta desactivar\u00e1 una de las funciones m\u00e1s \u00fatiles de Instagram y Facebook Messenger"},"content":{"rendered":"<div id=\"telet-1167021539\" class=\"telet-antes-del-contenido telet-entity-placement\"><a href=\"https:\/\/quaderno.io\/?via=jose-manuel94\" aria-label=\"Quaderno General (Spanish) &#8211; 728&#215;90\"><img loading=\"lazy\" decoding=\"async\" src=\"https:\/\/teletrabajoynegocios.com\/telesecretarias\/wp-content\/uploads\/sites\/2\/2020\/11\/Quaderno-General-Spanish-728x90-1.png\" alt=\"\"  srcset=\"https:\/\/teletrabajoynegocios.com\/telesecretarias\/wp-content\/uploads\/sites\/2\/2020\/11\/Quaderno-General-Spanish-728x90-1.png 728w, https:\/\/teletrabajoynegocios.com\/telesecretarias\/wp-content\/uploads\/sites\/2\/2020\/11\/Quaderno-General-Spanish-728x90-1-300x37.png 300w\" sizes=\"(max-width: 728px) 100vw, 728px\" width=\"728\" height=\"90\"   \/><\/a><\/div><p>Meta ha anunciado que <strong>eliminar\u00e1 <a href=\"https:\/\/hipertextual.com\/2019\/08\/facebook-planea-unificar-mensajes-instagram-facebook-messenger\">la integraci\u00f3n<\/a> entre Instagram y Facebook Messenger<\/strong>; funci\u00f3n que la compa\u00f1\u00eda present\u00f3 en 2020 y que permit\u00eda a los usuarios chatear con personas de Facebook a trav\u00e9s de la propia aplicaci\u00f3n de Instagram o viceversa.<\/p>\n<p>Esta caracter\u00edstica ten\u00eda como objetivo<strong> crear una especie de\u00a0infraestructura de mensajer\u00eda subyacente entre las tres aplicaciones de Meta.<\/strong> Por un lado, Instagram, y m\u00e1s concretamente los mensajes directos, que es una de las funciones m\u00e1s utilizadas de la plataforma. Por otro, Facebook Messenger, que incluso tiene una aplicaci\u00f3n independiente. WhatsApp tambi\u00e9n estaba en la ecuaci\u00f3n, aunque nunca ha llegado a estar disponible.<\/p>\n<p>Estos planes, por tanto, se cancelar\u00e1n<strong> a partir de mediados de este diciembre<\/strong>. Meta, en concreto, eliminar\u00e1 las siguientes funciones disponibles actualmente, tal y como refleja <a href=\"https:\/\/help.instagram.com\/654906392080948\">en su p\u00e1gina de soporte<\/a>.<\/p>\n<ul>\n<li>No podr\u00e1s iniciar nuevas conversaciones o llamadas con cuentas de Facebook desde Instagram.<\/li>\n<li>Cualquier chat existente en Instagram que haya tenido con cuentas de Facebook ser\u00e1 de solo lectura, incluso si estas cuentas de Facebook se eliminan del chat.\u00a0Esto significa que t\u00fa y otras personas con cuentas de Instagram no pueden enviar mensajes nuevos en estos chats.<\/li>\n<li>Las cuentas de Facebook no podr\u00e1n ver tu estado de actividad ni si has visto un mensaje.<\/li>\n<li>Cualquier chat existente que haya tenido con cuentas de Facebook no se trasladar\u00e1 a su bandeja de entrada en Facebook o Messenger.<\/li>\n<\/ul>\n<p>En el caso de que el usuario quiera continuar con la conversaci\u00f3n, deber\u00e1 iniciar sesi\u00f3n en Facebook Messenger (en el caso de que el destinatario use Facebook) o en Instagram (si el destinatario utiliza los mensajes directos).<\/p>\n<h2 id=\"h-meta-se-prepara-para-cumplir-la-ley-de-mercados-digitales-con-instagram-y-facebook\" class=\"wp-block-heading\">Meta se prepara para cumplir la Ley de Mercados Digitales con Instagram y Facebook<\/h2>\n<p>Si bien la desactivaci\u00f3n de esta funci\u00f3n es una noticia negativa para aquellos usuarios que lo utilizaban \u2014sobre todo, aquellos de Estados Unidos y Latinoam\u00e9rica, donde estaba disponible la caracter\u00edstica\u2014, esta decisi\u00f3n por parte de Meta podr\u00eda tener sentido. Sobre todo, si tenemos en cuenta que <strong>la compa\u00f1\u00eda debe cumplir la <a href=\"https:\/\/hipertextual.com\/2022\/03\/ley-de-mercados-digitales-union-europea\">Ley de Mercados Digitales<\/a> (DMA, por sus siglas en ingl\u00e9s) de la Uni\u00f3n Europea.<\/strong><\/p>\n<p>Esta ley, en concreto, obliga a aquellas grandes empresas tecnol\u00f3gicas <strong>a crear una interoperabilidad entre sus aplicaciones de mensajer\u00edas<\/strong> con, incluso, otras apps de terceros.<\/p>\n<p>De este modo, un usuario que hace uso de WhatsApp, puede escribir a alguien que utiliza, por ejemplo, Telegram. Esto tambi\u00e9n afecta a aplicaciones de mensajer\u00eda de la propia compa\u00f1\u00eda. Por tanto, la integraci\u00f3n entre Instagram y Facebook Messenger volver\u00eda a estar disponible en los pr\u00f3ximos meses.<\/p>\n<p><span class=\"byline\"><span class=\"author vcard\"><a class=\"url fn n\" href=\"https:\/\/hipertextual.com\/author\/rubenchicharro\">Rub\u00e9n Chicharro<\/a><\/span><\/span><\/p>\n<div id=\"telet-96305628\" class=\"telet-despues-del-contenido telet-entity-placement\"><a target=\"_blank\" href=\"\/\/aff.lucushost.com\/resources\/click\/?n=gDxoXMAJ&aff=756\"><img decoding=\"async\" border=\"0\" alt=\"LucusHost, el mejor hosting\" src=\"\/\/aff.lucushost.com\/resources\/banners\/?zoneid=5123&n=gDxoXMAJ&aff=756\" \/><\/a><\/div>","protected":false},"excerpt":{"rendered":"<p>Meta ha anunciado que eliminar\u00e1 la integraci\u00f3n entre Instagram y Facebook Messenger; funci\u00f3n que la compa\u00f1\u00eda present\u00f3 en 2020 y que permit\u00eda a los usuarios chatear con personas de Facebook&hellip; <\/p>\n","protected":false},"author":1,"featured_media":17733,"comment_status":"open","ping_status":"open","sticky":false,"template":"","format":"standard","meta":{"_jetpack_memberships_contains_paid_content":false,"footnotes":"","_links_to":"","_links_to_target":""},"categories":[11],"tags":[15,14],"class_list":["post-17732","post","type-post","status-publish","format-standard","has-post-thumbnail","hentry","category-redes-sociales","tag-fuprisa","tag-jose-manuel-fuentes-prieto"],"nelio_content":{"autoShareEndMode":"never","automationSources":{"useCustomSentences":false,"customSentences":[]},"efiAlt":"","efiUrl":"","followers":[1],"highlights":[],"isAutoShareEnabled":true,"networkImageIds":[],"permalinkQueryArgs":[],"series":[],"suggestedReferences":[]},"jetpack_featured_media_url":"https:\/\/teletrabajoynegocios.com\/telesecretarias\/wp-content\/uploads\/sites\/2\/2023\/12\/threads-trafico.jpg","jetpack_sharing_enabled":true,"_links":{"self":[{"href":"https:\/\/teletrabajoynegocios.com\/telesecretarias\/wp-json\/wp\/v2\/posts\/17732","targetHints":{"allow":["GET"]}}],"collection":[{"href":"https:\/\/teletrabajoynegocios.com\/telesecretarias\/wp-json\/wp\/v2\/posts"}],"about":[{"href":"https:\/\/teletrabajoynegocios.com\/telesecretarias\/wp-json\/wp\/v2\/types\/post"}],"author":[{"embeddable":true,"href":"https:\/\/teletrabajoynegocios.com\/telesecretarias\/wp-json\/wp\/v2\/users\/1"}],"replies":[{"embeddable":true,"href":"https:\/\/teletrabajoynegocios.com\/telesecretarias\/wp-json\/wp\/v2\/comments?post=17732"}],"version-history":[{"count":2,"href":"https:\/\/teletrabajoynegocios.com\/telesecretarias\/wp-json\/wp\/v2\/posts\/17732\/revisions"}],"predecessor-version":[{"id":17735,"href":"https:\/\/teletrabajoynegocios.com\/telesecretarias\/wp-json\/wp\/v2\/posts\/17732\/revisions\/17735"}],"wp:featuredmedia":[{"embeddable":true,"href":"https:\/\/teletrabajoynegocios.com\/telesecretarias\/wp-json\/wp\/v2\/media\/17733"}],"wp:attachment":[{"href":"https:\/\/teletrabajoynegocios.com\/telesecretarias\/wp-json\/wp\/v2\/media?parent=17732"}],"wp:term":[{"taxonomy":"category","embeddable":true,"href":"https:\/\/teletrabajoynegocios.com\/telesecretarias\/wp-json\/wp\/v2\/categories?post=17732"},{"taxonomy":"post_tag","embeddable":true,"href":"https:\/\/teletrabajoynegocios.com\/telesecretarias\/wp-json\/wp\/v2\/tags?post=17732"}],"curies":[{"name":"wp","href":"https:\/\/api.w.org\/{rel}","templated":true}]}}