{"id":18280,"date":"2024-02-07T11:12:39","date_gmt":"2024-02-07T10:12:39","guid":{"rendered":"https:\/\/teletrabajoynegocios.com\/telesecretarias\/?p=18280"},"modified":"2024-02-07T10:28:22","modified_gmt":"2024-02-07T09:28:22","slug":"las-autonomas-con-hijos-menores-de-tres-anos-pueden-deducirse-1-000-euros-anuales-del-coste-de-guarderia","status":"publish","type":"post","link":"https:\/\/teletrabajoynegocios.com\/telesecretarias\/las-autonomas-con-hijos-menores-de-tres-anos-pueden-deducirse-1-000-euros-anuales-del-coste-de-guarderia\/","title":{"rendered":"Las aut\u00f3nomas con hijos menores de tres a\u00f1os pueden deducirse 1.000 euros anuales del coste de guarder\u00eda"},"content":{"rendered":"<div id=\"telet-376254559\" class=\"telet-antes-del-contenido telet-entity-placement\"><a href=\"https:\/\/quaderno.io\/?via=jose-manuel94\" aria-label=\"Quaderno General (Spanish) &#8211; 728&#215;90\"><img loading=\"lazy\" decoding=\"async\" src=\"https:\/\/teletrabajoynegocios.com\/telesecretarias\/wp-content\/uploads\/sites\/2\/2020\/11\/Quaderno-General-Spanish-728x90-1.png\" alt=\"\"  srcset=\"https:\/\/teletrabajoynegocios.com\/telesecretarias\/wp-content\/uploads\/sites\/2\/2020\/11\/Quaderno-General-Spanish-728x90-1.png 728w, https:\/\/teletrabajoynegocios.com\/telesecretarias\/wp-content\/uploads\/sites\/2\/2020\/11\/Quaderno-General-Spanish-728x90-1-300x37.png 300w\" sizes=\"(max-width: 728px) 100vw, 728px\" width=\"728\" height=\"90\"   \/><\/a><\/div><p>Recientemente la Seguridad Social ha recordado la posibilidad de que las madres trabajadoras, incluidas las aut\u00f3nomas, puedan solicitar\u00a0el <strong>\u2018Cheque Guarder\u00eda&#8217;, una bonificaci\u00f3n con el que pueden\u00a0ahorrar hasta 1.000 euros anuales<\/strong>. Engloba a todas las mujeres que tengan hijos menores de tres a\u00f1os, independientemente del r\u00e9gimen en el que coticen, por lo que las mujeres al frente de un negocio\u00a0tambi\u00e9n pueden acogerse a esta ayuda.<\/p>\n<p>El acceso al cheque guarder\u00eda figura en el <a href=\"https:\/\/www.boe.es\/buscar\/act.php?id=BOE-A-2006-20764&amp;b=117&amp;tn=1&amp;p=20180704#a81\">BOE n\u00fam. 285, de 29\/11\/2006<\/a>, y<strong>\u00a0se suma a la <a href=\"https:\/\/www.autonomosyemprendedor.es\/articulo\/modelos-hacienda\/modelo-140-eat\/20230923205526032345.html\">deducci\u00f3n por maternidad<\/a><\/strong> aplicable a hijos menores de tres a\u00f1os. Aunque, en este caso, s\u00f3lo <strong>afecta exclusivamente a los gastos de la guarder\u00eda<\/strong>.<\/p>\n<h2>Los centros infantiles son los encargados de solicitar el \u2018cheque guarder\u00eda&#8217; en nombre de las aut\u00f3nomas<\/h2>\n<p>Para que una madre aut\u00f3noma pueda ser beneficiaria del \u2018cheque guarder\u00eda&#8217; debe cumplir con los requisitos exigidos en la deducci\u00f3n por maternidad, como <strong>haber estado dada de alta durante, al menos, 15 d\u00edas del mes en el R\u00e9gimen Especial de Trabajadores Aut\u00f3nomos (RETA)<\/strong>. \u201cOtras de las exigencias son que <strong>el menor asista a un centro de educaci\u00f3n infantil o guarder\u00eda autorizada<\/strong> en el que se realicen los pagos de manera habitual y siempre en meses completos\u201d se\u00f1alaron desde la Agencia Tributaria.<\/p>\n<p>A diferencia de otras deducciones por maternidad, <strong>el \u2018cheque guarder\u00eda\u2019 no lo solicitan las madres aut\u00f3nomas, sino los propios centros infantiles<\/strong>. \u00c9stos son los encargados de, durante el mes de enero, <strong>presentar el <a href=\"https:\/\/sede.agenciatributaria.gob.es\/Sede\/procedimientoini\/GI45.shtml\">Modelo 233<\/a><\/strong> de declaraci\u00f3n informativa por gastos en guarder\u00edas o centros de educaci\u00f3n infantil autorizados.<\/p>\n<p>Cuando la comunidad aut\u00f3noma recibe esta informaci\u00f3n, la env\u00eda a la Agencia Tributaria para que la incluya en los datos fiscales del a\u00f1o fiscal. Los expertos explican a este diario que \u201c<strong>las madres que trabajan por cuenta propia tendr\u00e1n que esperar hasta presentar su declaraci\u00f3n de la RENTA para conocer su deducci\u00f3n<\/strong>. Deber\u00e1n completar la casilla correspondiente y luego, la Agencia Estatal de Administraci\u00f3n Tributaria (AEAT) <strong>verificar\u00e1 y comparar\u00e1 la informaci\u00f3n que proporcionaron con los datos otorgados por las guarder\u00edas<\/strong>\u201d.<\/p>\n<h2>Las madres aut\u00f3nomas pueden deducir hasta 1.000 euros al a\u00f1o en la RENTA<\/h2>\n<p>La cuant\u00eda deducible <strong>se calcular\u00e1 en funci\u00f3n de las cotizaciones y las cuotas a la Seguridad Social aportadas por la madre<\/strong> y el n\u00famero de meses que el ni\u00f1o haya estado en el centro escolar. Siendo el m\u00e1ximo los 1.000 euros anuales, que son 83,33 euros al mes.<\/p>\n<p>De manera m\u00e1s concreta, la Agencia Tributaria explic\u00f3 que <strong>la cantidad m\u00e1xima a deducir ser\u00e1 la menor entre estas tres opciones<\/strong>:<\/p>\n<ul>\n<li><strong>83,33 euros mensuales por cada mes completo de guarder\u00eda <\/strong>que la madre haya pagado para su hijo. Esto se contabilizar\u00e1 para todo el a\u00f1o escolar completo, incluso si el ni\u00f1o cumple tres a\u00f1os durante el a\u00f1o.<\/li>\n<li>Las <strong>cotizaciones y cuotas totales a la Seguridad Social<\/strong>, sin contar las bonificaciones que puedan aplicarse.<\/li>\n<li>El <strong>importe anual total del gasto efectivo en la guarder\u00eda quitando las subvenciones<\/strong>. Ser\u00eda este l\u00edmite el que contar\u00eda en el caso de que lo que hubiera abonado la madre al centro educativo en cada mes fuera inferior a 83,3 euros (o la cuota mensual pagada), descontando a esta cuant\u00eda todo el importe de ayudas como, por ejemplo, el cheque guarder\u00eda.<\/li>\n<\/ul>\n<p>El \u2018Cheque Guarder\u00eda\u2019 busca contribuir con las <strong>cuotas pagadas a guarder\u00edas <\/strong>o centros de educaci\u00f3n infantil autorizados, <strong>gastos de preinscripci\u00f3n y matr\u00edcula<\/strong> para ni\u00f1os menores de tres a\u00f1os, <strong>costos asociados a la asistencia<\/strong>, tanto en horario regular como extendido y <strong>gastos de alimentaci\u00f3n.<\/strong><\/p>\n<h2>En caso de fallecimiento de la madre, los aut\u00f3nomos hombres tambi\u00e9n pueden beneficiarse<\/h2>\n<p>\u201cPara saber si las madres pueden obtener los beneficios fiscales en 2024, la Agencia Tributaria proporciona informaci\u00f3n a trav\u00e9s del <a href=\"https:\/\/www2.agenciatributaria.gob.es\/wlpl\/AVAC-CALC\/InformadorRenta?id=11.1.1.1.4.3\" target=\"_blank\" rel=\"noopener\">informador de la Renta<\/a>\u201d. Este documento detalla<strong> los requisitos que deben cumplir las mujeres que trabajan como aut\u00f3nomas para acceder a la deducci\u00f3n por maternidad<\/strong> y al incremento por gastos de guarder\u00eda.<\/p>\n<p>Seg\u00fan la Agencia Tributaria, tienen derecho a la deducci\u00f3n por maternidad, incluyendo el aumento por gastos de custodia las siguientes personas y situaciones:<\/p>\n<ul>\n<li><strong>Madres con hijos menores de 3 a\u00f1os<\/strong> que trabajen por cuenta propia o ajena y est\u00e9n dadas de alta en el r\u00e9gimen correspondiente de la Seguridad Social o Mutualidad.<\/li>\n<li><strong>Padres o tutores legales en caso de fallecimiento de la madre<\/strong> o si se les atribuye la guarda y custodia de manera exclusiva.<\/li>\n<li><strong>Madres o padres del mismo sexo<\/strong> (dos padres o madres adoptantes, una madre biol\u00f3gica y otra adoptante). Si ambos tienen derecho a la deducci\u00f3n por realizar ambos una actividad por cuenta propia o ajena, el importe se repartir\u00e1 entre ellos.<\/li>\n<\/ul>\n<p><span class=\"agency author-name site-color\"><a href=\"https:\/\/www.autonomosyemprendedor.es\/author\/b-triper-i-haro\/\">Andrea Cubas <\/a><\/span><\/p>\n<div id=\"telet-2401102097\" class=\"telet-despues-del-contenido telet-entity-placement\"><a target=\"_blank\" href=\"\/\/aff.lucushost.com\/resources\/click\/?n=gDxoXMAJ&aff=756\"><img decoding=\"async\" border=\"0\" alt=\"LucusHost, el mejor hosting\" src=\"\/\/aff.lucushost.com\/resources\/banners\/?zoneid=5123&n=gDxoXMAJ&aff=756\" \/><\/a><\/div>","protected":false},"excerpt":{"rendered":"<p>Recientemente la Seguridad Social ha recordado la posibilidad de que las madres trabajadoras, incluidas las aut\u00f3nomas, puedan solicitar\u00a0el \u2018Cheque Guarder\u00eda&#8217;, una bonificaci\u00f3n con el que pueden\u00a0ahorrar hasta 1.000 euros anuales.&hellip; <\/p>\n","protected":false},"author":1,"featured_media":18281,"comment_status":"open","ping_status":"open","sticky":false,"template":"","format":"standard","meta":{"_jetpack_memberships_contains_paid_content":false,"footnotes":"","_links_to":"","_links_to_target":""},"categories":[5],"tags":[15,14],"class_list":["post-18280","post","type-post","status-publish","format-standard","has-post-thumbnail","hentry","category-conciliacion","tag-fuprisa","tag-jose-manuel-fuentes-prieto"],"nelio_content":{"autoShareEndMode":"never","automationSources":{"useCustomSentences":false,"customSentences":[]},"efiAlt":"","efiUrl":"","followers":[1],"highlights":[],"isAutoShareEnabled":true,"networkImageIds":[],"permalinkQueryArgs":[],"series":[],"suggestedReferences":[]},"jetpack_featured_media_url":"https:\/\/teletrabajoynegocios.com\/telesecretarias\/wp-content\/uploads\/sites\/2\/2024\/02\/madre-hijas.jpg","jetpack_sharing_enabled":true,"_links":{"self":[{"href":"https:\/\/teletrabajoynegocios.com\/telesecretarias\/wp-json\/wp\/v2\/posts\/18280","targetHints":{"allow":["GET"]}}],"collection":[{"href":"https:\/\/teletrabajoynegocios.com\/telesecretarias\/wp-json\/wp\/v2\/posts"}],"about":[{"href":"https:\/\/teletrabajoynegocios.com\/telesecretarias\/wp-json\/wp\/v2\/types\/post"}],"author":[{"embeddable":true,"href":"https:\/\/teletrabajoynegocios.com\/telesecretarias\/wp-json\/wp\/v2\/users\/1"}],"replies":[{"embeddable":true,"href":"https:\/\/teletrabajoynegocios.com\/telesecretarias\/wp-json\/wp\/v2\/comments?post=18280"}],"version-history":[{"count":1,"href":"https:\/\/teletrabajoynegocios.com\/telesecretarias\/wp-json\/wp\/v2\/posts\/18280\/revisions"}],"predecessor-version":[{"id":18282,"href":"https:\/\/teletrabajoynegocios.com\/telesecretarias\/wp-json\/wp\/v2\/posts\/18280\/revisions\/18282"}],"wp:featuredmedia":[{"embeddable":true,"href":"https:\/\/teletrabajoynegocios.com\/telesecretarias\/wp-json\/wp\/v2\/media\/18281"}],"wp:attachment":[{"href":"https:\/\/teletrabajoynegocios.com\/telesecretarias\/wp-json\/wp\/v2\/media?parent=18280"}],"wp:term":[{"taxonomy":"category","embeddable":true,"href":"https:\/\/teletrabajoynegocios.com\/telesecretarias\/wp-json\/wp\/v2\/categories?post=18280"},{"taxonomy":"post_tag","embeddable":true,"href":"https:\/\/teletrabajoynegocios.com\/telesecretarias\/wp-json\/wp\/v2\/tags?post=18280"}],"curies":[{"name":"wp","href":"https:\/\/api.w.org\/{rel}","templated":true}]}}