{"id":18637,"date":"2024-03-08T09:56:49","date_gmt":"2024-03-08T08:56:49","guid":{"rendered":"https:\/\/teletrabajoynegocios.com\/telesecretarias\/?p=18637"},"modified":"2024-03-05T10:16:06","modified_gmt":"2024-03-05T09:16:06","slug":"whatsapp-anade-una-opcion-para-darle-mejor-formato-a-tus-mensajes","status":"publish","type":"post","link":"https:\/\/teletrabajoynegocios.com\/telesecretarias\/whatsapp-anade-una-opcion-para-darle-mejor-formato-a-tus-mensajes\/","title":{"rendered":"WhatsApp a\u00f1ade una opci\u00f3n para darle mejor formato a tus mensajes"},"content":{"rendered":"<div id=\"telet-3613441023\" class=\"telet-antes-del-contenido telet-entity-placement\"><a href=\"https:\/\/quaderno.io\/?via=jose-manuel94\" aria-label=\"Quaderno General (Spanish) &#8211; 728&#215;90\"><img loading=\"lazy\" decoding=\"async\" src=\"https:\/\/teletrabajoynegocios.com\/telesecretarias\/wp-content\/uploads\/sites\/2\/2020\/11\/Quaderno-General-Spanish-728x90-1.png\" alt=\"\"  srcset=\"https:\/\/teletrabajoynegocios.com\/telesecretarias\/wp-content\/uploads\/sites\/2\/2020\/11\/Quaderno-General-Spanish-728x90-1.png 728w, https:\/\/teletrabajoynegocios.com\/telesecretarias\/wp-content\/uploads\/sites\/2\/2020\/11\/Quaderno-General-Spanish-728x90-1-300x37.png 300w\" sizes=\"(max-width: 728px) 100vw, 728px\" width=\"728\" height=\"90\"   \/><\/a><\/div><p><strong>WhatsApp ha a\u00f1adido una nueva caracter\u00edstica<\/strong> para mejorar el estilo de nuestros mensajes. Si eres de las personas que gusta de separar sus ideas, te alegrar\u00e1 saber que el cliente de mensajer\u00eda agreg\u00f3 <strong>cuatro opciones de formato de texto<\/strong>. A partir de hoy podr\u00e1s usar listas, vi\u00f1etas y m\u00e1s para comunicarte de un modo m\u00e1s efectivo.<\/p>\n<p>El formato de texto es <a href=\"https:\/\/hipertextual.com\/2020\/05\/cambiar-formato-fuente-letra-whatsapp\">una funci\u00f3n que debut\u00f3 hace un tiempo<\/a> en las aplicaciones de WhatsApp y <strong>permite cambiar la letra con atajos<\/strong>. Los usuarios pueden escribir en negritas para resaltar una palabra o frase clave, usar las cursivas para expresar emociones, o tachar el texto para denotar alguna correcci\u00f3n. Estas herramientas <strong>se han convertido en aliadas de quienes prefieren mensajes claros<\/strong> y mejor organizados.<\/p>\n<p>La buena noticia es que Meta agreg\u00f3 cuatro opciones para formatear el texto, entre las que se incluyen las <strong>listas con vi\u00f1etas, listas numeradas, citas en bloque y c\u00f3digo en l\u00ednea<\/strong>. Las primeras dos funcionan igual a lo que hacemos en Word o cualquier procesador de textos y a\u00f1aden vi\u00f1etas o n\u00fameros de forma autom\u00e1tica a una lista. Esto significa que no deber\u00e1s a\u00f1adir un guion o n\u00famero en cada salto de l\u00ednea, ya que WhatsApp lo har\u00e1 por ti.<\/p>\n<p>Por otro lado, las citas en bloque son <strong>perfectas para cuando compartimos una cita famosa<\/strong> o el fragmento de un texto. Hasta hace un tiempo, los usuarios optaban por escribirlo en cursivas para diferenciarlo de los mensajes normales, pero ya no ser\u00e1 necesario. A partir de hoy, WhatsApp a\u00f1adir\u00e1 un separador vertical y organizar\u00e1 el mensaje en un bloque.<\/p>\n<p>Por \u00faltimo<strong>, el c\u00f3digo en l\u00ednea es \u00fatil para escribir c\u00f3digo fuente en un mensaje.<\/strong> Si eres programador podr\u00e1s enviar fragmentos de c\u00f3digo con el formato adecuado, dejando de lado la opci\u00f3n del <code>monospace<\/code>.<\/p>\n<h2 id=\"h-el-formato-de-texto-en-whatsapp-ya-esta-disponible-para-todos-los-usuarios\" class=\"wp-block-heading\">El formato de texto en WhatsApp ya est\u00e1 disponible para todos los usuarios<\/h2>\n<p>Las nuevas opciones de formato de texto <strong>se activan por medio de un atajo<\/strong>, igual que hacemos con las negritas. Esta caracter\u00edstica ya est\u00e1 disponible en WhatsApp para Android, iOS, Web, Mac y Windows y s<strong>e puede utilizar en los chats individuales, grupos o canales<\/strong>.<\/p>\n<p>Para sacarles provecho, a continuaci\u00f3n te dejamos el caracter que deber\u00e1s escribir antes de tus mensajes para activarlo.<\/p>\n<figure class=\"wp-block-table\">\n<table>\n<thead>\n<tr>\n<th>Formato de texto<\/th>\n<th>Atajo<\/th>\n<\/tr>\n<\/thead>\n<tbody>\n<tr>\n<td>\u2022 Lista con vi\u00f1etas<\/td>\n<td>&#8211; Mensaje<\/td>\n<\/tr>\n<tr>\n<td>1. Lista numerada<\/td>\n<td>1. Mensaje<\/td>\n<\/tr>\n<tr>\n<td>| Bloque de cita<\/td>\n<td>&gt; Mensaje<\/td>\n<\/tr>\n<tr>\n<td><code>C\u00f3digo en l\u00ednea<\/code><\/td>\n<td>` Mensaje `<\/td>\n<\/tr>\n<\/tbody>\n<\/table>\n<\/figure>\n<p>Las herramientas de formato de texto <a href=\"https:\/\/wabetainfo.com\/whatsapp-is-working-on-new-text-formatting-tools-for-messaging\/\">aparecieron en la beta de WhatsApp en agosto de 2023<\/a>. La empresa ha tomado un tiempo considerable para probarlas antes de ofrecerlas al p\u00fablico en general. La buena noticia es que ya <strong>podr\u00e1s utilizarlas en todas las aplicaciones del cliente de mensajer\u00eda a partir de hoy<\/strong>.<\/p>\n<p><span class=\"byline\"><span class=\"author vcard\"><a class=\"url fn n\" href=\"https:\/\/hipertextual.com\/author\/lmiranda\">Luis Miranda<\/a><\/span><\/span><\/p>\n<div id=\"telet-5134484\" class=\"telet-despues-del-contenido telet-entity-placement\"><a target=\"_blank\" href=\"\/\/aff.lucushost.com\/resources\/click\/?n=gDxoXMAJ&aff=756\"><img decoding=\"async\" border=\"0\" alt=\"LucusHost, el mejor hosting\" src=\"\/\/aff.lucushost.com\/resources\/banners\/?zoneid=5123&n=gDxoXMAJ&aff=756\" \/><\/a><\/div>","protected":false},"excerpt":{"rendered":"<p>WhatsApp ha a\u00f1adido una nueva caracter\u00edstica para mejorar el estilo de nuestros mensajes. Si eres de las personas que gusta de separar sus ideas, te alegrar\u00e1 saber que el cliente&hellip; <\/p>\n","protected":false},"author":1,"featured_media":18638,"comment_status":"open","ping_status":"open","sticky":false,"template":"","format":"standard","meta":{"_jetpack_memberships_contains_paid_content":false,"footnotes":"","_links_to":"","_links_to_target":""},"categories":[9],"tags":[15,14],"class_list":["post-18637","post","type-post","status-publish","format-standard","has-post-thumbnail","hentry","category-ofimatica","tag-fuprisa","tag-jose-manuel-fuentes-prieto"],"nelio_content":{"autoShareEndMode":"never","automationSources":{"useCustomSentences":false,"customSentences":[]},"efiAlt":"","efiUrl":"","followers":[1],"highlights":[],"isAutoShareEnabled":true,"networkImageIds":[],"permalinkQueryArgs":[],"series":[],"suggestedReferences":[]},"jetpack_featured_media_url":"https:\/\/teletrabajoynegocios.com\/telesecretarias\/wp-content\/uploads\/sites\/2\/2024\/03\/WhatsApp-4.jpg","jetpack_sharing_enabled":true,"_links":{"self":[{"href":"https:\/\/teletrabajoynegocios.com\/telesecretarias\/wp-json\/wp\/v2\/posts\/18637","targetHints":{"allow":["GET"]}}],"collection":[{"href":"https:\/\/teletrabajoynegocios.com\/telesecretarias\/wp-json\/wp\/v2\/posts"}],"about":[{"href":"https:\/\/teletrabajoynegocios.com\/telesecretarias\/wp-json\/wp\/v2\/types\/post"}],"author":[{"embeddable":true,"href":"https:\/\/teletrabajoynegocios.com\/telesecretarias\/wp-json\/wp\/v2\/users\/1"}],"replies":[{"embeddable":true,"href":"https:\/\/teletrabajoynegocios.com\/telesecretarias\/wp-json\/wp\/v2\/comments?post=18637"}],"version-history":[{"count":1,"href":"https:\/\/teletrabajoynegocios.com\/telesecretarias\/wp-json\/wp\/v2\/posts\/18637\/revisions"}],"predecessor-version":[{"id":18639,"href":"https:\/\/teletrabajoynegocios.com\/telesecretarias\/wp-json\/wp\/v2\/posts\/18637\/revisions\/18639"}],"wp:featuredmedia":[{"embeddable":true,"href":"https:\/\/teletrabajoynegocios.com\/telesecretarias\/wp-json\/wp\/v2\/media\/18638"}],"wp:attachment":[{"href":"https:\/\/teletrabajoynegocios.com\/telesecretarias\/wp-json\/wp\/v2\/media?parent=18637"}],"wp:term":[{"taxonomy":"category","embeddable":true,"href":"https:\/\/teletrabajoynegocios.com\/telesecretarias\/wp-json\/wp\/v2\/categories?post=18637"},{"taxonomy":"post_tag","embeddable":true,"href":"https:\/\/teletrabajoynegocios.com\/telesecretarias\/wp-json\/wp\/v2\/tags?post=18637"}],"curies":[{"name":"wp","href":"https:\/\/api.w.org\/{rel}","templated":true}]}}