{"id":2175,"date":"2020-10-05T10:54:44","date_gmt":"2020-10-05T08:54:44","guid":{"rendered":"https:\/\/teletrabajoynegocios.com\/telesecretarias\/?p=2175"},"modified":"2020-10-05T10:54:44","modified_gmt":"2020-10-05T08:54:44","slug":"como-crear-un-gravatar-en-wordpress-super-facil-y-por-que-debes-tenerlo","status":"publish","type":"post","link":"https:\/\/teletrabajoynegocios.com\/telesecretarias\/como-crear-un-gravatar-en-wordpress-super-facil-y-por-que-debes-tenerlo\/","title":{"rendered":"C\u00f3mo crear un Gravatar en WordPress s\u00faper f\u00e1cil y por qu\u00e9 debes tenerlo"},"content":{"rendered":"<div id=\"telet-813578646\" class=\"telet-antes-del-contenido telet-entity-placement\"><a href=\"https:\/\/quaderno.io\/?via=jose-manuel94\" aria-label=\"Quaderno General (Spanish) &#8211; 728&#215;90\"><img loading=\"lazy\" decoding=\"async\" src=\"https:\/\/teletrabajoynegocios.com\/telesecretarias\/wp-content\/uploads\/sites\/2\/2020\/11\/Quaderno-General-Spanish-728x90-1.png\" alt=\"\"  srcset=\"https:\/\/teletrabajoynegocios.com\/telesecretarias\/wp-content\/uploads\/sites\/2\/2020\/11\/Quaderno-General-Spanish-728x90-1.png 728w, https:\/\/teletrabajoynegocios.com\/telesecretarias\/wp-content\/uploads\/sites\/2\/2020\/11\/Quaderno-General-Spanish-728x90-1-300x37.png 300w\" sizes=\"(max-width: 728px) 100vw, 728px\" width=\"728\" height=\"90\"   \/><\/a><\/div><p>En el post de hoy te voy a explicar algo de lo que seguramente habr\u00e1s o\u00eddo hablar en cantidad de ocasiones:&nbsp;<strong>el gravatar<\/strong>. Te suena, \u00bfverdad? \u00a1Seguro que s\u00ed!<\/p>\n<p>Cuando lees los comentarios de blog, junto al nombre de la persona, te habr\u00e1s fijado en que algunos comentarios llevan&nbsp;<strong>una foto o un&nbsp;<a href=\"https:\/\/www.ciudadano2cero.com\/diseno-de-logos\/\" target=\"_blank\" rel=\"noopener noreferrer\">logo<\/a><\/strong>, pero en otros una imagen por defecto (de comentarista an\u00f3nimo) que se repite en muchos comentarios y, generalmente, bastante fea.<\/p>\n<p>Estar\u00e1s de acuerdo en que los comentarios con un nombre personal&nbsp;<em>\u00abreal\u00bb<\/em>&nbsp;dan&nbsp;<strong>una impresi\u00f3n mucho mejor<\/strong>&nbsp;que la que dan los de la imagen an\u00f3nima, \u00bfa que s\u00ed?<\/p>\n<p>Si te has preguntado alguna vez c\u00f3mo se puede hacer para que salga esa foto autom\u00e1ticamente junto a tu nombre, cuando dejas comentarios en blog, en este post te voy a resolver esa duda. Pero, adem\u00e1s, ver\u00e1s que usarla tiene&nbsp;<strong>ventajas importantes<\/strong>&nbsp;que luego te contar\u00e9.<\/p>\n<p>Crear un gravatar es muy sencillo. Te lo voy a ir explicando paso a paso, con un&nbsp;<strong>ejemplo pr\u00e1ctico<\/strong>, porque creo que es la mejor forma de aprender a hacerlo.<\/p>\n<p>\u00bfEst\u00e1s listo? \u00a1Pues empezamos! \ud83d\ude42<\/p>\n<h2><span id=\"Que_es_un_gravatar_que_no_es_y_para_que_sirve\">Qu\u00e9 es un gravatar, qu\u00e9 no es y para qu\u00e9 sirve<\/span><\/h2>\n<p>Como dec\u00edamos, un gravatar es, sencillamente, la&nbsp;<strong>imagen que aparece junto a tu nombre<\/strong>&nbsp;cuando escribes o haces un comentario en un blog.<\/p>\n<p>Tambi\u00e9n se suele hablar de gravatar o&nbsp;<a href=\"https:\/\/www.ciudadano2cero.com\/crear-un-gravatar-en-wordpress\/\" target=\"_blank\" rel=\"noopener noreferrer\">avatar<\/a>&nbsp;con respecto a las fotos en correos electr\u00f3nicos, cuando participas en un foro de internet, etc.<\/p>\n<p>Pero estos \u00faltimos ejemplos, estrictamente&nbsp;<strong>no son un gravatar<\/strong>.<\/p>\n<p>\u00abGravatar\u00bb realmente es una abreviaci\u00f3n de&nbsp;<i>Globally Recognized Avatar<\/i>&nbsp;(avatar mundialmente reconocido en espa\u00f1ol), un&nbsp;<strong><a href=\"https:\/\/www.ciudadano2cero.com\/servicios\/\" target=\"_blank\" rel=\"noopener noreferrer\">servicio<\/a>&nbsp;gratuito<\/strong>&nbsp;que proporciona la empresa&nbsp;<strong><a href=\"https:\/\/automattic.com\/\" target=\"_blank\" rel=\"noopener noreferrer\">Automattic<\/a><\/strong>&nbsp;que es tambi\u00e9n la empresa que est\u00e1 detr\u00e1s de&nbsp;<a href=\"https:\/\/www.ciudadano2cero.com\/que-es-wordpress\/\" target=\"_blank\" rel=\"noopener noreferrer\">WordPress<\/a>, lo cual tiene ciertas consecuencias que luego veremos.<\/p>\n<p>Los gravatares funcionan en WordPress y en sitios que se integren con el servicio de Gravatar para mostrar las im\u00e1genes de los usuarios. Es decir, en estos sitios tu gravatar funcionar\u00e1 y en los que no soporten este servicio, no funcionar\u00e1.<\/p>\n<p>Lo normal es que tu gravatar sea&nbsp;<strong>una foto tuya<\/strong>&nbsp;aunque a menudo veo, por ejemplo, emails de personas que tienen como gravatar el logo de su empresa.<\/p>\n<p>Este \u00faltimo caso es tambi\u00e9n perfectamente correcto, pero aqu\u00ed resulta importante mantener la&nbsp;<strong>coherencia.<\/strong>&nbsp;Es decir, un nombre de persona con una foto, perfecto; un nombre de empresa con un logotipo, perfecto tambi\u00e9n.<\/p>\n<hr>\n<p><img decoding=\"async\" src=\"https:\/\/teletrabajoynegocios.com\/teletrabajador\/wp-content\/uploads\/sites\/3\/2020\/07\/articulos.png\"><\/p>\n<div class=\"wp-rss-template-container\" data-wpra-template=\"default\" data-template-ctx=\"W10=\">\n    <div class=\"wp-rss-aggregator wpra-list-template  \" data-page=\"1\">\n    \n    \n<ul class=\"wpra-item-list rss-aggregator wpra-item-list--bullets wpra-item-list--default\"\n    start=\"1\">\n                        <li class=\"wpra-item feed-item \">\n            \n            \n\n    <a  href=\"https:\/\/distritoemprendedores.com\/blog\/2026\/03\/16\/hello-world\/\" target=\"_blank\" rel=\"nofollow\" class=\"\">Hello world!<\/a>\n\n\n\n\n\n\n<div class=\"wprss-feed-meta\">\n            <span class=\"feed-source\">\n            Source:\n\n                            Distrito Emprendedores\n                    <\/span>\n    \n            <span class=\"feed-date\">\n            Published on 2026-03-16\n        <\/span>\n    \n    <\/div>\n\n\n\n\n\n            \n        <\/li>\n                    <li class=\"wpra-item feed-item \">\n            \n            \n\n    <a  href=\"https:\/\/www.dropbox.com\/scl\/fi\/b6csvpbfxu24vaezmo3es\/62bed0634df20e5ef35346439fdd423f_franquicias.pdf?rlkey=mfp2795s4n89mw35l0yeu2vl5&amp;e=2&amp;st=57kabuy0&amp;dl=0#new_tab\" target=\"_blank\" rel=\"nofollow\" class=\"\">Las franquicias espa\u00f1olas duplican su presencia en mercados for\u00e1neos<\/a>\n\n\n\n\n\n\n<div class=\"wprss-feed-meta\">\n            <span class=\"feed-source\">\n            Source:\n\n                            Distrito Emprendedores\n                    <\/span>\n    \n            <span class=\"feed-date\">\n            Published on 2026-03-11\n        <\/span>\n    \n    <\/div>\n\n\n\n\n\n            \n        <\/li>\n                    <li class=\"wpra-item feed-item \">\n            \n            \n\n    <a  href=\"https:\/\/distritoemprendedores.es\/blog\/5-errores-fatales-al-internacionalizar-tu-franquicia\/\" target=\"_blank\" rel=\"nofollow\" class=\"\">5 errores fatales al internacionalizar tu franquicia<\/a>\n\n\n\n\n\n\n<div class=\"wprss-feed-meta\">\n            <span class=\"feed-source\">\n            Source:\n\n                            Distrito Emprendedores\n                    <\/span>\n    \n            <span class=\"feed-date\">\n            Published on 2026-03-10\n        <\/span>\n    \n    <\/div>\n\n\n\n\n\n            \n        <\/li>\n                    <li class=\"wpra-item feed-item \">\n            \n            \n\n    <a  href=\"https:\/\/distritoemprendedores.es\/blog\/un-nuevo-prime-time-para-las-marcas-afterwork-tardeo-y-futbol-se-consolidan-como-los-grandes-motores-del-consumo-experiencial\/\" target=\"_blank\" rel=\"nofollow\" class=\"\">Un nuevo prime time para las marcas: afterwork, tardeo y f\u00fatbol se consolidan como los grandes motores del consumo experiencial<\/a>\n\n\n\n\n\n\n<div class=\"wprss-feed-meta\">\n            <span class=\"feed-source\">\n            Source:\n\n                            Distrito Emprendedores\n                    <\/span>\n    \n            <span class=\"feed-date\">\n            Published on 2026-03-09\n        <\/span>\n    \n    <\/div>\n\n\n\n\n\n            \n        <\/li>\n                    <li class=\"wpra-item feed-item \">\n            \n            \n\n    <a  href=\"https:\/\/distritoemprendedores.es\/blog\/la-ventaja-competitiva-esta-en-entender-como-pregunta-el-consumidor\/\" target=\"_blank\" rel=\"nofollow\" class=\"\">La ventaja competitiva est\u00e1 en entender c\u00f3mo pregunta el consumidor<\/a>\n\n\n\n\n\n\n<div class=\"wprss-feed-meta\">\n            <span class=\"feed-source\">\n            Source:\n\n                            Distrito Emprendedores\n                    <\/span>\n    \n            <span class=\"feed-date\">\n            Published on 2026-03-08\n        <\/span>\n    \n    <\/div>\n\n\n\n\n\n            \n        <\/li>\n                    <li class=\"wpra-item feed-item \">\n            \n            \n\n    <a  href=\"https:\/\/distritoemprendedores.es\/blog\/solo-el-7-de-los-espanoles-cree-a-las-marcas-cuando-comunican-sus-valores-con-hechos-demostrables\/\" target=\"_blank\" rel=\"nofollow\" class=\"\">Solo el 7% de los espa\u00f1oles cree a las marcas cuando comunican sus valores con hechos demostrables<\/a>\n\n\n\n\n\n\n<div class=\"wprss-feed-meta\">\n            <span class=\"feed-source\">\n            Source:\n\n                            Distrito Emprendedores\n                    <\/span>\n    \n            <span class=\"feed-date\">\n            Published on 2026-03-07\n        <\/span>\n    \n    <\/div>\n\n\n\n\n\n            \n        <\/li>\n                    <li class=\"wpra-item feed-item \">\n            \n            \n\n    <a  href=\"https:\/\/distritoemprendedores.es\/blog\/el-38-de-las-empresas-creadas-en-2019-ha-echado-ya-el-cierre\/\" target=\"_blank\" rel=\"nofollow\" class=\"\">El 38% de las empresas creadas en 2019 ha echado ya el cierre<\/a>\n\n\n\n\n\n\n<div class=\"wprss-feed-meta\">\n            <span class=\"feed-source\">\n            Source:\n\n                            Distrito Emprendedores\n                    <\/span>\n    \n            <span class=\"feed-date\">\n            Published on 2026-03-06\n        <\/span>\n    \n    <\/div>\n\n\n\n\n\n            \n        <\/li>\n                    <li class=\"wpra-item feed-item \">\n            \n            \n\n    <a  href=\"https:\/\/distritoemprendedores.es\/blog\/descubre-las-oportunidades-y-tendencias-en-el-mercado-de-la-franquicia-para-2026\/\" target=\"_blank\" rel=\"nofollow\" class=\"\">Descubre las oportunidades y tendencias en el mercado de la franquicia para 2026<\/a>\n\n\n\n\n\n\n<div class=\"wprss-feed-meta\">\n            <span class=\"feed-source\">\n            Source:\n\n                            Distrito Emprendedores\n                    <\/span>\n    \n            <span class=\"feed-date\">\n            Published on 2026-03-05\n        <\/span>\n    \n    <\/div>\n\n\n\n\n\n            \n        <\/li>\n                    <li class=\"wpra-item feed-item \">\n            \n            \n\n    <a  href=\"https:\/\/distritoemprendedores.es\/blog\/las-startups-de-salud-mas-punteras-del-mundo\/\" target=\"_blank\" rel=\"nofollow\" class=\"\">Las startups de salud m\u00e1s punteras del mundo<\/a>\n\n\n\n\n\n\n<div class=\"wprss-feed-meta\">\n            <span class=\"feed-source\">\n            Source:\n\n                            Distrito Emprendedores\n                    <\/span>\n    \n            <span class=\"feed-date\">\n            Published on 2026-03-04\n        <\/span>\n    \n    <\/div>\n\n\n\n\n\n            \n        <\/li>\n                    <li class=\"wpra-item feed-item \">\n            \n            \n\n    <a  href=\"https:\/\/distritoemprendedores.es\/blog\/puesta-en-marcha-de-un-negocio-primeros-pasos-para-validar-vender-y-controlar-la-tesoreria\/\" target=\"_blank\" rel=\"nofollow\" class=\"\">Puesta en marcha de un negocio: primeros pasos para validar, vender y controlar la tesorer\u00eda<\/a>\n\n\n\n\n\n\n<div class=\"wprss-feed-meta\">\n            <span class=\"feed-source\">\n            Source:\n\n                            Distrito Emprendedores\n                    <\/span>\n    \n            <span class=\"feed-date\">\n            Published on 2026-03-03\n        <\/span>\n    \n    <\/div>\n\n\n\n\n\n            \n        <\/li>\n                    <li class=\"wpra-item feed-item \">\n            \n            \n\n    <a  href=\"https:\/\/distritoemprendedores.es\/blog\/6-franquicias-sin-apenas-competencia-en-el-mercado\/\" target=\"_blank\" rel=\"nofollow\" class=\"\">6 franquicias sin apenas competencia en el mercado<\/a>\n\n\n\n\n\n\n<div class=\"wprss-feed-meta\">\n            <span class=\"feed-source\">\n            Source:\n\n                            Distrito Emprendedores\n                    <\/span>\n    \n            <span class=\"feed-date\">\n            Published on 2026-03-02\n        <\/span>\n    \n    <\/div>\n\n\n\n\n\n            \n        <\/li>\n                    <li class=\"wpra-item feed-item \">\n            \n            \n\n    <a  href=\"https:\/\/digistorage.es\/links\/71d78951-a420-4f5b-8de6-7b35ae7efc1c#new_tab\" target=\"_blank\" rel=\"nofollow\" class=\"\">Los algoritmos amenazan con filtrar las confesiones realizadas al abogado<\/a>\n\n\n\n\n\n\n<div class=\"wprss-feed-meta\">\n            <span class=\"feed-source\">\n            Source:\n\n                            Distrito Emprendedores\n                    <\/span>\n    \n            <span class=\"feed-date\">\n            Published on 2026-03-01\n        <\/span>\n    \n    <\/div>\n\n\n\n\n\n            \n        <\/li>\n                    <li class=\"wpra-item feed-item \">\n            \n            \n\n    <a  href=\"https:\/\/distritoemprendedores.es\/blog\/las-startups-que-mas-innovan-en-el-mundo\/\" target=\"_blank\" rel=\"nofollow\" class=\"\">Las startups que m\u00e1s innovan en el mundo<\/a>\n\n\n\n\n\n\n<div class=\"wprss-feed-meta\">\n            <span class=\"feed-source\">\n            Source:\n\n                            Distrito Emprendedores\n                    <\/span>\n    \n            <span class=\"feed-date\">\n            Published on 2026-02-28\n        <\/span>\n    \n    <\/div>\n\n\n\n\n\n            \n        <\/li>\n                    <li class=\"wpra-item feed-item \">\n            \n            \n\n    <a  href=\"https:\/\/distritoemprendedores.es\/blog\/tiktok-genera-31-000-millones-de-euros-para-las-empresas-europeas-y-3-000-millones-en-espana\/\" target=\"_blank\" rel=\"nofollow\" class=\"\">TikTok genera 31.000 millones de euros para las empresas europeas y 3.000 millones en Espa\u00f1a<\/a>\n\n\n\n\n\n\n<div class=\"wprss-feed-meta\">\n            <span class=\"feed-source\">\n            Source:\n\n                            Distrito Emprendedores\n                    <\/span>\n    \n            <span class=\"feed-date\">\n            Published on 2026-02-27\n        <\/span>\n    \n    <\/div>\n\n\n\n\n\n            \n        <\/li>\n                    <li class=\"wpra-item feed-item \">\n            \n            \n\n    <a  href=\"https:\/\/distritoemprendedores.es\/blog\/amazon-planea-un-marketplace-para-hacer-de-puente-entre-los-publishers-y-las-empresas-de-ia\/\" target=\"_blank\" rel=\"nofollow\" class=\"\">Amazon planea un \u00abmarketplace\u00bb para hacer de puente entre los \u00abpublishers\u00bb y las empresas de IA<\/a>\n\n\n\n\n\n\n<div class=\"wprss-feed-meta\">\n            <span class=\"feed-source\">\n            Source:\n\n                            Distrito Emprendedores\n                    <\/span>\n    \n            <span class=\"feed-date\">\n            Published on 2026-02-26\n        <\/span>\n    \n    <\/div>\n\n\n\n\n\n            \n        <\/li>\n        <\/ul>\n\n        \n<\/div>\n\n<\/div>\n\n<hr>\n<p>En el caso de un nombre personal, un logo no lo calificar\u00eda de incoherente, especialmente si tienes una&nbsp;<a href=\"https:\/\/www.ciudadano2cero.com\/marca-personal\/\" target=\"_blank\" rel=\"noopener noreferrer\">marca personal<\/a>&nbsp;consolidada con un logo vinculado a esa marca personal. Puede tener mucho sentido.<\/p>\n<h2><span id=\"Por_que_deberias_usar_un_gravatar\">\u00bfPor qu\u00e9 deber\u00edas usar un gravatar?<\/span><\/h2>\n<p>No obstante, como pauta general,&nbsp;<strong>te recomiendar\u00eda usar una foto tuya<\/strong>&nbsp;por ese plus adicional de cercan\u00eda y conexi\u00f3n con los dem\u00e1s que te da una foto personal, que es dif\u00edcil de lograr de otro modo y que funcionar\u00e1 tambi\u00e9n muy bien para tu negocio, si lo tienes.<\/p>\n<p>Personalmente, tras responder a diario a cantidad de emails y comentarios, te dir\u00e9 que tener un gravatar, al igual que tener asociada una foto a tu cuenta de correo electr\u00f3nico, me aporta una&nbsp;<strong>sensaci\u00f3n de cercan\u00eda y complicidad<\/strong>&nbsp;con la persona a la que estoy respondiendo.<\/p>\n<p>Te da la impresi\u00f3n de que la conoces un poco m\u00e1s y esa psicolog\u00eda es muy importante cuando nos relacionamos en Internet, ya sea por negocios o simplemente por ocio.<\/p>\n<p>Por eso, a los autores de los blogs (si no eres autor)&nbsp;<strong>nos agrada much\u00edsimo m\u00e1s<\/strong>&nbsp;tener comentarios de gente&nbsp;<em>\u00abcon una cara\u00bb<\/em>. Y no s\u00f3lo por conectar mejor, sino tambi\u00e9n porque buenos comentarios (eso incluye la imagen del autor) aportan&nbsp;<strong>calidad<\/strong>&nbsp;al blog y eso lo agradecemos&nbsp;<strong>mucho.<\/strong><\/p>\n<p>En definitiva, hay varias buenas razones para que uses un gravatar. Yo destacacar\u00eda las siguientes:<\/p>\n<ol>\n<li>Una foto en un comentario da mucha m\u00e1s&nbsp;<strong>confianza,<\/strong>&nbsp;da la sensaci\u00f3n de estar tratando&nbsp;<strong>con una persona real,<\/strong>&nbsp;no con un&nbsp;<em>\u00abfantasma\u00bb<\/em>&nbsp;an\u00f3nimo. En realidad no hay base para ello (un gravatar se puede falsificar), pero nuestra psicolog\u00eda funciona as\u00ed. \ud83d\ude42<\/li>\n<li>Esa sensaci\u00f3n de&nbsp;<em>\u00abpersona real\u00bb<\/em>, con una identidad real, genera una&nbsp;<strong>conexi\u00f3n muy superior<\/strong>&nbsp;con la comunidad.<\/li>\n<li>Transmites&nbsp;<strong>m\u00e1s profesionalidad<\/strong>. Te retrata como alguien que domina el medio. Y si eres el autor de un blog, ya es&nbsp;<strong>totalmente obligado<\/strong>. Hemos visto muchas veces blogs en los que el propio autor no usa gravatar, \u00a1queda horrible!<\/li>\n<li>Te hace&nbsp;<strong>reconocible,<\/strong>&nbsp;tiene un efecto de&nbsp;<em>\u00abbranding\u00bb<\/em>, algo especialmente interesante cuando empiezas con tu proyecto online (un blog, un canal YouTube, etc.). Con buenos comentarios en sitios conocidos, le vas a&nbsp;<em>\u00absonar\u00bb<\/em>&nbsp;a la gente y&nbsp;<strong>empezar\u00e1n a interesarse tambi\u00e9n<\/strong>&nbsp;por ti y visitarte.<\/li>\n<\/ol>\n<h2><span id=\"Como_crear_un_gravatar\">C\u00f3mo crear un gravatar<\/span><\/h2>\n<p>Como ya comentaba,&nbsp;<strong><a href=\"https:\/\/es.gravatar.com\/\" target=\"_blank\" rel=\"noopener noreferrer\">Gravatar<\/a><\/strong>&nbsp;y&nbsp;<strong><a href=\"https:\/\/es.wordpress.com\/\" target=\"_blank\" rel=\"noopener noreferrer\">WordPress<\/a><\/strong>&nbsp;pertenecen a la misma empresa, por lo que,&nbsp;<strong>si no tienes creada a\u00fan una cuenta de correo electr\u00f3nico en WordPress, lo primero que has de hacer es crear una.<\/strong><\/p>\n<p>Por lo tanto, antes de explicarte c\u00f3mo puedes subir tu foto para asignarla a tu cuenta de correo electr\u00f3nico, voy a indicarte c\u00f3mo crear una cuenta en WordPress.<\/p>\n<p>En ambos casos, tanto si tienes cuenta en WordPress como si no la tienes,&nbsp;<strong>el primer paso es entrar en la web de&nbsp;<a href=\"https:\/\/es.gravatar.com\/\" target=\"_blank\" rel=\"noopener noreferrer\">Gravatar<\/a><\/strong>&nbsp;y clicar en la ventana azul que aparece en la mitad derecha de la pantalla, que pone&nbsp;<em>\u00abCrea tu propio gravatar\u00bb.<\/em><\/p>\n<p>A partir de aqu\u00ed,&nbsp;<strong>si ya tienes un cuenta en WordPress, puedes ir directamente al punto 2<\/strong>&nbsp;de este apartado:&nbsp;<em>Si ya tienes una cuenta en&nbsp;<a href=\"https:\/\/www.ciudadano2cero.com\/go\/wpcom\/\" target=\"_blank\" rel=\"noopener noreferrer\">WordPress.com<\/a>, \u00a1sube tu foto!<\/em><\/p>\n<h3><span id=\"1_Crea_una_cuenta_en_WordPresscom_si_no_la_tienes_ya\">1. Crea una cuenta en WordPress.com si no la tienes ya<\/span><\/h3>\n<p>Como te dec\u00eda, el primer paso para la creaci\u00f3n del gravatar es tener una cuenta de correo electr\u00f3nico en WordPress, a la que asociar tu imagen. De esta forma, cada vez que utilices esta cuenta en comentarios, foros,\u2026 aparecer\u00e1 autom\u00e1ticamente la imagen que has elegido al crear el gravatar.<\/p>\n<p>Si has clicado ya en la ventana que te indiqu\u00e9 anteriormente&nbsp;<em>(\u00abCrea tu propio gravatar\u00bb)<\/em>, te aparecer\u00e1 ahora la siguiente.<\/p>\n<p>Una vez has introducido los datos que te piden (direcci\u00f3n de correo electr\u00f3nico, nombre de usuario y contrase\u00f1a), te llegar\u00e1 al correo que acabas de crear o al que t\u00fa escojas (puedes elegir otro), un email de confirmaci\u00f3n<\/p>\n<p>Ahora abre este correo. WordPress te da la bienvenida y te pide, en primer lugar, que Actives tu cuenta:<\/p>\n<p>Cuando ya la hayas activado, te aparecer\u00e1 otra ventana en la que ver\u00e1s la p\u00e1gina de inicio de&nbsp;<a href=\"https:\/\/es.wordpress.com\/\" target=\"_blank\" rel=\"noopener noreferrer\">WordPress.com<\/a>&nbsp;pero con la sesi\u00f3n iniciada<\/p>\n<h3><span id=\"2_Sube_tu_foto_a_Gravatarcom\">2. Sube tu foto a Gravatar.com<\/span><\/h3>\n<p>Lo primero que tienes que hacer es situarte en la pantalla principal de la web de Gravatar, en la primera imagen de este post, en la te pide que clices en&nbsp;<em>\u00abCrea tu propio gravatar\u00bb.<\/em><\/p>\n<p>Ya has clicado, \u00bfverdad? Pues ahora te aparecer\u00e1 la ventana en la que te pide que te registres en Gravatar con una cuenta de WordPress. \u00a1No lo hagas; ya tienes creada la cuenta!<\/p>\n<p>F\u00edjate bien en el mensaje que aparece en la parte de abajo de la ventana: \u00ab<em><strong>\u00bfYa tienes una cuenta de WordPress.com?<\/strong>\u00ab.&nbsp;<\/em>\u00a1Clica ah\u00ed!:<\/p>\n<p>Ahora te piden los datos de tu cuenta de correo electr\u00f3nico; en primer lugar, tu direcci\u00f3n<\/p>\n<p>Una vez has introducido tu direcci\u00f3n, te pide, l\u00f3gicamente, tu contrase\u00f1a. Introd\u00facela y dale a continuar.<\/p>\n<p>En la ventana que te aparece ahora, se te confirma que no tienes un Gravatar asociado a esa cuenta. Es el momento de crearlo, asoci\u00e1ndole una imagen. Clica en&nbsp;<em>\u00abA\u00f1adir una haciendo click aqu\u00ed\u00bb<\/em>:<\/p>\n<p>Es el momento de escoger la imagen que quieres utilizar como gravatar. Para ello, has de escoger primero el lugar en el que est\u00e1 ubicada la imagen que has elegido.<\/p>\n<p>\u00a1Ya puedes ver la imagen seleccionada! Ajusta ahora su tama\u00f1o, clicando y moviendo el cuadradito que aparece justo encima de la foto.<\/p>\n<p>Si yas has ajustado el tama\u00f1o, haz click en&nbsp;<em>\u00abCrop Image\u00bb<\/em><\/p>\n<p>En el siguiente paso aparecen distintas clasificaciones&nbsp;<em>(ratings)<\/em>, para tu gravatar.<\/p>\n<p>El sistema ya ha seleccionado el que aparece en primer lugar, con la letra \u00abG\u00bb; eso quiere decir que, de alguna forma, ha detectado que la imagen que has escogido es&nbsp;<em>\u00abapta para todos los p\u00fablicos\u00bb<\/em>.<\/p>\n<p>Si quisieses utilizar una imagen m\u00e1s agresiva y la marcas con el nivel correspondiente, esto puede ser detectado con este sistema por los sitios web y pueden decidir moderarla (sustituirla con un logo gen\u00e9rico, por ejemplo).<\/p>\n<p>Conf\u00edrmalo, simplemente, clicando en&nbsp;<em>\u00abSet Rating\u00bb<\/em><\/p>\n<p>En esta ventana puedes ver ya la imagen que has seleccionado, junto a la direcci\u00f3n de correo electr\u00f3nico a la que ha ir asociada.<\/p>\n<p>Como puedes ver, tienes tambi\u00e9n la opci\u00f3n de a\u00f1adir m\u00e1s im\u00e1genes, otros correos,\u2026 pero no quiero desviarme del tema que nos ocupa as\u00ed que, ya para finalizar, clica en&nbsp;<em>\u00abView rating\u00bb<\/em>&nbsp;y \u00a1ya casi lo tenemos<\/p>\n<p>Y estamos ya al final del proceso. Clica ahora en&nbsp;<em>\u00abverifica\u00bb<\/em>&nbsp;para confirmar que la direcci\u00f3n de correo que figura en el cuadro es la direcci\u00f3n a la que quieres asociar tu gravatar<\/p>\n<p>\u00a1Bravo, ya tienes gravatar! Ahora ten un poquito de paciencia. El sistema tardar\u00e1 entre cinco y diez minutos en gestionar todo el proceso. Pasado ese tiempo, abre r\u00e1pidamente tu correo y dime si ya ves tu foto junto a tu nombre. \ud83d\ude09<\/p>\n<h2><span id=\"Conclusiones\">Conclusiones<\/span><\/h2>\n<p>Como habr\u00e1s podido comprobar, el proceso de creaci\u00f3n de un gravatar es sencillo, aunque hayas visto varios pasos.<\/p>\n<p>A partir de ahora, cada vez que participes en los foros, que hagas un comentario en los blogs o, sencillamente, que escribas un correo electr\u00f3nico, quien te lea podr\u00e1&nbsp;<strong>ver tu foto junto a tu nombre<\/strong>. Personalmente, pienso que eso le da a la persona que te lea, una imagen mucho m\u00e1s cercana de ti.<\/p>\n<p>Espero que te haya gustado este post y, sobre todo, que pongas r\u00e1pidamente en pr\u00e1ctica lo que has aprendido en \u00e9l.<\/p>\n<p>Si quieres preguntarme algo o hacerme alguna sugerencia, puedes hacerlo en los comentarios, donde espero ver no solo tu nombre, \u00a1sino tambi\u00e9n tu cara!<\/p>\n<p><em>Un art\u00edculo escrito por <span class=\"entry-author\"><a class=\"entry-author-link\" href=\"https:\/\/www.ciudadano2cero.com\/author\/raquel\/\" rel=\"nofollow\"><span class=\"entry-author-name\">Raquel Rub\u00edn<\/span><\/a><\/span>,<\/em><\/p>\n<div id=\"telet-2510394106\" class=\"telet-despues-del-contenido telet-entity-placement\"><a target=\"_blank\" href=\"\/\/aff.lucushost.com\/resources\/click\/?n=gDxoXMAJ&aff=756\"><img decoding=\"async\" border=\"0\" alt=\"LucusHost, el mejor hosting\" src=\"\/\/aff.lucushost.com\/resources\/banners\/?zoneid=5123&n=gDxoXMAJ&aff=756\" \/><\/a><\/div>","protected":false},"excerpt":{"rendered":"<p>En el post de hoy te voy a explicar algo de lo que seguramente habr\u00e1s o\u00eddo hablar en cantidad de ocasiones:&nbsp;el gravatar. Te suena, \u00bfverdad? \u00a1Seguro que s\u00ed! Cuando lees&hellip; <\/p>\n","protected":false},"author":1,"featured_media":664,"comment_status":"open","ping_status":"open","sticky":false,"template":"","format":"standard","meta":{"_jetpack_memberships_contains_paid_content":false,"footnotes":"","_links_to":"","_links_to_target":""},"categories":[9],"tags":[15,14],"class_list":["post-2175","post","type-post","status-publish","format-standard","has-post-thumbnail","hentry","category-ofimatica","tag-fuprisa","tag-jose-manuel-fuentes-prieto"],"nelio_content":{"autoShareEndMode":"never","automationSources":{"useCustomSentences":false,"customSentences":[]},"efiAlt":"","efiUrl":"","followers":[1],"highlights":[],"isAutoShareEnabled":true,"networkImageIds":[],"permalinkQueryArgs":[],"series":[],"suggestedReferences":[]},"jetpack_featured_media_url":"https:\/\/teletrabajoynegocios.com\/telesecretarias\/wp-content\/uploads\/sites\/2\/2020\/02\/robot.jpg","jetpack_sharing_enabled":true,"_links":{"self":[{"href":"https:\/\/teletrabajoynegocios.com\/telesecretarias\/wp-json\/wp\/v2\/posts\/2175","targetHints":{"allow":["GET"]}}],"collection":[{"href":"https:\/\/teletrabajoynegocios.com\/telesecretarias\/wp-json\/wp\/v2\/posts"}],"about":[{"href":"https:\/\/teletrabajoynegocios.com\/telesecretarias\/wp-json\/wp\/v2\/types\/post"}],"author":[{"embeddable":true,"href":"https:\/\/teletrabajoynegocios.com\/telesecretarias\/wp-json\/wp\/v2\/users\/1"}],"replies":[{"embeddable":true,"href":"https:\/\/teletrabajoynegocios.com\/telesecretarias\/wp-json\/wp\/v2\/comments?post=2175"}],"version-history":[{"count":1,"href":"https:\/\/teletrabajoynegocios.com\/telesecretarias\/wp-json\/wp\/v2\/posts\/2175\/revisions"}],"predecessor-version":[{"id":2176,"href":"https:\/\/teletrabajoynegocios.com\/telesecretarias\/wp-json\/wp\/v2\/posts\/2175\/revisions\/2176"}],"wp:featuredmedia":[{"embeddable":true,"href":"https:\/\/teletrabajoynegocios.com\/telesecretarias\/wp-json\/wp\/v2\/media\/664"}],"wp:attachment":[{"href":"https:\/\/teletrabajoynegocios.com\/telesecretarias\/wp-json\/wp\/v2\/media?parent=2175"}],"wp:term":[{"taxonomy":"category","embeddable":true,"href":"https:\/\/teletrabajoynegocios.com\/telesecretarias\/wp-json\/wp\/v2\/categories?post=2175"},{"taxonomy":"post_tag","embeddable":true,"href":"https:\/\/teletrabajoynegocios.com\/telesecretarias\/wp-json\/wp\/v2\/tags?post=2175"}],"curies":[{"name":"wp","href":"https:\/\/api.w.org\/{rel}","templated":true}]}}