{"id":2188,"date":"2020-10-06T08:34:22","date_gmt":"2020-10-06T06:34:22","guid":{"rendered":"https:\/\/teletrabajoynegocios.com\/telesecretarias\/?p=2188"},"modified":"2020-10-06T08:34:22","modified_gmt":"2020-10-06T06:34:22","slug":"pararemos-esta-locura-a-tiempo","status":"publish","type":"post","link":"https:\/\/teletrabajoynegocios.com\/telesecretarias\/pararemos-esta-locura-a-tiempo\/","title":{"rendered":"\u00bfPararemos esta locura a tiempo?"},"content":{"rendered":"<div id=\"telet-2725647653\" class=\"telet-antes-del-contenido telet-entity-placement\"><a href=\"https:\/\/quaderno.io\/?via=jose-manuel94\" aria-label=\"Quaderno General (Spanish) &#8211; 728&#215;90\"><img loading=\"lazy\" decoding=\"async\" src=\"https:\/\/teletrabajoynegocios.com\/telesecretarias\/wp-content\/uploads\/sites\/2\/2020\/11\/Quaderno-General-Spanish-728x90-1.png\" alt=\"\"  srcset=\"https:\/\/teletrabajoynegocios.com\/telesecretarias\/wp-content\/uploads\/sites\/2\/2020\/11\/Quaderno-General-Spanish-728x90-1.png 728w, https:\/\/teletrabajoynegocios.com\/telesecretarias\/wp-content\/uploads\/sites\/2\/2020\/11\/Quaderno-General-Spanish-728x90-1-300x37.png 300w\" sizes=\"(max-width: 728px) 100vw, 728px\" width=\"728\" height=\"90\"   \/><\/a><\/div><p>En los \u00faltimos a\u00f1os, estamos viendo y padeciendo (como en muchos pa\u00edses se ha experimentado)&nbsp;<strong>un aumento de las tensiones pol\u00edticas, que a su vez se trasladan a la sociedad,<\/strong>&nbsp;y que provocan una p\u00e9rdida de confianza en los gobernantes y una mayor tensi\u00f3n social.<\/p>\n<p>Esto genera un gran desaf\u00edo y un peligroso escenario: una sociedad cada vez m\u00e1s dividida y politizada, en un entorno pol\u00edtico cada vez m\u00e1s polarizado, en donde nadie escucha a nadie pero&nbsp;<a href=\"https:\/\/javieririondo.es\/2019\/09\/27\/como-gestionar-la-culpa\/\">todos culpan<\/a>&nbsp;y acusan a quienes no piensan igual.&nbsp;<\/p>\n<p>Pero si no podemos hablar y comunicarnos, si no podemos escucharnos para comprendernos, \u00bfc\u00f3mo podemos superar nuestras diferencias y trabajar juntos para encontrar soluciones, resolver los problemas y construir un futuro mejor?&nbsp;<\/p>\n<h2><span id=\"1_Me_pregunto_cuanto_tiempo_mas_puede_aguantar_la_sociedad_esta_rabiosa_polaridad_politica_que_vivimos_en_la_actualidad\">1. ME PREGUNTO CU\u00c1NTO TIEMPO M\u00c1S PUEDE AGUANTAR LA SOCIEDAD ESTA RABIOSA POLARIDAD POL\u00cdTICA QUE VIVIMOS EN LA ACTUALIDAD<\/span><\/h2>\n<p>&nbsp;<\/p>\n<p>Cu\u00e1nto tiempo m\u00e1s van a seguir los pol\u00edticos dividiendo el pa\u00eds, alimentando la hostilidad y la intolerancia con la estrategia de la acusaci\u00f3n y degradaci\u00f3n del otro.<\/p>\n<p>Las pol\u00edticas y los grupos identitarios en muchos casos excluyen o desprecian a los que no piensan como ellos, etiquetan a las personas para colocarlas en un bando. \u00abNo digas nada, ya s\u00e9 c\u00f3mo eres\u00bb, as\u00ed se elimina al individuo, se le deshumaniza y autom\u00e1ticamente todo el mundo reacciona y se comporta ante esa persona no como una persona, sino como a alguien de un grupo, con una ideolog\u00eda concreta y a quien se le ha juzgado de antemano. As\u00ed se crea la idea de&nbsp;<em>nosotros contra ellos<\/em>, los buenos contra los malos.&nbsp;<\/p>\n<p>No hay debate,&nbsp;sino discursos para imponer sus ideas a los dem\u00e1s; no hay conversaci\u00f3n ni un intento de comprensi\u00f3n,&nbsp;nadie escucha, todos reclaman, exigen y culpan, creando as\u00ed una mayor divisi\u00f3n y tensi\u00f3n en la sociedad, un conflicto que aumenta d\u00eda a d\u00eda, y cuyo clima se ve magnificado en las&nbsp;<a href=\"https:\/\/javieririondo.es\/2019\/11\/15\/perdida-de-atencion\/\">redes sociales<\/a>, que son amplificadores de las emociones, las cuales son f\u00e1cilmente manipulables.&nbsp;<\/p>\n<h3><span id=\"_Es_muy_facil_crear_rabia_e_indignacion_tocando_nuestros_aspectos_morales\"><strong>Es muy f\u00e1cil crear rabia e indignaci\u00f3n tocando nuestros aspectos morales<\/strong><\/span><\/h3>\n<p>&nbsp;<\/p>\n<p>La manipulaci\u00f3n de la informaci\u00f3n a trav\u00e9s de&nbsp;<a href=\"https:\/\/javieririondo.es\/2015\/05\/17\/usas-la-tecnologia-o-ella-te-utiliza-a-ti\/\">la tecnolog\u00eda<\/a>&nbsp;est\u00e1 provocando que saque la peor parte del ser humano, ya que nuestras emociones y nuestro comportamiento, aunque queramos creer lo contrario y neguemos la evidencia, son f\u00e1cilmente manipulables.&nbsp;<strong>Basta con hacer&nbsp;<em>click<\/em>&nbsp;en nuestros botones emocionales.<\/strong>&nbsp;Es muy f\u00e1cil crear rabia e indignaci\u00f3n tocando nuestros aspectos morales, o simplemente mostrando informaci\u00f3n sesgada que hace reaccionar a las personas de forma compulsiva.<\/p>\n<p>Cuando la prensa se pone de un lado, descuartiza la verdad para mostrar solo una parte, la m\u00e1s interesada y sesgada. Cuando cada medio muestra su visi\u00f3n de la verdad igualmente sesgada, el lenguaje que compartimos se vuelve incomprensible, porque ah\u00ed surgen los sesgos de confirmaci\u00f3n,&nbsp;<strong>la tendencia autom\u00e1tica a buscar informaci\u00f3n que confirme lo que ya creemos, lo cual nos hace ser m\u00e1s irracionales.<\/strong><\/p>\n<h2><span id=\"2_Compartimos_un_idioma_en_comun_pero_parece_que_somos_incapaces_de_comunicarnos\"><strong>2. COMPARTIMOS UN IDIOMA EN COM\u00daN, PERO PARECE QUE SOMOS INCAPACES DE COMUNICARNOS<\/strong><\/span><\/h2>\n<p>&nbsp;<\/p>\n<p>La verdad es condenada al silencio, se oculta y queda enterrada bajo monta\u00f1as de ego\u00edsmo, intereses personales y miedos. Se crea un mundo dividido que se pelea consigo mismo y refleja la tensi\u00f3n con la que el ser humano vive en su interior. As\u00ed la desconfianza y la falsedad cubre de superficialidad el paisaje diario, y el abismo se abre frente a nosotros y entre nosotros.&nbsp;<\/p>\n<p>En ese escenario&nbsp;<strong>da la impresi\u00f3n que la pol\u00edtica se ha convertido en un di\u00e1logo de sordos por decisi\u00f3n propia;<\/strong>&nbsp;eso s\u00ed, todos hablan, todos culpan al de al lado y todos exigen. \u00bfHay alguien que escucha? Nadie quiere escuchar lo que el otro tiene que decir, al parecer est\u00e1n demasiado ocupados en culpar y denigrar al otro para sentirse superiores, y as\u00ed la destrucci\u00f3n continua.&nbsp;<strong>Nadie se responsabiliza de nada, pero todos exigen responsabilidades a los dem\u00e1s.<\/strong>&nbsp;Es m\u00e1s f\u00e1cil y m\u00e1s c\u00f3modo buscar un culpable que asumir alg\u00fan tipo de responsabilidad.<\/p>\n<p>Es el macabro juego de la nueva cultura de la acusaci\u00f3n p\u00fablica que genera el odio hacia el otro, las constantes disputas por cuestiones muchas veces irrelevantes, los permanentes reproches y culpas.&nbsp;\u00bfAlguien cree que esas actitudes, la rabia, la acusaci\u00f3n y la intolerancia pueden solucionar algo? \u00bfAlguna vez maltratar, humillar y pisotear la dignidad de alguien ha tra\u00eddo algo bueno? Contundentemente \u00a1NO! Tan solo ha generado m\u00e1s resentimiento, odio y violencia.<\/p>\n<p>Parece que muchos han olvidado o no quieren recordar lo que&nbsp;<strong>la historia ha demostrado tantas veces, el peligro que acarrea colocar etiquetas para catalogar y deshumanizar por pensar distinto,<\/strong>&nbsp;por&nbsp;<em>ser de los otros<\/em>. A estas alturas ya sabemos que en la vida se recoge lo que se siembra y no se puede recoger una buena cosecha sembrando odio, divisi\u00f3n e intolerancia.<\/p>\n<hr>\n<p><img decoding=\"async\" src=\"https:\/\/teletrabajoynegocios.com\/teletrabajador\/wp-content\/uploads\/sites\/3\/2020\/07\/articulos.png\"><\/p>\n<div class=\"wp-rss-template-container\" data-wpra-template=\"default\" data-template-ctx=\"W10=\">\n    <div class=\"wp-rss-aggregator wpra-list-template  \" data-page=\"1\">\n    \n    \n<ul class=\"wpra-item-list rss-aggregator wpra-item-list--bullets wpra-item-list--default\"\n    start=\"1\">\n                        <li class=\"wpra-item feed-item \">\n            \n            \n\n    <a  href=\"https:\/\/distritoemprendedores.com\/blog\/2026\/03\/16\/hello-world\/\" target=\"_blank\" rel=\"nofollow\" class=\"\">Hello world!<\/a>\n\n\n\n\n\n\n<div class=\"wprss-feed-meta\">\n            <span class=\"feed-source\">\n            Source:\n\n                            Distrito Emprendedores\n                    <\/span>\n    \n            <span class=\"feed-date\">\n            Published on 2026-03-16\n        <\/span>\n    \n    <\/div>\n\n\n\n\n\n            \n        <\/li>\n                    <li class=\"wpra-item feed-item \">\n            \n            \n\n    <a  href=\"https:\/\/www.dropbox.com\/scl\/fi\/b6csvpbfxu24vaezmo3es\/62bed0634df20e5ef35346439fdd423f_franquicias.pdf?rlkey=mfp2795s4n89mw35l0yeu2vl5&amp;e=2&amp;st=57kabuy0&amp;dl=0#new_tab\" target=\"_blank\" rel=\"nofollow\" class=\"\">Las franquicias espa\u00f1olas duplican su presencia en mercados for\u00e1neos<\/a>\n\n\n\n\n\n\n<div class=\"wprss-feed-meta\">\n            <span class=\"feed-source\">\n            Source:\n\n                            Distrito Emprendedores\n                    <\/span>\n    \n            <span class=\"feed-date\">\n            Published on 2026-03-11\n        <\/span>\n    \n    <\/div>\n\n\n\n\n\n            \n        <\/li>\n                    <li class=\"wpra-item feed-item \">\n            \n            \n\n    <a  href=\"https:\/\/distritoemprendedores.es\/blog\/5-errores-fatales-al-internacionalizar-tu-franquicia\/\" target=\"_blank\" rel=\"nofollow\" class=\"\">5 errores fatales al internacionalizar tu franquicia<\/a>\n\n\n\n\n\n\n<div class=\"wprss-feed-meta\">\n            <span class=\"feed-source\">\n            Source:\n\n                            Distrito Emprendedores\n                    <\/span>\n    \n            <span class=\"feed-date\">\n            Published on 2026-03-10\n        <\/span>\n    \n    <\/div>\n\n\n\n\n\n            \n        <\/li>\n                    <li class=\"wpra-item feed-item \">\n            \n            \n\n    <a  href=\"https:\/\/distritoemprendedores.es\/blog\/un-nuevo-prime-time-para-las-marcas-afterwork-tardeo-y-futbol-se-consolidan-como-los-grandes-motores-del-consumo-experiencial\/\" target=\"_blank\" rel=\"nofollow\" class=\"\">Un nuevo prime time para las marcas: afterwork, tardeo y f\u00fatbol se consolidan como los grandes motores del consumo experiencial<\/a>\n\n\n\n\n\n\n<div class=\"wprss-feed-meta\">\n            <span class=\"feed-source\">\n            Source:\n\n                            Distrito Emprendedores\n                    <\/span>\n    \n            <span class=\"feed-date\">\n            Published on 2026-03-09\n        <\/span>\n    \n    <\/div>\n\n\n\n\n\n            \n        <\/li>\n                    <li class=\"wpra-item feed-item \">\n            \n            \n\n    <a  href=\"https:\/\/distritoemprendedores.es\/blog\/la-ventaja-competitiva-esta-en-entender-como-pregunta-el-consumidor\/\" target=\"_blank\" rel=\"nofollow\" class=\"\">La ventaja competitiva est\u00e1 en entender c\u00f3mo pregunta el consumidor<\/a>\n\n\n\n\n\n\n<div class=\"wprss-feed-meta\">\n            <span class=\"feed-source\">\n            Source:\n\n                            Distrito Emprendedores\n                    <\/span>\n    \n            <span class=\"feed-date\">\n            Published on 2026-03-08\n        <\/span>\n    \n    <\/div>\n\n\n\n\n\n            \n        <\/li>\n                    <li class=\"wpra-item feed-item \">\n            \n            \n\n    <a  href=\"https:\/\/distritoemprendedores.es\/blog\/solo-el-7-de-los-espanoles-cree-a-las-marcas-cuando-comunican-sus-valores-con-hechos-demostrables\/\" target=\"_blank\" rel=\"nofollow\" class=\"\">Solo el 7% de los espa\u00f1oles cree a las marcas cuando comunican sus valores con hechos demostrables<\/a>\n\n\n\n\n\n\n<div class=\"wprss-feed-meta\">\n            <span class=\"feed-source\">\n            Source:\n\n                            Distrito Emprendedores\n                    <\/span>\n    \n            <span class=\"feed-date\">\n            Published on 2026-03-07\n        <\/span>\n    \n    <\/div>\n\n\n\n\n\n            \n        <\/li>\n                    <li class=\"wpra-item feed-item \">\n            \n            \n\n    <a  href=\"https:\/\/distritoemprendedores.es\/blog\/el-38-de-las-empresas-creadas-en-2019-ha-echado-ya-el-cierre\/\" target=\"_blank\" rel=\"nofollow\" class=\"\">El 38% de las empresas creadas en 2019 ha echado ya el cierre<\/a>\n\n\n\n\n\n\n<div class=\"wprss-feed-meta\">\n            <span class=\"feed-source\">\n            Source:\n\n                            Distrito Emprendedores\n                    <\/span>\n    \n            <span class=\"feed-date\">\n            Published on 2026-03-06\n        <\/span>\n    \n    <\/div>\n\n\n\n\n\n            \n        <\/li>\n                    <li class=\"wpra-item feed-item \">\n            \n            \n\n    <a  href=\"https:\/\/distritoemprendedores.es\/blog\/descubre-las-oportunidades-y-tendencias-en-el-mercado-de-la-franquicia-para-2026\/\" target=\"_blank\" rel=\"nofollow\" class=\"\">Descubre las oportunidades y tendencias en el mercado de la franquicia para 2026<\/a>\n\n\n\n\n\n\n<div class=\"wprss-feed-meta\">\n            <span class=\"feed-source\">\n            Source:\n\n                            Distrito Emprendedores\n                    <\/span>\n    \n            <span class=\"feed-date\">\n            Published on 2026-03-05\n        <\/span>\n    \n    <\/div>\n\n\n\n\n\n            \n        <\/li>\n                    <li class=\"wpra-item feed-item \">\n            \n            \n\n    <a  href=\"https:\/\/distritoemprendedores.es\/blog\/las-startups-de-salud-mas-punteras-del-mundo\/\" target=\"_blank\" rel=\"nofollow\" class=\"\">Las startups de salud m\u00e1s punteras del mundo<\/a>\n\n\n\n\n\n\n<div class=\"wprss-feed-meta\">\n            <span class=\"feed-source\">\n            Source:\n\n                            Distrito Emprendedores\n                    <\/span>\n    \n            <span class=\"feed-date\">\n            Published on 2026-03-04\n        <\/span>\n    \n    <\/div>\n\n\n\n\n\n            \n        <\/li>\n                    <li class=\"wpra-item feed-item \">\n            \n            \n\n    <a  href=\"https:\/\/distritoemprendedores.es\/blog\/puesta-en-marcha-de-un-negocio-primeros-pasos-para-validar-vender-y-controlar-la-tesoreria\/\" target=\"_blank\" rel=\"nofollow\" class=\"\">Puesta en marcha de un negocio: primeros pasos para validar, vender y controlar la tesorer\u00eda<\/a>\n\n\n\n\n\n\n<div class=\"wprss-feed-meta\">\n            <span class=\"feed-source\">\n            Source:\n\n                            Distrito Emprendedores\n                    <\/span>\n    \n            <span class=\"feed-date\">\n            Published on 2026-03-03\n        <\/span>\n    \n    <\/div>\n\n\n\n\n\n            \n        <\/li>\n                    <li class=\"wpra-item feed-item \">\n            \n            \n\n    <a  href=\"https:\/\/distritoemprendedores.es\/blog\/6-franquicias-sin-apenas-competencia-en-el-mercado\/\" target=\"_blank\" rel=\"nofollow\" class=\"\">6 franquicias sin apenas competencia en el mercado<\/a>\n\n\n\n\n\n\n<div class=\"wprss-feed-meta\">\n            <span class=\"feed-source\">\n            Source:\n\n                            Distrito Emprendedores\n                    <\/span>\n    \n            <span class=\"feed-date\">\n            Published on 2026-03-02\n        <\/span>\n    \n    <\/div>\n\n\n\n\n\n            \n        <\/li>\n                    <li class=\"wpra-item feed-item \">\n            \n            \n\n    <a  href=\"https:\/\/digistorage.es\/links\/71d78951-a420-4f5b-8de6-7b35ae7efc1c#new_tab\" target=\"_blank\" rel=\"nofollow\" class=\"\">Los algoritmos amenazan con filtrar las confesiones realizadas al abogado<\/a>\n\n\n\n\n\n\n<div class=\"wprss-feed-meta\">\n            <span class=\"feed-source\">\n            Source:\n\n                            Distrito Emprendedores\n                    <\/span>\n    \n            <span class=\"feed-date\">\n            Published on 2026-03-01\n        <\/span>\n    \n    <\/div>\n\n\n\n\n\n            \n        <\/li>\n                    <li class=\"wpra-item feed-item \">\n            \n            \n\n    <a  href=\"https:\/\/distritoemprendedores.es\/blog\/las-startups-que-mas-innovan-en-el-mundo\/\" target=\"_blank\" rel=\"nofollow\" class=\"\">Las startups que m\u00e1s innovan en el mundo<\/a>\n\n\n\n\n\n\n<div class=\"wprss-feed-meta\">\n            <span class=\"feed-source\">\n            Source:\n\n                            Distrito Emprendedores\n                    <\/span>\n    \n            <span class=\"feed-date\">\n            Published on 2026-02-28\n        <\/span>\n    \n    <\/div>\n\n\n\n\n\n            \n        <\/li>\n                    <li class=\"wpra-item feed-item \">\n            \n            \n\n    <a  href=\"https:\/\/distritoemprendedores.es\/blog\/tiktok-genera-31-000-millones-de-euros-para-las-empresas-europeas-y-3-000-millones-en-espana\/\" target=\"_blank\" rel=\"nofollow\" class=\"\">TikTok genera 31.000 millones de euros para las empresas europeas y 3.000 millones en Espa\u00f1a<\/a>\n\n\n\n\n\n\n<div class=\"wprss-feed-meta\">\n            <span class=\"feed-source\">\n            Source:\n\n                            Distrito Emprendedores\n                    <\/span>\n    \n            <span class=\"feed-date\">\n            Published on 2026-02-27\n        <\/span>\n    \n    <\/div>\n\n\n\n\n\n            \n        <\/li>\n                    <li class=\"wpra-item feed-item \">\n            \n            \n\n    <a  href=\"https:\/\/distritoemprendedores.es\/blog\/amazon-planea-un-marketplace-para-hacer-de-puente-entre-los-publishers-y-las-empresas-de-ia\/\" target=\"_blank\" rel=\"nofollow\" class=\"\">Amazon planea un \u00abmarketplace\u00bb para hacer de puente entre los \u00abpublishers\u00bb y las empresas de IA<\/a>\n\n\n\n\n\n\n<div class=\"wprss-feed-meta\">\n            <span class=\"feed-source\">\n            Source:\n\n                            Distrito Emprendedores\n                    <\/span>\n    \n            <span class=\"feed-date\">\n            Published on 2026-02-26\n        <\/span>\n    \n    <\/div>\n\n\n\n\n\n            \n        <\/li>\n        <\/ul>\n\n        \n<\/div>\n\n<\/div>\n\n<hr>\n<p>En la sociedad se han abierto varios cr\u00e1teres, o tal vez tengamos ya oc\u00e9anos de por medio que nos dividen, y cada uno desde su lado de la orilla se cree mejor que el otro;&nbsp;<strong>la incapacidad de escuchar o la nula voluntad de comprender a los dem\u00e1s est\u00e1 realmente erosionada.&nbsp;<\/strong><\/p>\n<p>La gente es defensiva con lo que sabe, defienden sus opiniones como un territorio que otros quieren ocupar, se encierran tras las fronteras concebidas por&nbsp;<a href=\"https:\/\/javieririondo.es\/2015\/03\/16\/creencias-limitantes\/\">sus creencias<\/a>&nbsp;y convicciones,&nbsp; as\u00ed es imposible comprender a nadie, ni negociar, ni avanzar.&nbsp;<strong>Tal vez lo m\u00e1s importante sea descubrir nuestra propia ignorancia,<\/strong>&nbsp;lo que no sabemos y necesitamos aprender, porque si ya supi\u00e9semos, lo m\u00e1s probable es que nuestra vida ser\u00eda mucho mejor.<\/p>\n<h2><span id=\"3_La_incontinencia_verbal_parece_ser_otro_de_los_males_actuales\"><strong>3. LA INCONTINENCIA VERBAL PARECE SER OTRO DE LOS MALES ACTUALES<\/strong><\/span><\/h2>\n<p>&nbsp;<\/p>\n<p>Todo el mundo parece tener opiniones sobre todo, aunque el tiempo que muchos dedican a reflexionar sobre las suyas propias es el mismo que el de un pedo: al parecer se les escapan las opiniones, o tal vez sus ciegas convicciones.<\/p>\n<p>Un m\u00ednimo error, una palabra incorrecta llega a distorsionarse hasta convertirse en una guerra de gritos y acusaciones. Una sola palabra malinterpretada es suficiente para que algo irrelevante se convierta en transcendental, para que los despiadados vampiros de&nbsp;<a href=\"https:\/\/javieririondo.es\/2017\/02\/05\/el-coste-de-la-critica\/\">la cr\u00edtica<\/a>&nbsp;salgan a buscar sangre en b\u00fasqueda de una nueva v\u00edctima.<\/p>\n<p>El nivel de ofensa ha ca\u00eddo tan bajo, la acusaci\u00f3n y la denigraci\u00f3n p\u00fablica se ha elevado tanto, que muchos callan ante esta amenaza, callan por miedo a ser se\u00f1alados, criticados y juzgados en esta cultura de la acusaci\u00f3n p\u00fablica, que parece ser la versi\u00f3n moderna del lapidamiento. Son muchos los que ocultan sus pensamientos, es&nbsp;<strong>el silencio provocado por el miedo al juicio social.&nbsp;<\/strong><\/p>\n<p>La tiran\u00eda crece lentamente y nos pide que retrocedamos en pasos relativamente peque\u00f1os a la vez, pero cada paso atr\u00e1s, cada silencio aumenta la posibilidad del siguiente avance tir\u00e1nico. As\u00ed es como se crea el infierno en la tierra, esa es la lecci\u00f3n del Holocausto, y tambi\u00e9n probablemente la mayor atrocidad de la historia, como fue el Archipi\u00e9lago Gulag en la era de Stalin, el horror a trav\u00e9s del silencio impuesto por el miedo.&nbsp;<\/p>\n<p><i>La l\u00ednea que divide el bien y el mal atraviesa el coraz\u00f3n de todo ser humano. Aleksandr Solzhenitsyn.<\/i><\/p>\n<p>Es una peligrosa realidad, un silencio que divide una sociedad, pero todo en la vida tiene consecuencias, tanto lo que hacemos como lo que no, tanto lo que decimos como lo que callamos, pero cuando callamos y toleramos lo intolerable, cuando justificamos lo injustificable, las consecuencias de la inacci\u00f3n son terror\u00edficas, es el inicio de caos, como desgraciadamente se ha demostrado a lo largo de la historia, y porque&nbsp;<strong>la mente humana est\u00e1 preparada para el tribalismo.<\/strong><\/p>\n<p><iframe loading=\"lazy\" title=\"VALIENTE ES EL QUE RESPETA. \u00bfT\u00fa lo eres? - Mensaje Javier Iriondo\" width=\"1110\" height=\"624\" src=\"https:\/\/www.youtube.com\/embed\/RD5OfJmzVb8?feature=oembed\" frameborder=\"0\" allow=\"accelerometer; autoplay; clipboard-write; encrypted-media; gyroscope; picture-in-picture\" allowfullscreen><\/iframe><\/p>\n<p>Y mientras observamos el lamentable espect\u00e1culo de la pol\u00edtica, las peleas de egos y de poder, m\u00e1s preocupados por las declaraciones, por culpar al de al lado, por controlar la informaci\u00f3n, m\u00e1s preocupados por lo que tienen que decir en vez de lo que tienen que hacer, esa t\u00f3xica cultura sigue abriendo el abismo de la divisi\u00f3n y la desesperaci\u00f3n.&nbsp;<\/p>\n<p>Que nadie confunda la velocidad con el tocino. Aunque a estas alturas del art\u00edculo cada persona ya ha reaccionado de alguna manera, puede que visceral, tal vez ya me ha colocado en un bando, algo al parecer inevitable hoy en d\u00eda debido a los sesgos cognitivos y de informaci\u00f3n (y esa es precisamente la ra\u00edz del problema), yo no hablo de un partido, hablo del terrible espect\u00e1culo de la pol\u00edtica en general.<\/p>\n<p><strong>\u00bfQui\u00e9n sufre las consecuencias de todo esto?<\/strong>&nbsp;Los de siempre, los ciudadanos, las personas a las que supuestamente deben servir. Mientras, una buena parte de la sociedad, muchas familias, observan atemorizadas al borde del abismo,&nbsp;<a href=\"https:\/\/javieririondo.es\/2019\/07\/12\/como-tener-esperanza\/\">buscan esperanza<\/a>, una visi\u00f3n de un futuro mejor, alguna nueva ilusi\u00f3n, algo en lo que creer, pero la respuesta es la cultura del miedo, palabras vac\u00edas, indiferencia, incompetencia, promesas incumplidas, p\u00e9rdida de libertades y m\u00e1s control, supuestamente por nuestro propio bien\u2026<\/p>\n<p>Toda esta locura tiene que parar, porque esto no es un juego en el que alguien puede ganar (nadie lo hace) aunque los pol\u00edticos inconscientemente (eso espero) est\u00e9n jugando a ese juego. De hecho, ser\u00eda realmente grave y m\u00e1s peligroso a\u00fan si cabe, porque significar\u00eda que todo vale, aunque eso conlleve arrasar con todo y destruir la propia sociedad.<\/p>\n<p>Si queremos progresar y crear una sociedad mejor, tenemos que abrirnos a nuevas perspectivas y procurar comprender otros puntos de vista, debemos frenar nuestros instant\u00e1neos juicios morales, procurar comprender y atacar los problemas no a las personas.<\/p>\n<h2><span id=\"4_Podriamos_intentar_ponernos_de_acuerdo_en_que_estamos_de_acuerdo_Que_valores_tenemos_en_comun_Que_queremos_lograr_Que_futuro_queremos_construir\">4. \u00bfPODR\u00cdAMOS INTENTAR PONERNOS DE ACUERDO EN QUE ESTAMOS DE ACUERDO? \u00bfQU\u00c9 VALORES TENEMOS EN COM\u00daN? \u00bfQU\u00c9 QUEREMOS LOGRAR? \u00bfQU\u00c9 FUTURO QUEREMOS CONSTRUIR?<\/span><\/h2>\n<p>&nbsp;<\/p>\n<p>Si hay un objetivo com\u00fan, una diana a la que apuntar, cabr\u00eda la posibilidad de tener un debate y una discusi\u00f3n m\u00e1s sana o productiva para ver las formas, alternativas y&nbsp; decisiones, para intentar construir y dirigirnos hacia ese futuro mejor que todos anhelamos&nbsp;<\/p>\n<p>Si queremos comprender el mundo, el comportamiento humano, si queremos mejorar pero nos enrocamos en lo que creemos sin escuchar, aniquilando la diversidad de ideas, nos caeremos hacia un lado y si todo cae a un lado extremo, independientemente del lado, la historia ha demostrado que los extremismos son el inicio del caos.<\/p>\n<p>Como dijo el fil\u00f3sofo Bertrand Russell&nbsp;<em>u<\/em><i>na de las cosas m\u00e1s dolorosas de nuestros d\u00edas, es que aquellos que tienen las m\u00e1s absolutas certezas son los m\u00e1s est\u00fapidos, y aquellos con algo de imaginaci\u00f3n y comprensi\u00f3n, est\u00e1n llenos de dudas e indecisi\u00f3n<\/i><i>.&nbsp;<\/i><\/p>\n<p><strong>Es hora de dejar de mirar hacia fuera donde siempre podemos encontrar culpables,<\/strong>&nbsp;es lo f\u00e1cil, siempre hay muchos disponibles a mano, o de buscar una idea simple que lo justifique todo, porque no la hay. Es hora y es deber de cada uno de nosotros mirar hacia dentro para encontrar comprensi\u00f3n y soluciones.<\/p>\n<p><iframe loading=\"lazy\" title=\"\u00bfPor qu\u00e9 buscamos culpables?\" width=\"1110\" height=\"624\" src=\"https:\/\/www.youtube.com\/embed\/-vRgqPH6p44?feature=oembed\" frameborder=\"0\" allow=\"accelerometer; autoplay; clipboard-write; encrypted-media; gyroscope; picture-in-picture\" allowfullscreen><\/iframe><\/p>\n<p>Ojal\u00e1 que la vida fuese m\u00e1s f\u00e1cil, pero \u00e9sta, el mundo, el ser humano y cada uno de nosotros somos algo realmente complejo que requiere profundizar para llegar a comprender muchos aspectos de la vida, de nosotros mismos y de las relaciones con los dem\u00e1s.&nbsp;<\/p>\n<p>Puedo estar equivocado, muy equivocado, no tengo raz\u00f3n, ni la necesito. En realidad ojal\u00e1 que sea yo quien est\u00e9 mal, muy mal. Espero y ojal\u00e1 que sea solo yo quien ve esos peligros, ojal\u00e1 que el mundo est\u00e9 bien y sea yo quien vea las cosas distorsionadas, ser\u00eda un gran alivio, ya que as\u00ed no ser\u00eda la sociedad la que tiene que cambiar, tan solo tendr\u00eda que cambiar yo.<\/p>\n<p><a href=\"https:\/\/javieririondo.es\/\"><em>Javier Iriondo<\/em><\/a><\/p>\n<div id=\"telet-1604560736\" class=\"telet-despues-del-contenido telet-entity-placement\"><a target=\"_blank\" href=\"\/\/aff.lucushost.com\/resources\/click\/?n=gDxoXMAJ&aff=756\"><img decoding=\"async\" border=\"0\" alt=\"LucusHost, el mejor hosting\" src=\"\/\/aff.lucushost.com\/resources\/banners\/?zoneid=5123&n=gDxoXMAJ&aff=756\" \/><\/a><\/div>","protected":false},"excerpt":{"rendered":"<p>En los \u00faltimos a\u00f1os, estamos viendo y padeciendo (como en muchos pa\u00edses se ha experimentado)&nbsp;un aumento de las tensiones pol\u00edticas, que a su vez se trasladan a la sociedad,&nbsp;y que&hellip; <\/p>\n","protected":false},"author":1,"featured_media":2189,"comment_status":"open","ping_status":"open","sticky":false,"template":"","format":"standard","meta":{"_jetpack_memberships_contains_paid_content":false,"footnotes":"","_links_to":"","_links_to_target":""},"categories":[8],"tags":[15,14],"class_list":["post-2188","post","type-post","status-publish","format-standard","has-post-thumbnail","hentry","category-vida-social","tag-fuprisa","tag-jose-manuel-fuentes-prieto"],"nelio_content":{"autoShareEndMode":"never","automationSources":{"useCustomSentences":false,"customSentences":[]},"efiAlt":"","efiUrl":"","followers":[1],"highlights":[],"isAutoShareEnabled":true,"networkImageIds":[],"permalinkQueryArgs":[],"series":[],"suggestedReferences":[]},"jetpack_featured_media_url":"https:\/\/teletrabajoynegocios.com\/telesecretarias\/wp-content\/uploads\/sites\/2\/2020\/10\/moviles.jpg","jetpack_sharing_enabled":true,"_links":{"self":[{"href":"https:\/\/teletrabajoynegocios.com\/telesecretarias\/wp-json\/wp\/v2\/posts\/2188","targetHints":{"allow":["GET"]}}],"collection":[{"href":"https:\/\/teletrabajoynegocios.com\/telesecretarias\/wp-json\/wp\/v2\/posts"}],"about":[{"href":"https:\/\/teletrabajoynegocios.com\/telesecretarias\/wp-json\/wp\/v2\/types\/post"}],"author":[{"embeddable":true,"href":"https:\/\/teletrabajoynegocios.com\/telesecretarias\/wp-json\/wp\/v2\/users\/1"}],"replies":[{"embeddable":true,"href":"https:\/\/teletrabajoynegocios.com\/telesecretarias\/wp-json\/wp\/v2\/comments?post=2188"}],"version-history":[{"count":1,"href":"https:\/\/teletrabajoynegocios.com\/telesecretarias\/wp-json\/wp\/v2\/posts\/2188\/revisions"}],"predecessor-version":[{"id":2190,"href":"https:\/\/teletrabajoynegocios.com\/telesecretarias\/wp-json\/wp\/v2\/posts\/2188\/revisions\/2190"}],"wp:featuredmedia":[{"embeddable":true,"href":"https:\/\/teletrabajoynegocios.com\/telesecretarias\/wp-json\/wp\/v2\/media\/2189"}],"wp:attachment":[{"href":"https:\/\/teletrabajoynegocios.com\/telesecretarias\/wp-json\/wp\/v2\/media?parent=2188"}],"wp:term":[{"taxonomy":"category","embeddable":true,"href":"https:\/\/teletrabajoynegocios.com\/telesecretarias\/wp-json\/wp\/v2\/categories?post=2188"},{"taxonomy":"post_tag","embeddable":true,"href":"https:\/\/teletrabajoynegocios.com\/telesecretarias\/wp-json\/wp\/v2\/tags?post=2188"}],"curies":[{"name":"wp","href":"https:\/\/api.w.org\/{rel}","templated":true}]}}