{"id":2206,"date":"2020-10-08T11:42:41","date_gmt":"2020-10-08T09:42:41","guid":{"rendered":"https:\/\/teletrabajoynegocios.com\/telesecretarias\/?p=2206"},"modified":"2020-10-06T08:47:00","modified_gmt":"2020-10-06T06:47:00","slug":"como-usar-las-salas-de-facebook","status":"publish","type":"post","link":"https:\/\/teletrabajoynegocios.com\/telesecretarias\/como-usar-las-salas-de-facebook\/","title":{"rendered":"Como usar las salas de Facebook"},"content":{"rendered":"<div id=\"telet-669100181\" class=\"telet-antes-del-contenido telet-entity-placement\"><a href=\"https:\/\/quaderno.io\/?via=jose-manuel94\" aria-label=\"Quaderno General (Spanish) &#8211; 728&#215;90\"><img loading=\"lazy\" decoding=\"async\" src=\"https:\/\/teletrabajoynegocios.com\/telesecretarias\/wp-content\/uploads\/sites\/2\/2020\/11\/Quaderno-General-Spanish-728x90-1.png\" alt=\"\"  srcset=\"https:\/\/teletrabajoynegocios.com\/telesecretarias\/wp-content\/uploads\/sites\/2\/2020\/11\/Quaderno-General-Spanish-728x90-1.png 728w, https:\/\/teletrabajoynegocios.com\/telesecretarias\/wp-content\/uploads\/sites\/2\/2020\/11\/Quaderno-General-Spanish-728x90-1-300x37.png 300w\" sizes=\"(max-width: 728px) 100vw, 728px\" width=\"728\" height=\"90\"   \/><\/a><\/div><p>Si tienes un negocio digital y ofreces soporte en tus trainings v\u00eda videoconferencia, debes estar al tanto de&nbsp;<strong>las nuevas herramientas que surgen en el mercado<\/strong>&nbsp;y pensar c\u00f3mo las puedes aprovechar.<\/p>\n<p>Una de ellas es la que ha lanzado Facebook en primavera de 2020,&nbsp;<strong>las salas de chat de Facebook.<\/strong><\/p>\n<p>El gigante tecnol\u00f3gico ha hecho frente de esta manera a las aplicaciones para videoconferencia que tanto \u00e9xito han tenido durante el confinamiento.<\/p>\n<p>Zoom, el entorno GSuite con Meet, Skype, JitsiMeet, la opci\u00f3n de Microsoft Teams\u2026 Facebook se enfrenta a una dura competencia.<\/p>\n<p>Despu\u00e9s de apostar por las&nbsp;<a href=\"https:\/\/latransformateca.com\/unidades-de-aprendizaje-grupos-de-facebook\/\" target=\"_blank\" rel=\"noreferrer noopener\">unidades de aprendizaje<\/a>, tambi\u00e9n se ha lanzado con&nbsp;<strong>Messenger Rooms<\/strong>, su producto para salas de chat.<\/p>\n<p>Te explico en qu\u00e9 consiste y c\u00f3mo puedes usarlo en tus trainings.<\/p>\n<h2>\u00bfQU\u00c9 SON LAS SALAS DE CHAT DE FACEBOOK O MESSENGER ROOMS?<\/h2>\n<p><strong>Las salas de chat de Facebook o Messenger Rooms es el servicio de videoconferencia creado por Facebook<\/strong>.<\/p>\n<p>B\u00e1sicamente, estas son sus&nbsp;<strong>caracter\u00edsticas<\/strong>:<\/p>\n<ul>\n<li>Admite&nbsp;<strong>hasta 50 integrantes<\/strong>.<\/li>\n<li><strong>No tiene l\u00edmite de tiempo<\/strong>.<\/li>\n<li><strong>Es gratuita<\/strong>.<\/li>\n<\/ul>\n<p>Tres grandes ventajas con las que se diferencia de entrada de alguno de sus competidores.<\/p>\n<p>Pero todav\u00eda destaca por otras tres m\u00e1s:<\/p>\n<ul>\n<li><strong>Sencillez y facilidad de uso<\/strong>, para cautivar a las personas que hasta ahora no se hab\u00edan atrevido con este tipo de recursos.<\/li>\n<li><strong>Accesibilidad<\/strong>, puesto que permite crear una sala de chat desde casi todas las herramientas de su propiedad (web, Messenger, Instagram, WhatsApp y aplicaciones).&nbsp;<\/li>\n<li><strong>Abierta<\/strong>, ya que cualquier usuario con el enlace de acceso a la sala podr\u00e1 unirse, sin necesidad de tener que crear una cuenta en la plataforma.<\/li>\n<\/ul>\n<p>Y todav\u00eda hay m\u00e1s. Facebook Messenger Rooms viene con algunos extras m\u00e1s:<\/p>\n<ul>\n<li>Filtros de realidad aumentada.<\/li>\n<li>Posibilidad de poner fondos virtuales, con vistas de 360 grados de lugares ex\u00f3ticos.<\/li>\n<\/ul>\n<h2>C\u00d3MO USAR LAS SALAS DE CHAT DE FACEBOOK CON TUS ALUMNOS<\/h2>\n<p>Si tu negocio est\u00e1 basado en la formaci\u00f3n o los training de alg\u00fan tipo,&nbsp;<strong>la distancia ya no es un impedimento para que puedas desarrollar las sesiones con tus alumnos<\/strong>.<\/p>\n<p><strong>Las salas de chat de Facebook se convierten en una herramienta estrat\u00e9gica<\/strong>&nbsp;para tu negocio.<\/p>\n<p>El formato virtual ha llegado para quedarse y cada vez son m\u00e1s las personas a las que ya nos les supone una barrera psicol\u00f3gica recibir formaci\u00f3n en este tipo de modalidad.<\/p>\n<h3>VENTAJAS DE USAR LAS VIDEOLLAMADAS PARA OFRECER TRAININGS<\/h3>\n<p>Aunque en los \u00faltimos meses el panorama ha cambiado radicalmente, la verdad es que para muchas personas hasta hace bien poco la alternativa digital ni siquiera era una alternativa posible.<\/p>\n<p>Simplemente no percib\u00edan c\u00f3mo un formato que no sea presencial puede servir para impartir formaci\u00f3n.<\/p>\n<p>Pero si eres de los que ya ha abrazado la&nbsp;<a href=\"https:\/\/latransformateca.com\/transformacion-digital-de-los-negocios\/\" target=\"_blank\" rel=\"noreferrer noopener\">transformaci\u00f3n digital<\/a>&nbsp;y se ha adaptado, te habr\u00e1s dado cuenta de que es perfectamente posible realizar trainings por videollamada.<\/p>\n<p>Por si todav\u00eda te quedan dudas, te voy a apuntar a continuaci\u00f3n una cu\u00e1ntas<strong>&nbsp;ventajas que te ofrece la modalidad de hacer trainings por videollamada<\/strong>.<\/p>\n<ul>\n<li><strong>Alcance global<\/strong><br \/>\nPermite ponerte en contacto con cualquier persona del planeta en unos segundos. Se acabaron las barreras por la localizaci\u00f3n.<\/li>\n<li><strong>Enriquecimiento mutuo<\/strong><br \/>\nEl poder tener en la misma sesi\u00f3n de una videollamada a personas de diferente origen, cultura, condici\u00f3n, etc va a favorecer la empat\u00eda entre los miembros del grupo y que se convierta en una experiencia mucho m\u00e1s rica, porque se comparten ideas.<\/li>\n<li><strong>Favorece la comunicaci\u00f3n<\/strong><br \/>\nFavorece la conversaci\u00f3n o debate y por lo tanto impulsa la capacidad de generar aprendizaje.<br \/>\nEs ideal para practicar idiomas, habilidades sociales, oratoria\u2026 As\u00ed que si la tuya es una actividad relacionada, podr\u00e1s sacarle un gran provecho.<\/li>\n<li><strong>Permite la deslocalizaci\u00f3n<\/strong><br \/>\nEl avance en la tecnolog\u00eda m\u00f3vil permite ahora conectarse por videoconferencia desde tu tablet o smartphone, con todas las ventajas que ello conlleva. Por ejemplo, antes en las videollamadas solo ve\u00edamos fondos est\u00e1ticos con cuadros y estanter\u00edas, sin embargo ahora la videollamada puede ser en movimiento y desde el lugar en el que encuentres.<\/li>\n<li><strong>Acompa\u00f1amiento<\/strong><br \/>\nContar\u00e1s con mayor facilidad para organizar sesiones privadas de acompa\u00f1amiento o tutor\u00eda con tus alumnos, puesto que solo hace falta una conexi\u00f3n a Internet.<\/li>\n<li><strong>Ahorro de tiempo<\/strong><br \/>\nEvitar\u00e1s desplazamientos, con el consiguiente ahorro de tiempo. Y adem\u00e1s, al no tener los problemas de espacio, puedes crear grupos de alumnos m\u00e1s grandes.<\/li>\n<li><strong>Ahorro de costes<\/strong><br \/>\nNo solo ahorrar\u00e1s en gasto corriente, como desplazamientos, materiales, etc.<br \/>\nPiensa que al ofrecer formaci\u00f3n virtual te evitas tambi\u00e9n incurrir en muchos gastos estructurales: local, materiales, mobiliario, conexi\u00f3n a Internet, agua, luz, limpieza\u2026<\/li>\n<\/ul>\n<p>Facebook ofrece diferentes alternativas para conectarse a las salas de chat desde diferentes plataformas: desde la versi\u00f3n web, desde la app de Facebook o Messenger.<\/p>\n<p>Veamos c\u00f3mo se hace en cada una de ellas. Te explico el proceso por pasos.<\/p>\n<h2>C\u00d3MO USAR MESSENGER ROOMS DESDE LA WEB<\/h2>\n<p>Ver\u00e1s que es sencillo crear una sala de chat en Facebook.<\/p>\n<ul>\n<li>Una vez iniciada la sesi\u00f3n en Facebook, bajo la opci\u00f3n de \u201c<em>Crear publicaci\u00f3n<\/em>\u201d, pincha sobre el icono de color morado que tiene forma de c\u00e1mara de v\u00eddeo y figura como \u201c<em>Crear sala<\/em>\u201d.<\/li>\n<li>Se te abrir\u00e1 una nueva pantalla que tiene tres apartados: actividad de la sala, qui\u00e9n est\u00e1 invitado y hora de inicio.\n<ul>\n<li>\u201c<em>Actividad de la sala<\/em>\u201d: selecciona el tema de la sala entre las opciones o crea un tema propio.<\/li>\n<li>\u201c<em>Qui\u00e9n est\u00e1 invitado<\/em>\u201d: elegir a los participantes. Puedes invitar a amigos de Facebook o a amigos concretos. Cuando seleccionas esta opci\u00f3n, podr\u00e1s compartir el enlace con cualquier persona, sin que tengan que ser contactos, ni tampoco tenga cuenta en Facebook o Messenger.<\/li>\n<li>\u201c<em>Hora de inicio<\/em>\u201d: elige la hora en la que comenzar\u00e1s la actividad en la sala.<\/li>\n<\/ul>\n<\/li>\n<\/ul>\n<p>Ya est\u00e1 lista la sala.<\/p>\n<p>Cuando pulsas en \u201c<em>Siguiente<\/em>\u201d, la invitaci\u00f3n a participar en la sala se enviar\u00e1 a todas las personas invitadas.<\/p>\n<p><strong>La creaci\u00f3n de la sala te ofrece m\u00e1s opciones<\/strong>, como invitar a m\u00e1s personas, editar la sala, compartirla en abierto, finalizarla o activar la opci\u00f3n de compartir el enlace para que cualquier usuario con ese link pueda acceder.<\/p>\n<p>Tu sala ya est\u00e1 activa y visible. Y accesible desde las historias de Facebook.<\/p>\n<h2>C\u00d3MO CREAR UNA SALA EN MESSENGER ROOMS EN EL APP DE FACEBOOK<\/h2>\n<p>Si te conectas desde la aplicaci\u00f3n de Facebook tambi\u00e9n puedes crear una sala en Messenger Rooms.<\/p>\n<p>Este caso puede estar indicado para actividades que exijan movilidad, por ejemplo.<\/p>\n<p>Sigue estos pasos para conectarte:<\/p>\n<ul>\n<li>Abre la aplicaci\u00f3n de Facebook.<\/li>\n<li>Te colocas para crear una publicaci\u00f3n, al lado de tu imagen del perfil, donde figura \u201c<em>\u00bfQu\u00e9 est\u00e1s pensando?<\/em>\u201d.<\/li>\n<li>Entre las opciones te aparecer\u00e1 una que es \u201c<em>Crear sala<\/em>\u201d.<\/li>\n<li>Se te abrir\u00e1 una nueva pantalla, con las tres opciones antes descritas: actividad de la sala, \u00bfQui\u00e9n est\u00e1 invitado? y Hora de inicio.<\/li>\n<li>A partir de aqu\u00ed el proceso es exactamente el mismo que el descrito anteriormente para la versi\u00f3n web.<\/li>\n<li>Cuando tengas configurados los tres apartados anteriores, solo tienes que pulsar en \u201c<em>Crear<\/em>\u201d, en el caso de que el inicio se haya programado; o \u201c<em>Entrar a la sala<\/em>\u201d, si lo que deseas es iniciar la videoconferencia directamente.<\/li>\n<\/ul>\n<hr>\n<p><img decoding=\"async\" src=\"https:\/\/teletrabajoynegocios.com\/teletrabajador\/wp-content\/uploads\/sites\/3\/2020\/07\/articulos.png\"><\/p>\n<div class=\"wp-rss-template-container\" data-wpra-template=\"default\" data-template-ctx=\"W10=\">\n    <div class=\"wp-rss-aggregator wpra-list-template  \" data-page=\"1\">\n    \n    \n<ul class=\"wpra-item-list rss-aggregator wpra-item-list--bullets wpra-item-list--default\"\n    start=\"1\">\n                        <li class=\"wpra-item feed-item \">\n            \n            \n\n    <a  href=\"https:\/\/distritoemprendedores.com\/blog\/2026\/03\/16\/hello-world\/\" target=\"_blank\" rel=\"nofollow\" class=\"\">Hello world!<\/a>\n\n\n\n\n\n\n<div class=\"wprss-feed-meta\">\n            <span class=\"feed-source\">\n            Source:\n\n                            Distrito Emprendedores\n                    <\/span>\n    \n            <span class=\"feed-date\">\n            Published on 2026-03-16\n        <\/span>\n    \n    <\/div>\n\n\n\n\n\n            \n        <\/li>\n                    <li class=\"wpra-item feed-item \">\n            \n            \n\n    <a  href=\"https:\/\/www.dropbox.com\/scl\/fi\/b6csvpbfxu24vaezmo3es\/62bed0634df20e5ef35346439fdd423f_franquicias.pdf?rlkey=mfp2795s4n89mw35l0yeu2vl5&amp;e=2&amp;st=57kabuy0&amp;dl=0#new_tab\" target=\"_blank\" rel=\"nofollow\" class=\"\">Las franquicias espa\u00f1olas duplican su presencia en mercados for\u00e1neos<\/a>\n\n\n\n\n\n\n<div class=\"wprss-feed-meta\">\n            <span class=\"feed-source\">\n            Source:\n\n                            Distrito Emprendedores\n                    <\/span>\n    \n            <span class=\"feed-date\">\n            Published on 2026-03-11\n        <\/span>\n    \n    <\/div>\n\n\n\n\n\n            \n        <\/li>\n                    <li class=\"wpra-item feed-item \">\n            \n            \n\n    <a  href=\"https:\/\/distritoemprendedores.es\/blog\/5-errores-fatales-al-internacionalizar-tu-franquicia\/\" target=\"_blank\" rel=\"nofollow\" class=\"\">5 errores fatales al internacionalizar tu franquicia<\/a>\n\n\n\n\n\n\n<div class=\"wprss-feed-meta\">\n            <span class=\"feed-source\">\n            Source:\n\n                            Distrito Emprendedores\n                    <\/span>\n    \n            <span class=\"feed-date\">\n            Published on 2026-03-10\n        <\/span>\n    \n    <\/div>\n\n\n\n\n\n            \n        <\/li>\n                    <li class=\"wpra-item feed-item \">\n            \n            \n\n    <a  href=\"https:\/\/distritoemprendedores.es\/blog\/un-nuevo-prime-time-para-las-marcas-afterwork-tardeo-y-futbol-se-consolidan-como-los-grandes-motores-del-consumo-experiencial\/\" target=\"_blank\" rel=\"nofollow\" class=\"\">Un nuevo prime time para las marcas: afterwork, tardeo y f\u00fatbol se consolidan como los grandes motores del consumo experiencial<\/a>\n\n\n\n\n\n\n<div class=\"wprss-feed-meta\">\n            <span class=\"feed-source\">\n            Source:\n\n                            Distrito Emprendedores\n                    <\/span>\n    \n            <span class=\"feed-date\">\n            Published on 2026-03-09\n        <\/span>\n    \n    <\/div>\n\n\n\n\n\n            \n        <\/li>\n                    <li class=\"wpra-item feed-item \">\n            \n            \n\n    <a  href=\"https:\/\/distritoemprendedores.es\/blog\/la-ventaja-competitiva-esta-en-entender-como-pregunta-el-consumidor\/\" target=\"_blank\" rel=\"nofollow\" class=\"\">La ventaja competitiva est\u00e1 en entender c\u00f3mo pregunta el consumidor<\/a>\n\n\n\n\n\n\n<div class=\"wprss-feed-meta\">\n            <span class=\"feed-source\">\n            Source:\n\n                            Distrito Emprendedores\n                    <\/span>\n    \n            <span class=\"feed-date\">\n            Published on 2026-03-08\n        <\/span>\n    \n    <\/div>\n\n\n\n\n\n            \n        <\/li>\n                    <li class=\"wpra-item feed-item \">\n            \n            \n\n    <a  href=\"https:\/\/distritoemprendedores.es\/blog\/solo-el-7-de-los-espanoles-cree-a-las-marcas-cuando-comunican-sus-valores-con-hechos-demostrables\/\" target=\"_blank\" rel=\"nofollow\" class=\"\">Solo el 7% de los espa\u00f1oles cree a las marcas cuando comunican sus valores con hechos demostrables<\/a>\n\n\n\n\n\n\n<div class=\"wprss-feed-meta\">\n            <span class=\"feed-source\">\n            Source:\n\n                            Distrito Emprendedores\n                    <\/span>\n    \n            <span class=\"feed-date\">\n            Published on 2026-03-07\n        <\/span>\n    \n    <\/div>\n\n\n\n\n\n            \n        <\/li>\n                    <li class=\"wpra-item feed-item \">\n            \n            \n\n    <a  href=\"https:\/\/distritoemprendedores.es\/blog\/el-38-de-las-empresas-creadas-en-2019-ha-echado-ya-el-cierre\/\" target=\"_blank\" rel=\"nofollow\" class=\"\">El 38% de las empresas creadas en 2019 ha echado ya el cierre<\/a>\n\n\n\n\n\n\n<div class=\"wprss-feed-meta\">\n            <span class=\"feed-source\">\n            Source:\n\n                            Distrito Emprendedores\n                    <\/span>\n    \n            <span class=\"feed-date\">\n            Published on 2026-03-06\n        <\/span>\n    \n    <\/div>\n\n\n\n\n\n            \n        <\/li>\n                    <li class=\"wpra-item feed-item \">\n            \n            \n\n    <a  href=\"https:\/\/distritoemprendedores.es\/blog\/descubre-las-oportunidades-y-tendencias-en-el-mercado-de-la-franquicia-para-2026\/\" target=\"_blank\" rel=\"nofollow\" class=\"\">Descubre las oportunidades y tendencias en el mercado de la franquicia para 2026<\/a>\n\n\n\n\n\n\n<div class=\"wprss-feed-meta\">\n            <span class=\"feed-source\">\n            Source:\n\n                            Distrito Emprendedores\n                    <\/span>\n    \n            <span class=\"feed-date\">\n            Published on 2026-03-05\n        <\/span>\n    \n    <\/div>\n\n\n\n\n\n            \n        <\/li>\n                    <li class=\"wpra-item feed-item \">\n            \n            \n\n    <a  href=\"https:\/\/distritoemprendedores.es\/blog\/las-startups-de-salud-mas-punteras-del-mundo\/\" target=\"_blank\" rel=\"nofollow\" class=\"\">Las startups de salud m\u00e1s punteras del mundo<\/a>\n\n\n\n\n\n\n<div class=\"wprss-feed-meta\">\n            <span class=\"feed-source\">\n            Source:\n\n                            Distrito Emprendedores\n                    <\/span>\n    \n            <span class=\"feed-date\">\n            Published on 2026-03-04\n        <\/span>\n    \n    <\/div>\n\n\n\n\n\n            \n        <\/li>\n                    <li class=\"wpra-item feed-item \">\n            \n            \n\n    <a  href=\"https:\/\/distritoemprendedores.es\/blog\/puesta-en-marcha-de-un-negocio-primeros-pasos-para-validar-vender-y-controlar-la-tesoreria\/\" target=\"_blank\" rel=\"nofollow\" class=\"\">Puesta en marcha de un negocio: primeros pasos para validar, vender y controlar la tesorer\u00eda<\/a>\n\n\n\n\n\n\n<div class=\"wprss-feed-meta\">\n            <span class=\"feed-source\">\n            Source:\n\n                            Distrito Emprendedores\n                    <\/span>\n    \n            <span class=\"feed-date\">\n            Published on 2026-03-03\n        <\/span>\n    \n    <\/div>\n\n\n\n\n\n            \n        <\/li>\n                    <li class=\"wpra-item feed-item \">\n            \n            \n\n    <a  href=\"https:\/\/distritoemprendedores.es\/blog\/6-franquicias-sin-apenas-competencia-en-el-mercado\/\" target=\"_blank\" rel=\"nofollow\" class=\"\">6 franquicias sin apenas competencia en el mercado<\/a>\n\n\n\n\n\n\n<div class=\"wprss-feed-meta\">\n            <span class=\"feed-source\">\n            Source:\n\n                            Distrito Emprendedores\n                    <\/span>\n    \n            <span class=\"feed-date\">\n            Published on 2026-03-02\n        <\/span>\n    \n    <\/div>\n\n\n\n\n\n            \n        <\/li>\n                    <li class=\"wpra-item feed-item \">\n            \n            \n\n    <a  href=\"https:\/\/digistorage.es\/links\/71d78951-a420-4f5b-8de6-7b35ae7efc1c#new_tab\" target=\"_blank\" rel=\"nofollow\" class=\"\">Los algoritmos amenazan con filtrar las confesiones realizadas al abogado<\/a>\n\n\n\n\n\n\n<div class=\"wprss-feed-meta\">\n            <span class=\"feed-source\">\n            Source:\n\n                            Distrito Emprendedores\n                    <\/span>\n    \n            <span class=\"feed-date\">\n            Published on 2026-03-01\n        <\/span>\n    \n    <\/div>\n\n\n\n\n\n            \n        <\/li>\n                    <li class=\"wpra-item feed-item \">\n            \n            \n\n    <a  href=\"https:\/\/distritoemprendedores.es\/blog\/las-startups-que-mas-innovan-en-el-mundo\/\" target=\"_blank\" rel=\"nofollow\" class=\"\">Las startups que m\u00e1s innovan en el mundo<\/a>\n\n\n\n\n\n\n<div class=\"wprss-feed-meta\">\n            <span class=\"feed-source\">\n            Source:\n\n                            Distrito Emprendedores\n                    <\/span>\n    \n            <span class=\"feed-date\">\n            Published on 2026-02-28\n        <\/span>\n    \n    <\/div>\n\n\n\n\n\n            \n        <\/li>\n                    <li class=\"wpra-item feed-item \">\n            \n            \n\n    <a  href=\"https:\/\/distritoemprendedores.es\/blog\/tiktok-genera-31-000-millones-de-euros-para-las-empresas-europeas-y-3-000-millones-en-espana\/\" target=\"_blank\" rel=\"nofollow\" class=\"\">TikTok genera 31.000 millones de euros para las empresas europeas y 3.000 millones en Espa\u00f1a<\/a>\n\n\n\n\n\n\n<div class=\"wprss-feed-meta\">\n            <span class=\"feed-source\">\n            Source:\n\n                            Distrito Emprendedores\n                    <\/span>\n    \n            <span class=\"feed-date\">\n            Published on 2026-02-27\n        <\/span>\n    \n    <\/div>\n\n\n\n\n\n            \n        <\/li>\n                    <li class=\"wpra-item feed-item \">\n            \n            \n\n    <a  href=\"https:\/\/distritoemprendedores.es\/blog\/amazon-planea-un-marketplace-para-hacer-de-puente-entre-los-publishers-y-las-empresas-de-ia\/\" target=\"_blank\" rel=\"nofollow\" class=\"\">Amazon planea un \u00abmarketplace\u00bb para hacer de puente entre los \u00abpublishers\u00bb y las empresas de IA<\/a>\n\n\n\n\n\n\n<div class=\"wprss-feed-meta\">\n            <span class=\"feed-source\">\n            Source:\n\n                            Distrito Emprendedores\n                    <\/span>\n    \n            <span class=\"feed-date\">\n            Published on 2026-02-26\n        <\/span>\n    \n    <\/div>\n\n\n\n\n\n            \n        <\/li>\n        <\/ul>\n\n        \n<\/div>\n\n<\/div>\n\n<hr>\n<h2>C\u00d3MO HACER UNA VIDEOLLAMADA EN FACEBOOK CON LA APP DE MESSENGER<\/h2>\n<p>La app de Messenger es la tercera alternativa que te ofrece Facebook para hacer una videollamada.<\/p>\n<p>En este caso, te permite crear salas e invitar a otras personas a participar directamente, sin tener que instalar nada. Y ofrece otras dos ventajas:<\/p>\n<ul>\n<li>Puede unirse cualquier persona a esa videollamada, desde cualquier dispositivo.<\/li>\n<li>Puedes invitar a otras personas simplemente enviando un enlace.<\/li>\n<\/ul>\n<p>En este caso el proceso var\u00eda ligeramente.<\/p>\n<p>Lo vemos paso a paso.<\/p>\n<ul>\n<li>Abre la aplicaci\u00f3n de Messenger.<\/li>\n<li>Pincha en el icono de\u201d<em>Personas<\/em>\u201d, a la derecha de la pantalla.<\/li>\n<li>Te aparecen dos opciones:&nbsp;<em>Historias<\/em>&nbsp;y&nbsp;<em>Activas<\/em>. Haz clic en&nbsp;<em>Activas<\/em>. Ver\u00e1s qui\u00e9nes est\u00e1n conectados en ese momento.<\/li>\n<li>Pincha en la opci\u00f3n \u201c<em>Chats<\/em>\u201d, abajo a la izquierda, al lado de \u201c<em>Personas<\/em>\u201d.<\/li>\n<li>En la parte de arriba de la pantalla te aparece la opci\u00f3n \u201c<em>Crear sala<\/em>\u201d.<\/li>\n<li>Pincha en ese bot\u00f3n.<\/li>\n<li>En la siguiente pantalla pincha en \u201c<em>Probar<\/em>\u201d.<\/li>\n<li>Y volvemos a la misma pantalla que en casos anteriores, en la que nombras la actividad de la sala, seleccionas qui\u00e9n puede entrar autom\u00e1ticamente y\/o puedes programar la sesi\u00f3n para m\u00e1s tarde.<\/li>\n<li>Pincha en el bot\u00f3n \u201c<em>Crear sala<\/em>\u201d.<br \/>\nEn esta misma pantalla puedes coger el enlace que te genera para invitar a otras personas.<\/li>\n<li>Si pinchas en \u201c<em>Compartir el enlace<\/em>\u201d, tienes opciones para copiar el c\u00f3digo de ese enlace o abrir directamente diferentes aplicaciones donde publicarlo.<\/li>\n<li>Para salir de la sala pulsa el icono rojo de colgar la llamada.<\/li>\n<\/ul>\n<p>Hoy son m\u00e1s de 700 millones de personas las que realizan a diario llamadas en Messenger y WhatsApp. As\u00ed que, como ves, este tipo de tecnolog\u00eda se est\u00e1 implantando a pasos agigantados.<\/p>\n<p><strong>Las salas de chat de Facebook son otro recurso m\u00e1s para favorecer la comunicaci\u00f3n privada<\/strong>&nbsp;y permitir a las personas conectarse en grupos m\u00e1s peque\u00f1os.<\/p>\n<p>Y ya has visto que, en lo que respecta a arranque y manejo, no necesitas instalar nada y la curva de aprendizaje pr\u00e1cticamente no existe.<\/p>\n<p>\u00bfQu\u00e9 me dices? \u00bfComenzar\u00e1s a plantear tus trainings en salas de chat de Facebook?<\/p>\n<p><a href=\"https:\/\/latransformateca.com\/\"><em>Franck SCIPION<\/em><\/a><\/p>\n<div id=\"telet-3833444778\" class=\"telet-despues-del-contenido telet-entity-placement\"><a target=\"_blank\" href=\"\/\/aff.lucushost.com\/resources\/click\/?n=gDxoXMAJ&aff=756\"><img decoding=\"async\" border=\"0\" alt=\"LucusHost, el mejor hosting\" src=\"\/\/aff.lucushost.com\/resources\/banners\/?zoneid=5123&n=gDxoXMAJ&aff=756\" \/><\/a><\/div>","protected":false},"excerpt":{"rendered":"<p>Si tienes un negocio digital y ofreces soporte en tus trainings v\u00eda videoconferencia, debes estar al tanto de&nbsp;las nuevas herramientas que surgen en el mercado&nbsp;y pensar c\u00f3mo las puedes aprovechar.&hellip; <\/p>\n","protected":false},"author":1,"featured_media":2207,"comment_status":"open","ping_status":"open","sticky":false,"template":"","format":"standard","meta":{"_jetpack_memberships_contains_paid_content":false,"footnotes":"","_links_to":"","_links_to_target":""},"categories":[11],"tags":[15,14],"class_list":["post-2206","post","type-post","status-publish","format-standard","has-post-thumbnail","hentry","category-redes-sociales","tag-fuprisa","tag-jose-manuel-fuentes-prieto"],"nelio_content":{"autoShareEndMode":"never","automationSources":{"useCustomSentences":false,"customSentences":[]},"efiAlt":"","efiUrl":"","followers":[1],"highlights":[],"isAutoShareEnabled":true,"networkImageIds":[],"permalinkQueryArgs":[],"series":[],"suggestedReferences":[]},"jetpack_featured_media_url":"https:\/\/teletrabajoynegocios.com\/telesecretarias\/wp-content\/uploads\/sites\/2\/2020\/10\/personas.jpg","jetpack_sharing_enabled":true,"_links":{"self":[{"href":"https:\/\/teletrabajoynegocios.com\/telesecretarias\/wp-json\/wp\/v2\/posts\/2206","targetHints":{"allow":["GET"]}}],"collection":[{"href":"https:\/\/teletrabajoynegocios.com\/telesecretarias\/wp-json\/wp\/v2\/posts"}],"about":[{"href":"https:\/\/teletrabajoynegocios.com\/telesecretarias\/wp-json\/wp\/v2\/types\/post"}],"author":[{"embeddable":true,"href":"https:\/\/teletrabajoynegocios.com\/telesecretarias\/wp-json\/wp\/v2\/users\/1"}],"replies":[{"embeddable":true,"href":"https:\/\/teletrabajoynegocios.com\/telesecretarias\/wp-json\/wp\/v2\/comments?post=2206"}],"version-history":[{"count":1,"href":"https:\/\/teletrabajoynegocios.com\/telesecretarias\/wp-json\/wp\/v2\/posts\/2206\/revisions"}],"predecessor-version":[{"id":2208,"href":"https:\/\/teletrabajoynegocios.com\/telesecretarias\/wp-json\/wp\/v2\/posts\/2206\/revisions\/2208"}],"wp:featuredmedia":[{"embeddable":true,"href":"https:\/\/teletrabajoynegocios.com\/telesecretarias\/wp-json\/wp\/v2\/media\/2207"}],"wp:attachment":[{"href":"https:\/\/teletrabajoynegocios.com\/telesecretarias\/wp-json\/wp\/v2\/media?parent=2206"}],"wp:term":[{"taxonomy":"category","embeddable":true,"href":"https:\/\/teletrabajoynegocios.com\/telesecretarias\/wp-json\/wp\/v2\/categories?post=2206"},{"taxonomy":"post_tag","embeddable":true,"href":"https:\/\/teletrabajoynegocios.com\/telesecretarias\/wp-json\/wp\/v2\/tags?post=2206"}],"curies":[{"name":"wp","href":"https:\/\/api.w.org\/{rel}","templated":true}]}}