{"id":2419,"date":"2020-11-06T11:05:32","date_gmt":"2020-11-06T10:05:32","guid":{"rendered":"https:\/\/teletrabajoynegocios.com\/telesecretarias\/?p=2419"},"modified":"2021-01-08T14:06:16","modified_gmt":"2021-01-08T13:06:16","slug":"contenidos-si-no-cuentas-no-cuentas","status":"publish","type":"post","link":"https:\/\/teletrabajoynegocios.com\/telesecretarias\/contenidos-si-no-cuentas-no-cuentas\/","title":{"rendered":"Contenidos. Si no cuentas, no cuentas"},"content":{"rendered":"<div id=\"telet-2022437601\" class=\"telet-antes-del-contenido telet-entity-placement\"><a href=\"https:\/\/quaderno.io\/?via=jose-manuel94\" aria-label=\"Quaderno General (Spanish) &#8211; 728&#215;90\"><img loading=\"lazy\" decoding=\"async\" src=\"https:\/\/teletrabajoynegocios.com\/telesecretarias\/wp-content\/uploads\/sites\/2\/2020\/11\/Quaderno-General-Spanish-728x90-1.png\" alt=\"\"  srcset=\"https:\/\/teletrabajoynegocios.com\/telesecretarias\/wp-content\/uploads\/sites\/2\/2020\/11\/Quaderno-General-Spanish-728x90-1.png 728w, https:\/\/teletrabajoynegocios.com\/telesecretarias\/wp-content\/uploads\/sites\/2\/2020\/11\/Quaderno-General-Spanish-728x90-1-300x37.png 300w\" sizes=\"(max-width: 728px) 100vw, 728px\" width=\"728\" height=\"90\"   \/><\/a><\/div><p>Suelo decir que el Curr\u00edculo no es una buena herramienta para demostrar tu valor porque se limita a decir lo que haces, pero no demuestra nada y, adem\u00e1s, es poco fiable.<\/p>\n<p>Entonces, si queremos que alguien nos tenga en cuenta para un empleo, un proyecto o una oportunidad profesional, \u00bfC\u00f3mo podemos superar esa barrera de desconfianza? Pues mostrando de todas las maneras posibles aquello que decimos que podemos hacer.<\/p>\n<p>Afortunadamente en este momento no s\u00f3lo tenemos la posibilidad de poner en un escaparate global nuestras cualidades sino tambi\u00e9n de monetizarlas. Pero eso implica un plan y, sobre todo, trabajo y disciplina.<\/p>\n<h4>No te contengas con los contenidos<\/h4>\n<p>Como suele ocurrir con muchas de las cosas dospuntocero, el gran problema no suele estar relacionado con los aspectos t\u00e9cnicos o econ\u00f3micos sino con los ceropuntocero, con las creencias y los miedos.<\/p>\n<p>Todos tenemos cosas que contar, errores, \u00e9xitos, an\u00e9cdotas, opiniones, aprendizajes,\u2026 Sin embargo, la mayor\u00eda de la gente que conozco, ni se plantea compartir nada de lo anterior. Pero, si no transmites lo que eres y lo que sabes, \u00bfC\u00f3mo esperas que te encuentren? \u00bfQu\u00e9 posibilidades existen de que alguien sepa que eres \u201cde los suyos\u201d? y lo m\u00e1s importante para una Marca Personal, \u00bfPor qu\u00e9 deber\u00eda fiarme de ti?<\/p>\n<p>Tengo muy claro que lo m\u00e1s importante a la hora de generar contenidos no es la t\u00e9cnica o el estilo, eso es algo que se aprende con el tiempo. Lo fundamental es superar esa barrera de potencial que nos mantiene como observadores, espectadores al otro lado de la pantalla o del escenario y atreverse a dar la cara, aunque exista una posibilidad de que te la rompan. De todos modos, mi experiencia me dice que eso no ocurre casi nunca.<\/p>\n<h4>Elige el medio que prefieras<\/h4>\n<p>Una de las mejores noticias que te puedo dar es que las opciones disponibles para contar y demostrar lo que sabes son m\u00faltiples y puedes elegir aquella o aquellas con las que te sientas m\u00e1s c\u00f3modo.<\/p>\n<p>Si te gusta o eres h\u00e1bil escribiendo, ya tienes una gran parte del trabajo hecho. Como te he comentado aqu\u00ed varias veces, casi todo pasa por plasmar las ideas en un papel o en un documento digital. Blogs, libros (en papel o electr\u00f3nico), presentaciones, art\u00edculos,\u2026<\/p>\n<hr>\n<p><img decoding=\"async\" src=\"https:\/\/teletrabajoynegocios.com\/teletrabajador\/wp-content\/uploads\/sites\/3\/2020\/07\/articulos.png\"><\/p>\n<div class=\"wp-rss-template-container\" data-wpra-template=\"default\" data-template-ctx=\"W10=\">\n    <div class=\"wp-rss-aggregator wpra-list-template  \" data-page=\"1\">\n    \n    \n<ul class=\"wpra-item-list rss-aggregator wpra-item-list--bullets wpra-item-list--default\"\n    start=\"1\">\n                        <li class=\"wpra-item feed-item \">\n            \n            \n\n    <a  href=\"https:\/\/distritoemprendedores.com\/blog\/2026\/03\/16\/hello-world\/\" target=\"_blank\" rel=\"nofollow\" class=\"\">Hello world!<\/a>\n\n\n\n\n\n\n<div class=\"wprss-feed-meta\">\n            <span class=\"feed-source\">\n            Source:\n\n                            Distrito Emprendedores\n                    <\/span>\n    \n            <span class=\"feed-date\">\n            Published on 2026-03-16\n        <\/span>\n    \n    <\/div>\n\n\n\n\n\n            \n        <\/li>\n                    <li class=\"wpra-item feed-item \">\n            \n            \n\n    <a  href=\"https:\/\/www.dropbox.com\/scl\/fi\/b6csvpbfxu24vaezmo3es\/62bed0634df20e5ef35346439fdd423f_franquicias.pdf?rlkey=mfp2795s4n89mw35l0yeu2vl5&amp;e=2&amp;st=57kabuy0&amp;dl=0#new_tab\" target=\"_blank\" rel=\"nofollow\" class=\"\">Las franquicias espa\u00f1olas duplican su presencia en mercados for\u00e1neos<\/a>\n\n\n\n\n\n\n<div class=\"wprss-feed-meta\">\n            <span class=\"feed-source\">\n            Source:\n\n                            Distrito Emprendedores\n                    <\/span>\n    \n            <span class=\"feed-date\">\n            Published on 2026-03-11\n        <\/span>\n    \n    <\/div>\n\n\n\n\n\n            \n        <\/li>\n                    <li class=\"wpra-item feed-item \">\n            \n            \n\n    <a  href=\"https:\/\/distritoemprendedores.es\/blog\/5-errores-fatales-al-internacionalizar-tu-franquicia\/\" target=\"_blank\" rel=\"nofollow\" class=\"\">5 errores fatales al internacionalizar tu franquicia<\/a>\n\n\n\n\n\n\n<div class=\"wprss-feed-meta\">\n            <span class=\"feed-source\">\n            Source:\n\n                            Distrito Emprendedores\n                    <\/span>\n    \n            <span class=\"feed-date\">\n            Published on 2026-03-10\n        <\/span>\n    \n    <\/div>\n\n\n\n\n\n            \n        <\/li>\n                    <li class=\"wpra-item feed-item \">\n            \n            \n\n    <a  href=\"https:\/\/distritoemprendedores.es\/blog\/un-nuevo-prime-time-para-las-marcas-afterwork-tardeo-y-futbol-se-consolidan-como-los-grandes-motores-del-consumo-experiencial\/\" target=\"_blank\" rel=\"nofollow\" class=\"\">Un nuevo prime time para las marcas: afterwork, tardeo y f\u00fatbol se consolidan como los grandes motores del consumo experiencial<\/a>\n\n\n\n\n\n\n<div class=\"wprss-feed-meta\">\n            <span class=\"feed-source\">\n            Source:\n\n                            Distrito Emprendedores\n                    <\/span>\n    \n            <span class=\"feed-date\">\n            Published on 2026-03-09\n        <\/span>\n    \n    <\/div>\n\n\n\n\n\n            \n        <\/li>\n                    <li class=\"wpra-item feed-item \">\n            \n            \n\n    <a  href=\"https:\/\/distritoemprendedores.es\/blog\/la-ventaja-competitiva-esta-en-entender-como-pregunta-el-consumidor\/\" target=\"_blank\" rel=\"nofollow\" class=\"\">La ventaja competitiva est\u00e1 en entender c\u00f3mo pregunta el consumidor<\/a>\n\n\n\n\n\n\n<div class=\"wprss-feed-meta\">\n            <span class=\"feed-source\">\n            Source:\n\n                            Distrito Emprendedores\n                    <\/span>\n    \n            <span class=\"feed-date\">\n            Published on 2026-03-08\n        <\/span>\n    \n    <\/div>\n\n\n\n\n\n            \n        <\/li>\n                    <li class=\"wpra-item feed-item \">\n            \n            \n\n    <a  href=\"https:\/\/distritoemprendedores.es\/blog\/solo-el-7-de-los-espanoles-cree-a-las-marcas-cuando-comunican-sus-valores-con-hechos-demostrables\/\" target=\"_blank\" rel=\"nofollow\" class=\"\">Solo el 7% de los espa\u00f1oles cree a las marcas cuando comunican sus valores con hechos demostrables<\/a>\n\n\n\n\n\n\n<div class=\"wprss-feed-meta\">\n            <span class=\"feed-source\">\n            Source:\n\n                            Distrito Emprendedores\n                    <\/span>\n    \n            <span class=\"feed-date\">\n            Published on 2026-03-07\n        <\/span>\n    \n    <\/div>\n\n\n\n\n\n            \n        <\/li>\n                    <li class=\"wpra-item feed-item \">\n            \n            \n\n    <a  href=\"https:\/\/distritoemprendedores.es\/blog\/el-38-de-las-empresas-creadas-en-2019-ha-echado-ya-el-cierre\/\" target=\"_blank\" rel=\"nofollow\" class=\"\">El 38% de las empresas creadas en 2019 ha echado ya el cierre<\/a>\n\n\n\n\n\n\n<div class=\"wprss-feed-meta\">\n            <span class=\"feed-source\">\n            Source:\n\n                            Distrito Emprendedores\n                    <\/span>\n    \n            <span class=\"feed-date\">\n            Published on 2026-03-06\n        <\/span>\n    \n    <\/div>\n\n\n\n\n\n            \n        <\/li>\n                    <li class=\"wpra-item feed-item \">\n            \n            \n\n    <a  href=\"https:\/\/distritoemprendedores.es\/blog\/descubre-las-oportunidades-y-tendencias-en-el-mercado-de-la-franquicia-para-2026\/\" target=\"_blank\" rel=\"nofollow\" class=\"\">Descubre las oportunidades y tendencias en el mercado de la franquicia para 2026<\/a>\n\n\n\n\n\n\n<div class=\"wprss-feed-meta\">\n            <span class=\"feed-source\">\n            Source:\n\n                            Distrito Emprendedores\n                    <\/span>\n    \n            <span class=\"feed-date\">\n            Published on 2026-03-05\n        <\/span>\n    \n    <\/div>\n\n\n\n\n\n            \n        <\/li>\n                    <li class=\"wpra-item feed-item \">\n            \n            \n\n    <a  href=\"https:\/\/distritoemprendedores.es\/blog\/las-startups-de-salud-mas-punteras-del-mundo\/\" target=\"_blank\" rel=\"nofollow\" class=\"\">Las startups de salud m\u00e1s punteras del mundo<\/a>\n\n\n\n\n\n\n<div class=\"wprss-feed-meta\">\n            <span class=\"feed-source\">\n            Source:\n\n                            Distrito Emprendedores\n                    <\/span>\n    \n            <span class=\"feed-date\">\n            Published on 2026-03-04\n        <\/span>\n    \n    <\/div>\n\n\n\n\n\n            \n        <\/li>\n                    <li class=\"wpra-item feed-item \">\n            \n            \n\n    <a  href=\"https:\/\/distritoemprendedores.es\/blog\/puesta-en-marcha-de-un-negocio-primeros-pasos-para-validar-vender-y-controlar-la-tesoreria\/\" target=\"_blank\" rel=\"nofollow\" class=\"\">Puesta en marcha de un negocio: primeros pasos para validar, vender y controlar la tesorer\u00eda<\/a>\n\n\n\n\n\n\n<div class=\"wprss-feed-meta\">\n            <span class=\"feed-source\">\n            Source:\n\n                            Distrito Emprendedores\n                    <\/span>\n    \n            <span class=\"feed-date\">\n            Published on 2026-03-03\n        <\/span>\n    \n    <\/div>\n\n\n\n\n\n            \n        <\/li>\n                    <li class=\"wpra-item feed-item \">\n            \n            \n\n    <a  href=\"https:\/\/distritoemprendedores.es\/blog\/6-franquicias-sin-apenas-competencia-en-el-mercado\/\" target=\"_blank\" rel=\"nofollow\" class=\"\">6 franquicias sin apenas competencia en el mercado<\/a>\n\n\n\n\n\n\n<div class=\"wprss-feed-meta\">\n            <span class=\"feed-source\">\n            Source:\n\n                            Distrito Emprendedores\n                    <\/span>\n    \n            <span class=\"feed-date\">\n            Published on 2026-03-02\n        <\/span>\n    \n    <\/div>\n\n\n\n\n\n            \n        <\/li>\n                    <li class=\"wpra-item feed-item \">\n            \n            \n\n    <a  href=\"https:\/\/digistorage.es\/links\/71d78951-a420-4f5b-8de6-7b35ae7efc1c#new_tab\" target=\"_blank\" rel=\"nofollow\" class=\"\">Los algoritmos amenazan con filtrar las confesiones realizadas al abogado<\/a>\n\n\n\n\n\n\n<div class=\"wprss-feed-meta\">\n            <span class=\"feed-source\">\n            Source:\n\n                            Distrito Emprendedores\n                    <\/span>\n    \n            <span class=\"feed-date\">\n            Published on 2026-03-01\n        <\/span>\n    \n    <\/div>\n\n\n\n\n\n            \n        <\/li>\n                    <li class=\"wpra-item feed-item \">\n            \n            \n\n    <a  href=\"https:\/\/distritoemprendedores.es\/blog\/las-startups-que-mas-innovan-en-el-mundo\/\" target=\"_blank\" rel=\"nofollow\" class=\"\">Las startups que m\u00e1s innovan en el mundo<\/a>\n\n\n\n\n\n\n<div class=\"wprss-feed-meta\">\n            <span class=\"feed-source\">\n            Source:\n\n                            Distrito Emprendedores\n                    <\/span>\n    \n            <span class=\"feed-date\">\n            Published on 2026-02-28\n        <\/span>\n    \n    <\/div>\n\n\n\n\n\n            \n        <\/li>\n                    <li class=\"wpra-item feed-item \">\n            \n            \n\n    <a  href=\"https:\/\/distritoemprendedores.es\/blog\/tiktok-genera-31-000-millones-de-euros-para-las-empresas-europeas-y-3-000-millones-en-espana\/\" target=\"_blank\" rel=\"nofollow\" class=\"\">TikTok genera 31.000 millones de euros para las empresas europeas y 3.000 millones en Espa\u00f1a<\/a>\n\n\n\n\n\n\n<div class=\"wprss-feed-meta\">\n            <span class=\"feed-source\">\n            Source:\n\n                            Distrito Emprendedores\n                    <\/span>\n    \n            <span class=\"feed-date\">\n            Published on 2026-02-27\n        <\/span>\n    \n    <\/div>\n\n\n\n\n\n            \n        <\/li>\n                    <li class=\"wpra-item feed-item \">\n            \n            \n\n    <a  href=\"https:\/\/distritoemprendedores.es\/blog\/amazon-planea-un-marketplace-para-hacer-de-puente-entre-los-publishers-y-las-empresas-de-ia\/\" target=\"_blank\" rel=\"nofollow\" class=\"\">Amazon planea un \u00abmarketplace\u00bb para hacer de puente entre los \u00abpublishers\u00bb y las empresas de IA<\/a>\n\n\n\n\n\n\n<div class=\"wprss-feed-meta\">\n            <span class=\"feed-source\">\n            Source:\n\n                            Distrito Emprendedores\n                    <\/span>\n    \n            <span class=\"feed-date\">\n            Published on 2026-02-26\n        <\/span>\n    \n    <\/div>\n\n\n\n\n\n            \n        <\/li>\n        <\/ul>\n\n        \n<\/div>\n\n<\/div>\n\n<hr>\n<p>Si te quitas el miedo o la verg\u00fcenza a ponerte delante de una c\u00e1mara, poco a poco ver\u00e1s como, no s\u00f3lo le coges el tranquillo sino que adem\u00e1s te acabar\u00e1s divirtiendo.<\/p>\n<p>Si quieres algo intermedio, simplemente estructura tus ideas y convi\u00e9rtelas en ficheros de audio que puedas compartir en un podcast.<\/p>\n<p>Sinceramente, me preocupa que haya tanta gente con ideas valiosas, interesantes, emocionantes, creativas, extravagantes o geniales que se las est\u00e9n guardando para ellas por temor, pudor o simplemente desconocimiento. Pero todav\u00eda me cabrea m\u00e1s que esta gente est\u00e9 perdiendo oportunidades haciendo cosas muy por debajo de sus cualidades simplemente porque han decidido mantenerse en la sombra.<\/p>\n<h4>Tu contenido te representa<\/h4>\n<p>Las cosas que cuentas y muestras son tu ventana al exterior. La gente te va a juzgar por lo que ense\u00f1as y por c\u00f3mo lo comunicas.<\/p>\n<p>Si decides mantener silencio est\u00e1 claro que nadie va a criticar tus ideas o propuestas, pero es que simplemente pasar\u00e1s desapercibido y ni aumentar\u00e1 tu valor ni tus opciones.<\/p>\n<p>Pero si te atreves a dar la cara en v\u00eddeo, en una grabaci\u00f3n de audio de media hora, en un manual sencillo para explicar como hacer algo o en una serie de posts en un blog, poco a poco ir\u00e1s \u201cmaterializ\u00e1ndote\u201d. La gente pensar\u00e1 en ti como alguien a quien recurrir cuando necesite algo de lo que te consideran capacitado.<\/p>\n<h4>Efectos colaterales<\/h4>\n<p>Pero crear contenidos tiene consecuencias indirectas muy interesantes que van m\u00e1s all\u00e1 de lo que cuentas.<\/p>\n<p>El hecho de escribir durante meses o a\u00f1os en tu blog de forma regular, me est\u00e1 diciendo mucho de ti. Me transmites que eres una persona disciplinada, fiable, capaz de mantener una regularidad basada en una idea o en una visi\u00f3n. Y eso es muy \u00fatil para conseguir un empleo o un proyecto. No tienes que responder que eres persistente cuando te pregunten por sus cualidades en una entrevista de trabajo, simplemente basta con que se asomen a tu p\u00e1gina web.<\/p>\n<p>Uno de las mayores preocupaciones a la hora de generar contenidos es el C\u00d3MO. \u00bfC\u00f3mo consigo un buen sonido en un podcast? \u00bfC\u00f3mo puedo editar un v\u00eddeo de forma sencilla? \u00bfC\u00f3mo ordeno la informaci\u00f3n para un libro electr\u00f3nico? \u00bfC\u00f3mo encuentros ideas para mi blog?<\/p>\n<p>Lo genial es que todo se aprende y es mucho m\u00e1s f\u00e1cil y motivador aprender si tienes un objetivo. Si decides ponerte en marcha y empezar a crear contenidos, poco a poco ir\u00e1s superando dificultades y ver\u00e1s que esas barreras \u201cinsalvables\u201d son s\u00f3lo peque\u00f1os obst\u00e1culos que parec\u00edan peores de lo que son.<\/p>\n<p>As\u00ed que, si quieres \u201csaltarte\u201d las entrevistas de trabajo o las reuniones comerciales, haz los deberes, muestra lo que eres capaz de hacer sin esperar a que te lo pregunten, deja claro lo que vales sin ning\u00fan g\u00e9nero de duda.<\/p>\n<p>Saca lo que tienes de tu cabeza y de tus manos y hazlo visible. Crea contenidos.<\/p>\n<p><a href=\"https:\/\/www.andresperezortega.com\/author\/andres\" rel=\"author\"><span class=\"vcard\"><span class=\"fn\">Andr\u00e9s P\u00e9rez Ortega<\/span><\/span><\/a><\/p>\n<div id=\"telet-1083104692\" class=\"telet-despues-del-contenido telet-entity-placement\"><a target=\"_blank\" href=\"\/\/aff.lucushost.com\/resources\/click\/?n=gDxoXMAJ&aff=756\"><img decoding=\"async\" border=\"0\" alt=\"LucusHost, el mejor hosting\" src=\"\/\/aff.lucushost.com\/resources\/banners\/?zoneid=5123&n=gDxoXMAJ&aff=756\" \/><\/a><\/div>","protected":false},"excerpt":{"rendered":"<p>Suelo decir que el Curr\u00edculo no es una buena herramienta para demostrar tu valor porque se limita a decir lo que haces, pero no demuestra nada y, adem\u00e1s, es poco&hellip; <\/p>\n","protected":false},"author":1,"featured_media":1689,"comment_status":"open","ping_status":"open","sticky":false,"template":"","format":"standard","meta":{"_jetpack_memberships_contains_paid_content":false,"footnotes":"","_links_to":"","_links_to_target":""},"categories":[12],"tags":[15,14],"class_list":["post-2419","post","type-post","status-publish","format-standard","has-post-thumbnail","hentry","category-clientes","tag-fuprisa","tag-jose-manuel-fuentes-prieto"],"nelio_content":{"autoShareEndMode":"never","automationSources":{"useCustomSentences":false,"customSentences":[]},"efiAlt":"","efiUrl":"","followers":[1],"highlights":[],"isAutoShareEnabled":true,"networkImageIds":[],"permalinkQueryArgs":[],"series":[],"suggestedReferences":[]},"jetpack_featured_media_url":"https:\/\/teletrabajoynegocios.com\/telesecretarias\/wp-content\/uploads\/sites\/2\/2020\/08\/teletrabajadora34.jpg","jetpack_sharing_enabled":true,"_links":{"self":[{"href":"https:\/\/teletrabajoynegocios.com\/telesecretarias\/wp-json\/wp\/v2\/posts\/2419","targetHints":{"allow":["GET"]}}],"collection":[{"href":"https:\/\/teletrabajoynegocios.com\/telesecretarias\/wp-json\/wp\/v2\/posts"}],"about":[{"href":"https:\/\/teletrabajoynegocios.com\/telesecretarias\/wp-json\/wp\/v2\/types\/post"}],"author":[{"embeddable":true,"href":"https:\/\/teletrabajoynegocios.com\/telesecretarias\/wp-json\/wp\/v2\/users\/1"}],"replies":[{"embeddable":true,"href":"https:\/\/teletrabajoynegocios.com\/telesecretarias\/wp-json\/wp\/v2\/comments?post=2419"}],"version-history":[{"count":1,"href":"https:\/\/teletrabajoynegocios.com\/telesecretarias\/wp-json\/wp\/v2\/posts\/2419\/revisions"}],"predecessor-version":[{"id":2420,"href":"https:\/\/teletrabajoynegocios.com\/telesecretarias\/wp-json\/wp\/v2\/posts\/2419\/revisions\/2420"}],"wp:featuredmedia":[{"embeddable":true,"href":"https:\/\/teletrabajoynegocios.com\/telesecretarias\/wp-json\/wp\/v2\/media\/1689"}],"wp:attachment":[{"href":"https:\/\/teletrabajoynegocios.com\/telesecretarias\/wp-json\/wp\/v2\/media?parent=2419"}],"wp:term":[{"taxonomy":"category","embeddable":true,"href":"https:\/\/teletrabajoynegocios.com\/telesecretarias\/wp-json\/wp\/v2\/categories?post=2419"},{"taxonomy":"post_tag","embeddable":true,"href":"https:\/\/teletrabajoynegocios.com\/telesecretarias\/wp-json\/wp\/v2\/tags?post=2419"}],"curies":[{"name":"wp","href":"https:\/\/api.w.org\/{rel}","templated":true}]}}