{"id":2448,"date":"2020-11-11T10:01:48","date_gmt":"2020-11-11T09:01:48","guid":{"rendered":"https:\/\/teletrabajoynegocios.com\/telesecretarias\/?p=2448"},"modified":"2020-11-10T10:09:12","modified_gmt":"2020-11-10T09:09:12","slug":"que-valor-tendria-el-tiempo-si-fuesemos-inmortales","status":"publish","type":"post","link":"https:\/\/teletrabajoynegocios.com\/telesecretarias\/que-valor-tendria-el-tiempo-si-fuesemos-inmortales\/","title":{"rendered":"\u00bfQu\u00e9 valor tendr\u00eda el tiempo si fu\u00e9semos inmortales?"},"content":{"rendered":"<div id=\"telet-890552576\" class=\"telet-antes-del-contenido telet-entity-placement\"><a href=\"https:\/\/quaderno.io\/?via=jose-manuel94\" aria-label=\"Quaderno General (Spanish) &#8211; 728&#215;90\"><img loading=\"lazy\" decoding=\"async\" src=\"https:\/\/teletrabajoynegocios.com\/telesecretarias\/wp-content\/uploads\/sites\/2\/2020\/11\/Quaderno-General-Spanish-728x90-1.png\" alt=\"\"  srcset=\"https:\/\/teletrabajoynegocios.com\/telesecretarias\/wp-content\/uploads\/sites\/2\/2020\/11\/Quaderno-General-Spanish-728x90-1.png 728w, https:\/\/teletrabajoynegocios.com\/telesecretarias\/wp-content\/uploads\/sites\/2\/2020\/11\/Quaderno-General-Spanish-728x90-1-300x37.png 300w\" sizes=\"(max-width: 728px) 100vw, 728px\" width=\"728\" height=\"90\"   \/><\/a><\/div><p>Creo que esa es una buena pregunta que todos deber\u00edamos hacernos. En mi caso, la respuesta fue&nbsp;<em>apenas ninguno<\/em>&nbsp;porque no tendr\u00edamos ninguna prisa, ninguna urgencia, \u00bf<em>para qu\u00e9&nbsp;si tenemos todo el tiempo del mundo por delante?<\/em>.<\/p>\n<h2><span id=\"1_Que_valor_tiene_el_tiempo\">1. \u00bfQU\u00c9 VALOR TIENE EL TIEMPO?<\/span><\/h2>\n<p>&nbsp;<\/p>\n<p>Es curiosa la extra\u00f1a habilidad que tenemos los seres humanos, aunque sea de forma inconsciente, para complicarnos la vida de numerosas maneras.<\/p>\n<p>Una de esas retorcidas maneras se debe a nuestra innata habilidad para sobrevalorar aquello que nos falta, en contraposici\u00f3n con nuestra reducida capacidad para&nbsp;<strong>agradecer, valorar y apreciar m\u00e1s lo que s\u00ed tenemos.<\/strong><\/p>\n<p>Al parecer nos hemos convertido -tal vez porque el entorno no deja de alimentar el deseo de algo m\u00e1s y nos empuja hacia ello- en una especie de ansioso animal incompleto que siempre quiere lo que no tiene. De la misma forma sucede&nbsp;<a href=\"https:\/\/javieririondo.es\/2020\/01\/09\/sufrir\/\">cuando sufrimos<\/a>&nbsp;alg\u00fan tipo de privaci\u00f3n:&nbsp;<a href=\"https:\/\/javieririondo.es\/2018\/09\/14\/cerebro-y-felicidad\/\">nuestro cerebro<\/a>&nbsp;tiene a centrarse en eso que nos falta.<\/p>\n<p>Eso tiene varias consecuencias, por un lado crea una ilusi\u00f3n&nbsp;<em>de lo que est\u00e1 por llegar<\/em>, pero por otro lado -y generalmente de forma m\u00e1s intensa- nos hace vivir con una sensaci\u00f3n de carencia, de fracaso, porque tal vez asumimos que&nbsp;<em>a\u00fan no hemos logrado<\/em>&nbsp;lo que deber\u00edamos. Eso provoca que vivamos en la persecuci\u00f3n de&nbsp;<em>ese otro momento o situaci\u00f3n<\/em>, impidi\u00e9ndonos&nbsp;<strong>vivir y valorar el presente tal como se merece.<\/strong><\/p>\n<p><iframe loading=\"lazy\" title=\"Miedo al futuro y por qu\u00e9 muchas veces no logramos lo que buscamos | Javier Iriondo\" width=\"1110\" height=\"624\" src=\"https:\/\/www.youtube.com\/embed\/lMVx-b1ROO4?feature=oembed\" frameborder=\"0\" allow=\"accelerometer; autoplay; clipboard-write; encrypted-media; gyroscope; picture-in-picture\" allowfullscreen><\/iframe><\/p>\n<p>Por momentos&nbsp;<strong>vivimos con prisa<\/strong>, como si la vida estuviese en otro lugar al que tenemos que llegar, en un lugar supuestamente mejor que el actual, lo cual es una manera de convertir el presente en un lugar peor que queremos dejar atr\u00e1s para llegar&nbsp;<em>a esa tierra prometida<\/em>&nbsp;en la que todo se supone que ser\u00e1 mejor.&nbsp;<\/p>\n<p>Esa es una vida a la espera y, mientras esperamos la vida pasa. Son muchas las veces en las que perdemos de vista el valor del tiempo, y cierto es que tal vez nos han ense\u00f1ado a valorarlo en su justa medida, a lo mejor es por eso que vivimos como inmortales.<\/p>\n<p><strong>\u00bfQu\u00e9 valor tiene el tiempo?&nbsp;<\/strong>Poco cuando creemos que tenemos mucho, y mucho cuando sabemos que nos queda poco. Pero como dijo el gran&nbsp;<b>S\u00e9neca:&nbsp;<\/b><i>No es que tengamos poco tiempo, es que desperdiciamos mucho.<\/i><\/p>\n<p><iframe loading=\"lazy\" title=\"Cerebro y Emociones: \u00bfSab\u00edas que nuestro cerebro impide que seamos felices?  | Javier Iriondo\" width=\"1110\" height=\"624\" src=\"https:\/\/www.youtube.com\/embed\/TekN7ycHt7U?feature=oembed\" frameborder=\"0\" allow=\"accelerometer; autoplay; clipboard-write; encrypted-media; gyroscope; picture-in-picture\" allowfullscreen><\/iframe><\/p>\n<h2><span id=\"2_Si_fuesemos_inmortales_dificilmente_seriamos_capaces_de_valorar_la_vida\">2. SI FU\u00c9SEMOS INMORTALES, DIF\u00cdCILMENTE SER\u00cdAMOS CAPACES DE VALORAR LA VIDA<\/span><\/h2>\n<p>&nbsp;<\/p>\n<p>La ciencia se empe\u00f1a en alargar la vida y hacernos inmortales, pero creo que ser\u00eda mejor si nos ense\u00f1ase a disfrutar m\u00e1s de la que tenemos ahora, a&nbsp;<a href=\"https:\/\/javieririondo.es\/2018\/07\/15\/vivir-el-presente\/\">disfrutar plenamente del presente<\/a>.&nbsp;<strong>Si fu\u00e9semos inmortales, dif\u00edcilmente ser\u00edamos capaces de valorar la vida.&nbsp;<\/strong>Sin embargo, la realidad es que el tiempo es el material del que est\u00e1 compuesta la vida y cuando lo perdemos,&nbsp;<strong>se nos escapa&nbsp;sin apenas darnos cuenta<\/strong>.&nbsp;<\/p>\n<p>Cuando somos m\u00e1s conscientes de nuestra impermanencia, de la intemporalidad de nuestra vida, somos capaces de apreciarla mucho m\u00e1s; valoramos los peque\u00f1os grandes momentos, aprendemos a apreciar situaciones cotidianas que de otra forma pasan inadvertidas.<\/p>\n<p><iframe loading=\"lazy\" title=\"Javier Iriondo.- Te cuidado de no perder lo \u00fanico que tienes\" width=\"1110\" height=\"624\" src=\"https:\/\/www.youtube.com\/embed\/_YwXnkV1XIE?feature=oembed\" frameborder=\"0\" allow=\"accelerometer; autoplay; clipboard-write; encrypted-media; gyroscope; picture-in-picture\" allowfullscreen><\/iframe><\/p>\n<h2><span id=\"3_Dejar_de_esperar_a_otro_momento_es_abrir_la_puerta_al_presente\"><strong>3. DEJAR DE ESPERAR A OTRO MOMENTO ES ABRIR LA PUERTA AL PRESENTE<\/strong><\/span><\/h2>\n<p>&nbsp;<\/p>\n<p>Cuando tenemos m\u00e1s presente que la cuenta atr\u00e1s est\u00e1 en marcha (aunque no queramos verlo) es entonces cuando salimos de nosotros mismos, de nuestras preocupaciones y nuestro ensimismamiento. Por fin somos capaces de ver las cosas bellas que nos rodean, de apreciar la naturaleza, de sentir con mayor profundidad,&nbsp;<strong>sentirnos m\u00e1s presentes y conectados.<\/strong><\/p>\n<p>Dejar de esperar&nbsp;<em>a otro momento,<\/em>&nbsp;a ese supuesto futuro mejor, es abrir la puerta al presente.<b>&nbsp;<\/b>En vez de esperar a que las cosas sean de otra manera, comenzamos a centrarnos en el ahora y en apreciar lo que tenemos a nuestro alrededor.<\/p>\n<h3><span id=\"_Una_de_las_cosas_mas_nos_hace_sufrir_es_la_comparacion_a_la_que_nos_somete_nuestra_propia_mente_sin_darnos_cuenta\"><strong>\u25ba Una de las cosas m\u00e1s nos hace sufrir es la comparaci\u00f3n a la que nos somete nuestra propia mente sin darnos cuenta<\/strong><\/span><\/h3>\n<p>&nbsp;<\/p>\n<p>Esa comparaci\u00f3n viene dada por&nbsp;<a href=\"https:\/\/javieririondo.es\/2014\/09\/29\/expectativas-vs-realidad\/\">las expectativas<\/a>&nbsp;sobre c\u00f3mo imaginamos que deber\u00eda ser nuestra vida. Sentimos -pensamos- que la vida no est\u00e1 siendo como esper\u00e1bamos, que no somos como realmente nos gustar\u00eda ser, o que no nos sentimos como nos gustar\u00eda (ver&nbsp;<a href=\"https:\/\/javieririondo.es\/2019\/05\/24\/los-mapas-mentales\/\">mapas mentales<\/a>).&nbsp;<\/p>\n<p>Y as\u00ed, a veces, parece que&nbsp;<strong>nos pasamos la vida esperando a vivir<\/strong>, esperando a que las condiciones de nuestra vida cuadren con nuestros deseos. De esa manera, con nuestras expectativas a veces desproporcionadas, convertimos el presente en un lugar peor, un lugar que queremos dejar atr\u00e1s para poder&nbsp;<em>llegar a ese prometedor futuro<\/em>, a ese escenario ideal, convencidos de que all\u00ed, m\u00e1s adelante,&nbsp;<a href=\"https:\/\/javieririondo.es\/2017\/05\/21\/como-ser-feliz\/\">seremos m\u00e1s felices<\/a>.&nbsp;<\/p>\n<p><iframe loading=\"lazy\" title=\"Javier Iriondo.- El peligro de las expectativas\" width=\"1110\" height=\"624\" src=\"https:\/\/www.youtube.com\/embed\/Vl_Mxz0h4-U?feature=oembed\" frameborder=\"0\" allow=\"accelerometer; autoplay; clipboard-write; encrypted-media; gyroscope; picture-in-picture\" allowfullscreen><\/iframe><\/p>\n<p>El entorno, el marketing, la hiperexposici\u00f3n de id\u00edlicas vidas y situaciones hace que magnifiquemos el impacto emocional que esos&nbsp;<a href=\"https:\/\/javieririondo.es\/2019\/12\/04\/el-valor-del-triunfo\/\">logros<\/a>&nbsp;tendr\u00e1n en nuestra vida. Pero la realidad es que inicialmente ser\u00e1 una gran satisfacci\u00f3n, pero ese \u00abchute\u00bb es como un perfume porque en poco tiempo su fragancia habr\u00e1 desaparecido, y nuestro insaciable ego volver\u00e1 a sentirse vac\u00edo y querr\u00e1 m\u00e1s y m\u00e1s porque nunca tiene bastante.<\/p>\n<p>No son las experiencias exteriores, ni las cosas las que colman nuestro esp\u00edritu o las que nos aportan&nbsp;<a href=\"https:\/\/javieririondo.es\/2018\/11\/30\/viktor-frankl\/\">un mayor sentido<\/a>. Eso solo proviene de los cambios y las experiencias interiores, del descubrimiento y&nbsp;<a href=\"https:\/\/javieririondo.es\/2015\/06\/27\/desarrollo-personal\/\">la evoluci\u00f3n personal<\/a>, de un mayor grado de conciencia, del agradecimiento,&nbsp;<a href=\"https:\/\/javieririondo.es\/2018\/05\/13\/gestion-emocional\/\">la aceptaci\u00f3n<\/a>, la contribuci\u00f3n,<strong>&nbsp;de dejar de vivir a la espera<\/strong>&nbsp;y comenzar a&nbsp;<strong>estar y vivir m\u00e1s en el presente.<\/strong><\/p>\n<p>Tal vez por esa raz\u00f3n podemos ver a algunas personas que lo tienen todo y sufren como si no tuviesen nada m\u00e1s que&nbsp;<em>un gran vac\u00edo lleno de cosas.<\/em><\/p>\n<h2><span id=\"4_El_tiempo_es_imparable_y_no_se_puede_recuperar\"><strong>4. EL TIEMPO ES IMPARABLE Y NO SE PUEDE RECUPERAR<\/strong><\/span><\/h2>\n<p>Si somos capaces de asumir que se agota y que en realidad&nbsp;<strong>no sabemos cu\u00e1ndo tiempo nos queda,<\/strong>&nbsp;podremos realmente valorarlo como se merece. Eso no es ser negativo, sino todo lo contrario: reflexionar sobre ese aspecto de la vida puede tener consecuencias muy positivas en el modo en c\u00f3mo vivimos.<\/p>\n<p>Dejemos de contar el tiempo y hagamos que el tiempo cuente porque \u00e9sta, aqu\u00ed y ahora, es tu vida.<\/p>\n<p><a href=\"https:\/\/www.amazon.es\/vida-est%C3%A1-esperando-Autoayuda-superaci%C3%B3n\/dp\/8408215019\/ref=as_sl_pc_tf_til?tag=wje-21&amp;linkCode=w00&amp;linkId=9307cfad921b6918e333a23009641291&amp;creativeASIN=8408215019\"><b><i>La vida te est\u00e1 esperando<\/i><\/b><\/a><b><i>&nbsp;<\/i><\/b><b><i><\/i><\/b>es precisamente el t\u00edtulo de mi \u00faltimo libro que ojal\u00e1 muy pronto est\u00e9 en tus manos. Es una conmovedora historia a la que le he dedicado tres a\u00f1os y en la que a trav\u00e9s de su protagonista -Sof\u00eda- espero que te encuentres, te remueva y te aporte una visi\u00f3n m\u00e1s profunda&nbsp; de la vida.<\/p>\n<p>Es un libro que puede revelarte cosas de ti que a lo mejor ni te hab\u00edas dado cuenta hasta ahora. Una historia que te emocionar\u00e1 y aportar\u00e1 respuestas y comprensi\u00f3n a algunos de los dilemas de hoy en d\u00eda. Si quieres,&nbsp;<a href=\"https:\/\/javieririondo.es\/la-vida-te-esta-esperando-javier-iriondo-libro\/\"><strong>&lt;&lt;puedes descargarte aqu\u00ed el primer cap\u00edtulo&gt;&gt;<\/strong><\/a><\/p>\n<p>Para terminar este art\u00edculo me gustar\u00eda compartir algunos fragmentos del libro&nbsp;en los que hago referencia a este aspecto tan importante que deber\u00edamos aprender a tener m\u00e1s en cuenta pero, como dijo&nbsp;<b>S\u00e9neca<\/b>,&nbsp;<em>hace falta toda una vida para aprender a vivir<\/em>.<\/p>\n<hr>\n<p><img decoding=\"async\" src=\"https:\/\/teletrabajoynegocios.com\/teletrabajador\/wp-content\/uploads\/sites\/3\/2020\/07\/articulos.png\"><\/p>\n<div class=\"wp-rss-template-container\" data-wpra-template=\"default\" data-template-ctx=\"W10=\">\n    <div class=\"wp-rss-aggregator wpra-list-template  \" data-page=\"1\">\n    \n    \n<ul class=\"wpra-item-list rss-aggregator wpra-item-list--bullets wpra-item-list--default\"\n    start=\"1\">\n                        <li class=\"wpra-item feed-item \">\n            \n            \n\n    <a  href=\"https:\/\/distritoemprendedores.com\/blog\/2026\/03\/16\/hello-world\/\" target=\"_blank\" rel=\"nofollow\" class=\"\">Hello world!<\/a>\n\n\n\n\n\n\n<div class=\"wprss-feed-meta\">\n            <span class=\"feed-source\">\n            Source:\n\n                            Distrito Emprendedores\n                    <\/span>\n    \n            <span class=\"feed-date\">\n            Published on 2026-03-16\n        <\/span>\n    \n    <\/div>\n\n\n\n\n\n            \n        <\/li>\n                    <li class=\"wpra-item feed-item \">\n            \n            \n\n    <a  href=\"https:\/\/www.dropbox.com\/scl\/fi\/b6csvpbfxu24vaezmo3es\/62bed0634df20e5ef35346439fdd423f_franquicias.pdf?rlkey=mfp2795s4n89mw35l0yeu2vl5&amp;e=2&amp;st=57kabuy0&amp;dl=0#new_tab\" target=\"_blank\" rel=\"nofollow\" class=\"\">Las franquicias espa\u00f1olas duplican su presencia en mercados for\u00e1neos<\/a>\n\n\n\n\n\n\n<div class=\"wprss-feed-meta\">\n            <span class=\"feed-source\">\n            Source:\n\n                            Distrito Emprendedores\n                    <\/span>\n    \n            <span class=\"feed-date\">\n            Published on 2026-03-11\n        <\/span>\n    \n    <\/div>\n\n\n\n\n\n            \n        <\/li>\n                    <li class=\"wpra-item feed-item \">\n            \n            \n\n    <a  href=\"https:\/\/distritoemprendedores.es\/blog\/5-errores-fatales-al-internacionalizar-tu-franquicia\/\" target=\"_blank\" rel=\"nofollow\" class=\"\">5 errores fatales al internacionalizar tu franquicia<\/a>\n\n\n\n\n\n\n<div class=\"wprss-feed-meta\">\n            <span class=\"feed-source\">\n            Source:\n\n                            Distrito Emprendedores\n                    <\/span>\n    \n            <span class=\"feed-date\">\n            Published on 2026-03-10\n        <\/span>\n    \n    <\/div>\n\n\n\n\n\n            \n        <\/li>\n                    <li class=\"wpra-item feed-item \">\n            \n            \n\n    <a  href=\"https:\/\/distritoemprendedores.es\/blog\/un-nuevo-prime-time-para-las-marcas-afterwork-tardeo-y-futbol-se-consolidan-como-los-grandes-motores-del-consumo-experiencial\/\" target=\"_blank\" rel=\"nofollow\" class=\"\">Un nuevo prime time para las marcas: afterwork, tardeo y f\u00fatbol se consolidan como los grandes motores del consumo experiencial<\/a>\n\n\n\n\n\n\n<div class=\"wprss-feed-meta\">\n            <span class=\"feed-source\">\n            Source:\n\n                            Distrito Emprendedores\n                    <\/span>\n    \n            <span class=\"feed-date\">\n            Published on 2026-03-09\n        <\/span>\n    \n    <\/div>\n\n\n\n\n\n            \n        <\/li>\n                    <li class=\"wpra-item feed-item \">\n            \n            \n\n    <a  href=\"https:\/\/distritoemprendedores.es\/blog\/la-ventaja-competitiva-esta-en-entender-como-pregunta-el-consumidor\/\" target=\"_blank\" rel=\"nofollow\" class=\"\">La ventaja competitiva est\u00e1 en entender c\u00f3mo pregunta el consumidor<\/a>\n\n\n\n\n\n\n<div class=\"wprss-feed-meta\">\n            <span class=\"feed-source\">\n            Source:\n\n                            Distrito Emprendedores\n                    <\/span>\n    \n            <span class=\"feed-date\">\n            Published on 2026-03-08\n        <\/span>\n    \n    <\/div>\n\n\n\n\n\n            \n        <\/li>\n                    <li class=\"wpra-item feed-item \">\n            \n            \n\n    <a  href=\"https:\/\/distritoemprendedores.es\/blog\/solo-el-7-de-los-espanoles-cree-a-las-marcas-cuando-comunican-sus-valores-con-hechos-demostrables\/\" target=\"_blank\" rel=\"nofollow\" class=\"\">Solo el 7% de los espa\u00f1oles cree a las marcas cuando comunican sus valores con hechos demostrables<\/a>\n\n\n\n\n\n\n<div class=\"wprss-feed-meta\">\n            <span class=\"feed-source\">\n            Source:\n\n                            Distrito Emprendedores\n                    <\/span>\n    \n            <span class=\"feed-date\">\n            Published on 2026-03-07\n        <\/span>\n    \n    <\/div>\n\n\n\n\n\n            \n        <\/li>\n                    <li class=\"wpra-item feed-item \">\n            \n            \n\n    <a  href=\"https:\/\/distritoemprendedores.es\/blog\/el-38-de-las-empresas-creadas-en-2019-ha-echado-ya-el-cierre\/\" target=\"_blank\" rel=\"nofollow\" class=\"\">El 38% de las empresas creadas en 2019 ha echado ya el cierre<\/a>\n\n\n\n\n\n\n<div class=\"wprss-feed-meta\">\n            <span class=\"feed-source\">\n            Source:\n\n                            Distrito Emprendedores\n                    <\/span>\n    \n            <span class=\"feed-date\">\n            Published on 2026-03-06\n        <\/span>\n    \n    <\/div>\n\n\n\n\n\n            \n        <\/li>\n                    <li class=\"wpra-item feed-item \">\n            \n            \n\n    <a  href=\"https:\/\/distritoemprendedores.es\/blog\/descubre-las-oportunidades-y-tendencias-en-el-mercado-de-la-franquicia-para-2026\/\" target=\"_blank\" rel=\"nofollow\" class=\"\">Descubre las oportunidades y tendencias en el mercado de la franquicia para 2026<\/a>\n\n\n\n\n\n\n<div class=\"wprss-feed-meta\">\n            <span class=\"feed-source\">\n            Source:\n\n                            Distrito Emprendedores\n                    <\/span>\n    \n            <span class=\"feed-date\">\n            Published on 2026-03-05\n        <\/span>\n    \n    <\/div>\n\n\n\n\n\n            \n        <\/li>\n                    <li class=\"wpra-item feed-item \">\n            \n            \n\n    <a  href=\"https:\/\/distritoemprendedores.es\/blog\/las-startups-de-salud-mas-punteras-del-mundo\/\" target=\"_blank\" rel=\"nofollow\" class=\"\">Las startups de salud m\u00e1s punteras del mundo<\/a>\n\n\n\n\n\n\n<div class=\"wprss-feed-meta\">\n            <span class=\"feed-source\">\n            Source:\n\n                            Distrito Emprendedores\n                    <\/span>\n    \n            <span class=\"feed-date\">\n            Published on 2026-03-04\n        <\/span>\n    \n    <\/div>\n\n\n\n\n\n            \n        <\/li>\n                    <li class=\"wpra-item feed-item \">\n            \n            \n\n    <a  href=\"https:\/\/distritoemprendedores.es\/blog\/puesta-en-marcha-de-un-negocio-primeros-pasos-para-validar-vender-y-controlar-la-tesoreria\/\" target=\"_blank\" rel=\"nofollow\" class=\"\">Puesta en marcha de un negocio: primeros pasos para validar, vender y controlar la tesorer\u00eda<\/a>\n\n\n\n\n\n\n<div class=\"wprss-feed-meta\">\n            <span class=\"feed-source\">\n            Source:\n\n                            Distrito Emprendedores\n                    <\/span>\n    \n            <span class=\"feed-date\">\n            Published on 2026-03-03\n        <\/span>\n    \n    <\/div>\n\n\n\n\n\n            \n        <\/li>\n                    <li class=\"wpra-item feed-item \">\n            \n            \n\n    <a  href=\"https:\/\/distritoemprendedores.es\/blog\/6-franquicias-sin-apenas-competencia-en-el-mercado\/\" target=\"_blank\" rel=\"nofollow\" class=\"\">6 franquicias sin apenas competencia en el mercado<\/a>\n\n\n\n\n\n\n<div class=\"wprss-feed-meta\">\n            <span class=\"feed-source\">\n            Source:\n\n                            Distrito Emprendedores\n                    <\/span>\n    \n            <span class=\"feed-date\">\n            Published on 2026-03-02\n        <\/span>\n    \n    <\/div>\n\n\n\n\n\n            \n        <\/li>\n                    <li class=\"wpra-item feed-item \">\n            \n            \n\n    <a  href=\"https:\/\/digistorage.es\/links\/71d78951-a420-4f5b-8de6-7b35ae7efc1c#new_tab\" target=\"_blank\" rel=\"nofollow\" class=\"\">Los algoritmos amenazan con filtrar las confesiones realizadas al abogado<\/a>\n\n\n\n\n\n\n<div class=\"wprss-feed-meta\">\n            <span class=\"feed-source\">\n            Source:\n\n                            Distrito Emprendedores\n                    <\/span>\n    \n            <span class=\"feed-date\">\n            Published on 2026-03-01\n        <\/span>\n    \n    <\/div>\n\n\n\n\n\n            \n        <\/li>\n                    <li class=\"wpra-item feed-item \">\n            \n            \n\n    <a  href=\"https:\/\/distritoemprendedores.es\/blog\/las-startups-que-mas-innovan-en-el-mundo\/\" target=\"_blank\" rel=\"nofollow\" class=\"\">Las startups que m\u00e1s innovan en el mundo<\/a>\n\n\n\n\n\n\n<div class=\"wprss-feed-meta\">\n            <span class=\"feed-source\">\n            Source:\n\n                            Distrito Emprendedores\n                    <\/span>\n    \n            <span class=\"feed-date\">\n            Published on 2026-02-28\n        <\/span>\n    \n    <\/div>\n\n\n\n\n\n            \n        <\/li>\n                    <li class=\"wpra-item feed-item \">\n            \n            \n\n    <a  href=\"https:\/\/distritoemprendedores.es\/blog\/tiktok-genera-31-000-millones-de-euros-para-las-empresas-europeas-y-3-000-millones-en-espana\/\" target=\"_blank\" rel=\"nofollow\" class=\"\">TikTok genera 31.000 millones de euros para las empresas europeas y 3.000 millones en Espa\u00f1a<\/a>\n\n\n\n\n\n\n<div class=\"wprss-feed-meta\">\n            <span class=\"feed-source\">\n            Source:\n\n                            Distrito Emprendedores\n                    <\/span>\n    \n            <span class=\"feed-date\">\n            Published on 2026-02-27\n        <\/span>\n    \n    <\/div>\n\n\n\n\n\n            \n        <\/li>\n                    <li class=\"wpra-item feed-item \">\n            \n            \n\n    <a  href=\"https:\/\/distritoemprendedores.es\/blog\/amazon-planea-un-marketplace-para-hacer-de-puente-entre-los-publishers-y-las-empresas-de-ia\/\" target=\"_blank\" rel=\"nofollow\" class=\"\">Amazon planea un \u00abmarketplace\u00bb para hacer de puente entre los \u00abpublishers\u00bb y las empresas de IA<\/a>\n\n\n\n\n\n\n<div class=\"wprss-feed-meta\">\n            <span class=\"feed-source\">\n            Source:\n\n                            Distrito Emprendedores\n                    <\/span>\n    \n            <span class=\"feed-date\">\n            Published on 2026-02-26\n        <\/span>\n    \n    <\/div>\n\n\n\n\n\n            \n        <\/li>\n        <\/ul>\n\n        \n<\/div>\n\n<\/div>\n\n<hr>\n<h3><span id=\"Mientras_vivas_sigue_aprendiendo_a_vivir\"><strong>\u25ba&nbsp;Mientras vivas, sigue aprendiendo a vivir<\/strong><\/span><\/h3>\n<p>Eso es lo que ocurre con el tiempo, el material del que est\u00e1 construida nuestra vida:&nbsp;<strong>lo valoramos cuando descubrimos que se agota.&nbsp;<\/strong>Lo podemos aprovechar o desaprovechar, utilizarlo sabiamente o malgastarlo, pero una parte del sentido de nuestra vida se basa en c\u00f3mo utilizamos y aprovechamos nuestro tiempo.&nbsp;<strong>La cuesti\u00f3n no es contar el tiempo, sino hacer que el tiempo cuente.<\/strong><\/p>\n<p>A todos y cada uno de nosotros&nbsp;<a href=\"https:\/\/javieririondo.es\/2015\/01\/26\/el-destino-esta-escrito\/\">el destino<\/a>&nbsp;nos otorga un tiempo, pero no sabemos cu\u00e1nto. Lo \u00fanico seguro es que ese espacio de tiempo que es nuestra vida no se puede parar, rebobinar ni recuperar, y el contador sigue avanzando sigilosamente, sin saber cu\u00e1ndo llega nuestra fecha de caducidad, hasta que de pronto llega el inesperado aviso.<\/p>\n<p>Nadie nos para un d\u00eda por la calle y nos pregunta \u00ab\u00bfQu\u00e9 est\u00e1s haciendo con tu tiempo y con tu vida? Porque eso es lo que est\u00e1s haciendo con tu vida\u00bb o \u00ab\u00bfCu\u00e1nto tiempo te queda para vivir la vida que deseas?\u00bb.<\/p>\n<p>El tiempo tiene un escaso valor para la eternidad, pero nosotros no somos eternos, aunque a veces por nuestra manera de vivir lo parezcamos.<\/p>\n<p><iframe loading=\"lazy\" title=\"La posibilidad de la muerte nos acerca m\u00e1s al presente | Javier Iriondo\" width=\"1110\" height=\"624\" src=\"https:\/\/www.youtube.com\/embed\/2ydN-qWC4MY?feature=oembed\" frameborder=\"0\" allow=\"accelerometer; autoplay; clipboard-write; encrypted-media; gyroscope; picture-in-picture\" allowfullscreen><\/iframe><\/p>\n<h3><span id=\"_Tener_presente_la_impermanencia_de_la_vida_se_puede_convertir_en_el_despertar_de_la_vida\"><strong>Tener presente la impermanencia de la vida se puede convertir en el despertar de la vida<\/strong><\/span><\/h3>\n<p>&nbsp;<\/p>\n<p>No calculamos el valor del tiempo; abrimos el grifo del tiempo y dejamos que corra, porque no tenemos que pagar esa factura cada mes. Lo malgastamos porque parece gratis, abundante, hasta infinito, aun sin saber cu\u00e1nto queda en el dep\u00f3sito, porque asumimos que todav\u00eda queda much\u00edsimo.&nbsp;<\/p>\n<p><strong>Son tantos los que descubren el valor de la vida, los que aprenden a vivir, justo cuando comienzan a morir.<\/strong>&nbsp;De pronto, un d\u00eda descubrimos que ya es muy tarde para hacer todas las cosas que quisimos hacer. Hasta entonces andamos distra\u00eddos persiguiendo otro momento, mientras la vida se escapa en el presente.<\/p>\n<p>Por desgracia descubrimos el valor de las cosas cuando las perdemos, ocurre tanto con el tiempo como con las personas, tal vez sea que somos incapaces de valorarlas mientras las tenemos, por eso la gratitud tiene un valor incalculable, cuanto m\u00e1s agradecidos somos m\u00e1s tenemos.&nbsp;<strong>Sin el agradecimiento y el sincero aprecio nada parece valioso, nada parece suficiente,<\/strong>&nbsp;mientras que si somos agradecidos y valoramos el presente, siempre nos sentiremos m\u00e1s llenos.<\/p>\n<p>Tener presente que no somos inmortales, tener presente la impermanencia de la vida se puede convertir en el despertar de la vida, nos revela matices ocultos, nos muestra el verdadero valor de las cosas, reordena todas nuestras prioridades. Nos ayuda a distinguir entre lo que parece importante y lo que realmente lo es, a diferenciar lo superficial de lo profundo.<\/p>\n<p><iframe loading=\"lazy\" title=\"A veces, se nos escapa la vida esperando a vivir | Javier Iriondo\" width=\"1110\" height=\"624\" src=\"https:\/\/www.youtube.com\/embed\/o585iajuTsc?feature=oembed\" frameborder=\"0\" allow=\"accelerometer; autoplay; clipboard-write; encrypted-media; gyroscope; picture-in-picture\" allowfullscreen><\/iframe><\/p>\n<h3><span id=\"Al_final_de_nuestros_dias_hay_cosas_que_pesan_y_otras_que_alivian\"><strong>Al final de nuestros d\u00edas hay cosas que pesan y otras que alivian<\/strong><\/span><\/h3>\n<p>Lo que pesa en nuestra conciencia es habernos fallado a nosotros mismos, no haber cumplido&nbsp;<a href=\"https:\/\/javieririondo.es\/2014\/02\/19\/proposito-de-vida\/\">nuestros prop\u00f3sitos<\/a>.&nbsp; Nos arrepentimos de no haber cuidado mejor nuestras relaciones, a los buenos amigos, de no haber solucionado malentendidos, de no habernos atrevido a tener las conversaciones incompletas&nbsp;que deber\u00edamos haber tenido.&nbsp;<\/p>\n<p>Y lo que nos alivia y nos llena es completar lo incompleto, haber cumplido ante nosotros mismos, haber hecho lo m\u00e1s dif\u00edcil, dar el paso al frente cuando era necesario, aparecer cuando m\u00e1s falta hac\u00eda, saber que hemos hecho lo correcto. Lo que nos llena es saber que hemos aprovechado nuestra vida, que hemos tocado otras, saber que nos hemos sacrificado por algo que realmente merec\u00eda la pena,&nbsp;<strong>saber que hemos aprovechado el tiempo, sentir que hemos aprendido y evolucionado.<\/strong><\/p>\n<p>Lo que nos serena, lo que calma nuestra mente y llena nuestro coraz\u00f3n, es saber que de alguna forma&nbsp;<a href=\"https:\/\/javieririondo.es\/2017\/01\/29\/lo-que-marca-la-diferencia-en-tu-vida\/\">hemos dejado nuestra huella<\/a>, saber que alguien ha vivido mejor gracias a nosotros.<\/p>\n<p><a href=\"https:\/\/javieririondo.es\/\"><em>Javier Iriondo<\/em><\/a><\/p>\n<div id=\"telet-1981558984\" class=\"telet-despues-del-contenido telet-entity-placement\"><a target=\"_blank\" href=\"\/\/aff.lucushost.com\/resources\/click\/?n=gDxoXMAJ&aff=756\"><img decoding=\"async\" border=\"0\" alt=\"LucusHost, el mejor hosting\" src=\"\/\/aff.lucushost.com\/resources\/banners\/?zoneid=5123&n=gDxoXMAJ&aff=756\" \/><\/a><\/div>","protected":false},"excerpt":{"rendered":"<p>Creo que esa es una buena pregunta que todos deber\u00edamos hacernos. En mi caso, la respuesta fue&nbsp;apenas ninguno&nbsp;porque no tendr\u00edamos ninguna prisa, ninguna urgencia, \u00bfpara qu\u00e9&nbsp;si tenemos todo el tiempo&hellip; <\/p>\n","protected":false},"author":1,"featured_media":449,"comment_status":"open","ping_status":"open","sticky":false,"template":"","format":"standard","meta":{"_jetpack_memberships_contains_paid_content":false,"footnotes":"","_links_to":"","_links_to_target":""},"categories":[8],"tags":[15,14],"class_list":["post-2448","post","type-post","status-publish","format-standard","has-post-thumbnail","hentry","category-vida-social","tag-fuprisa","tag-jose-manuel-fuentes-prieto"],"nelio_content":{"autoShareEndMode":"never","automationSources":{"useCustomSentences":false,"customSentences":[]},"efiAlt":"","efiUrl":"","followers":[1],"highlights":[],"isAutoShareEnabled":true,"networkImageIds":[],"permalinkQueryArgs":[],"series":[],"suggestedReferences":[]},"jetpack_featured_media_url":"https:\/\/teletrabajoynegocios.com\/telesecretarias\/wp-content\/uploads\/sites\/2\/2020\/02\/pregunta.jpg","jetpack_sharing_enabled":true,"_links":{"self":[{"href":"https:\/\/teletrabajoynegocios.com\/telesecretarias\/wp-json\/wp\/v2\/posts\/2448","targetHints":{"allow":["GET"]}}],"collection":[{"href":"https:\/\/teletrabajoynegocios.com\/telesecretarias\/wp-json\/wp\/v2\/posts"}],"about":[{"href":"https:\/\/teletrabajoynegocios.com\/telesecretarias\/wp-json\/wp\/v2\/types\/post"}],"author":[{"embeddable":true,"href":"https:\/\/teletrabajoynegocios.com\/telesecretarias\/wp-json\/wp\/v2\/users\/1"}],"replies":[{"embeddable":true,"href":"https:\/\/teletrabajoynegocios.com\/telesecretarias\/wp-json\/wp\/v2\/comments?post=2448"}],"version-history":[{"count":1,"href":"https:\/\/teletrabajoynegocios.com\/telesecretarias\/wp-json\/wp\/v2\/posts\/2448\/revisions"}],"predecessor-version":[{"id":2449,"href":"https:\/\/teletrabajoynegocios.com\/telesecretarias\/wp-json\/wp\/v2\/posts\/2448\/revisions\/2449"}],"wp:featuredmedia":[{"embeddable":true,"href":"https:\/\/teletrabajoynegocios.com\/telesecretarias\/wp-json\/wp\/v2\/media\/449"}],"wp:attachment":[{"href":"https:\/\/teletrabajoynegocios.com\/telesecretarias\/wp-json\/wp\/v2\/media?parent=2448"}],"wp:term":[{"taxonomy":"category","embeddable":true,"href":"https:\/\/teletrabajoynegocios.com\/telesecretarias\/wp-json\/wp\/v2\/categories?post=2448"},{"taxonomy":"post_tag","embeddable":true,"href":"https:\/\/teletrabajoynegocios.com\/telesecretarias\/wp-json\/wp\/v2\/tags?post=2448"}],"curies":[{"name":"wp","href":"https:\/\/api.w.org\/{rel}","templated":true}]}}