{"id":2485,"date":"2020-11-17T10:50:10","date_gmt":"2020-11-17T09:50:10","guid":{"rendered":"https:\/\/teletrabajoynegocios.com\/telesecretarias\/?p=2485"},"modified":"2021-01-08T14:06:03","modified_gmt":"2021-01-08T13:06:03","slug":"precio-pide-lo-que-mereces","status":"publish","type":"post","link":"https:\/\/teletrabajoynegocios.com\/telesecretarias\/precio-pide-lo-que-mereces\/","title":{"rendered":"Precio, pide lo que mereces"},"content":{"rendered":"<div id=\"telet-2400186419\" class=\"telet-antes-del-contenido telet-entity-placement\"><a href=\"https:\/\/quaderno.io\/?via=jose-manuel94\" aria-label=\"Quaderno General (Spanish) &#8211; 728&#215;90\"><img loading=\"lazy\" decoding=\"async\" src=\"https:\/\/teletrabajoynegocios.com\/telesecretarias\/wp-content\/uploads\/sites\/2\/2020\/11\/Quaderno-General-Spanish-728x90-1.png\" alt=\"\"  srcset=\"https:\/\/teletrabajoynegocios.com\/telesecretarias\/wp-content\/uploads\/sites\/2\/2020\/11\/Quaderno-General-Spanish-728x90-1.png 728w, https:\/\/teletrabajoynegocios.com\/telesecretarias\/wp-content\/uploads\/sites\/2\/2020\/11\/Quaderno-General-Spanish-728x90-1-300x37.png 300w\" sizes=\"(max-width: 728px) 100vw, 728px\" width=\"728\" height=\"90\"   \/><\/a><\/div><p>Hubo un tiempo no muy lejano en el que los profesionales no ten\u00edamos que preocuparnos demasiado por el precio de nuestro trabajo.<\/p>\n<p>Cuando el empleo era estable y los salarios estaban m\u00e1s o menos definidos, simplemente tratabas de ara\u00f1ar unos euros (o pesetas) al negociar con tu empleador cuando te contrataba o a tu jefe cuando te hac\u00eda la revisi\u00f3n anual. Pero poco m\u00e1s.<\/p>\n<p>En realidad, como suelo decir, un empleo no es m\u00e1s que una forma de vender tu trabajo con tarifa plana y cada d\u00eda m\u00e1s \u201clow cost\u201d. Pero si tal y como se est\u00e1n poniendo las cosas y como vengo defendiendo desde hace a\u00f1os, cada d\u00eda vamos a ser m\u00e1s los que vendamos nuestro trabajo como Profesionales Libres, debemos poner un precio adecuado a lo que hacemos.<\/p>\n<p>El problema es que creo que nunca nos han explicado como valorar lo que hacemos y todav\u00eda menos, a negociarlo.<\/p>\n<h4>Cr\u00e9etelo<\/h4>\n<p>Lo he dicho aqu\u00ed muchas veces y lo repito. Soy mal\u00edsimo pidiendo dinero a cambio de mis servicios. Pienso que, como en muchas otras cosas relacionadas con la Estrategia Personal, la mayor barrera la tienes sobre tus hombros.<\/p>\n<p>El problema es que o empiezas a creer en que lo que haces merece una remuneraci\u00f3n apropiada o nunca vas a salir del hoyo.<\/p>\n<h4>Observa los efectos de lo que haces<\/h4>\n<p>\u00bfTe felicita la gente por tu trabajo? \u00bfTe dan las gracias por tus consejos? \u00bfTe dicen que lo que has hecho por ellos les ha ayudado a mejorar? Pues bien, si la respuesta es que S\u00cd, entonces debes empezar a creer que esos cambios o mejoras merecen ser recompensados.<\/p>\n<p>Esta es una t\u00e9cnica habitual a la hora de poner precio a tu trabajo. No se trata de poner una tarifa por hora o aceptar un salario \u201cde mercado\u201d sino de cuantificar el efecto que generas.<\/p>\n<p>Por ejemplo, \u00bfest\u00e1 bien aceptar un sueldo de 40.000 Euros, pedir 45 Euros por un libro o cobrar 2.500 Euros por impartir un curso? Pues depende.<\/p>\n<p>Depende del valor que vaya a generar eso que est\u00e1s aportando. Por ejemplo, hace unos meses me comentaba un amigo que hab\u00eda autopublicado un libro en Amazon al que le hab\u00eda puesto un precio que rondaba los 100 Euros. En principio eso parece excesivo, lo que ocurre es que en ese manual explicaba ciertas t\u00e9cnicas para empresas de inversi\u00f3n en \u201cStartUps\u201d que justificaban ese precio con creces.<\/p>\n<p>Quiz\u00e1s el efecto es menos tangible o m\u00e1s emocional, pero \u00bfQu\u00e9 supondr\u00eda para una persona que necesita vender su trabajo el que le ayudes a vencer el miedo a hablar en p\u00fablico? o \u00bfCu\u00e1nto estar\u00eda dispuesto a pagarte alguien que estuviese bloqueado en su empresa porque es incapaz de defender sus ideas ante sus jefes?<\/p>\n<hr>\n<p><img decoding=\"async\" src=\"https:\/\/teletrabajoynegocios.com\/teletrabajador\/wp-content\/uploads\/sites\/3\/2020\/07\/articulos.png\"><\/p>\n<div class=\"wp-rss-template-container\" data-wpra-template=\"default\" data-template-ctx=\"W10=\">\n    <div class=\"wp-rss-aggregator wpra-list-template  \" data-page=\"1\">\n    \n    \n<ul class=\"wpra-item-list rss-aggregator wpra-item-list--bullets wpra-item-list--default\"\n    start=\"1\">\n                        <li class=\"wpra-item feed-item \">\n            \n            \n\n    <a  href=\"https:\/\/distritoemprendedores.com\/blog\/2026\/03\/16\/hello-world\/\" target=\"_blank\" rel=\"nofollow\" class=\"\">Hello world!<\/a>\n\n\n\n\n\n\n<div class=\"wprss-feed-meta\">\n            <span class=\"feed-source\">\n            Source:\n\n                            Distrito Emprendedores\n                    <\/span>\n    \n            <span class=\"feed-date\">\n            Published on 2026-03-16\n        <\/span>\n    \n    <\/div>\n\n\n\n\n\n            \n        <\/li>\n                    <li class=\"wpra-item feed-item \">\n            \n            \n\n    <a  href=\"https:\/\/www.dropbox.com\/scl\/fi\/b6csvpbfxu24vaezmo3es\/62bed0634df20e5ef35346439fdd423f_franquicias.pdf?rlkey=mfp2795s4n89mw35l0yeu2vl5&amp;e=2&amp;st=57kabuy0&amp;dl=0#new_tab\" target=\"_blank\" rel=\"nofollow\" class=\"\">Las franquicias espa\u00f1olas duplican su presencia en mercados for\u00e1neos<\/a>\n\n\n\n\n\n\n<div class=\"wprss-feed-meta\">\n            <span class=\"feed-source\">\n            Source:\n\n                            Distrito Emprendedores\n                    <\/span>\n    \n            <span class=\"feed-date\">\n            Published on 2026-03-11\n        <\/span>\n    \n    <\/div>\n\n\n\n\n\n            \n        <\/li>\n                    <li class=\"wpra-item feed-item \">\n            \n            \n\n    <a  href=\"https:\/\/distritoemprendedores.es\/blog\/5-errores-fatales-al-internacionalizar-tu-franquicia\/\" target=\"_blank\" rel=\"nofollow\" class=\"\">5 errores fatales al internacionalizar tu franquicia<\/a>\n\n\n\n\n\n\n<div class=\"wprss-feed-meta\">\n            <span class=\"feed-source\">\n            Source:\n\n                            Distrito Emprendedores\n                    <\/span>\n    \n            <span class=\"feed-date\">\n            Published on 2026-03-10\n        <\/span>\n    \n    <\/div>\n\n\n\n\n\n            \n        <\/li>\n                    <li class=\"wpra-item feed-item \">\n            \n            \n\n    <a  href=\"https:\/\/distritoemprendedores.es\/blog\/un-nuevo-prime-time-para-las-marcas-afterwork-tardeo-y-futbol-se-consolidan-como-los-grandes-motores-del-consumo-experiencial\/\" target=\"_blank\" rel=\"nofollow\" class=\"\">Un nuevo prime time para las marcas: afterwork, tardeo y f\u00fatbol se consolidan como los grandes motores del consumo experiencial<\/a>\n\n\n\n\n\n\n<div class=\"wprss-feed-meta\">\n            <span class=\"feed-source\">\n            Source:\n\n                            Distrito Emprendedores\n                    <\/span>\n    \n            <span class=\"feed-date\">\n            Published on 2026-03-09\n        <\/span>\n    \n    <\/div>\n\n\n\n\n\n            \n        <\/li>\n                    <li class=\"wpra-item feed-item \">\n            \n            \n\n    <a  href=\"https:\/\/distritoemprendedores.es\/blog\/la-ventaja-competitiva-esta-en-entender-como-pregunta-el-consumidor\/\" target=\"_blank\" rel=\"nofollow\" class=\"\">La ventaja competitiva est\u00e1 en entender c\u00f3mo pregunta el consumidor<\/a>\n\n\n\n\n\n\n<div class=\"wprss-feed-meta\">\n            <span class=\"feed-source\">\n            Source:\n\n                            Distrito Emprendedores\n                    <\/span>\n    \n            <span class=\"feed-date\">\n            Published on 2026-03-08\n        <\/span>\n    \n    <\/div>\n\n\n\n\n\n            \n        <\/li>\n                    <li class=\"wpra-item feed-item \">\n            \n            \n\n    <a  href=\"https:\/\/distritoemprendedores.es\/blog\/solo-el-7-de-los-espanoles-cree-a-las-marcas-cuando-comunican-sus-valores-con-hechos-demostrables\/\" target=\"_blank\" rel=\"nofollow\" class=\"\">Solo el 7% de los espa\u00f1oles cree a las marcas cuando comunican sus valores con hechos demostrables<\/a>\n\n\n\n\n\n\n<div class=\"wprss-feed-meta\">\n            <span class=\"feed-source\">\n            Source:\n\n                            Distrito Emprendedores\n                    <\/span>\n    \n            <span class=\"feed-date\">\n            Published on 2026-03-07\n        <\/span>\n    \n    <\/div>\n\n\n\n\n\n            \n        <\/li>\n                    <li class=\"wpra-item feed-item \">\n            \n            \n\n    <a  href=\"https:\/\/distritoemprendedores.es\/blog\/el-38-de-las-empresas-creadas-en-2019-ha-echado-ya-el-cierre\/\" target=\"_blank\" rel=\"nofollow\" class=\"\">El 38% de las empresas creadas en 2019 ha echado ya el cierre<\/a>\n\n\n\n\n\n\n<div class=\"wprss-feed-meta\">\n            <span class=\"feed-source\">\n            Source:\n\n                            Distrito Emprendedores\n                    <\/span>\n    \n            <span class=\"feed-date\">\n            Published on 2026-03-06\n        <\/span>\n    \n    <\/div>\n\n\n\n\n\n            \n        <\/li>\n                    <li class=\"wpra-item feed-item \">\n            \n            \n\n    <a  href=\"https:\/\/distritoemprendedores.es\/blog\/descubre-las-oportunidades-y-tendencias-en-el-mercado-de-la-franquicia-para-2026\/\" target=\"_blank\" rel=\"nofollow\" class=\"\">Descubre las oportunidades y tendencias en el mercado de la franquicia para 2026<\/a>\n\n\n\n\n\n\n<div class=\"wprss-feed-meta\">\n            <span class=\"feed-source\">\n            Source:\n\n                            Distrito Emprendedores\n                    <\/span>\n    \n            <span class=\"feed-date\">\n            Published on 2026-03-05\n        <\/span>\n    \n    <\/div>\n\n\n\n\n\n            \n        <\/li>\n                    <li class=\"wpra-item feed-item \">\n            \n            \n\n    <a  href=\"https:\/\/distritoemprendedores.es\/blog\/las-startups-de-salud-mas-punteras-del-mundo\/\" target=\"_blank\" rel=\"nofollow\" class=\"\">Las startups de salud m\u00e1s punteras del mundo<\/a>\n\n\n\n\n\n\n<div class=\"wprss-feed-meta\">\n            <span class=\"feed-source\">\n            Source:\n\n                            Distrito Emprendedores\n                    <\/span>\n    \n            <span class=\"feed-date\">\n            Published on 2026-03-04\n        <\/span>\n    \n    <\/div>\n\n\n\n\n\n            \n        <\/li>\n                    <li class=\"wpra-item feed-item \">\n            \n            \n\n    <a  href=\"https:\/\/distritoemprendedores.es\/blog\/puesta-en-marcha-de-un-negocio-primeros-pasos-para-validar-vender-y-controlar-la-tesoreria\/\" target=\"_blank\" rel=\"nofollow\" class=\"\">Puesta en marcha de un negocio: primeros pasos para validar, vender y controlar la tesorer\u00eda<\/a>\n\n\n\n\n\n\n<div class=\"wprss-feed-meta\">\n            <span class=\"feed-source\">\n            Source:\n\n                            Distrito Emprendedores\n                    <\/span>\n    \n            <span class=\"feed-date\">\n            Published on 2026-03-03\n        <\/span>\n    \n    <\/div>\n\n\n\n\n\n            \n        <\/li>\n                    <li class=\"wpra-item feed-item \">\n            \n            \n\n    <a  href=\"https:\/\/distritoemprendedores.es\/blog\/6-franquicias-sin-apenas-competencia-en-el-mercado\/\" target=\"_blank\" rel=\"nofollow\" class=\"\">6 franquicias sin apenas competencia en el mercado<\/a>\n\n\n\n\n\n\n<div class=\"wprss-feed-meta\">\n            <span class=\"feed-source\">\n            Source:\n\n                            Distrito Emprendedores\n                    <\/span>\n    \n            <span class=\"feed-date\">\n            Published on 2026-03-02\n        <\/span>\n    \n    <\/div>\n\n\n\n\n\n            \n        <\/li>\n                    <li class=\"wpra-item feed-item \">\n            \n            \n\n    <a  href=\"https:\/\/digistorage.es\/links\/71d78951-a420-4f5b-8de6-7b35ae7efc1c#new_tab\" target=\"_blank\" rel=\"nofollow\" class=\"\">Los algoritmos amenazan con filtrar las confesiones realizadas al abogado<\/a>\n\n\n\n\n\n\n<div class=\"wprss-feed-meta\">\n            <span class=\"feed-source\">\n            Source:\n\n                            Distrito Emprendedores\n                    <\/span>\n    \n            <span class=\"feed-date\">\n            Published on 2026-03-01\n        <\/span>\n    \n    <\/div>\n\n\n\n\n\n            \n        <\/li>\n                    <li class=\"wpra-item feed-item \">\n            \n            \n\n    <a  href=\"https:\/\/distritoemprendedores.es\/blog\/las-startups-que-mas-innovan-en-el-mundo\/\" target=\"_blank\" rel=\"nofollow\" class=\"\">Las startups que m\u00e1s innovan en el mundo<\/a>\n\n\n\n\n\n\n<div class=\"wprss-feed-meta\">\n            <span class=\"feed-source\">\n            Source:\n\n                            Distrito Emprendedores\n                    <\/span>\n    \n            <span class=\"feed-date\">\n            Published on 2026-02-28\n        <\/span>\n    \n    <\/div>\n\n\n\n\n\n            \n        <\/li>\n                    <li class=\"wpra-item feed-item \">\n            \n            \n\n    <a  href=\"https:\/\/distritoemprendedores.es\/blog\/tiktok-genera-31-000-millones-de-euros-para-las-empresas-europeas-y-3-000-millones-en-espana\/\" target=\"_blank\" rel=\"nofollow\" class=\"\">TikTok genera 31.000 millones de euros para las empresas europeas y 3.000 millones en Espa\u00f1a<\/a>\n\n\n\n\n\n\n<div class=\"wprss-feed-meta\">\n            <span class=\"feed-source\">\n            Source:\n\n                            Distrito Emprendedores\n                    <\/span>\n    \n            <span class=\"feed-date\">\n            Published on 2026-02-27\n        <\/span>\n    \n    <\/div>\n\n\n\n\n\n            \n        <\/li>\n                    <li class=\"wpra-item feed-item \">\n            \n            \n\n    <a  href=\"https:\/\/distritoemprendedores.es\/blog\/amazon-planea-un-marketplace-para-hacer-de-puente-entre-los-publishers-y-las-empresas-de-ia\/\" target=\"_blank\" rel=\"nofollow\" class=\"\">Amazon planea un \u00abmarketplace\u00bb para hacer de puente entre los \u00abpublishers\u00bb y las empresas de IA<\/a>\n\n\n\n\n\n\n<div class=\"wprss-feed-meta\">\n            <span class=\"feed-source\">\n            Source:\n\n                            Distrito Emprendedores\n                    <\/span>\n    \n            <span class=\"feed-date\">\n            Published on 2026-02-26\n        <\/span>\n    \n    <\/div>\n\n\n\n\n\n            \n        <\/li>\n        <\/ul>\n\n        \n<\/div>\n\n<\/div>\n\n<hr>\n<h4>No compitas por precio<\/h4>\n<p>Si hay algo que aprend\u00ed durante mis a\u00f1os en el mundo de la distribuci\u00f3n es que siempre va a haber alguien m\u00e1s barato. As\u00ed que, entrar en una guerra de precios es algo claramente suicida.<\/p>\n<p>Incluso te dir\u00eda algo m\u00e1s, creo que hay ocasiones en las que es mejor regalar tu trabajo que devaluarlo bajando el precio, si crees que puede generarte oportunidades futuras.<\/p>\n<p>En lugar de tirar tus tarifas, intenta mover otras palancas de tu Estrategia Personal, \u00bfPuedes a\u00f1adir alg\u00fan elemento distinto a otros? \u00bfPuedes apretar el acelerador de la visibilidad? \u00bfPuedes demostrar que tu trabajo es fiable y valioso? \u00bfTienes alguna habilidad o cualidad especial? Tienes opciones para no utilizar el comod\u00edn del descuento que raramente tiene vuelta atr\u00e1s.<\/p>\n<h4>Aprende a negociar<\/h4>\n<p>\u00bfTe acuerdas de aquella asignatura del colegio en la que nos ense\u00f1aban a negociar? Yo tampoco porque nunca la tuve ni creo que existiese.<\/p>\n<p>El problema es que llegamos a la vida adulta sin armas ni herramientas, indefensos. As\u00ed que, en cuanto te descuidas, te comen.<\/p>\n<p>La venta, la negociaci\u00f3n tiene su arte. Preparar argumentarios, rebatir objeciones, elaboraci\u00f3n de propuestas,\u2026 Como profesional YO S.L. debes hacer algo parecido.<\/p>\n<p>Si t\u00fa eres tu empresa y tu trabajo es tu producto, \u00bfNo es l\u00f3gico que aprendas a defender tu valor como profesional? Si no quieres hacerlo por ti, al menos hazlo por quienes dependen de ti.<\/p>\n<h4>Tu Marca Personal depende del Precio de tu trabajo<\/h4>\n<p>Est\u00e1 claro que tu Marca Personal va a influir en las tarifas que puedes poner, pero tambi\u00e9n ocurre al rev\u00e9s.<\/p>\n<p>Tenemos claro que un buen producto con un precio por debajo de su valor va a perjudicar su prestigio y confianza. Si consigues convertirte en un referente en lo tuyo, o un profesional valorado dentro de una empresa, y permites que te remuneren por debajo de lo que mereces, no s\u00f3lo vas a perder dinero, sino algo m\u00e1s importante, credibilidad.<\/p>\n<p>Si te encuentras en una situaci\u00f3n en la que, por lo que sea, necesitas generar ingresos, pero estos est\u00e1n por debajo de lo que te corresponder\u00eda, encuentra el modo de justificarlo ante otros potenciales clientes o perder\u00e1s mucha credibilidad.<\/p>\n<p>Como ves, este asunto del precio de nuestro trabajo tiene mucho donde rascar, pero est\u00e1 claro que tal y como est\u00e1n las cosas, o defendemos el valor de lo que hacemos o nos van a comer.<\/p>\n<p><a href=\"https:\/\/www.andresperezortega.com\/\"><em>Andres Perez Ortega<\/em><\/a><\/p>\n<div id=\"telet-2630584863\" class=\"telet-despues-del-contenido telet-entity-placement\"><a target=\"_blank\" href=\"\/\/aff.lucushost.com\/resources\/click\/?n=gDxoXMAJ&aff=756\"><img decoding=\"async\" border=\"0\" alt=\"LucusHost, el mejor hosting\" src=\"\/\/aff.lucushost.com\/resources\/banners\/?zoneid=5123&n=gDxoXMAJ&aff=756\" \/><\/a><\/div>","protected":false},"excerpt":{"rendered":"<p>Hubo un tiempo no muy lejano en el que los profesionales no ten\u00edamos que preocuparnos demasiado por el precio de nuestro trabajo. Cuando el empleo era estable y los salarios&hellip; <\/p>\n","protected":false},"author":1,"featured_media":675,"comment_status":"open","ping_status":"open","sticky":false,"template":"","format":"standard","meta":{"_jetpack_memberships_contains_paid_content":false,"footnotes":"","_links_to":"","_links_to_target":""},"categories":[1],"tags":[15,14],"class_list":["post-2485","post","type-post","status-publish","format-standard","has-post-thumbnail","hentry","category-telesecretarias","tag-fuprisa","tag-jose-manuel-fuentes-prieto"],"nelio_content":{"autoShareEndMode":"never","automationSources":{"useCustomSentences":false,"customSentences":[]},"efiAlt":"","efiUrl":"","followers":[1],"highlights":[],"isAutoShareEnabled":true,"networkImageIds":[],"permalinkQueryArgs":[],"series":[],"suggestedReferences":[]},"jetpack_featured_media_url":"https:\/\/teletrabajoynegocios.com\/telesecretarias\/wp-content\/uploads\/sites\/2\/2020\/02\/mujeres-trabajando-equipo.jpg","jetpack_sharing_enabled":true,"_links":{"self":[{"href":"https:\/\/teletrabajoynegocios.com\/telesecretarias\/wp-json\/wp\/v2\/posts\/2485","targetHints":{"allow":["GET"]}}],"collection":[{"href":"https:\/\/teletrabajoynegocios.com\/telesecretarias\/wp-json\/wp\/v2\/posts"}],"about":[{"href":"https:\/\/teletrabajoynegocios.com\/telesecretarias\/wp-json\/wp\/v2\/types\/post"}],"author":[{"embeddable":true,"href":"https:\/\/teletrabajoynegocios.com\/telesecretarias\/wp-json\/wp\/v2\/users\/1"}],"replies":[{"embeddable":true,"href":"https:\/\/teletrabajoynegocios.com\/telesecretarias\/wp-json\/wp\/v2\/comments?post=2485"}],"version-history":[{"count":1,"href":"https:\/\/teletrabajoynegocios.com\/telesecretarias\/wp-json\/wp\/v2\/posts\/2485\/revisions"}],"predecessor-version":[{"id":2486,"href":"https:\/\/teletrabajoynegocios.com\/telesecretarias\/wp-json\/wp\/v2\/posts\/2485\/revisions\/2486"}],"wp:featuredmedia":[{"embeddable":true,"href":"https:\/\/teletrabajoynegocios.com\/telesecretarias\/wp-json\/wp\/v2\/media\/675"}],"wp:attachment":[{"href":"https:\/\/teletrabajoynegocios.com\/telesecretarias\/wp-json\/wp\/v2\/media?parent=2485"}],"wp:term":[{"taxonomy":"category","embeddable":true,"href":"https:\/\/teletrabajoynegocios.com\/telesecretarias\/wp-json\/wp\/v2\/categories?post=2485"},{"taxonomy":"post_tag","embeddable":true,"href":"https:\/\/teletrabajoynegocios.com\/telesecretarias\/wp-json\/wp\/v2\/tags?post=2485"}],"curies":[{"name":"wp","href":"https:\/\/api.w.org\/{rel}","templated":true}]}}