{"id":2505,"date":"2020-11-19T11:00:07","date_gmt":"2020-11-19T10:00:07","guid":{"rendered":"https:\/\/teletrabajoynegocios.com\/telesecretarias\/?p=2505"},"modified":"2020-11-11T09:12:35","modified_gmt":"2020-11-11T08:12:35","slug":"el-valor-relajante-de-las-acciones-sencillas","status":"publish","type":"post","link":"https:\/\/teletrabajoynegocios.com\/telesecretarias\/el-valor-relajante-de-las-acciones-sencillas\/","title":{"rendered":"El valor relajante de las acciones sencillas"},"content":{"rendered":"<div id=\"telet-3183731478\" class=\"telet-antes-del-contenido telet-entity-placement\"><a href=\"https:\/\/quaderno.io\/?via=jose-manuel94\" aria-label=\"Quaderno General (Spanish) &#8211; 728&#215;90\"><img loading=\"lazy\" decoding=\"async\" src=\"https:\/\/teletrabajoynegocios.com\/telesecretarias\/wp-content\/uploads\/sites\/2\/2020\/11\/Quaderno-General-Spanish-728x90-1.png\" alt=\"\"  srcset=\"https:\/\/teletrabajoynegocios.com\/telesecretarias\/wp-content\/uploads\/sites\/2\/2020\/11\/Quaderno-General-Spanish-728x90-1.png 728w, https:\/\/teletrabajoynegocios.com\/telesecretarias\/wp-content\/uploads\/sites\/2\/2020\/11\/Quaderno-General-Spanish-728x90-1-300x37.png 300w\" sizes=\"(max-width: 728px) 100vw, 728px\" width=\"728\" height=\"90\"   \/><\/a><\/div><p>GTD<sup>\u00ae<\/sup>&nbsp;ofrece un planteamiento global para&nbsp;<strong>combatir el estr\u00e9s<\/strong>. Hoy, sin embargo, me gustar\u00eda centrarme en algo m\u00e1s concreto y cotidiano:&nbsp;<strong>el valor relajante de las acciones sencillas<\/strong>.<\/p>\n<p>Sabemos que buena parte de las causas del estr\u00e9s guardan relaci\u00f3n con trabajar en&nbsp;<a href=\"https:\/\/optimainfinito.com\/2017\/10\/por-que-tienes-que-aprender-a-pensar.html\">un trabajo para el que no estamos evolutivamente preparados<\/a>: el&nbsp;<strong>trabajo del conocimiento<\/strong>.<\/p>\n<p>La&nbsp;<a href=\"https:\/\/optimainfinito.com\/2018\/02\/efectividad-competencia-transversal-clave-para-lograr-resultados.html\">competencia transversal<\/a>&nbsp;de la efectividad personal nos permite adaptarnos mejor a \u00e9l, disminuyendo el nivel de estr\u00e9s hasta eliminarlo.<\/p>\n<p>Metodolog\u00edas como GTD<sup>\u00ae<\/sup>&nbsp;facilitan el proceso, reduciendo la inseguridad y los intentos fallidos.<\/p>\n<p>El subt\u00edtulo del cl\u00e1sico&nbsp;<a href=\"https:\/\/www.amabook.es\/organizate-con-eficacia-edicion-especial\"><em>Organ\u00edzate con eficacia<\/em><\/a>&nbsp;ya lo deja claro: \u00abEl arte de la productividad libre de estr\u00e9s\u00bb.<\/p>\n<p>Aunque la frase \u00ablibre de estr\u00e9s\u00bb puede causar escepticismo, yo s\u00e9 que es posible, porque lo consegu\u00ed hace a\u00f1os.<\/p>\n<p>En este&nbsp;<em>post<\/em>&nbsp;te ofrezco un ejemplo pr\u00e1ctico y aplicable para que t\u00fa tambi\u00e9n puedas&nbsp;<strong>experimentar el potencial de la efectividad<\/strong>.<\/p>\n<h3>C\u00f3mo quitarle protagonismo al Sistema 1<\/h3>\n<p>El estr\u00e9s y la ansiedad son emociones y, como tal, est\u00e1n gestionadas por el Sistema 1.<\/p>\n<p>Una de las formas de combatir estas emociones negativas es intentar restarle \u00abcapacidad de proceso\u00bb al Sistema 1, algo que podemos lograr&nbsp;<strong>haciendo que el Sistema 2 consuma m\u00e1s recursos<\/strong>.<\/p>\n<p>La l\u00f3gica detr\u00e1s de esto es que los recursos de nuestro cerebro son, por una parte, limitados y, por otra, compartidos por ambos sistemas.<\/p>\n<p>Adem\u00e1s, hay que tener en cuenta que, en una situaci\u00f3n de estr\u00e9s o ansiedad, el Sistema 2 est\u00e1 pr\u00e1cticamente parado.<\/p>\n<p>Por lo tanto, si logramos activar el Sistema 2 para que utilice parte de los recursos, esos recursos dejar\u00e1n de estar disponibles para el Sistema 1.<\/p>\n<p>En consecuencia, al disminuir los recursos disponibles, el Sistema 1 tendr\u00e1 que reducir su actividad, con lo que la intensidad de la ansiedad o el estr\u00e9s disminuir\u00e1.<\/p>\n<p>Sin embargo, esto que parece tan sencillo sobre el papel, puede suponer todo un mundo cuando el estr\u00e9s o la ansiedad nos dominan.<\/p>\n<hr>\n<p><img decoding=\"async\" src=\"https:\/\/teletrabajoynegocios.com\/teletrabajador\/wp-content\/uploads\/sites\/3\/2020\/07\/articulos.png\"><\/p>\n<div class=\"wp-rss-template-container\" data-wpra-template=\"default\" data-template-ctx=\"W10=\">\n    <div class=\"wp-rss-aggregator wpra-list-template  \" data-page=\"1\">\n    \n    \n<ul class=\"wpra-item-list rss-aggregator wpra-item-list--bullets wpra-item-list--default\"\n    start=\"1\">\n                        <li class=\"wpra-item feed-item \">\n            \n            \n\n    <a  href=\"https:\/\/distritoemprendedores.com\/blog\/2026\/03\/16\/hello-world\/\" target=\"_blank\" rel=\"nofollow\" class=\"\">Hello world!<\/a>\n\n\n\n\n\n\n<div class=\"wprss-feed-meta\">\n            <span class=\"feed-source\">\n            Source:\n\n                            Distrito Emprendedores\n                    <\/span>\n    \n            <span class=\"feed-date\">\n            Published on 2026-03-16\n        <\/span>\n    \n    <\/div>\n\n\n\n\n\n            \n        <\/li>\n                    <li class=\"wpra-item feed-item \">\n            \n            \n\n    <a  href=\"https:\/\/www.dropbox.com\/scl\/fi\/b6csvpbfxu24vaezmo3es\/62bed0634df20e5ef35346439fdd423f_franquicias.pdf?rlkey=mfp2795s4n89mw35l0yeu2vl5&amp;e=2&amp;st=57kabuy0&amp;dl=0#new_tab\" target=\"_blank\" rel=\"nofollow\" class=\"\">Las franquicias espa\u00f1olas duplican su presencia en mercados for\u00e1neos<\/a>\n\n\n\n\n\n\n<div class=\"wprss-feed-meta\">\n            <span class=\"feed-source\">\n            Source:\n\n                            Distrito Emprendedores\n                    <\/span>\n    \n            <span class=\"feed-date\">\n            Published on 2026-03-11\n        <\/span>\n    \n    <\/div>\n\n\n\n\n\n            \n        <\/li>\n                    <li class=\"wpra-item feed-item \">\n            \n            \n\n    <a  href=\"https:\/\/distritoemprendedores.es\/blog\/5-errores-fatales-al-internacionalizar-tu-franquicia\/\" target=\"_blank\" rel=\"nofollow\" class=\"\">5 errores fatales al internacionalizar tu franquicia<\/a>\n\n\n\n\n\n\n<div class=\"wprss-feed-meta\">\n            <span class=\"feed-source\">\n            Source:\n\n                            Distrito Emprendedores\n                    <\/span>\n    \n            <span class=\"feed-date\">\n            Published on 2026-03-10\n        <\/span>\n    \n    <\/div>\n\n\n\n\n\n            \n        <\/li>\n                    <li class=\"wpra-item feed-item \">\n            \n            \n\n    <a  href=\"https:\/\/distritoemprendedores.es\/blog\/un-nuevo-prime-time-para-las-marcas-afterwork-tardeo-y-futbol-se-consolidan-como-los-grandes-motores-del-consumo-experiencial\/\" target=\"_blank\" rel=\"nofollow\" class=\"\">Un nuevo prime time para las marcas: afterwork, tardeo y f\u00fatbol se consolidan como los grandes motores del consumo experiencial<\/a>\n\n\n\n\n\n\n<div class=\"wprss-feed-meta\">\n            <span class=\"feed-source\">\n            Source:\n\n                            Distrito Emprendedores\n                    <\/span>\n    \n            <span class=\"feed-date\">\n            Published on 2026-03-09\n        <\/span>\n    \n    <\/div>\n\n\n\n\n\n            \n        <\/li>\n                    <li class=\"wpra-item feed-item \">\n            \n            \n\n    <a  href=\"https:\/\/distritoemprendedores.es\/blog\/la-ventaja-competitiva-esta-en-entender-como-pregunta-el-consumidor\/\" target=\"_blank\" rel=\"nofollow\" class=\"\">La ventaja competitiva est\u00e1 en entender c\u00f3mo pregunta el consumidor<\/a>\n\n\n\n\n\n\n<div class=\"wprss-feed-meta\">\n            <span class=\"feed-source\">\n            Source:\n\n                            Distrito Emprendedores\n                    <\/span>\n    \n            <span class=\"feed-date\">\n            Published on 2026-03-08\n        <\/span>\n    \n    <\/div>\n\n\n\n\n\n            \n        <\/li>\n                    <li class=\"wpra-item feed-item \">\n            \n            \n\n    <a  href=\"https:\/\/distritoemprendedores.es\/blog\/solo-el-7-de-los-espanoles-cree-a-las-marcas-cuando-comunican-sus-valores-con-hechos-demostrables\/\" target=\"_blank\" rel=\"nofollow\" class=\"\">Solo el 7% de los espa\u00f1oles cree a las marcas cuando comunican sus valores con hechos demostrables<\/a>\n\n\n\n\n\n\n<div class=\"wprss-feed-meta\">\n            <span class=\"feed-source\">\n            Source:\n\n                            Distrito Emprendedores\n                    <\/span>\n    \n            <span class=\"feed-date\">\n            Published on 2026-03-07\n        <\/span>\n    \n    <\/div>\n\n\n\n\n\n            \n        <\/li>\n                    <li class=\"wpra-item feed-item \">\n            \n            \n\n    <a  href=\"https:\/\/distritoemprendedores.es\/blog\/el-38-de-las-empresas-creadas-en-2019-ha-echado-ya-el-cierre\/\" target=\"_blank\" rel=\"nofollow\" class=\"\">El 38% de las empresas creadas en 2019 ha echado ya el cierre<\/a>\n\n\n\n\n\n\n<div class=\"wprss-feed-meta\">\n            <span class=\"feed-source\">\n            Source:\n\n                            Distrito Emprendedores\n                    <\/span>\n    \n            <span class=\"feed-date\">\n            Published on 2026-03-06\n        <\/span>\n    \n    <\/div>\n\n\n\n\n\n            \n        <\/li>\n                    <li class=\"wpra-item feed-item \">\n            \n            \n\n    <a  href=\"https:\/\/distritoemprendedores.es\/blog\/descubre-las-oportunidades-y-tendencias-en-el-mercado-de-la-franquicia-para-2026\/\" target=\"_blank\" rel=\"nofollow\" class=\"\">Descubre las oportunidades y tendencias en el mercado de la franquicia para 2026<\/a>\n\n\n\n\n\n\n<div class=\"wprss-feed-meta\">\n            <span class=\"feed-source\">\n            Source:\n\n                            Distrito Emprendedores\n                    <\/span>\n    \n            <span class=\"feed-date\">\n            Published on 2026-03-05\n        <\/span>\n    \n    <\/div>\n\n\n\n\n\n            \n        <\/li>\n                    <li class=\"wpra-item feed-item \">\n            \n            \n\n    <a  href=\"https:\/\/distritoemprendedores.es\/blog\/las-startups-de-salud-mas-punteras-del-mundo\/\" target=\"_blank\" rel=\"nofollow\" class=\"\">Las startups de salud m\u00e1s punteras del mundo<\/a>\n\n\n\n\n\n\n<div class=\"wprss-feed-meta\">\n            <span class=\"feed-source\">\n            Source:\n\n                            Distrito Emprendedores\n                    <\/span>\n    \n            <span class=\"feed-date\">\n            Published on 2026-03-04\n        <\/span>\n    \n    <\/div>\n\n\n\n\n\n            \n        <\/li>\n                    <li class=\"wpra-item feed-item \">\n            \n            \n\n    <a  href=\"https:\/\/distritoemprendedores.es\/blog\/puesta-en-marcha-de-un-negocio-primeros-pasos-para-validar-vender-y-controlar-la-tesoreria\/\" target=\"_blank\" rel=\"nofollow\" class=\"\">Puesta en marcha de un negocio: primeros pasos para validar, vender y controlar la tesorer\u00eda<\/a>\n\n\n\n\n\n\n<div class=\"wprss-feed-meta\">\n            <span class=\"feed-source\">\n            Source:\n\n                            Distrito Emprendedores\n                    <\/span>\n    \n            <span class=\"feed-date\">\n            Published on 2026-03-03\n        <\/span>\n    \n    <\/div>\n\n\n\n\n\n            \n        <\/li>\n                    <li class=\"wpra-item feed-item \">\n            \n            \n\n    <a  href=\"https:\/\/distritoemprendedores.es\/blog\/6-franquicias-sin-apenas-competencia-en-el-mercado\/\" target=\"_blank\" rel=\"nofollow\" class=\"\">6 franquicias sin apenas competencia en el mercado<\/a>\n\n\n\n\n\n\n<div class=\"wprss-feed-meta\">\n            <span class=\"feed-source\">\n            Source:\n\n                            Distrito Emprendedores\n                    <\/span>\n    \n            <span class=\"feed-date\">\n            Published on 2026-03-02\n        <\/span>\n    \n    <\/div>\n\n\n\n\n\n            \n        <\/li>\n                    <li class=\"wpra-item feed-item \">\n            \n            \n\n    <a  href=\"https:\/\/digistorage.es\/links\/71d78951-a420-4f5b-8de6-7b35ae7efc1c#new_tab\" target=\"_blank\" rel=\"nofollow\" class=\"\">Los algoritmos amenazan con filtrar las confesiones realizadas al abogado<\/a>\n\n\n\n\n\n\n<div class=\"wprss-feed-meta\">\n            <span class=\"feed-source\">\n            Source:\n\n                            Distrito Emprendedores\n                    <\/span>\n    \n            <span class=\"feed-date\">\n            Published on 2026-03-01\n        <\/span>\n    \n    <\/div>\n\n\n\n\n\n            \n        <\/li>\n                    <li class=\"wpra-item feed-item \">\n            \n            \n\n    <a  href=\"https:\/\/distritoemprendedores.es\/blog\/las-startups-que-mas-innovan-en-el-mundo\/\" target=\"_blank\" rel=\"nofollow\" class=\"\">Las startups que m\u00e1s innovan en el mundo<\/a>\n\n\n\n\n\n\n<div class=\"wprss-feed-meta\">\n            <span class=\"feed-source\">\n            Source:\n\n                            Distrito Emprendedores\n                    <\/span>\n    \n            <span class=\"feed-date\">\n            Published on 2026-02-28\n        <\/span>\n    \n    <\/div>\n\n\n\n\n\n            \n        <\/li>\n                    <li class=\"wpra-item feed-item \">\n            \n            \n\n    <a  href=\"https:\/\/distritoemprendedores.es\/blog\/tiktok-genera-31-000-millones-de-euros-para-las-empresas-europeas-y-3-000-millones-en-espana\/\" target=\"_blank\" rel=\"nofollow\" class=\"\">TikTok genera 31.000 millones de euros para las empresas europeas y 3.000 millones en Espa\u00f1a<\/a>\n\n\n\n\n\n\n<div class=\"wprss-feed-meta\">\n            <span class=\"feed-source\">\n            Source:\n\n                            Distrito Emprendedores\n                    <\/span>\n    \n            <span class=\"feed-date\">\n            Published on 2026-02-27\n        <\/span>\n    \n    <\/div>\n\n\n\n\n\n            \n        <\/li>\n                    <li class=\"wpra-item feed-item \">\n            \n            \n\n    <a  href=\"https:\/\/distritoemprendedores.es\/blog\/amazon-planea-un-marketplace-para-hacer-de-puente-entre-los-publishers-y-las-empresas-de-ia\/\" target=\"_blank\" rel=\"nofollow\" class=\"\">Amazon planea un \u00abmarketplace\u00bb para hacer de puente entre los \u00abpublishers\u00bb y las empresas de IA<\/a>\n\n\n\n\n\n\n<div class=\"wprss-feed-meta\">\n            <span class=\"feed-source\">\n            Source:\n\n                            Distrito Emprendedores\n                    <\/span>\n    \n            <span class=\"feed-date\">\n            Published on 2026-02-26\n        <\/span>\n    \n    <\/div>\n\n\n\n\n\n            \n        <\/li>\n        <\/ul>\n\n        \n<\/div>\n\n<\/div>\n\n<hr>\n<h3>El poder del autocontrol<\/h3>\n<p>Lo que&nbsp;<a href=\"https:\/\/es.wikipedia.org\/wiki\/Daniel_Kahneman\">Kahneman<\/a>&nbsp;llama Sistema 2 es lo mismo que&nbsp;<a href=\"https:\/\/es.wikipedia.org\/wiki\/Walter_Mischel\">Mischel<\/a>&nbsp;llama \u00absistema de pensamiento fr\u00edo\u00bb, que es el responsable del autocontrol, tambi\u00e9n conocido como \u00abfuerza de voluntad\u00bb.<\/p>\n<p>El&nbsp;<strong>autocontrol<\/strong>&nbsp;es lo que nos permite \u00abescapar\u00bb de la tiran\u00eda del Sistema 1 en situaciones normalmente dominadas por este, como son las de estr\u00e9s o ansiedad.<\/p>\n<p>En el caso que nos ocupa, disponer de un m\u00ednimo de autocontrol nos permitir\u00e1 ir a nuestro sistema GTD<sup>\u00ae<\/sup>&nbsp;y&nbsp;<strong>aplicar el paso Ejecutar<\/strong>, filtrando para dejar \u00fanicamente las acciones que requieran poco tiempo y baja energ\u00eda.<\/p>\n<p>Ya solo con este simple paso habremos conseguido activar, por m\u00ednimamente que sea, nuestro Sistema 2. Ahora hay que conseguir&nbsp;<strong>estabilizarlo<\/strong>.<\/p>\n<h3>El valor relajante de las acciones sencillas<\/h3>\n<p>Si utilizas habitualmente GTD<sup>\u00ae<\/sup>, lo normal es que siempre tengas en tu sistema al menos un pu\u00f1ado de estas&nbsp;<strong>acciones de poco tiempo y baja energ\u00eda<\/strong>.<\/p>\n<p>Un contexto fant\u00e1stico para encontrarlas es el de&nbsp;<strong>@recados<\/strong>. Hay pocas pr\u00e1cticas mejores que tomar esta lista y salir un rato a la calle a completar alguna de las acciones que aparecen en ella.<\/p>\n<p>Si lo haces, comprobar\u00e1s c\u00f3mo tu nivel de control aumenta, a la par que tu estr\u00e9s y tu ansiedad se reducen.<\/p>\n<p>Y puedes probar tambi\u00e9n con el contenido de cualquier otra lista, siempre que cumpla con los requisitos anteriores (poco tiempo y energ\u00eda baja).<\/p>\n<p>Por ejemplo, otra posibilidad es el contexto&nbsp;<strong>@oficina<\/strong>, en el que puedes aprovechar para ir a otro departamento a recoger un material o algo similar.<\/p>\n<p>Lo que quiero decirte es que en todos los trabajos existen tareas que hay que hacer en alg\u00fan momento y que no requieren un nivel de energ\u00eda particularmente alto ni llevan mucho tiempo.<\/p>\n<p>Lo m\u00e1s importante es que sean&nbsp;<strong>siempre siguientes acciones bien definidas<\/strong>.<\/p>\n<p>Ya sabes, acciones f\u00edsicas, visibles y concretas que no requieran completar otras acciones previas y que se puedan completar de una sola vez.<\/p>\n<p>Si te animas a probar este consejo, o si ya lo hab\u00edas probado, me encantar\u00e1 que compartas tu experiencia en los comentarios.<\/p>\n<p><a href=\"https:\/\/optimainfinito.com\/\"><em>Un art\u00edculo escrito por Jose Miguel Bolivar<\/em><\/a><\/p>\n<div id=\"telet-321635139\" class=\"telet-despues-del-contenido telet-entity-placement\"><a target=\"_blank\" href=\"\/\/aff.lucushost.com\/resources\/click\/?n=gDxoXMAJ&aff=756\"><img decoding=\"async\" border=\"0\" alt=\"LucusHost, el mejor hosting\" src=\"\/\/aff.lucushost.com\/resources\/banners\/?zoneid=5123&n=gDxoXMAJ&aff=756\" \/><\/a><\/div>","protected":false},"excerpt":{"rendered":"<p>GTD\u00ae&nbsp;ofrece un planteamiento global para&nbsp;combatir el estr\u00e9s. Hoy, sin embargo, me gustar\u00eda centrarme en algo m\u00e1s concreto y cotidiano:&nbsp;el valor relajante de las acciones sencillas. Sabemos que buena parte de&hellip; <\/p>\n","protected":false},"author":1,"featured_media":2506,"comment_status":"open","ping_status":"open","sticky":false,"template":"","format":"standard","meta":{"_jetpack_memberships_contains_paid_content":false,"footnotes":"","_links_to":"","_links_to_target":""},"categories":[9],"tags":[15,14],"class_list":["post-2505","post","type-post","status-publish","format-standard","has-post-thumbnail","hentry","category-ofimatica","tag-fuprisa","tag-jose-manuel-fuentes-prieto"],"nelio_content":{"autoShareEndMode":"never","automationSources":{"useCustomSentences":false,"customSentences":[]},"efiAlt":"","efiUrl":"","followers":[1],"highlights":[],"isAutoShareEnabled":true,"networkImageIds":[],"permalinkQueryArgs":[],"series":[],"suggestedReferences":[]},"jetpack_featured_media_url":"https:\/\/teletrabajoynegocios.com\/telesecretarias\/wp-content\/uploads\/sites\/2\/2020\/11\/Celebrar-los-triunfos-en-equipo.jpg","jetpack_sharing_enabled":true,"_links":{"self":[{"href":"https:\/\/teletrabajoynegocios.com\/telesecretarias\/wp-json\/wp\/v2\/posts\/2505","targetHints":{"allow":["GET"]}}],"collection":[{"href":"https:\/\/teletrabajoynegocios.com\/telesecretarias\/wp-json\/wp\/v2\/posts"}],"about":[{"href":"https:\/\/teletrabajoynegocios.com\/telesecretarias\/wp-json\/wp\/v2\/types\/post"}],"author":[{"embeddable":true,"href":"https:\/\/teletrabajoynegocios.com\/telesecretarias\/wp-json\/wp\/v2\/users\/1"}],"replies":[{"embeddable":true,"href":"https:\/\/teletrabajoynegocios.com\/telesecretarias\/wp-json\/wp\/v2\/comments?post=2505"}],"version-history":[{"count":1,"href":"https:\/\/teletrabajoynegocios.com\/telesecretarias\/wp-json\/wp\/v2\/posts\/2505\/revisions"}],"predecessor-version":[{"id":2507,"href":"https:\/\/teletrabajoynegocios.com\/telesecretarias\/wp-json\/wp\/v2\/posts\/2505\/revisions\/2507"}],"wp:featuredmedia":[{"embeddable":true,"href":"https:\/\/teletrabajoynegocios.com\/telesecretarias\/wp-json\/wp\/v2\/media\/2506"}],"wp:attachment":[{"href":"https:\/\/teletrabajoynegocios.com\/telesecretarias\/wp-json\/wp\/v2\/media?parent=2505"}],"wp:term":[{"taxonomy":"category","embeddable":true,"href":"https:\/\/teletrabajoynegocios.com\/telesecretarias\/wp-json\/wp\/v2\/categories?post=2505"},{"taxonomy":"post_tag","embeddable":true,"href":"https:\/\/teletrabajoynegocios.com\/telesecretarias\/wp-json\/wp\/v2\/tags?post=2505"}],"curies":[{"name":"wp","href":"https:\/\/api.w.org\/{rel}","templated":true}]}}