{"id":2554,"date":"2020-11-23T07:19:43","date_gmt":"2020-11-23T06:19:43","guid":{"rendered":"https:\/\/teletrabajoynegocios.com\/telesecretarias\/?p=2554"},"modified":"2020-11-24T07:26:00","modified_gmt":"2020-11-24T06:26:00","slug":"el-infierno-de-no-ser-fiel-a-uno-mismo","status":"publish","type":"post","link":"https:\/\/teletrabajoynegocios.com\/telesecretarias\/el-infierno-de-no-ser-fiel-a-uno-mismo\/","title":{"rendered":"El infierno de no ser fiel a uno mismo"},"content":{"rendered":"<div id=\"telet-2705856820\" class=\"telet-antes-del-contenido telet-entity-placement\"><a href=\"https:\/\/quaderno.io\/?via=jose-manuel94\" aria-label=\"Quaderno General (Spanish) &#8211; 728&#215;90\"><img loading=\"lazy\" decoding=\"async\" src=\"https:\/\/teletrabajoynegocios.com\/telesecretarias\/wp-content\/uploads\/sites\/2\/2020\/11\/Quaderno-General-Spanish-728x90-1.png\" alt=\"\"  srcset=\"https:\/\/teletrabajoynegocios.com\/telesecretarias\/wp-content\/uploads\/sites\/2\/2020\/11\/Quaderno-General-Spanish-728x90-1.png 728w, https:\/\/teletrabajoynegocios.com\/telesecretarias\/wp-content\/uploads\/sites\/2\/2020\/11\/Quaderno-General-Spanish-728x90-1-300x37.png 300w\" sizes=\"(max-width: 728px) 100vw, 728px\" width=\"728\" height=\"90\"   \/><\/a><\/div><p>Imag\u00ednate que est\u00e1s en una reuni\u00f3n, en una fiesta y quieres quedar bien con todo el mundo. Y en un momento dado hay cierta conversaci\u00f3n compleja, tal vez&nbsp;<a href=\"https:\/\/javieririondo.es\/2017\/02\/05\/el-coste-de-la-critica\/\">cr\u00edticas indebidas<\/a>, alguien est\u00e1 defendiendo algo sin sentido o proclamando algo descabellado y t\u00fa sonr\u00edes, callas y no dices nada. Sin embargo, al llegar a casa sientes un remordimiento por haberte callado y no haber dicho algo, o porque te hicieron sentir mal o inferior y eso crea una tensi\u00f3n interna, un conflicto tal vez de rabia o resentimiento. Muy posiblemente estar\u00e1s afrontando&nbsp;<strong>las consecuencias de no haber sido fiel a ti mismo.<\/strong><\/p>\n<h2><span id=\"1_Eres_fiel_a_ti_mismo_o_interpretas_un_personaje_para_encajar\">1. \u00bfERES FIEL A TI MISMO O INTERPRETAS UN PERSONAJE PARA ENCAJAR?<\/span><\/h2>\n<p>&nbsp;<\/p>\n<p>A lo mejor el problema es que en esa reuni\u00f3n estabas siendo un personaje en vez de la persona real que eres, quer\u00edas encajar y no tener un conflicto, pero al callar, aguantar y no defender lo correcto, es como si no te hubieses respetado a ti mismo.&nbsp;<strong>Has sido infiel a tus valores y eso te llena de tensi\u00f3n<\/strong>&nbsp;pensando que deber\u00edas de haber dicho algo. De ah\u00ed surge esa parte de ti agresiva que quiere justicia, aparece tu sombra.&nbsp;<\/p>\n<p>Esa parte de ti es necesaria y la tienes que desarrollar,&nbsp;<em>domesticar,<\/em>&nbsp;porque es la parte del h\u00e9roe que defiende lo justo, que no tolera la humillaci\u00f3n, ni la injusticia,<strong>&nbsp;la parte de ti que se hace respetar.<\/strong><\/p>\n<p>Todos necesitamos desarrollar esa parte de nosotros porque sino podemos convertirnos en fr\u00e1giles v\u00edctimas. Ese es el perfil de la persona que no se defiende a s\u00ed misma, de la que abusan porque permite cosas que no deber\u00eda permitir: callan cuando tendr\u00edan que hablar, toleran lo intolerable por el miedo a que le critiquen o le rechacen. As\u00ed nos hacemos c\u00f3mplices del mal y el resentimiento no nos dejar\u00e1 vivir en paz por no haber defendido lo justo.<\/p>\n<p><iframe loading=\"lazy\" title=\"VALIENTE ES EL QUE RESPETA. \u00bfT\u00fa lo eres? - Mensaje Javier Iriondo\" width=\"1110\" height=\"624\" src=\"https:\/\/www.youtube.com\/embed\/RD5OfJmzVb8?feature=oembed\" frameborder=\"0\" allow=\"accelerometer; autoplay; clipboard-write; encrypted-media; gyroscope; picture-in-picture\" allowfullscreen><\/iframe><\/p>\n<h3><span id=\"_Trabaja_tu_asertividad\"><strong>\u25ba Trabaja tu asertividad<\/strong><\/span><\/h3>\n<p>&nbsp;<\/p>\n<p>Tienes que aprender a hacerte respetar,&nbsp;<a href=\"https:\/\/javieririondo.es\/2017\/10\/30\/que-es-la-asertividad\/\"><strong>tener asertividad<\/strong><\/a>, y no supeditar tu bienestar emocional a querer&nbsp;caer bien, encajar y gustar. Necesitas desarrollar esa personalidad, siendo a la vez una presencia amable, pero que transmite seguridad, que no toleras lo intolerable, que te vas a defender.&nbsp;<strong>Solo as\u00ed la gente te respeta, la gente mide sus palabras contigo porque no eres alguien que va a aguantar todo.<\/strong><\/p>\n<p>Es importante ser buena persona, desarrollar un car\u00e1cter noble, pero eso no significa callar y tragar para no meterse en l\u00edos por querer evitar conflictos.&nbsp; Lo que ocurre si haces eso es que te conviertes en un saco de boxeo que recibe golpes, donde todo el mundo puede desahogarse porque no reaccionas, sonr\u00edes y callas. \u00bfY sabes lo peor? Que crees que eso es ser buena persona \u00a1y para nada! Es todo lo contrario: es ser como un animal indefenso y paralizado en mitad de la carretera.<\/p>\n<h2><span id=\"2_Callar_y_justificar_todo_no_es_ser_buena_persona\">2. CALLAR Y JUSTIFICAR TODO NO ES&nbsp;<em>SER BUENA PERSONA<\/em><\/span><\/h2>\n<p>Una buena persona no es la que calla y justifica todo, no es la que tolera todo&nbsp;<a href=\"https:\/\/javieririondo.es\/2018\/02\/11\/la-culpa\/\">para evitar el conflicto<\/a>, esa es la persona que permite que el conflicto siga creciendo porque no defiende lo justo, no se levanta y habla, y adem\u00e1s no puede proteger a nadie. Una buena persona es la que defiende al d\u00e9bil, la que se levanta y exige justicia, la que le para los pies al maltratador, esa es una buena persona, y no alguien indefenso que proclama&nbsp;<em>que es buena persona<\/em>.&nbsp;<\/p>\n<p><iframe loading=\"lazy\" title=\"Javier Iriondo. Lo que sucede cuando te respetas de verdad\" width=\"1110\" height=\"624\" src=\"https:\/\/www.youtube.com\/embed\/8BqyawWa-Os?feature=oembed\" frameborder=\"0\" allow=\"accelerometer; autoplay; clipboard-write; encrypted-media; gyroscope; picture-in-picture\" allowfullscreen><\/iframe><\/p>\n<p>En la vida no existe la opci\u00f3n de no pagar el precio de las consecuencias, tanto de lo que hacemos como de lo que no hacemos, de lo que pretendemos ignorar y evitamos, de lo que decimos como de lo que callamos. As\u00ed que lev\u00e1ntate,&nbsp;<strong>aprende a defender tus principios y tus valores<\/strong>, a defender lo justo, aprende a articular tus palabras, tus ideas y principios.<\/p>\n<p>Todos tenemos que asumir con qu\u00e9 consecuencias queremos vivir, si con las de la cobard\u00eda o las consecuencias de la valent\u00eda. \u00bfCon qu\u00e9 consecuencias crees que vas a vivir mejor ante ti mismo?<\/p>\n<p><a href=\"https:\/\/javieririondo.es\/\"><em>Un art\u00edculo escrito por Javier Iriondo<\/em><\/a><\/p>\n<div id=\"telet-2728468047\" class=\"telet-despues-del-contenido telet-entity-placement\"><a target=\"_blank\" href=\"\/\/aff.lucushost.com\/resources\/click\/?n=gDxoXMAJ&aff=756\"><img decoding=\"async\" border=\"0\" alt=\"LucusHost, el mejor hosting\" src=\"\/\/aff.lucushost.com\/resources\/banners\/?zoneid=5123&n=gDxoXMAJ&aff=756\" \/><\/a><\/div>","protected":false},"excerpt":{"rendered":"<p>Imag\u00ednate que est\u00e1s en una reuni\u00f3n, en una fiesta y quieres quedar bien con todo el mundo. Y en un momento dado hay cierta conversaci\u00f3n compleja, tal vez&nbsp;cr\u00edticas indebidas, alguien&hellip; <\/p>\n","protected":false},"author":1,"featured_media":2555,"comment_status":"open","ping_status":"open","sticky":false,"template":"","format":"standard","meta":{"_jetpack_memberships_contains_paid_content":false,"footnotes":"","_links_to":"","_links_to_target":""},"categories":[8],"tags":[15,14],"class_list":["post-2554","post","type-post","status-publish","format-standard","has-post-thumbnail","hentry","category-vida-social","tag-fuprisa","tag-jose-manuel-fuentes-prieto"],"nelio_content":{"autoShareEndMode":"never","automationSources":{"useCustomSentences":false,"customSentences":[]},"efiAlt":"","efiUrl":"","followers":[1],"highlights":[],"isAutoShareEnabled":true,"networkImageIds":[],"permalinkQueryArgs":[],"series":[],"suggestedReferences":[]},"jetpack_featured_media_url":"https:\/\/teletrabajoynegocios.com\/telesecretarias\/wp-content\/uploads\/sites\/2\/2020\/11\/cansado-reunion.jpg","jetpack_sharing_enabled":true,"_links":{"self":[{"href":"https:\/\/teletrabajoynegocios.com\/telesecretarias\/wp-json\/wp\/v2\/posts\/2554","targetHints":{"allow":["GET"]}}],"collection":[{"href":"https:\/\/teletrabajoynegocios.com\/telesecretarias\/wp-json\/wp\/v2\/posts"}],"about":[{"href":"https:\/\/teletrabajoynegocios.com\/telesecretarias\/wp-json\/wp\/v2\/types\/post"}],"author":[{"embeddable":true,"href":"https:\/\/teletrabajoynegocios.com\/telesecretarias\/wp-json\/wp\/v2\/users\/1"}],"replies":[{"embeddable":true,"href":"https:\/\/teletrabajoynegocios.com\/telesecretarias\/wp-json\/wp\/v2\/comments?post=2554"}],"version-history":[{"count":1,"href":"https:\/\/teletrabajoynegocios.com\/telesecretarias\/wp-json\/wp\/v2\/posts\/2554\/revisions"}],"predecessor-version":[{"id":2556,"href":"https:\/\/teletrabajoynegocios.com\/telesecretarias\/wp-json\/wp\/v2\/posts\/2554\/revisions\/2556"}],"wp:featuredmedia":[{"embeddable":true,"href":"https:\/\/teletrabajoynegocios.com\/telesecretarias\/wp-json\/wp\/v2\/media\/2555"}],"wp:attachment":[{"href":"https:\/\/teletrabajoynegocios.com\/telesecretarias\/wp-json\/wp\/v2\/media?parent=2554"}],"wp:term":[{"taxonomy":"category","embeddable":true,"href":"https:\/\/teletrabajoynegocios.com\/telesecretarias\/wp-json\/wp\/v2\/categories?post=2554"},{"taxonomy":"post_tag","embeddable":true,"href":"https:\/\/teletrabajoynegocios.com\/telesecretarias\/wp-json\/wp\/v2\/tags?post=2554"}],"curies":[{"name":"wp","href":"https:\/\/api.w.org\/{rel}","templated":true}]}}