{"id":2558,"date":"2020-11-24T11:26:22","date_gmt":"2020-11-24T10:26:22","guid":{"rendered":"https:\/\/teletrabajoynegocios.com\/telesecretarias\/?p=2558"},"modified":"2021-02-01T11:49:18","modified_gmt":"2021-02-01T10:49:18","slug":"la-importancia-de-saber-decir-no","status":"publish","type":"post","link":"https:\/\/teletrabajoynegocios.com\/telesecretarias\/la-importancia-de-saber-decir-no\/","title":{"rendered":"La importancia de saber decir \u00abNO\u00bb"},"content":{"rendered":"<div id=\"telet-3273283466\" class=\"telet-antes-del-contenido telet-entity-placement\"><a href=\"https:\/\/quaderno.io\/?via=jose-manuel94\" aria-label=\"Quaderno General (Spanish) &#8211; 728&#215;90\"><img loading=\"lazy\" decoding=\"async\" src=\"https:\/\/teletrabajoynegocios.com\/telesecretarias\/wp-content\/uploads\/sites\/2\/2020\/11\/Quaderno-General-Spanish-728x90-1.png\" alt=\"\"  srcset=\"https:\/\/teletrabajoynegocios.com\/telesecretarias\/wp-content\/uploads\/sites\/2\/2020\/11\/Quaderno-General-Spanish-728x90-1.png 728w, https:\/\/teletrabajoynegocios.com\/telesecretarias\/wp-content\/uploads\/sites\/2\/2020\/11\/Quaderno-General-Spanish-728x90-1-300x37.png 300w\" sizes=\"(max-width: 728px) 100vw, 728px\" width=\"728\" height=\"90\"   \/><\/a><\/div><p>Parceros, \u00bfustedes alguna vez han dicho que s\u00ed queriendo haber dicho que no? Estoy seguro de que esto es algo que nos ha pasado a todos en alg\u00fan momento de nuestras vidas. Saber decir que no es un elemento de suma importancia a la hora de establecer l\u00edmites y de hacer valer nuestras opiniones y puntos de vista.&nbsp;<strong>Sin embargo, nadie nos ense\u00f1a a decir que no. Antes bien, nos ense\u00f1an que debemos complacer al pr\u00f3jimo y, en muchos casos, ponerlo por delante de nuestros propios intereses.<\/strong><\/p>\n<p>En consecuencia, no saber decir que&nbsp;<strong>NO<\/strong>&nbsp;puede transformarse en una fuente de ansiedad y conflictos emocionales muy fuertes. Por el contrario, el saber decir no, en momentos que as\u00ed lo requieran, nos brindar\u00e1 la posibilidad de vivir en armon\u00eda, paz y tranquilidad con nosotros mismos y con los dem\u00e1s.&nbsp;<strong>Precisamente, a esta habilidad social de saber decir no cuando hay que decirlo se le llama asertividad.&nbsp;<\/strong>En ese orden de ideas, la asertividad se definir\u00eda como:<\/p>\n<p><em>\u00abLa habilidad de expresar nuestros deseos de una manera amable, franca, abierta, directa y adecuada, logrando decir lo que queremos sin atentar contra los dem\u00e1s<\/em>\u00ab.<\/p>\n<p>As\u00ed pues, las personas poco asertivas son aquellas personas que no se niegan a nada y que siempre quieren quedar bien con los dem\u00e1s para evitar cualquier tipo de conflicto. Este tipo de personas traicionan sus principios, convicciones y valores por la necesidad de encajar en determinados grupos, ideolog\u00edas u opiniones.&nbsp;<strong>Por otra parte, al no tener conciencia sobre la importancia de decir no, las personas poco asertivas terminan sacrificando su bienestar personal a costa de los dem\u00e1s.<\/strong><\/p>\n<p>\u00bfUstedes alguna vez se han encontrado en situaci\u00f3n as\u00ed? En este art\u00edculo vamos a repasar la importancia de decir no y c\u00f3mo podemos poner en pr\u00e1ctica esta habilidad. Vamos pa esa parceros.<\/p>\n<h2>\u00bfPor qu\u00e9 nos cuesta tanto decir no?<\/h2>\n<p>Menchitos, el que diga que decir NO es f\u00e1cil, no cabe duda de que est\u00e1 mintiendo. Lo digo porque todos nos hemos visto envueltos en situaciones que nos han llevado a decir que s\u00ed, a pesar de que quer\u00edamos decir que no. Este tipo de tensiones se presentan com\u00fanmente en el trabajo, en las relaciones amorosas, con nuestra familia y hasta con los amigos. Para nadie es un secreto que la experiencia de vivir, implica de alg\u00fan modo, ceder ante ciertos requerimientos de los dem\u00e1s.&nbsp;<strong>No obstante, si nosotros siempre somos los que estamos cediendo y nuestras posiciones no son respetadas o tenidas en cuenta, ah\u00ed s\u00ed que habr\u00eda un problema.<\/strong><\/p>\n<p>\u00bfY saben por qu\u00e9 los que siempre est\u00e1n cediendo tienen dificultades para decir no? Por el miedo al rechazo parceros. Nosotros como seres sociales, as\u00ed sea de manera inconsciente, siempre estamos buscando aprobaci\u00f3n. Ya sea de nuestro grupo de amigos, de nuestros compa\u00f1eros de trabajo o de nuestra familia.&nbsp;<strong>El miedo al rechazo, por tanto, se convierte en el principal alimento de la falta de asertividad.<\/strong><\/p>\n<p>\u00abEl que dir\u00e1n\u00bb, \u00abel qu\u00e9 van a pensar de m\u00ed\u00bb y \u00abel c\u00f3mo voy a decir que no\u00bb. son las frases favoritas de los miles de millones de personas que hay en el mundo que no saben decir NO. Estas frases suponen ya un problema que de entrada nos estar\u00eda afectando.&nbsp;<strong>Vivimos tan metidos en la mente de los dem\u00e1s que nos olvidamos de la nuestra.<\/strong><\/p>\n<p>\u00bfPor qu\u00e9 nos importa tanto el qu\u00e9 dir\u00e1n? Sin duda alguna, para empezar a aprender a decir que no, y para reconocer la importancia que tiene en nuestras vidas,&nbsp;<strong>lo primero que debemos hacer es soltar ese miedo al rechazo y dejar claro que nuestras posiciones y puntos de vista tambi\u00e9n son leg\u00edtimos.<\/strong><\/p>\n<hr>\n<p><img decoding=\"async\" src=\"https:\/\/teletrabajoynegocios.com\/teletrabajador\/wp-content\/uploads\/sites\/3\/2020\/07\/articulos.png\"><\/p>\n<div class=\"wp-rss-template-container\" data-wpra-template=\"default\" data-template-ctx=\"W10=\">\n    <div class=\"wp-rss-aggregator wpra-list-template  \" data-page=\"1\">\n    \n    \n<ul class=\"wpra-item-list rss-aggregator wpra-item-list--bullets wpra-item-list--default\"\n    start=\"1\">\n                        <li class=\"wpra-item feed-item \">\n            \n            \n\n    <a  href=\"https:\/\/distritoemprendedores.com\/blog\/2026\/03\/16\/hello-world\/\" target=\"_blank\" rel=\"nofollow\" class=\"\">Hello world!<\/a>\n\n\n\n\n\n\n<div class=\"wprss-feed-meta\">\n            <span class=\"feed-source\">\n            Source:\n\n                            Distrito Emprendedores\n                    <\/span>\n    \n            <span class=\"feed-date\">\n            Published on 2026-03-16\n        <\/span>\n    \n    <\/div>\n\n\n\n\n\n            \n        <\/li>\n                    <li class=\"wpra-item feed-item \">\n            \n            \n\n    <a  href=\"https:\/\/www.dropbox.com\/scl\/fi\/b6csvpbfxu24vaezmo3es\/62bed0634df20e5ef35346439fdd423f_franquicias.pdf?rlkey=mfp2795s4n89mw35l0yeu2vl5&amp;e=2&amp;st=57kabuy0&amp;dl=0#new_tab\" target=\"_blank\" rel=\"nofollow\" class=\"\">Las franquicias espa\u00f1olas duplican su presencia en mercados for\u00e1neos<\/a>\n\n\n\n\n\n\n<div class=\"wprss-feed-meta\">\n            <span class=\"feed-source\">\n            Source:\n\n                            Distrito Emprendedores\n                    <\/span>\n    \n            <span class=\"feed-date\">\n            Published on 2026-03-11\n        <\/span>\n    \n    <\/div>\n\n\n\n\n\n            \n        <\/li>\n                    <li class=\"wpra-item feed-item \">\n            \n            \n\n    <a  href=\"https:\/\/distritoemprendedores.es\/blog\/5-errores-fatales-al-internacionalizar-tu-franquicia\/\" target=\"_blank\" rel=\"nofollow\" class=\"\">5 errores fatales al internacionalizar tu franquicia<\/a>\n\n\n\n\n\n\n<div class=\"wprss-feed-meta\">\n            <span class=\"feed-source\">\n            Source:\n\n                            Distrito Emprendedores\n                    <\/span>\n    \n            <span class=\"feed-date\">\n            Published on 2026-03-10\n        <\/span>\n    \n    <\/div>\n\n\n\n\n\n            \n        <\/li>\n                    <li class=\"wpra-item feed-item \">\n            \n            \n\n    <a  href=\"https:\/\/distritoemprendedores.es\/blog\/un-nuevo-prime-time-para-las-marcas-afterwork-tardeo-y-futbol-se-consolidan-como-los-grandes-motores-del-consumo-experiencial\/\" target=\"_blank\" rel=\"nofollow\" class=\"\">Un nuevo prime time para las marcas: afterwork, tardeo y f\u00fatbol se consolidan como los grandes motores del consumo experiencial<\/a>\n\n\n\n\n\n\n<div class=\"wprss-feed-meta\">\n            <span class=\"feed-source\">\n            Source:\n\n                            Distrito Emprendedores\n                    <\/span>\n    \n            <span class=\"feed-date\">\n            Published on 2026-03-09\n        <\/span>\n    \n    <\/div>\n\n\n\n\n\n            \n        <\/li>\n                    <li class=\"wpra-item feed-item \">\n            \n            \n\n    <a  href=\"https:\/\/distritoemprendedores.es\/blog\/la-ventaja-competitiva-esta-en-entender-como-pregunta-el-consumidor\/\" target=\"_blank\" rel=\"nofollow\" class=\"\">La ventaja competitiva est\u00e1 en entender c\u00f3mo pregunta el consumidor<\/a>\n\n\n\n\n\n\n<div class=\"wprss-feed-meta\">\n            <span class=\"feed-source\">\n            Source:\n\n                            Distrito Emprendedores\n                    <\/span>\n    \n            <span class=\"feed-date\">\n            Published on 2026-03-08\n        <\/span>\n    \n    <\/div>\n\n\n\n\n\n            \n        <\/li>\n                    <li class=\"wpra-item feed-item \">\n            \n            \n\n    <a  href=\"https:\/\/distritoemprendedores.es\/blog\/solo-el-7-de-los-espanoles-cree-a-las-marcas-cuando-comunican-sus-valores-con-hechos-demostrables\/\" target=\"_blank\" rel=\"nofollow\" class=\"\">Solo el 7% de los espa\u00f1oles cree a las marcas cuando comunican sus valores con hechos demostrables<\/a>\n\n\n\n\n\n\n<div class=\"wprss-feed-meta\">\n            <span class=\"feed-source\">\n            Source:\n\n                            Distrito Emprendedores\n                    <\/span>\n    \n            <span class=\"feed-date\">\n            Published on 2026-03-07\n        <\/span>\n    \n    <\/div>\n\n\n\n\n\n            \n        <\/li>\n                    <li class=\"wpra-item feed-item \">\n            \n            \n\n    <a  href=\"https:\/\/distritoemprendedores.es\/blog\/el-38-de-las-empresas-creadas-en-2019-ha-echado-ya-el-cierre\/\" target=\"_blank\" rel=\"nofollow\" class=\"\">El 38% de las empresas creadas en 2019 ha echado ya el cierre<\/a>\n\n\n\n\n\n\n<div class=\"wprss-feed-meta\">\n            <span class=\"feed-source\">\n            Source:\n\n                            Distrito Emprendedores\n                    <\/span>\n    \n            <span class=\"feed-date\">\n            Published on 2026-03-06\n        <\/span>\n    \n    <\/div>\n\n\n\n\n\n            \n        <\/li>\n                    <li class=\"wpra-item feed-item \">\n            \n            \n\n    <a  href=\"https:\/\/distritoemprendedores.es\/blog\/descubre-las-oportunidades-y-tendencias-en-el-mercado-de-la-franquicia-para-2026\/\" target=\"_blank\" rel=\"nofollow\" class=\"\">Descubre las oportunidades y tendencias en el mercado de la franquicia para 2026<\/a>\n\n\n\n\n\n\n<div class=\"wprss-feed-meta\">\n            <span class=\"feed-source\">\n            Source:\n\n                            Distrito Emprendedores\n                    <\/span>\n    \n            <span class=\"feed-date\">\n            Published on 2026-03-05\n        <\/span>\n    \n    <\/div>\n\n\n\n\n\n            \n        <\/li>\n                    <li class=\"wpra-item feed-item \">\n            \n            \n\n    <a  href=\"https:\/\/distritoemprendedores.es\/blog\/las-startups-de-salud-mas-punteras-del-mundo\/\" target=\"_blank\" rel=\"nofollow\" class=\"\">Las startups de salud m\u00e1s punteras del mundo<\/a>\n\n\n\n\n\n\n<div class=\"wprss-feed-meta\">\n            <span class=\"feed-source\">\n            Source:\n\n                            Distrito Emprendedores\n                    <\/span>\n    \n            <span class=\"feed-date\">\n            Published on 2026-03-04\n        <\/span>\n    \n    <\/div>\n\n\n\n\n\n            \n        <\/li>\n                    <li class=\"wpra-item feed-item \">\n            \n            \n\n    <a  href=\"https:\/\/distritoemprendedores.es\/blog\/puesta-en-marcha-de-un-negocio-primeros-pasos-para-validar-vender-y-controlar-la-tesoreria\/\" target=\"_blank\" rel=\"nofollow\" class=\"\">Puesta en marcha de un negocio: primeros pasos para validar, vender y controlar la tesorer\u00eda<\/a>\n\n\n\n\n\n\n<div class=\"wprss-feed-meta\">\n            <span class=\"feed-source\">\n            Source:\n\n                            Distrito Emprendedores\n                    <\/span>\n    \n            <span class=\"feed-date\">\n            Published on 2026-03-03\n        <\/span>\n    \n    <\/div>\n\n\n\n\n\n            \n        <\/li>\n                    <li class=\"wpra-item feed-item \">\n            \n            \n\n    <a  href=\"https:\/\/distritoemprendedores.es\/blog\/6-franquicias-sin-apenas-competencia-en-el-mercado\/\" target=\"_blank\" rel=\"nofollow\" class=\"\">6 franquicias sin apenas competencia en el mercado<\/a>\n\n\n\n\n\n\n<div class=\"wprss-feed-meta\">\n            <span class=\"feed-source\">\n            Source:\n\n                            Distrito Emprendedores\n                    <\/span>\n    \n            <span class=\"feed-date\">\n            Published on 2026-03-02\n        <\/span>\n    \n    <\/div>\n\n\n\n\n\n            \n        <\/li>\n                    <li class=\"wpra-item feed-item \">\n            \n            \n\n    <a  href=\"https:\/\/digistorage.es\/links\/71d78951-a420-4f5b-8de6-7b35ae7efc1c#new_tab\" target=\"_blank\" rel=\"nofollow\" class=\"\">Los algoritmos amenazan con filtrar las confesiones realizadas al abogado<\/a>\n\n\n\n\n\n\n<div class=\"wprss-feed-meta\">\n            <span class=\"feed-source\">\n            Source:\n\n                            Distrito Emprendedores\n                    <\/span>\n    \n            <span class=\"feed-date\">\n            Published on 2026-03-01\n        <\/span>\n    \n    <\/div>\n\n\n\n\n\n            \n        <\/li>\n                    <li class=\"wpra-item feed-item \">\n            \n            \n\n    <a  href=\"https:\/\/distritoemprendedores.es\/blog\/las-startups-que-mas-innovan-en-el-mundo\/\" target=\"_blank\" rel=\"nofollow\" class=\"\">Las startups que m\u00e1s innovan en el mundo<\/a>\n\n\n\n\n\n\n<div class=\"wprss-feed-meta\">\n            <span class=\"feed-source\">\n            Source:\n\n                            Distrito Emprendedores\n                    <\/span>\n    \n            <span class=\"feed-date\">\n            Published on 2026-02-28\n        <\/span>\n    \n    <\/div>\n\n\n\n\n\n            \n        <\/li>\n                    <li class=\"wpra-item feed-item \">\n            \n            \n\n    <a  href=\"https:\/\/distritoemprendedores.es\/blog\/tiktok-genera-31-000-millones-de-euros-para-las-empresas-europeas-y-3-000-millones-en-espana\/\" target=\"_blank\" rel=\"nofollow\" class=\"\">TikTok genera 31.000 millones de euros para las empresas europeas y 3.000 millones en Espa\u00f1a<\/a>\n\n\n\n\n\n\n<div class=\"wprss-feed-meta\">\n            <span class=\"feed-source\">\n            Source:\n\n                            Distrito Emprendedores\n                    <\/span>\n    \n            <span class=\"feed-date\">\n            Published on 2026-02-27\n        <\/span>\n    \n    <\/div>\n\n\n\n\n\n            \n        <\/li>\n                    <li class=\"wpra-item feed-item \">\n            \n            \n\n    <a  href=\"https:\/\/distritoemprendedores.es\/blog\/amazon-planea-un-marketplace-para-hacer-de-puente-entre-los-publishers-y-las-empresas-de-ia\/\" target=\"_blank\" rel=\"nofollow\" class=\"\">Amazon planea un \u00abmarketplace\u00bb para hacer de puente entre los \u00abpublishers\u00bb y las empresas de IA<\/a>\n\n\n\n\n\n\n<div class=\"wprss-feed-meta\">\n            <span class=\"feed-source\">\n            Source:\n\n                            Distrito Emprendedores\n                    <\/span>\n    \n            <span class=\"feed-date\">\n            Published on 2026-02-26\n        <\/span>\n    \n    <\/div>\n\n\n\n\n\n            \n        <\/li>\n        <\/ul>\n\n        \n<\/div>\n\n<\/div>\n\n<hr>\n<h2>El temor a ser rechazados y su relaci\u00f3n con la autoestima<\/h2>\n<p>El miedo al rechazo, sin temor a equivocarme, es uno de los elementos que m\u00e1s alimenta la falta de asertividad en las personas. Esto es: la poca conciencia que tenemos acerca de la importancia de saber decir no en momentos cruciales de la vida. \u00bfPero de qu\u00e9 se trata el miedo al rechazo? El miedo al rechazo no es m\u00e1s que el temor que alguien experimenta cuando se siente juzgado por la mirada ajena y por las opiniones de los dem\u00e1s.<\/p>\n<p>Los juicios que las dem\u00e1s personas hacen sobre nosotros nos pueden llevar a sentirnos tristes, angustiados y con percepciones negativas sobre nuestro propio ser.&nbsp;<strong>Por esa raz\u00f3n, yo creo que el principal alimento del miedo al rechazo es la baja autoestima.<\/strong>&nbsp;As\u00ed pues, hay dos rasgos caracter\u00edsticos que definen a las personas que no saben decir NO y que viven cada d\u00eda de su vida con miedo al rechazo:<\/p>\n<ol>\n<li><strong><em>Sacrifican sue\u00f1os, metas, objetivos, y deseos con tal de ser aceptados.<\/em><\/strong><\/li>\n<li><strong><em>Evitan ponerse en situaciones en las que puedan ser juzgados.<\/em><\/strong><\/li>\n<\/ol>\n<p>Evidentemente, decir que NO, en algunas situaciones, nos llevar\u00e1 a desencuentros y tensiones con nuestros interlocutores. Ll\u00e1mense familia, amigos, pareja o compa\u00f1eros de trabajo. Sin embargo, saber decir NO, nos brindar\u00e1 la tranquilidad y la seguridad que toda persona con un autoestima alta deber\u00eda tener. Al decir NO, basados en nuestras percepciones, creencias y gustos estamos anteponiendo nuestro criterio a los mandatos o deseos de las dem\u00e1s personas.<\/p>\n<p><strong>En ese orden de ideas, decir NO se convertir\u00e1 en una herramienta muy poderosa para forjar nuestro car\u00e1cter y autoestima. Y tambi\u00e9n para dejar atr\u00e1s el temor infundado a ser rechazados.&nbsp;<\/strong>Antes que nada, nosotros mismos somos los que no debemos rechazar nuestro sentir y nuestro criterio. Empero, eso solo se logra siendo asertivos, sabiendo decir NO cuando la situaci\u00f3n lo amerite.<\/p>\n<h2>Menchito, \u00bfpero entonces siempre tenemos que decir que NO a todo lo que nos propongan?<\/h2>\n<p>Para nada parceros. Por el contrario, no hay nada mejor que una persona que no se arruga ante los retos, que no tiene miedo de devorarse la vida, que ante las adversidades siempre tiene un pensamiento de afirmaci\u00f3n y positivismo en su cotidianidad. En ese caso, el \u00e9xito de esas personas est\u00e1 relacionado con las veces que en su vida se atrevieron a decir que s\u00ed aunque por dentro estuvieran orin\u00e1ndose de miedo.<\/p>\n<p>No obstante, decir que s\u00ed a todo no es una garant\u00eda del \u00e9xito. Antes bien,&nbsp;<strong>uno de los puntos fundamentales para llegar a ser exitosos en la vida es saber poner l\u00edmites<\/strong>. Y claro est\u00e1, diciendo a todo que s\u00ed nunca vamos a tener claro cu\u00e1les son esos l\u00edmites que debemos respetar. Dicho esto, cabe resaltar, entonces, la estrecha relaci\u00f3n que hay entre la importancia de saber decir no (asertividad) y el saber poner l\u00edmites en nuestra vida.&nbsp;<strong>Al fin y al cabo, cuando decimos NO, estamos marcando ese l\u00edmite que se convertir\u00e1 en nuestra base \u00e9tica para tomar decisiones<\/strong>&nbsp;<strong>futuras.<\/strong><\/p>\n<p>Se los pongo en un ejemplo para que me entiendan mejor muchachones. Cuando yo empec\u00e9 a dejar de comer carne, mucha gente de mi c\u00edrculo social me mir\u00f3 raro. Opinaron sobre mi decisi\u00f3n y hasta se atrevieron a decirme que \u00abrecapacitara\u00bb. Esta situaci\u00f3n me llev\u00f3 a muchos desencuentros familiares y con amigos que me juzgaban de antemano sin haber escuchado mis razones.<\/p>\n<p>En cada cena familiar o asados con amigos, yo me sent\u00eda presionado a tener que comer carne, pues pensaba:&nbsp;<em>\u00abvan a creer que estoy rechazando la comida, que soy un resabiado o que me cre\u00ed de mejor familia\u00bb<\/em>. Sin embargo, siendo asertivo, explicando las razones por las cuales NO me sent\u00eda bien comiendo carne, las personas me empezaron a comprender; as\u00ed no compartieran mi decisi\u00f3n.<\/p>\n<p>Si yo no hubiera establecido los l\u00edmites \u00e9ticos de mi decisi\u00f3n, seguramente habr\u00eda sucumbido a la presi\u00f3n social.&nbsp;<strong>Lo anterior quiz\u00e1 me hubiera llevado a agradar a los dem\u00e1s, pero me habr\u00eda creado un conflicto interno del que nadie m\u00e1s pod\u00eda hacerse cargo salvo yo mismo.<\/strong><\/p>\n<p>Por eso, mi actuar fue claro desde el principio. Sab\u00eda que ante esta situaci\u00f3n espec\u00edfica deb\u00eda decir&nbsp;<strong>NO<\/strong>, sab\u00eda que a muchos no les gustar\u00eda, pero tambi\u00e9n sab\u00eda que siendo asertivo terminar\u00edan entendi\u00e9ndome. Y lo mejor de todo, sab\u00eda que al no traicionar mi sentir, iba a hacer valer mi car\u00e1cter como individuo y mi libertad de escoger un modo de pensar y vivir. En \u00faltima instancia, sab\u00eda que diciendo NO, estaba alimentando mi autoestima, forjando mi car\u00e1cter y dejando atr\u00e1s el miedo al rechazo.<\/p>\n<p>As\u00ed que muchachones, nunca olviden esto. La importancia de saber decir NO, tambi\u00e9n radica en que nunca debemos poner en riesgo nuestra libertad y nuestros modos de pensar y vivir por el simple hecho de agradar a los dem\u00e1s.<\/p>\n<h2>Bueno Menchito, muy bonito todo esto que nos est\u00e1s diciendo, \u00bfpero entonces c\u00f3mo aprendemos a decir NO?<\/h2>\n<p>Ay, parceros ome, preg\u00fantenme cosas m\u00e1s f\u00e1ciles jeje. Quiz\u00e1 esta respuesta no es la que ustedes estaban esperando, pero la mejor forma para aprender a decir NO es viviendo. No hay forma de forjar el car\u00e1cter y de hacer vale nuestro criterio por un medio diferente que no sea vivir. Y todos sabemos que vivir implica equivocarnos, cometer errores y aprender de los mismos.<\/p>\n<p>Cuando uno no sabe establecer l\u00edmites y no reconoce la importancia de saber decir no, es muy probable que se estrelle con la vida parceros. No obstante, son precisamente esos errores en nuestro actuar lo que sientan las bases para que aprendamos el arte de vivir con asertividad. Es decir, expresando nuestros deseos de una manera amable, franca, abierta, directa y adecuada, logrando decir lo que queremos sin atentar contra los dem\u00e1s. Pero sobre todo, sin atentar contra nuestros propios principios y deseos.<\/p>\n<p>Solo en la medida que adquirimos experiencias parceros, vamos a poder constituirnos como mejores personas y vivir de acuerdo a nuestros propios par\u00e1metros, sue\u00f1os y objetivos. De esa manera, para aprender a decir NO, lo primero que hay que hacer es no rehuir de las contradicciones y tensiones que nos presenta la vida a diario.<\/p>\n<p>Quien huye del conflicto, menchitos, nunca llega a sabio. Porque como dice el Tao, la vida es un equilibrio entre la luz y la sombra Y nosotros, mal que bien, necesitamos no solo de la luz, sino de la sombra para conocernos a nosotros mismos y tomar conciencia sobre la importancia de saber decir no. En ese sentido, quiero compartir con ustedes estas ense\u00f1anzas que a m\u00ed me han sido muy \u00fatiles para aprender a decir NO cuando mi vida as\u00ed lo ha requerido. Espero que a ustedes tambi\u00e9n les sean de mucha utilidad muchachones.<\/p>\n<h3>Hay que perder ese miedo absurdo al \u00abqu\u00e9 dir\u00e1n\u00bb<\/h3>\n<p>Tengan en cuenta esto siempre parceros:&nbsp;<strong>antes que nadie, los primeros que debemos estar contentos con nuestros deseos, forma de vida, sue\u00f1os y metas somos nosotros mismos.&nbsp;<\/strong>Lo que los dem\u00e1s puedan pensar de aquello que nosotros hacemos, no deber\u00eda afectarnos al punto de paralizarnos o hacernos abandonar lo que queremos.&nbsp;<strong>El miedo al rechazo es el primer obst\u00e1culo en el aprendizaje de decir no y establecer l\u00edmites.&nbsp;<\/strong>Por el contrario, hacer vale nuestro criterio y formas de pensar, har\u00e1 que los dem\u00e1s nos respeten en nuestra diferencia. El car\u00e1cter es sin\u00f3nimo de respeto, recu\u00e9rdenlo siempre menchitos.<\/p>\n<h3>Hay que aceptar que el decir no, en ocasiones, nos llevar\u00e1 a sentir ansiedad<\/h3>\n<p>Debemos aceptar que la&nbsp;ansiedad es un proceso normal en muchas situaciones de la vida. M\u00e1s a\u00fan cuando nos vemos enfrentados ante una situaci\u00f3n que requiera decir NO. Sin embargo, como bien advierte la psic\u00f3loga&nbsp;<a href=\"https:\/\/www.webconsultas.com\/mente-y-emociones\/emociones-y-autoayuda\/como-aprender-decir-no-11680\" target=\"_blank\" rel=\"noreferrer noopener\" aria-label=\"Vanesa Fern\u00e1ndez (abre en una nueva pesta\u00f1a)\">Vanesa Fern\u00e1ndez<\/a>:<\/p>\n<blockquote class=\"wp-block-quote\"><p>\u00ab<em>Es normal que ponerse nervioso o sentirse inc\u00f3modo a la hora de decir que no, pero no sucumbas a este malestar diciendo que s\u00ed y tratando de quitarte el problema de encima cu\u00e1nto antes, porque as\u00ed solo conseguir\u00e1s diferir una situaci\u00f3n indeseada, pero no resolverla<\/em>\u00ab.<\/p>\n<p><cite>Vanesa Fern\u00e1ndez<\/cite><\/p><\/blockquote>\n<p>En ese caso, parceros, aceptar la tensi\u00f3n y la ansiedad que se derivan despu\u00e9s de decir no, ser\u00e1 de gran ayuda para no culparnos en exceso y para aceptar que lo que lo que uno siente y piensa, no tiene porqu\u00e9 siempre coincidir con los pensamientos y deseos de los dem\u00e1s.<\/p>\n<h3>Hay que aprender que tener un punto de vista diferente no es sin\u00f3nimo de conflicto<\/h3>\n<p>Menchitos, esta ense\u00f1anza es muy valiosa para las relaciones familiares y amorosas. Normalmente, uno en su n\u00facleo familiar tiene conflictos por pensar diferente o por tener opiniones divergentes respecto a ciertos temas. En esos casos, las cenas, reuniones familiares y eventos compartidos, se vuelven el mejor escenario para cazar peleas y tensiones que derivan en conflictos m\u00e1s profundos.<\/p>\n<p>Precisamente, un di\u00e1logo asertivo y una exposici\u00f3n de nuestro punto de vista sin salirnos de casillas y sin atentar contra los dem\u00e1s, evitar\u00e1 que entremos en peleas absurdas. Por otro lado, nos permitir\u00e1 hacer valer nuestro criterio con car\u00e1cter, respeto y dejando claro el l\u00edmite que nuestra base \u00e9tica y moral puede permitir. Tener un punto de vista u opini\u00f3n diferente a nuestra familia, pareja o compa\u00f1eros de trabajo no es sin\u00f3nimo de conflicto.<\/p>\n<h3>Hay que priorizar siempre nuestro alivio emocional<\/h3>\n<p>La importancia de saber decir no, adem\u00e1s de estar intimamente ligada al establecimiento de unos l\u00edmites \u00e9ticos,&nbsp;<strong>tambi\u00e9n est\u00e1 muy relacionada con la inteligencia emocional.<\/strong>&nbsp;Como bien dir\u00eda la psic\u00f3loga Vanesa Fern\u00e1ndez:<\/p>\n<blockquote class=\"wp-block-quote\"><p><em>\u00ab<strong>Es&nbsp;<\/strong><\/em><strong><em>posible que no hagas ni seas aquello que deseas, pero siempre tienes la opci\u00f3n de no hacer ni ser aquello que no quieres\u201d<\/em><\/strong><\/p><\/blockquote>\n<p>En ese sentido menchitos, el malestar que sentimos cuando hacemos algo que no queremos solo por el hecho de quedar bien, no se compensa de ninguna forma con el alivio emocional que sentimos cuando simplemente decimos NO. Saber decir NO desde el primer momento, evitar\u00e1 que los dem\u00e1s se hagan falsas expectativas sobre nosotros. Adem\u00e1s, hablar con franqueza, nos librar\u00e1 de cualquier malentendido y le dar\u00e1 un mensaje claro a la otra persona sobre lo que somos y sobre lo que estamos dispuestos a hacer.<\/p>\n<p>En \u00faltimas, si aquella persona nos estima y quiere, no va a cambiar su sentimiento solo porque le hablemos con claridad, franqueza y prioricemos nuestro alivio emocional. Para ser sinceros con los dem\u00e1s, debemos ser sinceros con nosotros mismos primero parceros. \u00bfQu\u00e9 estamos dispuestos a hacer? \u00bfQu\u00e9 definitivamente no estamos dispuestos a hacer? \u00bfHasta d\u00f3nde los deseos de las otras personas pueden afectar mis l\u00edmites? Todas estas preguntas se las deben hacer ustedes si quieren aprender a decir no de manera asertiva.<\/p>\n<p>La importancia de saber decir no, en conclusi\u00f3n, radica en que cuando lo ponemos en pr\u00e1ctica en nuestras vidas, estamos viviendo con inteligencia emocional, con plenitud y con la certeza de vivir de acuerdo a nuestros deseos, metas y objetivos.&nbsp;<strong>Cuando esa base \u00e9tica est\u00e1 clara, el mapa de ruta de nuestra vida se hace m\u00e1s legible parceros.<\/strong>&nbsp;Nunca olviden esto. Espero les haya gustado esta entrada del blog y que empiecen a poner en pr\u00e1ctica la asertividad en su vida cotidiana. Se les quiere menchitos.<\/p>\n<p>Un abrazo gigante.<\/p>\n<p><a href=\"https:\/\/dineroensandalias.com\/\"><em>Daniel Tirado<\/em><\/a><\/p>\n<div id=\"telet-1194744472\" class=\"telet-despues-del-contenido telet-entity-placement\"><a target=\"_blank\" href=\"\/\/aff.lucushost.com\/resources\/click\/?n=gDxoXMAJ&aff=756\"><img decoding=\"async\" border=\"0\" alt=\"LucusHost, el mejor hosting\" src=\"\/\/aff.lucushost.com\/resources\/banners\/?zoneid=5123&n=gDxoXMAJ&aff=756\" \/><\/a><\/div>","protected":false},"excerpt":{"rendered":"<p>Parceros, \u00bfustedes alguna vez han dicho que s\u00ed queriendo haber dicho que no? Estoy seguro de que esto es algo que nos ha pasado a todos en alg\u00fan momento de&hellip; <\/p>\n","protected":false},"author":1,"featured_media":2559,"comment_status":"open","ping_status":"open","sticky":false,"template":"","format":"standard","meta":{"_jetpack_memberships_contains_paid_content":false,"footnotes":"","_links_to":"","_links_to_target":""},"categories":[1],"tags":[15,14],"class_list":["post-2558","post","type-post","status-publish","format-standard","has-post-thumbnail","hentry","category-telesecretarias","tag-fuprisa","tag-jose-manuel-fuentes-prieto"],"nelio_content":{"autoShareEndMode":"never","automationSources":{"useCustomSentences":false,"customSentences":[]},"efiAlt":"","efiUrl":"","followers":[1],"highlights":[],"isAutoShareEnabled":true,"networkImageIds":[],"permalinkQueryArgs":[],"series":[],"suggestedReferences":[]},"jetpack_featured_media_url":"https:\/\/teletrabajoynegocios.com\/telesecretarias\/wp-content\/uploads\/sites\/2\/2020\/11\/La-importancia-de-saber-decir-NO.jpg","jetpack_sharing_enabled":true,"_links":{"self":[{"href":"https:\/\/teletrabajoynegocios.com\/telesecretarias\/wp-json\/wp\/v2\/posts\/2558","targetHints":{"allow":["GET"]}}],"collection":[{"href":"https:\/\/teletrabajoynegocios.com\/telesecretarias\/wp-json\/wp\/v2\/posts"}],"about":[{"href":"https:\/\/teletrabajoynegocios.com\/telesecretarias\/wp-json\/wp\/v2\/types\/post"}],"author":[{"embeddable":true,"href":"https:\/\/teletrabajoynegocios.com\/telesecretarias\/wp-json\/wp\/v2\/users\/1"}],"replies":[{"embeddable":true,"href":"https:\/\/teletrabajoynegocios.com\/telesecretarias\/wp-json\/wp\/v2\/comments?post=2558"}],"version-history":[{"count":1,"href":"https:\/\/teletrabajoynegocios.com\/telesecretarias\/wp-json\/wp\/v2\/posts\/2558\/revisions"}],"predecessor-version":[{"id":2560,"href":"https:\/\/teletrabajoynegocios.com\/telesecretarias\/wp-json\/wp\/v2\/posts\/2558\/revisions\/2560"}],"wp:featuredmedia":[{"embeddable":true,"href":"https:\/\/teletrabajoynegocios.com\/telesecretarias\/wp-json\/wp\/v2\/media\/2559"}],"wp:attachment":[{"href":"https:\/\/teletrabajoynegocios.com\/telesecretarias\/wp-json\/wp\/v2\/media?parent=2558"}],"wp:term":[{"taxonomy":"category","embeddable":true,"href":"https:\/\/teletrabajoynegocios.com\/telesecretarias\/wp-json\/wp\/v2\/categories?post=2558"},{"taxonomy":"post_tag","embeddable":true,"href":"https:\/\/teletrabajoynegocios.com\/telesecretarias\/wp-json\/wp\/v2\/tags?post=2558"}],"curies":[{"name":"wp","href":"https:\/\/api.w.org\/{rel}","templated":true}]}}