{"id":2581,"date":"2020-11-26T11:39:07","date_gmt":"2020-11-26T10:39:07","guid":{"rendered":"https:\/\/teletrabajoynegocios.com\/telesecretarias\/?p=2581"},"modified":"2021-01-08T14:05:39","modified_gmt":"2021-01-08T13:05:39","slug":"por-que-cuesta-tanto-hacer-las-cosas","status":"publish","type":"post","link":"https:\/\/teletrabajoynegocios.com\/telesecretarias\/por-que-cuesta-tanto-hacer-las-cosas\/","title":{"rendered":"Por qu\u00e9 cuesta tanto hacer las cosas"},"content":{"rendered":"<div id=\"telet-188568829\" class=\"telet-antes-del-contenido telet-entity-placement\"><a href=\"https:\/\/quaderno.io\/?via=jose-manuel94\" aria-label=\"Quaderno General (Spanish) &#8211; 728&#215;90\"><img loading=\"lazy\" decoding=\"async\" src=\"https:\/\/teletrabajoynegocios.com\/telesecretarias\/wp-content\/uploads\/sites\/2\/2020\/11\/Quaderno-General-Spanish-728x90-1.png\" alt=\"\"  srcset=\"https:\/\/teletrabajoynegocios.com\/telesecretarias\/wp-content\/uploads\/sites\/2\/2020\/11\/Quaderno-General-Spanish-728x90-1.png 728w, https:\/\/teletrabajoynegocios.com\/telesecretarias\/wp-content\/uploads\/sites\/2\/2020\/11\/Quaderno-General-Spanish-728x90-1-300x37.png 300w\" sizes=\"(max-width: 728px) 100vw, 728px\" width=\"728\" height=\"90\"   \/><\/a><\/div><p>No me digas que nunca te has preguntado&nbsp;<strong>por qu\u00e9 cuesta tanto hacer las cosas<\/strong>. Si de verdad nunca lo has hecho, es que eres de una pasta especial \ud83d\ude09<\/p>\n<p>Y lo cierto es que \u2014una vez que te pones\u2014&nbsp;<strong>tampoco es que cueste tanto hacerlas en realidad<\/strong>.<\/p>\n<p>Es m\u00e1s, una vez superas la resistencia inicial y empiezas a hacerlas, normalmente te sorprendes, porque suele resultar mucho m\u00e1s sencillo de lo esperado. \u00bfA qu\u00e9 s\u00ed?<\/p>\n<p>Y, sin embargo, a pesar de todo, siguen siendo muchas las cosas que, solo con pensar en ellas, se nos hacen bola<sup>(*)<\/sup>.<\/p>\n<p>\u00bfA qu\u00e9 se debe todo esto? \u00bfPor qu\u00e9 nos cuesta tanto hacer las cosas si en realidad no cuesta tanto hacerlas?<\/p>\n<p>Te dar\u00e9 una pista. Tiene que ver con nuestro pasado y nuestro presente.<\/p>\n<p>La buena noticia, a pesar de todo, es que&nbsp;<strong>tiene f\u00e1cil soluci\u00f3n<\/strong>. \u00bfQuieres saber m\u00e1s? Pues vamos all\u00e1.<\/p>\n<h3>El trabajo ya no es lo que era<\/h3>\n<p>Si te paras a pensarlo un momento, lo que llamamos trabajo ha experimentado una&nbsp;<strong>transformaci\u00f3n profunda y radical<\/strong>&nbsp;en las \u00faltimas d\u00e9cadas.<\/p>\n<p>Hasta el siglo pasado, la mayor\u00eda de las personas trabajaban en actividades de naturaleza eminentemente&nbsp;<strong>manual<\/strong>: agricultura, pesca, ganader\u00eda, oficios diversos, etc.<\/p>\n<p>El porcentaje de la poblaci\u00f3n cuya actividad profesional era de car\u00e1cter fundamentalmente&nbsp;<strong>intelectual<\/strong>&nbsp;era m\u00ednimo en comparaci\u00f3n con lo anterior.<\/p>\n<p>Y de repente, en un tiempo r\u00e9cord \u2014si lo comparamos con la historia de la humanidad\u2014, un porcentaje enorme de la poblaci\u00f3n deja atr\u00e1s ese trabajo manual y pasa a ser lo que&nbsp;<a href=\"https:\/\/es.wikipedia.org\/wiki\/Peter_F._Drucker\">Peter Drucker<\/a>&nbsp;denomin\u00f3&nbsp;<a href=\"https:\/\/controlyperspectiva.com\/2015\/03\/profesional-del-conocimiento.html\">profesionales del conocimiento<\/a>.<\/p>\n<p>Este cambio supone una&nbsp;<strong>situaci\u00f3n explosiva<\/strong>&nbsp;en s\u00ed misma, ya que los seres humanos hemos convivido con el trabajo manual a lo largo de todo nuestro proceso evolutivo como especie.<\/p>\n<p>En otras palabras, los seres humanos estamos muy bien preparados \u2014evolutivamente hablando\u2014para hacer frente al trabajo manual y&nbsp;<strong>nada preparados<\/strong>&nbsp;para hacer trabajo del conocimiento.<\/p>\n<p>Por eso&nbsp;<strong>el trabajo del conocimiento se nos hace bola<\/strong>&nbsp;y nos cuesta tanto hacer las cosas.<\/p>\n<h3>Tu realidad est\u00e1 encriptada<\/h3>\n<p>Una de las caracter\u00edsticas del trabajo del conocimiento es que&nbsp;<strong>la tarea que hay que realizar no es evidente<\/strong>.<\/p>\n<p>En la pr\u00e1ctica, esto significa que&nbsp;<strong>las cosas que van llegando a tu entorno est\u00e1n encriptadas<\/strong>, aunque no lo notes en un primer vistazo.<\/p>\n<p>Sin embargo, realmente lo est\u00e1n, puesto que es imposible ver todo lo que encierran a simple vista.<\/p>\n<p>Por si esto fuera poco, la realidad encriptada siempre se presenta bajo una&nbsp;<strong>apariencia falsa, artificial y parad\u00f3jica<\/strong>. Parad\u00f3jica porque nos transmite sensaciones contrapuestas.<\/p>\n<p>Por una parte, oculta&nbsp;<a href=\"https:\/\/optimainfinito.com\/2013\/06\/amplia-tu-mente-y-olvida-la-complejidad.html\">la complejidad real que conlleva hacer las cosas<\/a>. Por otra, te hace pensar que las cosas son m\u00e1s complejas de lo que realmente son. Extra\u00f1o, \u00bfverdad?<\/p>\n<p>As\u00ed que, si quieres ver qu\u00e9 contiene de verdad tu realidad,&nbsp;<strong>no te queda otra que desencriptarla<\/strong>.<\/p>\n<hr>\n<p><img decoding=\"async\" src=\"https:\/\/teletrabajoynegocios.com\/teletrabajador\/wp-content\/uploads\/sites\/3\/2020\/07\/articulos.png\"><\/p>\n<div class=\"wp-rss-template-container\" data-wpra-template=\"default\" data-template-ctx=\"W10=\">\n    <div class=\"wp-rss-aggregator wpra-list-template  \" data-page=\"1\">\n    \n    \n<ul class=\"wpra-item-list rss-aggregator wpra-item-list--bullets wpra-item-list--default\"\n    start=\"1\">\n                        <li class=\"wpra-item feed-item \">\n            \n            \n\n    <a  href=\"https:\/\/distritoemprendedores.com\/blog\/2026\/03\/16\/hello-world\/\" target=\"_blank\" rel=\"nofollow\" class=\"\">Hello world!<\/a>\n\n\n\n\n\n\n<div class=\"wprss-feed-meta\">\n            <span class=\"feed-source\">\n            Source:\n\n                            Distrito Emprendedores\n                    <\/span>\n    \n            <span class=\"feed-date\">\n            Published on 2026-03-16\n        <\/span>\n    \n    <\/div>\n\n\n\n\n\n            \n        <\/li>\n                    <li class=\"wpra-item feed-item \">\n            \n            \n\n    <a  href=\"https:\/\/www.dropbox.com\/scl\/fi\/b6csvpbfxu24vaezmo3es\/62bed0634df20e5ef35346439fdd423f_franquicias.pdf?rlkey=mfp2795s4n89mw35l0yeu2vl5&amp;e=2&amp;st=57kabuy0&amp;dl=0#new_tab\" target=\"_blank\" rel=\"nofollow\" class=\"\">Las franquicias espa\u00f1olas duplican su presencia en mercados for\u00e1neos<\/a>\n\n\n\n\n\n\n<div class=\"wprss-feed-meta\">\n            <span class=\"feed-source\">\n            Source:\n\n                            Distrito Emprendedores\n                    <\/span>\n    \n            <span class=\"feed-date\">\n            Published on 2026-03-11\n        <\/span>\n    \n    <\/div>\n\n\n\n\n\n            \n        <\/li>\n                    <li class=\"wpra-item feed-item \">\n            \n            \n\n    <a  href=\"https:\/\/distritoemprendedores.es\/blog\/5-errores-fatales-al-internacionalizar-tu-franquicia\/\" target=\"_blank\" rel=\"nofollow\" class=\"\">5 errores fatales al internacionalizar tu franquicia<\/a>\n\n\n\n\n\n\n<div class=\"wprss-feed-meta\">\n            <span class=\"feed-source\">\n            Source:\n\n                            Distrito Emprendedores\n                    <\/span>\n    \n            <span class=\"feed-date\">\n            Published on 2026-03-10\n        <\/span>\n    \n    <\/div>\n\n\n\n\n\n            \n        <\/li>\n                    <li class=\"wpra-item feed-item \">\n            \n            \n\n    <a  href=\"https:\/\/distritoemprendedores.es\/blog\/un-nuevo-prime-time-para-las-marcas-afterwork-tardeo-y-futbol-se-consolidan-como-los-grandes-motores-del-consumo-experiencial\/\" target=\"_blank\" rel=\"nofollow\" class=\"\">Un nuevo prime time para las marcas: afterwork, tardeo y f\u00fatbol se consolidan como los grandes motores del consumo experiencial<\/a>\n\n\n\n\n\n\n<div class=\"wprss-feed-meta\">\n            <span class=\"feed-source\">\n            Source:\n\n                            Distrito Emprendedores\n                    <\/span>\n    \n            <span class=\"feed-date\">\n            Published on 2026-03-09\n        <\/span>\n    \n    <\/div>\n\n\n\n\n\n            \n        <\/li>\n                    <li class=\"wpra-item feed-item \">\n            \n            \n\n    <a  href=\"https:\/\/distritoemprendedores.es\/blog\/la-ventaja-competitiva-esta-en-entender-como-pregunta-el-consumidor\/\" target=\"_blank\" rel=\"nofollow\" class=\"\">La ventaja competitiva est\u00e1 en entender c\u00f3mo pregunta el consumidor<\/a>\n\n\n\n\n\n\n<div class=\"wprss-feed-meta\">\n            <span class=\"feed-source\">\n            Source:\n\n                            Distrito Emprendedores\n                    <\/span>\n    \n            <span class=\"feed-date\">\n            Published on 2026-03-08\n        <\/span>\n    \n    <\/div>\n\n\n\n\n\n            \n        <\/li>\n                    <li class=\"wpra-item feed-item \">\n            \n            \n\n    <a  href=\"https:\/\/distritoemprendedores.es\/blog\/solo-el-7-de-los-espanoles-cree-a-las-marcas-cuando-comunican-sus-valores-con-hechos-demostrables\/\" target=\"_blank\" rel=\"nofollow\" class=\"\">Solo el 7% de los espa\u00f1oles cree a las marcas cuando comunican sus valores con hechos demostrables<\/a>\n\n\n\n\n\n\n<div class=\"wprss-feed-meta\">\n            <span class=\"feed-source\">\n            Source:\n\n                            Distrito Emprendedores\n                    <\/span>\n    \n            <span class=\"feed-date\">\n            Published on 2026-03-07\n        <\/span>\n    \n    <\/div>\n\n\n\n\n\n            \n        <\/li>\n                    <li class=\"wpra-item feed-item \">\n            \n            \n\n    <a  href=\"https:\/\/distritoemprendedores.es\/blog\/el-38-de-las-empresas-creadas-en-2019-ha-echado-ya-el-cierre\/\" target=\"_blank\" rel=\"nofollow\" class=\"\">El 38% de las empresas creadas en 2019 ha echado ya el cierre<\/a>\n\n\n\n\n\n\n<div class=\"wprss-feed-meta\">\n            <span class=\"feed-source\">\n            Source:\n\n                            Distrito Emprendedores\n                    <\/span>\n    \n            <span class=\"feed-date\">\n            Published on 2026-03-06\n        <\/span>\n    \n    <\/div>\n\n\n\n\n\n            \n        <\/li>\n                    <li class=\"wpra-item feed-item \">\n            \n            \n\n    <a  href=\"https:\/\/distritoemprendedores.es\/blog\/descubre-las-oportunidades-y-tendencias-en-el-mercado-de-la-franquicia-para-2026\/\" target=\"_blank\" rel=\"nofollow\" class=\"\">Descubre las oportunidades y tendencias en el mercado de la franquicia para 2026<\/a>\n\n\n\n\n\n\n<div class=\"wprss-feed-meta\">\n            <span class=\"feed-source\">\n            Source:\n\n                            Distrito Emprendedores\n                    <\/span>\n    \n            <span class=\"feed-date\">\n            Published on 2026-03-05\n        <\/span>\n    \n    <\/div>\n\n\n\n\n\n            \n        <\/li>\n                    <li class=\"wpra-item feed-item \">\n            \n            \n\n    <a  href=\"https:\/\/distritoemprendedores.es\/blog\/las-startups-de-salud-mas-punteras-del-mundo\/\" target=\"_blank\" rel=\"nofollow\" class=\"\">Las startups de salud m\u00e1s punteras del mundo<\/a>\n\n\n\n\n\n\n<div class=\"wprss-feed-meta\">\n            <span class=\"feed-source\">\n            Source:\n\n                            Distrito Emprendedores\n                    <\/span>\n    \n            <span class=\"feed-date\">\n            Published on 2026-03-04\n        <\/span>\n    \n    <\/div>\n\n\n\n\n\n            \n        <\/li>\n                    <li class=\"wpra-item feed-item \">\n            \n            \n\n    <a  href=\"https:\/\/distritoemprendedores.es\/blog\/puesta-en-marcha-de-un-negocio-primeros-pasos-para-validar-vender-y-controlar-la-tesoreria\/\" target=\"_blank\" rel=\"nofollow\" class=\"\">Puesta en marcha de un negocio: primeros pasos para validar, vender y controlar la tesorer\u00eda<\/a>\n\n\n\n\n\n\n<div class=\"wprss-feed-meta\">\n            <span class=\"feed-source\">\n            Source:\n\n                            Distrito Emprendedores\n                    <\/span>\n    \n            <span class=\"feed-date\">\n            Published on 2026-03-03\n        <\/span>\n    \n    <\/div>\n\n\n\n\n\n            \n        <\/li>\n                    <li class=\"wpra-item feed-item \">\n            \n            \n\n    <a  href=\"https:\/\/distritoemprendedores.es\/blog\/6-franquicias-sin-apenas-competencia-en-el-mercado\/\" target=\"_blank\" rel=\"nofollow\" class=\"\">6 franquicias sin apenas competencia en el mercado<\/a>\n\n\n\n\n\n\n<div class=\"wprss-feed-meta\">\n            <span class=\"feed-source\">\n            Source:\n\n                            Distrito Emprendedores\n                    <\/span>\n    \n            <span class=\"feed-date\">\n            Published on 2026-03-02\n        <\/span>\n    \n    <\/div>\n\n\n\n\n\n            \n        <\/li>\n                    <li class=\"wpra-item feed-item \">\n            \n            \n\n    <a  href=\"https:\/\/digistorage.es\/links\/71d78951-a420-4f5b-8de6-7b35ae7efc1c#new_tab\" target=\"_blank\" rel=\"nofollow\" class=\"\">Los algoritmos amenazan con filtrar las confesiones realizadas al abogado<\/a>\n\n\n\n\n\n\n<div class=\"wprss-feed-meta\">\n            <span class=\"feed-source\">\n            Source:\n\n                            Distrito Emprendedores\n                    <\/span>\n    \n            <span class=\"feed-date\">\n            Published on 2026-03-01\n        <\/span>\n    \n    <\/div>\n\n\n\n\n\n            \n        <\/li>\n                    <li class=\"wpra-item feed-item \">\n            \n            \n\n    <a  href=\"https:\/\/distritoemprendedores.es\/blog\/las-startups-que-mas-innovan-en-el-mundo\/\" target=\"_blank\" rel=\"nofollow\" class=\"\">Las startups que m\u00e1s innovan en el mundo<\/a>\n\n\n\n\n\n\n<div class=\"wprss-feed-meta\">\n            <span class=\"feed-source\">\n            Source:\n\n                            Distrito Emprendedores\n                    <\/span>\n    \n            <span class=\"feed-date\">\n            Published on 2026-02-28\n        <\/span>\n    \n    <\/div>\n\n\n\n\n\n            \n        <\/li>\n                    <li class=\"wpra-item feed-item \">\n            \n            \n\n    <a  href=\"https:\/\/distritoemprendedores.es\/blog\/tiktok-genera-31-000-millones-de-euros-para-las-empresas-europeas-y-3-000-millones-en-espana\/\" target=\"_blank\" rel=\"nofollow\" class=\"\">TikTok genera 31.000 millones de euros para las empresas europeas y 3.000 millones en Espa\u00f1a<\/a>\n\n\n\n\n\n\n<div class=\"wprss-feed-meta\">\n            <span class=\"feed-source\">\n            Source:\n\n                            Distrito Emprendedores\n                    <\/span>\n    \n            <span class=\"feed-date\">\n            Published on 2026-02-27\n        <\/span>\n    \n    <\/div>\n\n\n\n\n\n            \n        <\/li>\n                    <li class=\"wpra-item feed-item \">\n            \n            \n\n    <a  href=\"https:\/\/distritoemprendedores.es\/blog\/amazon-planea-un-marketplace-para-hacer-de-puente-entre-los-publishers-y-las-empresas-de-ia\/\" target=\"_blank\" rel=\"nofollow\" class=\"\">Amazon planea un \u00abmarketplace\u00bb para hacer de puente entre los \u00abpublishers\u00bb y las empresas de IA<\/a>\n\n\n\n\n\n\n<div class=\"wprss-feed-meta\">\n            <span class=\"feed-source\">\n            Source:\n\n                            Distrito Emprendedores\n                    <\/span>\n    \n            <span class=\"feed-date\">\n            Published on 2026-02-26\n        <\/span>\n    \n    <\/div>\n\n\n\n\n\n            \n        <\/li>\n        <\/ul>\n\n        \n<\/div>\n\n<\/div>\n\n<hr>\n<h3>Pensamiento pastoso y fluido<\/h3>\n<p>Cuando una persona no ha desarrollado&nbsp;<a href=\"https:\/\/optimainfinito.com\/2018\/02\/efectividad-competencia-transversal-clave-para-lograr-resultados.html\">la competencia de la efectividad personal<\/a>, su pensamiento es \u00abpastoso\u00bb y por eso le cuesta tanto hacer las cosas.<\/p>\n<p>Como no sabe desencriptar los elementos que van apareciendo en su realidad, los percibe de forma amorfa. Es incapaz de discernir sus componentes y, menos a\u00fan, el estado de cada uno o las relaciones entre ellos.<\/p>\n<p>As\u00ed, un&nbsp;<em>email&nbsp;<\/em>es \u00abun tema\u00bb que se va&nbsp;<del>mareando<\/del>&nbsp;moviendo a trompicones de un sitio a otro (a esto lo llaman&nbsp;<a href=\"https:\/\/optimainfinito.com\/2017\/04\/clasificar-o-como-perder-tiempo-sin-trabajar.html\">clasificar<\/a>) hasta darlo por \u00abgestionado\u00bb o \u00abresuelto\u00bb.<\/p>\n<p>Por el contrario, una persona que s\u00ed ha desarrollado su efectividad personal sabe que, antes de poder hacer nada \u00fatil con cualquier \u00abtema\u00bb que le llega, necesita desencriptarlo.<\/p>\n<p>Y para desencriptarlo necesita&nbsp;<strong>conocer el algoritmo adecuado<\/strong>. Porque solo entonces, una vez lo ha desencriptado, va a poder acceder a su contenido.<\/p>\n<p>Ser\u00e1 entonces cuando pueda ver con claridad todo lo que de verdad encierra ese&nbsp;<em>email<\/em>&nbsp;\u2014o cualquier otra cosa\u2014 y actuar sobre ello. Su pensamiento se habr\u00e1 vuelto fluido.<\/p>\n<h3>GTD<sup>\u00ae<\/sup>, el algoritmo para desencriptar tu realidad<\/h3>\n<p><strong>El algoritmo m\u00e1s potente para cualquier profesional del conocimiento se llama Aclarar<\/strong>, el segundo de los cinco pasos de GTD<sup>\u00ae<\/sup>&nbsp;para administrar el flujo de trabajo.<\/p>\n<p>Aclarar es&nbsp;<strong>un proceso de pensamiento clave<\/strong>, imprescindible para poder trabajar con pensamiento fluido.<\/p>\n<p>Por ejemplo, al aplicar este potente algoritmo al&nbsp;<em>email<\/em>&nbsp;de antes, descubrir\u00e1s que es solo una \u00ab<strong>captura<\/strong>\u00bb, es decir, una cosa sobre la que todav\u00eda tienes que pensar, concretar, decidir o hacer algo.<\/p>\n<p>Tambi\u00e9n descubrir\u00e1s que, para este&nbsp;<em>email<\/em>&nbsp;del ejemplo, existe un&nbsp;<strong>resultado<\/strong>&nbsp;que quieres\/necesitas conseguir y una serie de&nbsp;<strong>actividades<\/strong>&nbsp;que vas a tener que realizar para conseguirlo.<\/p>\n<p>Pero a\u00fan no puedes hacerlas todas. Solo hay una que puedes realizar ahora, ya que el resto dependen de que la completes para poder hacerse.<\/p>\n<p>Y no solo eso. Tambi\u00e9n existe un&nbsp;<strong>proceso<\/strong>, es decir, una&nbsp;<strong>secuencia ordenada<\/strong>&nbsp;de pasos.<\/p>\n<p>Es m\u00e1s, hay actividades que tienes que realizar t\u00fa, actividades que tienen que realizar otras personas e incluso actividades que tienes que hacer t\u00fa en relaci\u00f3n con las que tienen que realizar otras personas.<\/p>\n<p>Y, por supuesto, para poder&nbsp;<strong>acordarte de todo sin necesidad de recordar nada<\/strong>&nbsp;vas a necesitar&nbsp;<a href=\"https:\/\/optimainfinito.com\/2020\/02\/que-valor-te-aporta-lo-que-recuerdas.html\">recordatorios<\/a>, as\u00ed como una&nbsp;<a href=\"https:\/\/optimainfinito.com\/2020\/01\/entendiendo-que-significan-los-conceptos-de-gtd.html\">estructura de categor\u00edas organizativas adecuadas<\/a>&nbsp;para&nbsp;<strong>verlos \u00fanicamente cuando tenga sentido<\/strong>.<\/p>\n<h3>La sencillez de la realidad desencriptada<\/h3>\n<p>Sorprendente, \u00bfverdad? T\u00fa pensando que el&nbsp;<em>email&nbsp;<\/em>era una \u00fanica cosa movi\u00e9ndose de un sitio a otro y resulta que est\u00e1 repleto de&nbsp;<strong>componentes distintos que se relacionan entre s\u00ed siguiendo una l\u00f3gica<\/strong>.<\/p>\n<p>Afortunadamente, ahora que lo has desencriptado, sabes qu\u00e9 tienes que hacer y qu\u00e9 necesitas conseguir para poder darlo por completado.<\/p>\n<p>\u00a1C\u00f3mo ha cambiado el tema! \u00a1Qu\u00e9 f\u00e1cil parece todo cuando tienes recordatorios espec\u00edficos de qu\u00e9 tienes que hacer concretamente y c\u00f3mo, d\u00f3nde y con qui\u00e9n necesitas hacerlo!<\/p>\n<p>Es&nbsp;<strong>la paradoja del trabajo del conocimiento<\/strong>.<\/p>\n<p>Ese&nbsp;<em>email<\/em>, sencillo en apariencia, es en realidad complejo, porque no es evidente qu\u00e9 hay que hacer con \u00e9l ni cu\u00e1ndo lo podr\u00e1s dar por hecho.<\/p>\n<p>En contraste, una vez desencriptado, cuentas con una estructura sencilla de recordatorios claros que te ayudan a&nbsp;<strong>elegir con confianza qu\u00e9 hacer en cada momento<\/strong>.<\/p>\n<p>Y lo mejor de todo es que el famoso&nbsp;<em>email<\/em>&nbsp;<strong>ha ido a parar a la papelera<\/strong>.<\/p>\n<p>Porque, ahora que has organizado los&nbsp;<strong>recordatorios adecuados<\/strong>&nbsp;para gestionarlo en tu&nbsp;<a href=\"https:\/\/menteextendida.com\/acerca-de-mente-extendida\">mente extendida<\/a>, ya&nbsp;<strong>no lo necesitas para nada<\/strong>.<\/p>\n<h6><sup>(*)<\/sup>&nbsp;\u00abHacerse bola\u00bb es una expresi\u00f3n espa\u00f1ola que significa que algo te agobia, se te resiste y\/o no te ves capaz de poder con ello.<br \/>\nRealmente significa \u00abdificultad para tragar\u00bb y tiene su origen en una expresi\u00f3n infantil empleada por los ni\u00f1os\/as peque\u00f1os\/as al comer carne.<br \/>\nCuando el trozo de filete es demasiado grande, no son capaces de masticarlo bien para tragarlo y entonces dicen \u00abmam\u00e1\/pap\u00e1, se me ha hecho bola\u00bb.<\/h6>\n<p><a href=\"https:\/\/optimainfinito.com\/\"><em>Jose Miguel Bolivar<\/em><\/a><\/p>\n<div id=\"telet-938210179\" class=\"telet-despues-del-contenido telet-entity-placement\"><a target=\"_blank\" href=\"\/\/aff.lucushost.com\/resources\/click\/?n=gDxoXMAJ&aff=756\"><img decoding=\"async\" border=\"0\" alt=\"LucusHost, el mejor hosting\" src=\"\/\/aff.lucushost.com\/resources\/banners\/?zoneid=5123&n=gDxoXMAJ&aff=756\" \/><\/a><\/div>","protected":false},"excerpt":{"rendered":"<p>No me digas que nunca te has preguntado&nbsp;por qu\u00e9 cuesta tanto hacer las cosas. Si de verdad nunca lo has hecho, es que eres de una pasta especial \ud83d\ude09 Y&hellip; <\/p>\n","protected":false},"author":1,"featured_media":2582,"comment_status":"open","ping_status":"open","sticky":false,"template":"","format":"standard","meta":{"_jetpack_memberships_contains_paid_content":false,"footnotes":"","_links_to":"","_links_to_target":""},"categories":[1],"tags":[15,14],"class_list":["post-2581","post","type-post","status-publish","format-standard","has-post-thumbnail","hentry","category-telesecretarias","tag-fuprisa","tag-jose-manuel-fuentes-prieto"],"nelio_content":{"autoShareEndMode":"never","automationSources":{"useCustomSentences":false,"customSentences":[]},"efiAlt":"","efiUrl":"","followers":[1],"highlights":[],"isAutoShareEnabled":true,"networkImageIds":[],"permalinkQueryArgs":[],"series":[],"suggestedReferences":[]},"jetpack_featured_media_url":"https:\/\/teletrabajoynegocios.com\/telesecretarias\/wp-content\/uploads\/sites\/2\/2020\/11\/trabajo-ordenador.jpg","jetpack_sharing_enabled":true,"_links":{"self":[{"href":"https:\/\/teletrabajoynegocios.com\/telesecretarias\/wp-json\/wp\/v2\/posts\/2581","targetHints":{"allow":["GET"]}}],"collection":[{"href":"https:\/\/teletrabajoynegocios.com\/telesecretarias\/wp-json\/wp\/v2\/posts"}],"about":[{"href":"https:\/\/teletrabajoynegocios.com\/telesecretarias\/wp-json\/wp\/v2\/types\/post"}],"author":[{"embeddable":true,"href":"https:\/\/teletrabajoynegocios.com\/telesecretarias\/wp-json\/wp\/v2\/users\/1"}],"replies":[{"embeddable":true,"href":"https:\/\/teletrabajoynegocios.com\/telesecretarias\/wp-json\/wp\/v2\/comments?post=2581"}],"version-history":[{"count":1,"href":"https:\/\/teletrabajoynegocios.com\/telesecretarias\/wp-json\/wp\/v2\/posts\/2581\/revisions"}],"predecessor-version":[{"id":2583,"href":"https:\/\/teletrabajoynegocios.com\/telesecretarias\/wp-json\/wp\/v2\/posts\/2581\/revisions\/2583"}],"wp:featuredmedia":[{"embeddable":true,"href":"https:\/\/teletrabajoynegocios.com\/telesecretarias\/wp-json\/wp\/v2\/media\/2582"}],"wp:attachment":[{"href":"https:\/\/teletrabajoynegocios.com\/telesecretarias\/wp-json\/wp\/v2\/media?parent=2581"}],"wp:term":[{"taxonomy":"category","embeddable":true,"href":"https:\/\/teletrabajoynegocios.com\/telesecretarias\/wp-json\/wp\/v2\/categories?post=2581"},{"taxonomy":"post_tag","embeddable":true,"href":"https:\/\/teletrabajoynegocios.com\/telesecretarias\/wp-json\/wp\/v2\/tags?post=2581"}],"curies":[{"name":"wp","href":"https:\/\/api.w.org\/{rel}","templated":true}]}}