{"id":2637,"date":"2020-12-02T10:32:14","date_gmt":"2020-12-02T09:32:14","guid":{"rendered":"https:\/\/teletrabajoynegocios.com\/telesecretarias\/?p=2637"},"modified":"2021-01-08T14:05:00","modified_gmt":"2021-01-08T13:05:00","slug":"5-reglas-de-oro-para-aumentar-tu-productividad-trabajando-en-casa","status":"publish","type":"post","link":"https:\/\/teletrabajoynegocios.com\/telesecretarias\/5-reglas-de-oro-para-aumentar-tu-productividad-trabajando-en-casa\/","title":{"rendered":"5 Reglas De Oro Para Aumentar Tu Productividad Trabajando En Casa"},"content":{"rendered":"<div id=\"telet-500723315\" class=\"telet-antes-del-contenido telet-entity-placement\"><a href=\"https:\/\/quaderno.io\/?via=jose-manuel94\" aria-label=\"Quaderno General (Spanish) &#8211; 728&#215;90\"><img loading=\"lazy\" decoding=\"async\" src=\"https:\/\/teletrabajoynegocios.com\/telesecretarias\/wp-content\/uploads\/sites\/2\/2020\/11\/Quaderno-General-Spanish-728x90-1.png\" alt=\"\"  srcset=\"https:\/\/teletrabajoynegocios.com\/telesecretarias\/wp-content\/uploads\/sites\/2\/2020\/11\/Quaderno-General-Spanish-728x90-1.png 728w, https:\/\/teletrabajoynegocios.com\/telesecretarias\/wp-content\/uploads\/sites\/2\/2020\/11\/Quaderno-General-Spanish-728x90-1-300x37.png 300w\" sizes=\"(max-width: 728px) 100vw, 728px\" width=\"728\" height=\"90\"   \/><\/a><\/div><p>S\u00e9 que es el sue\u00f1o de muchos y el castigo de otros tantos tambi\u00e9n, ser productivo trabajando en casa no es tan f\u00e1cil como parece. Puedes caer en una espiral de caos y perdida de control del tiempo si no te organizas bien. S\u00ed, puedes trabajar en pijama, en el sof\u00e1 y, lo mejor de todo, en el horario que quieras pero&nbsp;se requiere de disciplina, planificaci\u00f3n y organizaci\u00f3n.<\/p>\n<p>Si comienzas o llevas poco tiempo trabajando desde casa, te tomar\u00e1 un poco de tiempo encontrar el equilibrio entre la libertad de trabajar a menos de 10 metros de donde duermes y poner en pr\u00e1ctica cierta estructura y l\u00edmites para poder hacerlo de forma productiva.<\/p>\n<p>Por ello, te traigo estas 5 reglas de oro que me han funcionado a mi:<\/p>\n<p>&nbsp;<\/p>\n<h3><strong>1. Define y planifica las horas de trabajo<\/strong><\/h3>\n<p>Este es el punto clave que hizo dar el salto en mi productividad laboral y uno de los beneficios m\u00e1s claros de poder trabajar desde casa.&nbsp;<strong>Puedes decidir cuando trabajas<\/strong>. \u00bfTe gusta como a mi el frescor de la ma\u00f1ana o eres m\u00e1s productivo al atardecer? T\u00fa decides. Algo que s\u00ed te recomiendo para concentrarte tanto en el trabajo como en cualquier otro \u00e1mbito de la vida es la pr\u00e1ctica diaria de la meditaci\u00f3n, entre 10 y 20 minutos si te es posible.<\/p>\n<p>Fija tus horas de trabajo y cumplir con ellas te ayudar\u00e1 a eliminar la procrastinaci\u00f3n productiva que tanto sufrimos los dise\u00f1adores. Tener una hora implantada para comenzar a trabajar te permitir\u00e1 planear otras tareas de casa o de tu vida privada de modo que puedas mantener cierta separaci\u00f3n entre ambos aspectos de tu vida.<\/p>\n<p>&nbsp;<\/p>\n<h3><strong>2. Establece una zona exclusiva para trabajar<\/strong><\/h3>\n<p>Cuando tienes una zona completamente diferente para trabajar o para vivir, haces que tu mente reciba el impulso de saber cuando es el momento de trabajar y cuando no, lo mismo que cuando entras en tu dormitorio tu mente es capaz de percibir que es el momento del descanso. Otra cosa buena de tener tu propio espacio de trabajo es que nadie va a interrumpirte (las notificaciones de email o de tu tel\u00e9fono es un tema aparte qu\u00e9 puedes controlar f\u00e1cilmente). Es obligatorio establecer los l\u00edmites f\u00edsicos de d\u00f3nde termina tu casa y empieza el espacio laboral.<\/p>\n<p>Tengo la fortuna de tener un estudio exclusivamente para mi trabajo. Lo que en un principio era un trastero de apenas 6m2, lo convert\u00ed en un estudio tras un arreglo, una buena mano de pintura y algo de decoraci\u00f3n. S\u00ed, podr\u00edas decir que el espacio es peque\u00f1o pero siendo un lugar que solo uso para trabajar, no necesito nada m\u00e1s.<\/p>\n<p>Muchas personas recomiendan tener una planta verde en el escritorio. Parece ser que mejoran la concentraci\u00f3n y reducen los niveles de estr\u00e9s al desintoxicar el aire de la habitaci\u00f3n. Personalmente tengo algunas por el suelo o en la estanter\u00eda por darle un toque org\u00e1nico y natural al estudio.<\/p>\n<p>&nbsp;<\/p>\n<h3><strong>3. Comp\u00f3rtate como si tuvieras que salir al trabajo<\/strong><\/h3>\n<p>Al principio de esta aventura sol\u00eda levantarme, preparar el desayuno y ponerme delante del ordenador a desayunar mientras comenzaba a repasar las tareas del d\u00eda. Cuando me daba cuenta era mediod\u00eda, segu\u00eda en pijama y estaba viendo un tutorial en youtube sobre algo que no me interesaba. ERROR! Esto&nbsp;no es saludable ni para tu mente ni tu cuerpo.<\/p>\n<p>T\u00f3mate el trabajo en casa como si fuera cualquier otro. Lev\u00e1ntate, p\u00e9gate una ducha y v\u00edstete como si fueras a salir a la calle. Parece una tonter\u00eda pero esta peque\u00f1a rutina hace un click en tu cerebro para cambiar el chip. Lo mismo puedes hacer cuando termines tu jornada laboral. Eso s\u00ed,&nbsp;si te sientes mejor y m\u00e1s creativo en pijama, \u00a1trabaja en pijama!.<\/p>\n<p>De hecho cada vez m\u00e1s investigadores est\u00e1n de acuerdo sobre la innegable&nbsp;<a href=\"http:\/\/www.abc.es\/sociedad\/20141117\/abci-psicologia-moda-influencia-ropa-201411141357.html\" target=\"_blank\" rel=\"nofollow noopener noreferrer\">influencia que ejerce la ropa sobre los procesos psicol\u00f3gicos<\/a>&nbsp;de quien la lleva puesta.<\/p>\n<hr>\n<p><img decoding=\"async\" src=\"https:\/\/teletrabajoynegocios.com\/teletrabajador\/wp-content\/uploads\/sites\/3\/2020\/07\/articulos.png\"><\/p>\n<div class=\"wp-rss-template-container\" data-wpra-template=\"default\" data-template-ctx=\"W10=\">\n    <div class=\"wp-rss-aggregator wpra-list-template  \" data-page=\"1\">\n    \n    \n<ul class=\"wpra-item-list rss-aggregator wpra-item-list--bullets wpra-item-list--default\"\n    start=\"1\">\n                        <li class=\"wpra-item feed-item \">\n            \n            \n\n    <a  href=\"https:\/\/distritoemprendedores.com\/blog\/2026\/03\/16\/hello-world\/\" target=\"_blank\" rel=\"nofollow\" class=\"\">Hello world!<\/a>\n\n\n\n\n\n\n<div class=\"wprss-feed-meta\">\n            <span class=\"feed-source\">\n            Source:\n\n                            Distrito Emprendedores\n                    <\/span>\n    \n            <span class=\"feed-date\">\n            Published on 2026-03-16\n        <\/span>\n    \n    <\/div>\n\n\n\n\n\n            \n        <\/li>\n                    <li class=\"wpra-item feed-item \">\n            \n            \n\n    <a  href=\"https:\/\/www.dropbox.com\/scl\/fi\/b6csvpbfxu24vaezmo3es\/62bed0634df20e5ef35346439fdd423f_franquicias.pdf?rlkey=mfp2795s4n89mw35l0yeu2vl5&amp;e=2&amp;st=57kabuy0&amp;dl=0#new_tab\" target=\"_blank\" rel=\"nofollow\" class=\"\">Las franquicias espa\u00f1olas duplican su presencia en mercados for\u00e1neos<\/a>\n\n\n\n\n\n\n<div class=\"wprss-feed-meta\">\n            <span class=\"feed-source\">\n            Source:\n\n                            Distrito Emprendedores\n                    <\/span>\n    \n            <span class=\"feed-date\">\n            Published on 2026-03-11\n        <\/span>\n    \n    <\/div>\n\n\n\n\n\n            \n        <\/li>\n                    <li class=\"wpra-item feed-item \">\n            \n            \n\n    <a  href=\"https:\/\/distritoemprendedores.es\/blog\/5-errores-fatales-al-internacionalizar-tu-franquicia\/\" target=\"_blank\" rel=\"nofollow\" class=\"\">5 errores fatales al internacionalizar tu franquicia<\/a>\n\n\n\n\n\n\n<div class=\"wprss-feed-meta\">\n            <span class=\"feed-source\">\n            Source:\n\n                            Distrito Emprendedores\n                    <\/span>\n    \n            <span class=\"feed-date\">\n            Published on 2026-03-10\n        <\/span>\n    \n    <\/div>\n\n\n\n\n\n            \n        <\/li>\n                    <li class=\"wpra-item feed-item \">\n            \n            \n\n    <a  href=\"https:\/\/distritoemprendedores.es\/blog\/un-nuevo-prime-time-para-las-marcas-afterwork-tardeo-y-futbol-se-consolidan-como-los-grandes-motores-del-consumo-experiencial\/\" target=\"_blank\" rel=\"nofollow\" class=\"\">Un nuevo prime time para las marcas: afterwork, tardeo y f\u00fatbol se consolidan como los grandes motores del consumo experiencial<\/a>\n\n\n\n\n\n\n<div class=\"wprss-feed-meta\">\n            <span class=\"feed-source\">\n            Source:\n\n                            Distrito Emprendedores\n                    <\/span>\n    \n            <span class=\"feed-date\">\n            Published on 2026-03-09\n        <\/span>\n    \n    <\/div>\n\n\n\n\n\n            \n        <\/li>\n                    <li class=\"wpra-item feed-item \">\n            \n            \n\n    <a  href=\"https:\/\/distritoemprendedores.es\/blog\/la-ventaja-competitiva-esta-en-entender-como-pregunta-el-consumidor\/\" target=\"_blank\" rel=\"nofollow\" class=\"\">La ventaja competitiva est\u00e1 en entender c\u00f3mo pregunta el consumidor<\/a>\n\n\n\n\n\n\n<div class=\"wprss-feed-meta\">\n            <span class=\"feed-source\">\n            Source:\n\n                            Distrito Emprendedores\n                    <\/span>\n    \n            <span class=\"feed-date\">\n            Published on 2026-03-08\n        <\/span>\n    \n    <\/div>\n\n\n\n\n\n            \n        <\/li>\n                    <li class=\"wpra-item feed-item \">\n            \n            \n\n    <a  href=\"https:\/\/distritoemprendedores.es\/blog\/solo-el-7-de-los-espanoles-cree-a-las-marcas-cuando-comunican-sus-valores-con-hechos-demostrables\/\" target=\"_blank\" rel=\"nofollow\" class=\"\">Solo el 7% de los espa\u00f1oles cree a las marcas cuando comunican sus valores con hechos demostrables<\/a>\n\n\n\n\n\n\n<div class=\"wprss-feed-meta\">\n            <span class=\"feed-source\">\n            Source:\n\n                            Distrito Emprendedores\n                    <\/span>\n    \n            <span class=\"feed-date\">\n            Published on 2026-03-07\n        <\/span>\n    \n    <\/div>\n\n\n\n\n\n            \n        <\/li>\n                    <li class=\"wpra-item feed-item \">\n            \n            \n\n    <a  href=\"https:\/\/distritoemprendedores.es\/blog\/el-38-de-las-empresas-creadas-en-2019-ha-echado-ya-el-cierre\/\" target=\"_blank\" rel=\"nofollow\" class=\"\">El 38% de las empresas creadas en 2019 ha echado ya el cierre<\/a>\n\n\n\n\n\n\n<div class=\"wprss-feed-meta\">\n            <span class=\"feed-source\">\n            Source:\n\n                            Distrito Emprendedores\n                    <\/span>\n    \n            <span class=\"feed-date\">\n            Published on 2026-03-06\n        <\/span>\n    \n    <\/div>\n\n\n\n\n\n            \n        <\/li>\n                    <li class=\"wpra-item feed-item \">\n            \n            \n\n    <a  href=\"https:\/\/distritoemprendedores.es\/blog\/descubre-las-oportunidades-y-tendencias-en-el-mercado-de-la-franquicia-para-2026\/\" target=\"_blank\" rel=\"nofollow\" class=\"\">Descubre las oportunidades y tendencias en el mercado de la franquicia para 2026<\/a>\n\n\n\n\n\n\n<div class=\"wprss-feed-meta\">\n            <span class=\"feed-source\">\n            Source:\n\n                            Distrito Emprendedores\n                    <\/span>\n    \n            <span class=\"feed-date\">\n            Published on 2026-03-05\n        <\/span>\n    \n    <\/div>\n\n\n\n\n\n            \n        <\/li>\n                    <li class=\"wpra-item feed-item \">\n            \n            \n\n    <a  href=\"https:\/\/distritoemprendedores.es\/blog\/las-startups-de-salud-mas-punteras-del-mundo\/\" target=\"_blank\" rel=\"nofollow\" class=\"\">Las startups de salud m\u00e1s punteras del mundo<\/a>\n\n\n\n\n\n\n<div class=\"wprss-feed-meta\">\n            <span class=\"feed-source\">\n            Source:\n\n                            Distrito Emprendedores\n                    <\/span>\n    \n            <span class=\"feed-date\">\n            Published on 2026-03-04\n        <\/span>\n    \n    <\/div>\n\n\n\n\n\n            \n        <\/li>\n                    <li class=\"wpra-item feed-item \">\n            \n            \n\n    <a  href=\"https:\/\/distritoemprendedores.es\/blog\/puesta-en-marcha-de-un-negocio-primeros-pasos-para-validar-vender-y-controlar-la-tesoreria\/\" target=\"_blank\" rel=\"nofollow\" class=\"\">Puesta en marcha de un negocio: primeros pasos para validar, vender y controlar la tesorer\u00eda<\/a>\n\n\n\n\n\n\n<div class=\"wprss-feed-meta\">\n            <span class=\"feed-source\">\n            Source:\n\n                            Distrito Emprendedores\n                    <\/span>\n    \n            <span class=\"feed-date\">\n            Published on 2026-03-03\n        <\/span>\n    \n    <\/div>\n\n\n\n\n\n            \n        <\/li>\n                    <li class=\"wpra-item feed-item \">\n            \n            \n\n    <a  href=\"https:\/\/distritoemprendedores.es\/blog\/6-franquicias-sin-apenas-competencia-en-el-mercado\/\" target=\"_blank\" rel=\"nofollow\" class=\"\">6 franquicias sin apenas competencia en el mercado<\/a>\n\n\n\n\n\n\n<div class=\"wprss-feed-meta\">\n            <span class=\"feed-source\">\n            Source:\n\n                            Distrito Emprendedores\n                    <\/span>\n    \n            <span class=\"feed-date\">\n            Published on 2026-03-02\n        <\/span>\n    \n    <\/div>\n\n\n\n\n\n            \n        <\/li>\n                    <li class=\"wpra-item feed-item \">\n            \n            \n\n    <a  href=\"https:\/\/digistorage.es\/links\/71d78951-a420-4f5b-8de6-7b35ae7efc1c#new_tab\" target=\"_blank\" rel=\"nofollow\" class=\"\">Los algoritmos amenazan con filtrar las confesiones realizadas al abogado<\/a>\n\n\n\n\n\n\n<div class=\"wprss-feed-meta\">\n            <span class=\"feed-source\">\n            Source:\n\n                            Distrito Emprendedores\n                    <\/span>\n    \n            <span class=\"feed-date\">\n            Published on 2026-03-01\n        <\/span>\n    \n    <\/div>\n\n\n\n\n\n            \n        <\/li>\n                    <li class=\"wpra-item feed-item \">\n            \n            \n\n    <a  href=\"https:\/\/distritoemprendedores.es\/blog\/las-startups-que-mas-innovan-en-el-mundo\/\" target=\"_blank\" rel=\"nofollow\" class=\"\">Las startups que m\u00e1s innovan en el mundo<\/a>\n\n\n\n\n\n\n<div class=\"wprss-feed-meta\">\n            <span class=\"feed-source\">\n            Source:\n\n                            Distrito Emprendedores\n                    <\/span>\n    \n            <span class=\"feed-date\">\n            Published on 2026-02-28\n        <\/span>\n    \n    <\/div>\n\n\n\n\n\n            \n        <\/li>\n                    <li class=\"wpra-item feed-item \">\n            \n            \n\n    <a  href=\"https:\/\/distritoemprendedores.es\/blog\/tiktok-genera-31-000-millones-de-euros-para-las-empresas-europeas-y-3-000-millones-en-espana\/\" target=\"_blank\" rel=\"nofollow\" class=\"\">TikTok genera 31.000 millones de euros para las empresas europeas y 3.000 millones en Espa\u00f1a<\/a>\n\n\n\n\n\n\n<div class=\"wprss-feed-meta\">\n            <span class=\"feed-source\">\n            Source:\n\n                            Distrito Emprendedores\n                    <\/span>\n    \n            <span class=\"feed-date\">\n            Published on 2026-02-27\n        <\/span>\n    \n    <\/div>\n\n\n\n\n\n            \n        <\/li>\n                    <li class=\"wpra-item feed-item \">\n            \n            \n\n    <a  href=\"https:\/\/distritoemprendedores.es\/blog\/amazon-planea-un-marketplace-para-hacer-de-puente-entre-los-publishers-y-las-empresas-de-ia\/\" target=\"_blank\" rel=\"nofollow\" class=\"\">Amazon planea un \u00abmarketplace\u00bb para hacer de puente entre los \u00abpublishers\u00bb y las empresas de IA<\/a>\n\n\n\n\n\n\n<div class=\"wprss-feed-meta\">\n            <span class=\"feed-source\">\n            Source:\n\n                            Distrito Emprendedores\n                    <\/span>\n    \n            <span class=\"feed-date\">\n            Published on 2026-02-26\n        <\/span>\n    \n    <\/div>\n\n\n\n\n\n            \n        <\/li>\n        <\/ul>\n\n        \n<\/div>\n\n<\/div>\n\n<hr>\n<h3><strong>4. Toma descansos y mu\u00e9vete<\/strong><\/h3>\n<p>Aunque parezca mentira y pensemos que debamos estar la jornada de trabajo pegados a la silla de trabajo, esto no nos har\u00e1 ser m\u00e1s productos, todo lo contrario. Haz pausas para beber agua o prepararte un t\u00e9. Caminar un poco y estirar el cuerpo.<\/p>\n<p>Varias investigaciones&nbsp;han demostrado que los trabajadores m\u00e1s productivos se concentran durante 52 minutos para luego desconectar durante 17 minutos. Estos per\u00edodos de descanso ayudan a que la mente se refresque y desconecte lo suficiente para volver m\u00e1s preparada y abierta a afrontar las tareas desde otros \u00e1ngulos.<\/p>\n<h3><strong>5. Respeta los tiempos<\/strong><\/h3>\n<p>Suelo programar mis semanas los domingos por la tarde. Lo hago dividiendo el trabajo que tengo pendiente en bloques de tiempo a lo largo de la semana y, a su vez, a lo largo de cada d\u00eda.<\/p>\n<p>Dependiendo de la concentraci\u00f3n que necesite cada tarea, la situar\u00e9 a primeras horas del d\u00eda o a \u00faltimas. As\u00ed cuando tenga que hacer el estudio de mercado para el dise\u00f1o de una identidad corporativa o meterme a tocar c\u00f3digo de una web, colocar\u00e9 estas tareas bien temprano. Si tengo que dise\u00f1ar un cartel pues vendr\u00e1n en bloques de horas posteriores. Por \u00faltimo, ya sea programar las redes sociales o redactar emails lo dejar\u00e9 para \u00faltima hora.<\/p>\n<p>Adem\u00e1s del tema de trabajo, me gusta tambi\u00e9n programar las actividades de ocio, familiares o formaciones a las que asisto. Es tan importante trabajar como saber cuando parar.&nbsp;Ya que eres el due\u00f1o de tu tiempo \u00a1aprov\u00e9chalo y rompe las reglas! Puedes re-programar tu semana en cualquier momento \ud83d\ude00<\/p>\n<p>Y t\u00fa \u00bftrabajas desde casa tambi\u00e9n? \u00bfCu\u00e1les son sus estrategias para mantener su productividad y no despirtarte? \u00a1Comp\u00e1rtelas en los comentarios!<\/p>\n<p><a href=\"https:\/\/satyaestudio.es\/\"><em>Satya Estudios<\/em><\/a><\/p>\n<div id=\"telet-1551311323\" class=\"telet-despues-del-contenido telet-entity-placement\"><a target=\"_blank\" href=\"\/\/aff.lucushost.com\/resources\/click\/?n=gDxoXMAJ&aff=756\"><img decoding=\"async\" border=\"0\" alt=\"LucusHost, el mejor hosting\" src=\"\/\/aff.lucushost.com\/resources\/banners\/?zoneid=5123&n=gDxoXMAJ&aff=756\" \/><\/a><\/div>","protected":false},"excerpt":{"rendered":"<p>S\u00e9 que es el sue\u00f1o de muchos y el castigo de otros tantos tambi\u00e9n, ser productivo trabajando en casa no es tan f\u00e1cil como parece. Puedes caer en una espiral&hellip; <\/p>\n","protected":false},"author":1,"featured_media":817,"comment_status":"open","ping_status":"open","sticky":false,"template":"","format":"standard","meta":{"_jetpack_memberships_contains_paid_content":false,"footnotes":"","_links_to":"","_links_to_target":""},"categories":[9],"tags":[15,14],"class_list":["post-2637","post","type-post","status-publish","format-standard","has-post-thumbnail","hentry","category-ofimatica","tag-fuprisa","tag-jose-manuel-fuentes-prieto"],"nelio_content":{"autoShareEndMode":"never","automationSources":{"useCustomSentences":false,"customSentences":[]},"efiAlt":"","efiUrl":"","followers":[1],"highlights":[],"isAutoShareEnabled":true,"networkImageIds":[],"permalinkQueryArgs":[],"series":[],"suggestedReferences":[]},"jetpack_featured_media_url":"https:\/\/teletrabajoynegocios.com\/telesecretarias\/wp-content\/uploads\/sites\/2\/2020\/03\/Beneficios-secretaria-virtual_182.jpg","jetpack_sharing_enabled":true,"_links":{"self":[{"href":"https:\/\/teletrabajoynegocios.com\/telesecretarias\/wp-json\/wp\/v2\/posts\/2637","targetHints":{"allow":["GET"]}}],"collection":[{"href":"https:\/\/teletrabajoynegocios.com\/telesecretarias\/wp-json\/wp\/v2\/posts"}],"about":[{"href":"https:\/\/teletrabajoynegocios.com\/telesecretarias\/wp-json\/wp\/v2\/types\/post"}],"author":[{"embeddable":true,"href":"https:\/\/teletrabajoynegocios.com\/telesecretarias\/wp-json\/wp\/v2\/users\/1"}],"replies":[{"embeddable":true,"href":"https:\/\/teletrabajoynegocios.com\/telesecretarias\/wp-json\/wp\/v2\/comments?post=2637"}],"version-history":[{"count":1,"href":"https:\/\/teletrabajoynegocios.com\/telesecretarias\/wp-json\/wp\/v2\/posts\/2637\/revisions"}],"predecessor-version":[{"id":2638,"href":"https:\/\/teletrabajoynegocios.com\/telesecretarias\/wp-json\/wp\/v2\/posts\/2637\/revisions\/2638"}],"wp:featuredmedia":[{"embeddable":true,"href":"https:\/\/teletrabajoynegocios.com\/telesecretarias\/wp-json\/wp\/v2\/media\/817"}],"wp:attachment":[{"href":"https:\/\/teletrabajoynegocios.com\/telesecretarias\/wp-json\/wp\/v2\/media?parent=2637"}],"wp:term":[{"taxonomy":"category","embeddable":true,"href":"https:\/\/teletrabajoynegocios.com\/telesecretarias\/wp-json\/wp\/v2\/categories?post=2637"},{"taxonomy":"post_tag","embeddable":true,"href":"https:\/\/teletrabajoynegocios.com\/telesecretarias\/wp-json\/wp\/v2\/tags?post=2637"}],"curies":[{"name":"wp","href":"https:\/\/api.w.org\/{rel}","templated":true}]}}