{"id":2648,"date":"2020-12-04T10:40:22","date_gmt":"2020-12-04T09:40:22","guid":{"rendered":"https:\/\/teletrabajoynegocios.com\/telesecretarias\/?p=2648"},"modified":"2021-01-08T14:04:37","modified_gmt":"2021-01-08T13:04:37","slug":"como-convertir-un-simple-cuaderno-en-blanco-en-una-poderosa-herramienta-de-trabajo","status":"publish","type":"post","link":"https:\/\/teletrabajoynegocios.com\/telesecretarias\/como-convertir-un-simple-cuaderno-en-blanco-en-una-poderosa-herramienta-de-trabajo\/","title":{"rendered":"C\u00f3mo convertir un simple cuaderno en blanco en una poderosa herramienta de trabajo"},"content":{"rendered":"<div id=\"telet-4212624694\" class=\"telet-antes-del-contenido telet-entity-placement\"><a href=\"https:\/\/quaderno.io\/?via=jose-manuel94\" aria-label=\"Quaderno General (Spanish) &#8211; 728&#215;90\"><img loading=\"lazy\" decoding=\"async\" src=\"https:\/\/teletrabajoynegocios.com\/telesecretarias\/wp-content\/uploads\/sites\/2\/2020\/11\/Quaderno-General-Spanish-728x90-1.png\" alt=\"\"  srcset=\"https:\/\/teletrabajoynegocios.com\/telesecretarias\/wp-content\/uploads\/sites\/2\/2020\/11\/Quaderno-General-Spanish-728x90-1.png 728w, https:\/\/teletrabajoynegocios.com\/telesecretarias\/wp-content\/uploads\/sites\/2\/2020\/11\/Quaderno-General-Spanish-728x90-1-300x37.png 300w\" sizes=\"(max-width: 728px) 100vw, 728px\" width=\"728\" height=\"90\"   \/><\/a><\/div><p>Ya sea porque la pandemia tiene tu manera normal de organizarte fuera de control, o simplemente porque est\u00e1s buscando un nuevo enfoque, un nuevo cuaderno en blanco puede ser un agradecido respiro de las agendas llenas de pegatinas y recordatorios que est\u00e1n desbordando el mercado hoy en d\u00eda.<\/p>\n<p><strong>Cuando eliges el cuaderno en blanco, puedes crear una herramienta conveniente y personalizable para organizar tu vida<\/strong>, que verdaderamente tenga sentido.<\/p>\n<p>Echemos un vistazo a c\u00f3mo puedes usar un cuaderno para ayudarte a estabilizar tus pensamientos,&nbsp;<a href=\"https:\/\/facilethings.com\/blog\/es\/daily-plan\">planificar tu d\u00eda<\/a>&nbsp;(y tu semana) y permitirte prosperar con la confianza de que no te olvidas de los recados, las citas o las cosas de tu lista de tareas.<\/p>\n<h3>Para empezar: consigue un cuaderno (y otro material de papeler\u00eda) que te encante<\/h3>\n<p>Piensa en cuando estabas en primaria. \u00bfTe acuerdas de lo que te ilusionaba comprar el material escolar? El sentimiento de abrir las carpetas a\u00fan sin usar, los bolis y los l\u00e1pices nuevos, y los cuadernos vac\u00edos significaban que el a\u00f1o era a\u00fan una tabula rasa y eso te daba la inspiraci\u00f3n y motivaci\u00f3n para hacerlo bien.<\/p>\n<p>Un cuaderno nuevo y sin estrenar que te encante, junto con unos nuevos bol\u00edgrafos, puede recrear ese sentimiento en tu vida adulta.<\/p>\n<p>T\u00f3mate tu tiempo cuando elijas el cuaderno. Piensa en el dise\u00f1o de las tapas, el tama\u00f1o de las hojas, y el estilo de libreta que m\u00e1s sentido tenga para tus necesidades, y ponte a buscar. No elijas el primer cuaderno con el que te cruces en la tienda.<\/p>\n<p>Prioriza uno que se adapte a tu persona o a tu trabajo, y preferiblemente, ten en cuenta el medio ambiente y elige uno que sea eco-friendly, hecho de&nbsp;<a href=\"https:\/\/decomposition.com\/product-category\/recycled-notebooks\/\" target=\"_blank\" rel=\"noopener noreferrer\">papel reciclado<\/a>. Cuanto m\u00e1s tiempo le dediques a meditar tu decisi\u00f3n, m\u00e1s probable es que mantengas el cuaderno como herramienta para organizarte.<\/p>\n<h3>Lo siguiente, elige tu formato de organizaci\u00f3n<\/h3>\n<p>Tanto si utilizas el cuaderno para gestionar el equipo que supervisas, para llevar un control de tu vida laboral, o una&nbsp;<strong>organizaci\u00f3n mixta de tu vida personal y profesional<\/strong>, querr\u00e1s elegir el formato que mejor te encaje. Una de las mejores cosas de elegir un cuaderno en blanco es que no te est\u00e1s comprometiendo con ning\u00fan m\u00e9todo de organizaci\u00f3n. Prueba con estas opciones hasta llegar a una que se ajuste a tus necesidades.<\/p>\n<h4>Cajas<\/h4>\n<p>Organizar tu cuaderno en cajas, como un calendario de escritorio, puede ser una opci\u00f3n viable. Uno de los beneficios de usar un cuaderno en blanco es que puedes hacer cajas m\u00e1s grandes para las semanas m\u00e1s ocupadas, y en las que menos, hacer las cajas m\u00e1s peque\u00f1as. Puedes elegir hacer cajas de una semana a lo largo de dos p\u00e1ginas o extender a\u00fan m\u00e1s tu semana.<\/p>\n<h4>Listas verticales<\/h4>\n<p>\u00bfPrefieres extensiones m\u00e1s amplias de espacios en blanco, que as\u00ed te dejen seguir a\u00f1adiendo a las listas a lo largo del d\u00eda? Las columnas verticales puede que sea lo que m\u00e1s te funcione. Puedes desglosar tu d\u00eda por horas si es necesario o poner las tareas por orden de importancia.<\/p>\n<h4>P\u00e1gina por d\u00eda<\/h4>\n<p>Para muchos profesionales ocupados, las&nbsp;<a href=\"https:\/\/medium.com\/swlh\/how-to-finish-more-of-your-never-ending-to-do-list-d361cd697a30\" target=\"_blank\" rel=\"noopener noreferrer\">listas de tareas son interminables<\/a>, y puede resultar \u00fatil tener una p\u00e1gina completa por d\u00eda. Usando este m\u00e9todo hay profesionales que prefieren separar sus tareas en tres categor\u00edas: deben completar hoy, esta semana y tareas en curso.<\/p>\n<hr>\n<p><img decoding=\"async\" src=\"https:\/\/teletrabajoynegocios.com\/teletrabajador\/wp-content\/uploads\/sites\/3\/2020\/07\/articulos.png\"><\/p>\n<div class=\"wp-rss-template-container\" data-wpra-template=\"default\" data-template-ctx=\"W10=\">\n    <div class=\"wp-rss-aggregator wpra-list-template  \" data-page=\"1\">\n    \n    \n<ul class=\"wpra-item-list rss-aggregator wpra-item-list--bullets wpra-item-list--default\"\n    start=\"1\">\n                        <li class=\"wpra-item feed-item \">\n            \n            \n\n    <a  href=\"https:\/\/distritoemprendedores.com\/blog\/2026\/03\/16\/hello-world\/\" target=\"_blank\" rel=\"nofollow\" class=\"\">Hello world!<\/a>\n\n\n\n\n\n\n<div class=\"wprss-feed-meta\">\n            <span class=\"feed-source\">\n            Source:\n\n                            Distrito Emprendedores\n                    <\/span>\n    \n            <span class=\"feed-date\">\n            Published on 2026-03-16\n        <\/span>\n    \n    <\/div>\n\n\n\n\n\n            \n        <\/li>\n                    <li class=\"wpra-item feed-item \">\n            \n            \n\n    <a  href=\"https:\/\/www.dropbox.com\/scl\/fi\/b6csvpbfxu24vaezmo3es\/62bed0634df20e5ef35346439fdd423f_franquicias.pdf?rlkey=mfp2795s4n89mw35l0yeu2vl5&amp;e=2&amp;st=57kabuy0&amp;dl=0#new_tab\" target=\"_blank\" rel=\"nofollow\" class=\"\">Las franquicias espa\u00f1olas duplican su presencia en mercados for\u00e1neos<\/a>\n\n\n\n\n\n\n<div class=\"wprss-feed-meta\">\n            <span class=\"feed-source\">\n            Source:\n\n                            Distrito Emprendedores\n                    <\/span>\n    \n            <span class=\"feed-date\">\n            Published on 2026-03-11\n        <\/span>\n    \n    <\/div>\n\n\n\n\n\n            \n        <\/li>\n                    <li class=\"wpra-item feed-item \">\n            \n            \n\n    <a  href=\"https:\/\/distritoemprendedores.es\/blog\/5-errores-fatales-al-internacionalizar-tu-franquicia\/\" target=\"_blank\" rel=\"nofollow\" class=\"\">5 errores fatales al internacionalizar tu franquicia<\/a>\n\n\n\n\n\n\n<div class=\"wprss-feed-meta\">\n            <span class=\"feed-source\">\n            Source:\n\n                            Distrito Emprendedores\n                    <\/span>\n    \n            <span class=\"feed-date\">\n            Published on 2026-03-10\n        <\/span>\n    \n    <\/div>\n\n\n\n\n\n            \n        <\/li>\n                    <li class=\"wpra-item feed-item \">\n            \n            \n\n    <a  href=\"https:\/\/distritoemprendedores.es\/blog\/un-nuevo-prime-time-para-las-marcas-afterwork-tardeo-y-futbol-se-consolidan-como-los-grandes-motores-del-consumo-experiencial\/\" target=\"_blank\" rel=\"nofollow\" class=\"\">Un nuevo prime time para las marcas: afterwork, tardeo y f\u00fatbol se consolidan como los grandes motores del consumo experiencial<\/a>\n\n\n\n\n\n\n<div class=\"wprss-feed-meta\">\n            <span class=\"feed-source\">\n            Source:\n\n                            Distrito Emprendedores\n                    <\/span>\n    \n            <span class=\"feed-date\">\n            Published on 2026-03-09\n        <\/span>\n    \n    <\/div>\n\n\n\n\n\n            \n        <\/li>\n                    <li class=\"wpra-item feed-item \">\n            \n            \n\n    <a  href=\"https:\/\/distritoemprendedores.es\/blog\/la-ventaja-competitiva-esta-en-entender-como-pregunta-el-consumidor\/\" target=\"_blank\" rel=\"nofollow\" class=\"\">La ventaja competitiva est\u00e1 en entender c\u00f3mo pregunta el consumidor<\/a>\n\n\n\n\n\n\n<div class=\"wprss-feed-meta\">\n            <span class=\"feed-source\">\n            Source:\n\n                            Distrito Emprendedores\n                    <\/span>\n    \n            <span class=\"feed-date\">\n            Published on 2026-03-08\n        <\/span>\n    \n    <\/div>\n\n\n\n\n\n            \n        <\/li>\n                    <li class=\"wpra-item feed-item \">\n            \n            \n\n    <a  href=\"https:\/\/distritoemprendedores.es\/blog\/solo-el-7-de-los-espanoles-cree-a-las-marcas-cuando-comunican-sus-valores-con-hechos-demostrables\/\" target=\"_blank\" rel=\"nofollow\" class=\"\">Solo el 7% de los espa\u00f1oles cree a las marcas cuando comunican sus valores con hechos demostrables<\/a>\n\n\n\n\n\n\n<div class=\"wprss-feed-meta\">\n            <span class=\"feed-source\">\n            Source:\n\n                            Distrito Emprendedores\n                    <\/span>\n    \n            <span class=\"feed-date\">\n            Published on 2026-03-07\n        <\/span>\n    \n    <\/div>\n\n\n\n\n\n            \n        <\/li>\n                    <li class=\"wpra-item feed-item \">\n            \n            \n\n    <a  href=\"https:\/\/distritoemprendedores.es\/blog\/el-38-de-las-empresas-creadas-en-2019-ha-echado-ya-el-cierre\/\" target=\"_blank\" rel=\"nofollow\" class=\"\">El 38% de las empresas creadas en 2019 ha echado ya el cierre<\/a>\n\n\n\n\n\n\n<div class=\"wprss-feed-meta\">\n            <span class=\"feed-source\">\n            Source:\n\n                            Distrito Emprendedores\n                    <\/span>\n    \n            <span class=\"feed-date\">\n            Published on 2026-03-06\n        <\/span>\n    \n    <\/div>\n\n\n\n\n\n            \n        <\/li>\n                    <li class=\"wpra-item feed-item \">\n            \n            \n\n    <a  href=\"https:\/\/distritoemprendedores.es\/blog\/descubre-las-oportunidades-y-tendencias-en-el-mercado-de-la-franquicia-para-2026\/\" target=\"_blank\" rel=\"nofollow\" class=\"\">Descubre las oportunidades y tendencias en el mercado de la franquicia para 2026<\/a>\n\n\n\n\n\n\n<div class=\"wprss-feed-meta\">\n            <span class=\"feed-source\">\n            Source:\n\n                            Distrito Emprendedores\n                    <\/span>\n    \n            <span class=\"feed-date\">\n            Published on 2026-03-05\n        <\/span>\n    \n    <\/div>\n\n\n\n\n\n            \n        <\/li>\n                    <li class=\"wpra-item feed-item \">\n            \n            \n\n    <a  href=\"https:\/\/distritoemprendedores.es\/blog\/las-startups-de-salud-mas-punteras-del-mundo\/\" target=\"_blank\" rel=\"nofollow\" class=\"\">Las startups de salud m\u00e1s punteras del mundo<\/a>\n\n\n\n\n\n\n<div class=\"wprss-feed-meta\">\n            <span class=\"feed-source\">\n            Source:\n\n                            Distrito Emprendedores\n                    <\/span>\n    \n            <span class=\"feed-date\">\n            Published on 2026-03-04\n        <\/span>\n    \n    <\/div>\n\n\n\n\n\n            \n        <\/li>\n                    <li class=\"wpra-item feed-item \">\n            \n            \n\n    <a  href=\"https:\/\/distritoemprendedores.es\/blog\/puesta-en-marcha-de-un-negocio-primeros-pasos-para-validar-vender-y-controlar-la-tesoreria\/\" target=\"_blank\" rel=\"nofollow\" class=\"\">Puesta en marcha de un negocio: primeros pasos para validar, vender y controlar la tesorer\u00eda<\/a>\n\n\n\n\n\n\n<div class=\"wprss-feed-meta\">\n            <span class=\"feed-source\">\n            Source:\n\n                            Distrito Emprendedores\n                    <\/span>\n    \n            <span class=\"feed-date\">\n            Published on 2026-03-03\n        <\/span>\n    \n    <\/div>\n\n\n\n\n\n            \n        <\/li>\n                    <li class=\"wpra-item feed-item \">\n            \n            \n\n    <a  href=\"https:\/\/distritoemprendedores.es\/blog\/6-franquicias-sin-apenas-competencia-en-el-mercado\/\" target=\"_blank\" rel=\"nofollow\" class=\"\">6 franquicias sin apenas competencia en el mercado<\/a>\n\n\n\n\n\n\n<div class=\"wprss-feed-meta\">\n            <span class=\"feed-source\">\n            Source:\n\n                            Distrito Emprendedores\n                    <\/span>\n    \n            <span class=\"feed-date\">\n            Published on 2026-03-02\n        <\/span>\n    \n    <\/div>\n\n\n\n\n\n            \n        <\/li>\n                    <li class=\"wpra-item feed-item \">\n            \n            \n\n    <a  href=\"https:\/\/digistorage.es\/links\/71d78951-a420-4f5b-8de6-7b35ae7efc1c#new_tab\" target=\"_blank\" rel=\"nofollow\" class=\"\">Los algoritmos amenazan con filtrar las confesiones realizadas al abogado<\/a>\n\n\n\n\n\n\n<div class=\"wprss-feed-meta\">\n            <span class=\"feed-source\">\n            Source:\n\n                            Distrito Emprendedores\n                    <\/span>\n    \n            <span class=\"feed-date\">\n            Published on 2026-03-01\n        <\/span>\n    \n    <\/div>\n\n\n\n\n\n            \n        <\/li>\n                    <li class=\"wpra-item feed-item \">\n            \n            \n\n    <a  href=\"https:\/\/distritoemprendedores.es\/blog\/las-startups-que-mas-innovan-en-el-mundo\/\" target=\"_blank\" rel=\"nofollow\" class=\"\">Las startups que m\u00e1s innovan en el mundo<\/a>\n\n\n\n\n\n\n<div class=\"wprss-feed-meta\">\n            <span class=\"feed-source\">\n            Source:\n\n                            Distrito Emprendedores\n                    <\/span>\n    \n            <span class=\"feed-date\">\n            Published on 2026-02-28\n        <\/span>\n    \n    <\/div>\n\n\n\n\n\n            \n        <\/li>\n                    <li class=\"wpra-item feed-item \">\n            \n            \n\n    <a  href=\"https:\/\/distritoemprendedores.es\/blog\/tiktok-genera-31-000-millones-de-euros-para-las-empresas-europeas-y-3-000-millones-en-espana\/\" target=\"_blank\" rel=\"nofollow\" class=\"\">TikTok genera 31.000 millones de euros para las empresas europeas y 3.000 millones en Espa\u00f1a<\/a>\n\n\n\n\n\n\n<div class=\"wprss-feed-meta\">\n            <span class=\"feed-source\">\n            Source:\n\n                            Distrito Emprendedores\n                    <\/span>\n    \n            <span class=\"feed-date\">\n            Published on 2026-02-27\n        <\/span>\n    \n    <\/div>\n\n\n\n\n\n            \n        <\/li>\n                    <li class=\"wpra-item feed-item \">\n            \n            \n\n    <a  href=\"https:\/\/distritoemprendedores.es\/blog\/amazon-planea-un-marketplace-para-hacer-de-puente-entre-los-publishers-y-las-empresas-de-ia\/\" target=\"_blank\" rel=\"nofollow\" class=\"\">Amazon planea un \u00abmarketplace\u00bb para hacer de puente entre los \u00abpublishers\u00bb y las empresas de IA<\/a>\n\n\n\n\n\n\n<div class=\"wprss-feed-meta\">\n            <span class=\"feed-source\">\n            Source:\n\n                            Distrito Emprendedores\n                    <\/span>\n    \n            <span class=\"feed-date\">\n            Published on 2026-02-26\n        <\/span>\n    \n    <\/div>\n\n\n\n\n\n            \n        <\/li>\n        <\/ul>\n\n        \n<\/div>\n\n<\/div>\n\n<hr>\n<h3>Tu pr\u00f3ximo paso: empieza a pensar en tus tareas diarias, semanales y mensuales.<\/h3>\n<p>Puede ser complicado acordarte de todo lo que tienes que hacer en un d\u00eda, semana o mes. Tener varias&nbsp;<a href=\"https:\/\/facilethings.com\/blog\/es\/brainstorming-mind-mapping\">lluvias de ideas<\/a>&nbsp;para empezar a llenar tu agenda puede ser muy \u00fatil para tu&nbsp;<strong>nuevo proceso de organizaci\u00f3n personalizada<\/strong>. Es normal ilusionarse por un nuevo formato de organizaci\u00f3n y querer completar tus tareas semanales, y mensuales de golpe, pero probablemente se te queden cosas fuera si tratas de hacerlo todo de una vez.<\/p>\n<h3>Establece objetivos<\/h3>\n<p>No permitas que tu organizador se empantane con todas las cosas que debes hacer \u2014 tambi\u00e9n hay espacio para las cosas que quieres hacer. Ya sea pasar m\u00e1s tiempo con tu familia, mejorar tu salud, o salir de la oficina a una hora razonable, tu agenda es un gran sitio para empezar a&nbsp;<strong>monitorizar el progreso de tus metas personales y profesionales<\/strong>.&nbsp;<a href=\"https:\/\/facilethings.com\/blog\/es\/being-organized\">Cuando te organizas<\/a>, es m\u00e1s f\u00e1cil que encuentres momentos de tiempo libre que puedas dedicar a hacer que tu vida sea m\u00e1s satisfactoria.<\/p>\n<h3>Ten citas semanales contigo mismo, y c\u00famplelas.<\/h3>\n<p>Organizar tu trabajo y tus tareas personales no es un proyecto de un momento. Necesitas volver a tu organizador semana tras semana. Decide un momento cada semana (mucha gente prefiere los domingos por la tarde) en el que&nbsp;<strong>mirar a la semana que viene<\/strong>, a\u00f1adir tareas, y eliminar lo que ya no sea relevante. No te olvides, decide el momento de la cita en tu agenda y enti\u00e9ndelo como un compromiso al que no puedes faltar.<\/p>\n<h3>Ensayo y error es la clave: qu\u00e9date con lo que funciona, cambia lo que no lo haga.<\/h3>\n<p>Cuando pruebas nuevos m\u00e9todos de organizaci\u00f3n,&nbsp;<strong>tardar\u00e1s un tiempo en hacerlo bien<\/strong>. No te machaques si algo no sale tan bien como quer\u00edas; eso es justo lo que te permite la libertad que aporta un cuaderno en blanco. Simplemente cambia a un nuevo formato, int\u00e9ntalo de nuevo, y reeval\u00faa una vez hayas dedicado tiempo a descubrir qu\u00e9 m\u00e9todos son mejores para ti.<\/p>\n<p><a href=\"https:\/\/facilethings.com\/\"><em>Lori Wade<\/em><\/a><\/p>\n<div id=\"telet-2560925963\" class=\"telet-despues-del-contenido telet-entity-placement\"><a target=\"_blank\" href=\"\/\/aff.lucushost.com\/resources\/click\/?n=gDxoXMAJ&aff=756\"><img decoding=\"async\" border=\"0\" alt=\"LucusHost, el mejor hosting\" src=\"\/\/aff.lucushost.com\/resources\/banners\/?zoneid=5123&n=gDxoXMAJ&aff=756\" \/><\/a><\/div>","protected":false},"excerpt":{"rendered":"<p>Ya sea porque la pandemia tiene tu manera normal de organizarte fuera de control, o simplemente porque est\u00e1s buscando un nuevo enfoque, un nuevo cuaderno en blanco puede ser un&hellip; <\/p>\n","protected":false},"author":1,"featured_media":2649,"comment_status":"open","ping_status":"open","sticky":false,"template":"","format":"standard","meta":{"_jetpack_memberships_contains_paid_content":false,"footnotes":"","_links_to":"","_links_to_target":""},"categories":[9],"tags":[15,14],"class_list":["post-2648","post","type-post","status-publish","format-standard","has-post-thumbnail","hentry","category-ofimatica","tag-fuprisa","tag-jose-manuel-fuentes-prieto"],"nelio_content":{"autoShareEndMode":"never","automationSources":{"useCustomSentences":false,"customSentences":[]},"efiAlt":"","efiUrl":"","followers":[1],"highlights":[],"isAutoShareEnabled":true,"networkImageIds":[],"permalinkQueryArgs":[],"series":[],"suggestedReferences":[]},"jetpack_featured_media_url":"https:\/\/teletrabajoynegocios.com\/telesecretarias\/wp-content\/uploads\/sites\/2\/2020\/12\/notebook-tool.jpg","jetpack_sharing_enabled":true,"_links":{"self":[{"href":"https:\/\/teletrabajoynegocios.com\/telesecretarias\/wp-json\/wp\/v2\/posts\/2648","targetHints":{"allow":["GET"]}}],"collection":[{"href":"https:\/\/teletrabajoynegocios.com\/telesecretarias\/wp-json\/wp\/v2\/posts"}],"about":[{"href":"https:\/\/teletrabajoynegocios.com\/telesecretarias\/wp-json\/wp\/v2\/types\/post"}],"author":[{"embeddable":true,"href":"https:\/\/teletrabajoynegocios.com\/telesecretarias\/wp-json\/wp\/v2\/users\/1"}],"replies":[{"embeddable":true,"href":"https:\/\/teletrabajoynegocios.com\/telesecretarias\/wp-json\/wp\/v2\/comments?post=2648"}],"version-history":[{"count":2,"href":"https:\/\/teletrabajoynegocios.com\/telesecretarias\/wp-json\/wp\/v2\/posts\/2648\/revisions"}],"predecessor-version":[{"id":2657,"href":"https:\/\/teletrabajoynegocios.com\/telesecretarias\/wp-json\/wp\/v2\/posts\/2648\/revisions\/2657"}],"wp:featuredmedia":[{"embeddable":true,"href":"https:\/\/teletrabajoynegocios.com\/telesecretarias\/wp-json\/wp\/v2\/media\/2649"}],"wp:attachment":[{"href":"https:\/\/teletrabajoynegocios.com\/telesecretarias\/wp-json\/wp\/v2\/media?parent=2648"}],"wp:term":[{"taxonomy":"category","embeddable":true,"href":"https:\/\/teletrabajoynegocios.com\/telesecretarias\/wp-json\/wp\/v2\/categories?post=2648"},{"taxonomy":"post_tag","embeddable":true,"href":"https:\/\/teletrabajoynegocios.com\/telesecretarias\/wp-json\/wp\/v2\/tags?post=2648"}],"curies":[{"name":"wp","href":"https:\/\/api.w.org\/{rel}","templated":true}]}}