{"id":2678,"date":"2020-12-10T10:51:05","date_gmt":"2020-12-10T09:51:05","guid":{"rendered":"https:\/\/teletrabajoynegocios.com\/telesecretarias\/?p=2678"},"modified":"2020-12-08T09:55:51","modified_gmt":"2020-12-08T08:55:51","slug":"todo-lo-que-no-te-han-dicho-sobre-las-stories-en-linkedin","status":"publish","type":"post","link":"https:\/\/teletrabajoynegocios.com\/telesecretarias\/todo-lo-que-no-te-han-dicho-sobre-las-stories-en-linkedin\/","title":{"rendered":"Todo lo que no te han dicho sobre las stories en LinkedIn"},"content":{"rendered":"<div id=\"telet-1916188809\" class=\"telet-antes-del-contenido telet-entity-placement\"><a href=\"https:\/\/quaderno.io\/?via=jose-manuel94\" aria-label=\"Quaderno General (Spanish) &#8211; 728&#215;90\"><img loading=\"lazy\" decoding=\"async\" src=\"https:\/\/teletrabajoynegocios.com\/telesecretarias\/wp-content\/uploads\/sites\/2\/2020\/11\/Quaderno-General-Spanish-728x90-1.png\" alt=\"\"  srcset=\"https:\/\/teletrabajoynegocios.com\/telesecretarias\/wp-content\/uploads\/sites\/2\/2020\/11\/Quaderno-General-Spanish-728x90-1.png 728w, https:\/\/teletrabajoynegocios.com\/telesecretarias\/wp-content\/uploads\/sites\/2\/2020\/11\/Quaderno-General-Spanish-728x90-1-300x37.png 300w\" sizes=\"(max-width: 728px) 100vw, 728px\" width=\"728\" height=\"90\"   \/><\/a><\/div><p>LAS STORIES EN LINKEDIN SON LO MEJOR\u2026. \u00bfO no?&nbsp;<\/p>\n<p>Lo que est\u00e1 claro es que son lo m\u00e1s llamativo de las novedades de 2020. Al igual que Instagram o Facebook, su duraci\u00f3n es limitada (20 segundos durante 24 horas en el aire), se pueden utilizar stickers, hacer v\u00eddeos cortos, mencionar a otros usuarios (@) y controlar qui\u00e9n tiene acceso para ver tu contenido.&nbsp;<\/p>\n<p>Tambi\u00e9n podr\u00e1s compartir historias desde tu p\u00e1gina de empresa o desde las empresas que administres. Todo eso est\u00e1 muy bien para poder mostrar tus productos e&nbsp;<b>interactuar con tu cliente de manera m\u00e1s directa<\/b>, e incluso te dar\u00e1 m\u00e1s oportunidades para establecer una conversaci\u00f3n con ellos\/ellas.&nbsp;<\/p>\n<p>Es m\u00e1s,&nbsp;<b>las stories tambi\u00e9n se adaptan a las personalidades de cada uno<\/b>. Y antes de ponernos a votar qu\u00e9 tipo de personalidad es mejor te dir\u00e9 que toda personalidad tiene sus ventajas y desventajas. Solo tienes que darte cuenta de qu\u00e9 tipo de personalidad tienes t\u00fa y asumirla.<\/p>\n<p>Hay dos tipos de creadores de contenido seg\u00fan su personalidad:<\/p>\n<p><b>1. Los planificadores o los que viven con antelaci\u00f3n<\/b>: si tienes este tipo de personalidad vas a poder enfocar tus objetivos de manera m\u00e1s sencilla.<\/p>\n<p>Reconozc\u00e1moslo, tener un car\u00e1cter \u201cplanificador\u201d es una ventaja a la hora de crear y compartir contenido.<\/p>\n<p>Podr\u00e1s incluir las historias en tu estrategia de marketing, visualizar detalladamente tus pr\u00f3ximas publicaciones, evitar\u00e1s repetir contenido y te dar\u00e1s cuenta el mismo d\u00eda de qu\u00e9 contenido le interesa a tu audiencia (\u00bfQu\u00e9 stories tienen m\u00e1s \u00e9xito? \u00bfCu\u00e1ndo interact\u00faa m\u00e1s tu audiencia?), lo que te dar\u00e1 tiempo de sobra para mejorar.<\/p>\n<p><b>2. Los impulsivos o los que viven al d\u00eda<\/b>: si eres as\u00ed, la planificaci\u00f3n no es tu fuerte&nbsp; pero tambi\u00e9n tienes alguna ventaja importante (te confieso que yo misma pertenezco a este grupo).<\/p>\n<p>Para ti, ser\u00e1 f\u00e1cil transmitir en tus stories las cosas \u201ccuando ocurran\u201d, que es lo que precisamente pretenden estas stories.<\/p>\n<p>Ser aut\u00e9ntico, instintivo, impulsivo y compartir de manera instant\u00e1nea, incluso cosas banales, te acercar\u00e1 a tu p\u00fablico.<br \/>\n&nbsp;<\/p>\n<p>Si est\u00e1s en esta tipolog\u00eda eres de los que no tienen que&nbsp; pensar muy bien en cada palabra que escoges para ese art\u00edculo que compartes o qu\u00e9 encuadre es el mejor para esa fotograf\u00eda\u2026 Es posible que publiques durante tu jornada laboral c\u00f3mo le da el sol del amanecer a tu oficina, o tu proceso de elaboraci\u00f3n de un producto\u2026 Tu cliente te conocer\u00e1 mejor y seguramente se sienta m\u00e1s c\u00f3modo para establecer una relaci\u00f3n profesional contigo.&nbsp;<\/p>\n<p>\u00bfQui\u00e9n eres t\u00fa? \u00bfTe has analizado? Entonces ver\u00e1s que\u2026<\/p>\n<p><b>Si eres planificador<\/b>: las stories en LinkedIn te deber\u00edan ayudar a ser m\u00e1s natural. Seguramente te encuentres con que un d\u00eda quieras compartir algo que est\u00e1 pasando en ese preciso momento y que tiene una caducidad de segundos. Con las stories en mente, aprovechar\u00e1s para grabar ese rato \u00fanico que est\u00e1 ocurriendo en tu oficina o ese evento de team building tan bueno.&nbsp;<\/p>\n<p><b>Si eres impulsivo<\/b>: las stories en LinkedIn te deber\u00edan ayudar a planificar. Con el tiempo ver\u00e1s que tus clientes reaccionan m\u00e1s o menos con determinado contenido. Eso te har\u00e1 recapacitar para pensar mejor en qu\u00e9 cosas quieres compartir y as\u00ed generar contenido de mayor calidad.&nbsp;<\/p>\n<p>\u00bfA que suena bien? Aunque mi recomendaci\u00f3n es que para trabajar tus flaquezas contrates a un profesional, ya habr\u00e1s comprobado que solo con las stories vas a poder reforzar un poco tus debilidades.&nbsp;<\/p>\n<p>PERO\u2026 (\u201c\u00a1Oh, no! \u00a1Siempre hay un pero!\u201d)<\/p>\n<p>Hay cosas que no te han contado todav\u00eda. Y aqu\u00ed estoy yo para&nbsp;spoilear&nbsp;la bonita realidad de las stories de LinkedIn y para que t\u00fa no seas de los que se quedan en la superficie. \u00bfPreparado\/a?&nbsp;<\/p>\n<p>P.D. Otro spoiler: hay final feliz<\/p>\n<section class=\"elementor-section elementor-top-section elementor-element elementor-element-684462a elementor-section-boxed elementor-section-height-default elementor-section-height-default\" data-id=\"684462a\" data-element_type=\"section\">\n<div class=\"elementor-container elementor-column-gap-default\">\n<div class=\"elementor-row\">\n<div class=\"elementor-column elementor-col-100 elementor-top-column elementor-element elementor-element-994b0c3\" data-id=\"994b0c3\" data-element_type=\"column\">\n<div class=\"elementor-column-wrap elementor-element-populated\">\n<div class=\"elementor-widget-wrap\">\n<div class=\"elementor-element elementor-element-fe6e501 elementor-widget elementor-widget-text-editor\" data-id=\"fe6e501\" data-element_type=\"widget\" data-widget_type=\"text-editor.default\">\n<div class=\"elementor-widget-container\">\n<div class=\"elementor-text-editor elementor-clearfix\">\n<h2><span id=\"Los_aspectos_negativos_de_las_stories_en_LinkedIn\"><b>Los aspectos negativos de las stories en LinkedIn<\/b><\/span><\/h2>\n<h3><span id=\"i-2\">&nbsp;<\/span><\/h3>\n<h3><span id=\"1_La_confusion\"><b>1. La confusi\u00f3n&nbsp;<\/b><\/span><\/h3>\n<p>Eso es lo que est\u00e1n sufriendo muchos profesionales con las LinkedIn Stories al empezar a tratar LinkedIn como una red social cualquiera.&nbsp;<\/p>\n<p>Por supuesto que LinkedIn es una red social, pero no perdamos el norte con las stories y ojo con usarla s\u00f3lo como tal. LinkedIn es una HERRAMIENTA DE VENTA para aquellas empresas que quieren generar negocio. Es la mejor herramienta que tenemos hoy en d\u00eda las&nbsp;<b>empresas y aut\u00f3nomos para demostrar nuestro valor en el mercado<\/b>.&nbsp;<\/p>\n<p>Hay contenido que s\u00f3lo es apropiado en redes sociales como Facebook o Instagram, como fotos de tus mascotas o lo que has comido ese d\u00eda. Ya sabemos que ese contenido genera mucha interacci\u00f3n, pero ESO NO ES PARA LINKEDIN.&nbsp;<\/p>\n<\/div>\n<\/div>\n<\/div>\n<\/div>\n<\/div>\n<\/div>\n<\/div>\n<\/div>\n<\/section>\n<section class=\"elementor-section elementor-top-section elementor-element elementor-element-501a526 elementor-section-boxed elementor-section-height-default elementor-section-height-default\" data-id=\"501a526\" data-element_type=\"section\">\n<div class=\"elementor-container elementor-column-gap-default\">\n<div class=\"elementor-row\">\n<div class=\"elementor-column elementor-col-100 elementor-top-column elementor-element elementor-element-1271b37\" data-id=\"1271b37\" data-element_type=\"column\">\n<div class=\"elementor-column-wrap elementor-element-populated\">\n<div class=\"elementor-widget-wrap\">\n<div class=\"elementor-element elementor-element-66faa44 elementor-widget elementor-widget-text-editor\" data-id=\"66faa44\" data-element_type=\"widget\" data-widget_type=\"text-editor.default\">\n<div class=\"elementor-widget-container\">\n<div class=\"elementor-text-editor elementor-clearfix\">\n<h3><span id=\"2_La_fina_linea_entre_lo_personal_y_profesional_con_las_stories_en_LinkedIn\"><b>2. La fina l\u00ednea entre lo personal y profesional (con las stories en LinkedIn)<\/b><\/span><\/h3>\n<p>Parecido al punto anterior: \u00bfQu\u00e9 es correcto y qu\u00e9 no es correcto para publicar en LinkedIn Stories?&nbsp;<\/p>\n<p>Lo primero: no existe correcto e incorrecto. Todo depende. \u00bfDe qu\u00e9? Del&nbsp;<b>\u00e1ngulo<\/b>&nbsp;desde el que cuentas el contenido.<\/p>\n<p>Hace tiempo que creo que no existe l\u00edmite entre lo personal y lo profesional. Todo lo que nos ocurre en la empresa nos afecta en la vida\u2026 Y viceversa.<\/p>\n<p>Entonces: \u00bfPublico que he sido madre en mis stories? Bueno, quiz\u00e1s es m\u00e1s beneficioso para ti contar algo \u201crelacionado\u201d con tu empresa y servicios relacionado con este hecho.&nbsp;<\/p>\n<p>Ejemplo: \u201cEstar\u00e9 de baja unos meses porque acaba de llegar a mi vida esta preciosidad\u201d y una foto que lo ilustre<\/p>\n<p>\u00bfPublico que mi hijo se ha ido de casa? Bueno, quiz\u00e1s puedes darle un \u00e1ngulo profesional y decir que, al igual que como empresario, te emociona cuando tus trabajadores vuelan solos, ahora es tu hijo quien lo est\u00e1 haciendo.<\/p>\n<p>Estamos acostumbrados\/as a ver las stories en el contexto de redes sociales personales o privadas y, por tanto, asociamos las historias a momentos bonitos con amigos, parejas\u2026 Un contexto social y de ocio.&nbsp;<b>Es normal que llegues a LinkedIn, vayas a subir tu primera historia y te preguntes: \u00bfY ahora qu\u00e9? \u00bfQu\u00e9 puedo subir relacionado con mi trabajo?<\/b><\/p>\n<p>Mi consejo es que encuentres el \u00c1NGULO profesional a lo personal.<\/p>\n<p>En este art\u00edculo te explico c\u00f3mo publicar en LinkedIn contenido de alto impacto &gt;&gt;&gt;&nbsp;<a href=\"https:\/\/ingesaez.es\/como-publicar-en-linkedin\/\">clic aqu\u00ed<\/a>.&nbsp;<\/p>\n<p>Quiz\u00e1s te d\u00e9 alguna idea. \ud83d\ude09&nbsp;<\/p>\n<\/div>\n<\/div>\n<\/div>\n<\/div>\n<\/div>\n<\/div>\n<\/div>\n<\/div>\n<\/section>\n<section class=\"elementor-section elementor-top-section elementor-element elementor-element-02e2e0e elementor-section-boxed elementor-section-height-default elementor-section-height-default\" data-id=\"02e2e0e\" data-element_type=\"section\">\n<div class=\"elementor-container elementor-column-gap-default\">\n<div class=\"elementor-row\">\n<div class=\"elementor-column elementor-col-100 elementor-top-column elementor-element elementor-element-e7c7290\" data-id=\"e7c7290\" data-element_type=\"column\">\n<div class=\"elementor-column-wrap elementor-element-populated\">\n<div class=\"elementor-widget-wrap\">\n<div class=\"elementor-element elementor-element-cad85c5 elementor-widget elementor-widget-text-editor\" data-id=\"cad85c5\" data-element_type=\"widget\" data-widget_type=\"text-editor.default\">\n<div class=\"elementor-widget-container\">\n<div class=\"elementor-text-editor elementor-clearfix\">\n<h3><span id=\"3_La_distraccion_para_tu_cliente\"><b>3. La distracci\u00f3n para tu cliente<\/b><\/span><\/h3>\n<p>Cierto es que cuando t\u00fa publiques una historia, tus clientes lo podr\u00e1n ver f\u00e1cilmente, e incluso escribirte directamente comentando algo sobre ella, pero tambi\u00e9n tendr\u00e1n m\u00e1s distracciones.<\/p>\n<p>Adem\u00e1s,&nbsp;<strong>ahora en LinkedIn nos encontramos dos fuentes de contenido<\/strong>: el muro y las stories. O estoy leyendo el feed en el muro, o estoy \u201cviendo\u201d stories\u2026 Las dos cosas a la vez no.&nbsp;<\/p>\n<p>L\u00f3gica pura y dura: a mayor n\u00famero de herramientas para publicar y difundir contenidos, mayor ser\u00e1 la competencia con otras empresas. Ahora, habr\u00e1&nbsp; que trabajar m\u00e1s duro todav\u00eda.<\/p>\n<p>As\u00ed que es posible que nuestras actualizaciones pierdan visualizaciones porque ahora hay m\u00e1s opciones. Veremos.&nbsp;<\/p>\n<\/div>\n<\/div>\n<\/div>\n<\/div>\n<\/div>\n<\/div>\n<\/div>\n<\/div>\n<\/section>\n<section class=\"elementor-section elementor-top-section elementor-element elementor-element-eaa8698 elementor-section-boxed elementor-section-height-default elementor-section-height-default\" data-id=\"eaa8698\" data-element_type=\"section\">\n<div class=\"elementor-container elementor-column-gap-default\">\n<div class=\"elementor-row\">\n<div class=\"elementor-column elementor-col-100 elementor-top-column elementor-element elementor-element-aefe711\" data-id=\"aefe711\" data-element_type=\"column\">\n<div class=\"elementor-column-wrap elementor-element-populated\">\n<div class=\"elementor-widget-wrap\">\n<div class=\"elementor-element elementor-element-146c4ea elementor-widget elementor-widget-text-editor\" data-id=\"146c4ea\" data-element_type=\"widget\" data-widget_type=\"text-editor.default\">\n<div class=\"elementor-widget-container\">\n<div class=\"elementor-text-editor elementor-clearfix\">\n<h3><span id=\"4_La_posibilidad_de_spamear\"><b>4. La posibilidad de spamear&nbsp;<\/b><\/span><\/h3>\n<p>Hoy d\u00eda todos nos encontramos corriendo para atr\u00e1s y para delante.<\/p>\n<p>\u00bfCu\u00e1ntas veces habr\u00e1s escuchado o habr\u00e1s dicho \u201cno tengo tiempo\u201d \u201cno me da la jornada para hacer todo lo que quiero\u201d?<\/p>\n<p>Por tanto,&nbsp;<b>cuando consumimos informaci\u00f3n, es normal que queramos que merezca la pena<\/b>&nbsp;haber invertido el tiempo en leer ese art\u00edculo, ese v\u00eddeo, etc. Tiene que ser \u00fatil para nosotros.&nbsp;<\/p>\n<p>Como las stories no avisan,&nbsp;<b>ni se sabe antes de abrirlas si van a merecer la pena o no<\/b>, nos podemos encontrar con mensajes sin sentido, algunos spammers o aburrirnos hasta el infinito.<\/p>\n<\/div>\n<\/div>\n<\/div>\n<\/div>\n<\/div>\n<\/div>\n<\/div>\n<\/div>\n<\/section>\n<section class=\"elementor-section elementor-top-section elementor-element elementor-element-7ebbf78 elementor-section-boxed elementor-section-height-default elementor-section-height-default\" data-id=\"7ebbf78\" data-element_type=\"section\">\n<div class=\"elementor-container elementor-column-gap-default\">\n<div class=\"elementor-row\">\n<div class=\"elementor-column elementor-col-100 elementor-top-column elementor-element elementor-element-104dc4f\" data-id=\"104dc4f\" data-element_type=\"column\">\n<div class=\"elementor-column-wrap elementor-element-populated\">\n<div class=\"elementor-widget-wrap\">\n<div class=\"elementor-element elementor-element-867221d elementor-widget elementor-widget-text-editor\" data-id=\"867221d\" data-element_type=\"widget\" data-widget_type=\"text-editor.default\">\n<div class=\"elementor-widget-container\">\n<div class=\"elementor-text-editor elementor-clearfix\">\n<h3><span id=\"5_El_contenido_pobre_y_poco_relevante\"><b>5. El contenido pobre y poco relevante&nbsp;<\/b><\/span><\/h3>\n<p>Los profesionales recurren a LinkedIn para encontrar&nbsp;<b>informaci\u00f3n detallada y en profundidad<\/b>. Van a leer lo que a ellos les interesa y, de hecho, esto ya est\u00e1 siendo complicado porque en el news feed aparece el contenido que m\u00e1s \u201cme gustas\u201d tiene, o los \u201cme gusta\u201d de tus contactos, pero con poca informaci\u00f3n relevante o pr\u00e1ctica.&nbsp;<\/p>\n<p>Pues bien, lo que temo con la llegada de las stories es que esto empeore. Vale que pueden aumentar las conexiones y el contacto, pero es importante NO DEJAR DE LADO EL FONDO.&nbsp;<\/p>\n<p>Con la falta de contexto en una story y la sencillez para subirlas, es f\u00e1cil que lo que publiquemos sea pobre y poco relevante. \u00bfDe verdad queremos muchos contenidos simples en nuestras cuentas de LinkedIn? En mi caso, la respuesta es no. Pero esto se puede pelear.&nbsp;<\/p>\n<p>\u00a1Sigue leyendo y tendr\u00e1s todas las respuestas a estos aspectos negativos!&nbsp;<\/p>\n<\/div>\n<\/div>\n<\/div>\n<\/div>\n<\/div>\n<\/div>\n<\/div>\n<\/div>\n<\/section>\n<section class=\"elementor-section elementor-top-section elementor-element elementor-element-75fdc1c elementor-section-boxed elementor-section-height-default elementor-section-height-default\" data-id=\"75fdc1c\" data-element_type=\"section\">\n<div class=\"elementor-container elementor-column-gap-default\">\n<div class=\"elementor-row\">\n<div class=\"elementor-column elementor-col-100 elementor-top-column elementor-element elementor-element-894e98f\" data-id=\"894e98f\" data-element_type=\"column\">\n<div class=\"elementor-column-wrap elementor-element-populated\">\n<div class=\"elementor-widget-wrap\">\n<div class=\"elementor-element elementor-element-9df4c8c elementor-widget elementor-widget-text-editor\" data-id=\"9df4c8c\" data-element_type=\"widget\" data-widget_type=\"text-editor.default\">\n<div class=\"elementor-widget-container\">\n<div class=\"elementor-text-editor elementor-clearfix\">\n<h2><span id=\"Como_contrarrestamos_lo_negativo_de_las_stories_en_LinkedIn\"><b>\u00bfC\u00f3mo contrarrestamos lo negativo de las stories en LinkedIn?&nbsp;<\/b><\/span><\/h2>\n<p>&nbsp;<\/p>\n<p>B\u00e1sicamente, el problema con el que coinciden aquellos que no est\u00e1n de acuerdo con esta novedad es que las stories no encajan en la comunicaci\u00f3n de una plataforma profesional, pero ya est\u00e1n aqu\u00ed\u2026 No podemos hacer nada por evitarlo.<\/p>\n<p>Entonces, \u00bfpor qu\u00e9 no aprovecharlas teniendo lo negativo tambi\u00e9n en cuenta? Te invito a que PRUEBES.<\/p>\n<p>Nunca sabes qui\u00e9n te est\u00e1 mirando. Prueba, error. As\u00ed funcionamos. No te preocupes si a la primera no sale, es normal. Poco a poco vas a pillar el tranquillo.&nbsp;<\/p>\n<p>Si la historia no ha tenido \u00e9xito, prueba a contarla de otra manera. Hazte preguntas, reflexiona.&nbsp;<b>Invierte el tiempo que necesites en hacerlo funcionar, porque puedes.&nbsp;<\/b><\/p>\n<\/div>\n<\/div>\n<\/div>\n<\/div>\n<\/div>\n<\/div>\n<\/div>\n<\/div>\n<\/section>\n<section class=\"elementor-section elementor-top-section elementor-element elementor-element-4cff7eb elementor-section-boxed elementor-section-height-default elementor-section-height-default\" data-id=\"4cff7eb\" data-element_type=\"section\">\n<div class=\"elementor-container elementor-column-gap-default\">\n<div class=\"elementor-row\">\n<div class=\"elementor-column elementor-col-100 elementor-top-column elementor-element elementor-element-6981c37\" data-id=\"6981c37\" data-element_type=\"column\">\n<div class=\"elementor-column-wrap elementor-element-populated\">\n<div class=\"elementor-widget-wrap\">\n<div class=\"elementor-element elementor-element-8106774 elementor-widget elementor-widget-text-editor\" data-id=\"8106774\" data-element_type=\"widget\" data-widget_type=\"text-editor.default\">\n<div class=\"elementor-widget-container\">\n<div class=\"elementor-text-editor elementor-clearfix\">\n<p>Si la historia no ha tenido \u00e9xito, prueba a contarla de otra manera. Hazte preguntas, reflexiona.&nbsp;<b>Invierte el tiempo que necesites en hacerlo funcionar, porque puedes.&nbsp;<\/b><\/p>\n<p>\u00bfNecesitas un empujoncito? Aqu\u00ed te ofrezco las&nbsp;<b>claves para contrarrestar esos aspectos negativos<\/b>:<\/p>\n<ol>\n<li><b>Confusi\u00f3n<\/b>: Piensa, principalmente, \u00bfd\u00f3nde estoy? En LinkedIn, eso es. \u00bfY qu\u00e9 quiero conseguir? Que tus clientes actuales est\u00e9n satisfechos, que tus potenciales clientes te conozcan y hacer visible tu empresa y tus productos.\n<p>Entonces preg\u00fantate: \u00bfC\u00f3mo puedo complementar las stories con mi negocio? \u00bfAcaso ser\u00eda relevante que cuente qu\u00e9 he comido o puedo compartir un art\u00edculo reciente relacionado con mi sector y parecer una persona actualizada y de referencia? Preg\u00fantate y preg\u00fantate, y las respuestas saldr\u00e1n solas.<\/li>\n<li><b>La fina l\u00ednea entre lo personal y lo profesional<\/b>: \u00bfNo tienes ideas? \u00bfQu\u00e9 tal compartir algo que les lleve a tu perfil o a un post sobre tu sector? Preg\u00fantate si en un cara a cara con tu cliente le contar\u00edas aquello que vas a publicar. \u00bfLe dir\u00edas de repente que tu gato ma\u00falla cuando suena una canci\u00f3n de Pavarotti o le contar\u00edas que tu \u00faltimo producto funciona a las mil maravillas?<\/li>\n<li><b>La distracci\u00f3n para tu cliente<\/b>: La&nbsp;<b>llamada a la acci\u00f3n<\/b>&nbsp;siempre es la soluci\u00f3n. Con una llamada a la acci\u00f3n, tu cliente se sentir\u00e1 m\u00e1s predispuesto a ver qu\u00e9 ofreces. Pero cuidado, no&nbsp;estoy sugiriendo que todos los d\u00edas publiques una story con una llamada a la acci\u00f3n.\n<p>Puede ser que alg\u00fan d\u00eda no tengas mucho que decir pero que te apetezca publicar una historia para interactuar con tus contactos. Eso s\u00ed, el d\u00eda que quieras de verdad que tu cliente se interese por lo que est\u00e1s contando, prueba con eso.<\/p>\n<p>Para que lo entiendas mejor te doy un ejemplo: prueba a escribir una publicaci\u00f3n con fundamento en tu feed y da acceso a ella a trav\u00e9s de tu story. \u00a1Inv\u00edtales a leer!<\/li>\n<li><b>La posibilidad de spamear<\/b>: hay algo muy sencillo para que esto no te ocurra\u2026 NO VENDAS. En&nbsp;<strong><a href=\"https:\/\/www.linkedin.com\/school\/ingesaez\/?viewAsMember=true\">Territorio Social Selling<\/a>&nbsp;<\/strong>hablamos de no vender a todo el mundo, y mucho menos perseguir a tus posibles clientes para que compren. Eso no es elegante. La elegancia consiste en ofrecer tus servicios en el momento adecuado y s\u00f3lo de verdad a quien puedas ayudar. Por lo que las stories no son el lugar para ello.<\/li>\n<li><b>El contenido pobre y poco relevante<\/b>: para evitar esto, tienes que sacar lo mejor de ti. S\u00ed, ya s\u00e9 que es f\u00e1cil decirlo. Pero para actuar, siempre lo digo: aseg\u00farate de publicar algo que compartir\u00eda hasta tu madre. Si ella no lo compartir\u00eda, es que no va a ser viral. \ud83d\ude09\n<p>Por tanto, es importante que aquello que compartas sea \u00fatil. Y si no es \u00fatil, al menos que ayude a tus clientes a salir de su rutina. Hazles preguntas, quieres su opini\u00f3n. Hazles sentir importantes. Aunque no lo digan, te lo agradecer\u00e1n.&nbsp;<\/li>\n<\/ol>\n<hr>\n<p><img decoding=\"async\" src=\"https:\/\/teletrabajoynegocios.com\/teletrabajador\/wp-content\/uploads\/sites\/3\/2020\/07\/articulos.png\"><\/p>\n<div class=\"wp-rss-template-container\" data-wpra-template=\"default\" data-template-ctx=\"W10=\">\n    <div class=\"wp-rss-aggregator wpra-list-template  \" data-page=\"1\">\n    \n    \n<ul class=\"wpra-item-list rss-aggregator wpra-item-list--bullets wpra-item-list--default\"\n    start=\"1\">\n                        <li class=\"wpra-item feed-item \">\n            \n            \n\n    <a  href=\"https:\/\/distritoemprendedores.com\/blog\/2026\/03\/16\/hello-world\/\" target=\"_blank\" rel=\"nofollow\" class=\"\">Hello world!<\/a>\n\n\n\n\n\n\n<div class=\"wprss-feed-meta\">\n            <span class=\"feed-source\">\n            Source:\n\n                            Distrito Emprendedores\n                    <\/span>\n    \n            <span class=\"feed-date\">\n            Published on 2026-03-16\n        <\/span>\n    \n    <\/div>\n\n\n\n\n\n            \n        <\/li>\n                    <li class=\"wpra-item feed-item \">\n            \n            \n\n    <a  href=\"https:\/\/www.dropbox.com\/scl\/fi\/b6csvpbfxu24vaezmo3es\/62bed0634df20e5ef35346439fdd423f_franquicias.pdf?rlkey=mfp2795s4n89mw35l0yeu2vl5&amp;e=2&amp;st=57kabuy0&amp;dl=0#new_tab\" target=\"_blank\" rel=\"nofollow\" class=\"\">Las franquicias espa\u00f1olas duplican su presencia en mercados for\u00e1neos<\/a>\n\n\n\n\n\n\n<div class=\"wprss-feed-meta\">\n            <span class=\"feed-source\">\n            Source:\n\n                            Distrito Emprendedores\n                    <\/span>\n    \n            <span class=\"feed-date\">\n            Published on 2026-03-11\n        <\/span>\n    \n    <\/div>\n\n\n\n\n\n            \n        <\/li>\n                    <li class=\"wpra-item feed-item \">\n            \n            \n\n    <a  href=\"https:\/\/distritoemprendedores.es\/blog\/5-errores-fatales-al-internacionalizar-tu-franquicia\/\" target=\"_blank\" rel=\"nofollow\" class=\"\">5 errores fatales al internacionalizar tu franquicia<\/a>\n\n\n\n\n\n\n<div class=\"wprss-feed-meta\">\n            <span class=\"feed-source\">\n            Source:\n\n                            Distrito Emprendedores\n                    <\/span>\n    \n            <span class=\"feed-date\">\n            Published on 2026-03-10\n        <\/span>\n    \n    <\/div>\n\n\n\n\n\n            \n        <\/li>\n                    <li class=\"wpra-item feed-item \">\n            \n            \n\n    <a  href=\"https:\/\/distritoemprendedores.es\/blog\/un-nuevo-prime-time-para-las-marcas-afterwork-tardeo-y-futbol-se-consolidan-como-los-grandes-motores-del-consumo-experiencial\/\" target=\"_blank\" rel=\"nofollow\" class=\"\">Un nuevo prime time para las marcas: afterwork, tardeo y f\u00fatbol se consolidan como los grandes motores del consumo experiencial<\/a>\n\n\n\n\n\n\n<div class=\"wprss-feed-meta\">\n            <span class=\"feed-source\">\n            Source:\n\n                            Distrito Emprendedores\n                    <\/span>\n    \n            <span class=\"feed-date\">\n            Published on 2026-03-09\n        <\/span>\n    \n    <\/div>\n\n\n\n\n\n            \n        <\/li>\n                    <li class=\"wpra-item feed-item \">\n            \n            \n\n    <a  href=\"https:\/\/distritoemprendedores.es\/blog\/la-ventaja-competitiva-esta-en-entender-como-pregunta-el-consumidor\/\" target=\"_blank\" rel=\"nofollow\" class=\"\">La ventaja competitiva est\u00e1 en entender c\u00f3mo pregunta el consumidor<\/a>\n\n\n\n\n\n\n<div class=\"wprss-feed-meta\">\n            <span class=\"feed-source\">\n            Source:\n\n                            Distrito Emprendedores\n                    <\/span>\n    \n            <span class=\"feed-date\">\n            Published on 2026-03-08\n        <\/span>\n    \n    <\/div>\n\n\n\n\n\n            \n        <\/li>\n                    <li class=\"wpra-item feed-item \">\n            \n            \n\n    <a  href=\"https:\/\/distritoemprendedores.es\/blog\/solo-el-7-de-los-espanoles-cree-a-las-marcas-cuando-comunican-sus-valores-con-hechos-demostrables\/\" target=\"_blank\" rel=\"nofollow\" class=\"\">Solo el 7% de los espa\u00f1oles cree a las marcas cuando comunican sus valores con hechos demostrables<\/a>\n\n\n\n\n\n\n<div class=\"wprss-feed-meta\">\n            <span class=\"feed-source\">\n            Source:\n\n                            Distrito Emprendedores\n                    <\/span>\n    \n            <span class=\"feed-date\">\n            Published on 2026-03-07\n        <\/span>\n    \n    <\/div>\n\n\n\n\n\n            \n        <\/li>\n                    <li class=\"wpra-item feed-item \">\n            \n            \n\n    <a  href=\"https:\/\/distritoemprendedores.es\/blog\/el-38-de-las-empresas-creadas-en-2019-ha-echado-ya-el-cierre\/\" target=\"_blank\" rel=\"nofollow\" class=\"\">El 38% de las empresas creadas en 2019 ha echado ya el cierre<\/a>\n\n\n\n\n\n\n<div class=\"wprss-feed-meta\">\n            <span class=\"feed-source\">\n            Source:\n\n                            Distrito Emprendedores\n                    <\/span>\n    \n            <span class=\"feed-date\">\n            Published on 2026-03-06\n        <\/span>\n    \n    <\/div>\n\n\n\n\n\n            \n        <\/li>\n                    <li class=\"wpra-item feed-item \">\n            \n            \n\n    <a  href=\"https:\/\/distritoemprendedores.es\/blog\/descubre-las-oportunidades-y-tendencias-en-el-mercado-de-la-franquicia-para-2026\/\" target=\"_blank\" rel=\"nofollow\" class=\"\">Descubre las oportunidades y tendencias en el mercado de la franquicia para 2026<\/a>\n\n\n\n\n\n\n<div class=\"wprss-feed-meta\">\n            <span class=\"feed-source\">\n            Source:\n\n                            Distrito Emprendedores\n                    <\/span>\n    \n            <span class=\"feed-date\">\n            Published on 2026-03-05\n        <\/span>\n    \n    <\/div>\n\n\n\n\n\n            \n        <\/li>\n                    <li class=\"wpra-item feed-item \">\n            \n            \n\n    <a  href=\"https:\/\/distritoemprendedores.es\/blog\/las-startups-de-salud-mas-punteras-del-mundo\/\" target=\"_blank\" rel=\"nofollow\" class=\"\">Las startups de salud m\u00e1s punteras del mundo<\/a>\n\n\n\n\n\n\n<div class=\"wprss-feed-meta\">\n            <span class=\"feed-source\">\n            Source:\n\n                            Distrito Emprendedores\n                    <\/span>\n    \n            <span class=\"feed-date\">\n            Published on 2026-03-04\n        <\/span>\n    \n    <\/div>\n\n\n\n\n\n            \n        <\/li>\n                    <li class=\"wpra-item feed-item \">\n            \n            \n\n    <a  href=\"https:\/\/distritoemprendedores.es\/blog\/puesta-en-marcha-de-un-negocio-primeros-pasos-para-validar-vender-y-controlar-la-tesoreria\/\" target=\"_blank\" rel=\"nofollow\" class=\"\">Puesta en marcha de un negocio: primeros pasos para validar, vender y controlar la tesorer\u00eda<\/a>\n\n\n\n\n\n\n<div class=\"wprss-feed-meta\">\n            <span class=\"feed-source\">\n            Source:\n\n                            Distrito Emprendedores\n                    <\/span>\n    \n            <span class=\"feed-date\">\n            Published on 2026-03-03\n        <\/span>\n    \n    <\/div>\n\n\n\n\n\n            \n        <\/li>\n                    <li class=\"wpra-item feed-item \">\n            \n            \n\n    <a  href=\"https:\/\/distritoemprendedores.es\/blog\/6-franquicias-sin-apenas-competencia-en-el-mercado\/\" target=\"_blank\" rel=\"nofollow\" class=\"\">6 franquicias sin apenas competencia en el mercado<\/a>\n\n\n\n\n\n\n<div class=\"wprss-feed-meta\">\n            <span class=\"feed-source\">\n            Source:\n\n                            Distrito Emprendedores\n                    <\/span>\n    \n            <span class=\"feed-date\">\n            Published on 2026-03-02\n        <\/span>\n    \n    <\/div>\n\n\n\n\n\n            \n        <\/li>\n                    <li class=\"wpra-item feed-item \">\n            \n            \n\n    <a  href=\"https:\/\/digistorage.es\/links\/71d78951-a420-4f5b-8de6-7b35ae7efc1c#new_tab\" target=\"_blank\" rel=\"nofollow\" class=\"\">Los algoritmos amenazan con filtrar las confesiones realizadas al abogado<\/a>\n\n\n\n\n\n\n<div class=\"wprss-feed-meta\">\n            <span class=\"feed-source\">\n            Source:\n\n                            Distrito Emprendedores\n                    <\/span>\n    \n            <span class=\"feed-date\">\n            Published on 2026-03-01\n        <\/span>\n    \n    <\/div>\n\n\n\n\n\n            \n        <\/li>\n                    <li class=\"wpra-item feed-item \">\n            \n            \n\n    <a  href=\"https:\/\/distritoemprendedores.es\/blog\/las-startups-que-mas-innovan-en-el-mundo\/\" target=\"_blank\" rel=\"nofollow\" class=\"\">Las startups que m\u00e1s innovan en el mundo<\/a>\n\n\n\n\n\n\n<div class=\"wprss-feed-meta\">\n            <span class=\"feed-source\">\n            Source:\n\n                            Distrito Emprendedores\n                    <\/span>\n    \n            <span class=\"feed-date\">\n            Published on 2026-02-28\n        <\/span>\n    \n    <\/div>\n\n\n\n\n\n            \n        <\/li>\n                    <li class=\"wpra-item feed-item \">\n            \n            \n\n    <a  href=\"https:\/\/distritoemprendedores.es\/blog\/tiktok-genera-31-000-millones-de-euros-para-las-empresas-europeas-y-3-000-millones-en-espana\/\" target=\"_blank\" rel=\"nofollow\" class=\"\">TikTok genera 31.000 millones de euros para las empresas europeas y 3.000 millones en Espa\u00f1a<\/a>\n\n\n\n\n\n\n<div class=\"wprss-feed-meta\">\n            <span class=\"feed-source\">\n            Source:\n\n                            Distrito Emprendedores\n                    <\/span>\n    \n            <span class=\"feed-date\">\n            Published on 2026-02-27\n        <\/span>\n    \n    <\/div>\n\n\n\n\n\n            \n        <\/li>\n                    <li class=\"wpra-item feed-item \">\n            \n            \n\n    <a  href=\"https:\/\/distritoemprendedores.es\/blog\/amazon-planea-un-marketplace-para-hacer-de-puente-entre-los-publishers-y-las-empresas-de-ia\/\" target=\"_blank\" rel=\"nofollow\" class=\"\">Amazon planea un \u00abmarketplace\u00bb para hacer de puente entre los \u00abpublishers\u00bb y las empresas de IA<\/a>\n\n\n\n\n\n\n<div class=\"wprss-feed-meta\">\n            <span class=\"feed-source\">\n            Source:\n\n                            Distrito Emprendedores\n                    <\/span>\n    \n            <span class=\"feed-date\">\n            Published on 2026-02-26\n        <\/span>\n    \n    <\/div>\n\n\n\n\n\n            \n        <\/li>\n        <\/ul>\n\n        \n<\/div>\n\n<\/div>\n\n<hr>\n<\/div>\n<\/div>\n<\/div>\n<\/div>\n<\/div>\n<\/div>\n<\/div>\n<\/div>\n<\/section>\n<section class=\"elementor-section elementor-top-section elementor-element elementor-element-cdae548 elementor-section-boxed elementor-section-height-default elementor-section-height-default\" data-id=\"cdae548\" data-element_type=\"section\">\n<div class=\"elementor-container elementor-column-gap-default\">\n<div class=\"elementor-row\">\n<div class=\"elementor-column elementor-col-100 elementor-top-column elementor-element elementor-element-5741715\" data-id=\"5741715\" data-element_type=\"column\">\n<div class=\"elementor-column-wrap elementor-element-populated\">\n<div class=\"elementor-widget-wrap\">\n<div class=\"elementor-element elementor-element-5a16e58 elementor-widget elementor-widget-text-editor\" data-id=\"5a16e58\" data-element_type=\"widget\" data-widget_type=\"text-editor.default\">\n<div class=\"elementor-widget-container\">\n<div class=\"elementor-text-editor elementor-clearfix\">\n<h2><span id=\"Ejemplos_de_contenidos_para_publicar_en_las_stories_de_LinkedIn\"><b>Ejemplos de contenidos para publicar en las stories de LinkedIn<\/b><\/span><\/h2>\n<p>\u00bfSigues todav\u00eda un poco perdido\/a con respecto a qu\u00e9 publicar? No te preocupes. Aqu\u00ed te doy unas ideas para que tu paso por las stories en LinkedIn sea m\u00e1s f\u00e1cil:&nbsp;<\/p>\n<p><b>1. Preguntas y encuestas<\/b>: esto nos servir\u00e1 para obtener feedback acerca de nuestras ideas y productos. Porque, \u00bfqui\u00e9n va a darte la cr\u00edtica constructiva que m\u00e1s te interesa sino tu potencial cliente?&nbsp;<\/p>\n<p><b>2. Consejos profesionales<\/b>: un buen consejo nunca es mal recibido. Y \u00e9stos captar\u00e1n la atenci\u00f3n de tu audiencia. Por ejemplo, puedes hablar sobre alguna herramienta que utilices que sea \u00fatil para ti en el trabajo o c\u00f3mo ser un trabajador multitarea. Tus clientes lo apreciar\u00e1n y, adem\u00e1s, ver\u00e1n que eres una persona resolutiva y profesional.<\/p>\n<p><b>3. Tus aficiones<\/b>: puedes compartir qu\u00e9 libro est\u00e1s leyendo en ese momento, qu\u00e9 pel\u00edcula has visto recientemente o qu\u00e9 podcast has descubierto. Aparte de que la gente siempre agradece algo ameno que les saque de su rutina de vez en cuando, tambi\u00e9n dar\u00e1s ese toque humano que necesitas para acercarte a tu cliente.<\/p>\n<p>No es demasiado personal, pero a su vez est\u00e1s dejando que tus contactos te conozcan y, \u00bfqui\u00e9n sabe?, eso quiz\u00e1s podr\u00eda llevar a tener una conversaci\u00f3n con el potencial cliente que quer\u00edas.<\/p>\n<p>Si tu audiencia ve ese lado de ti, se sentir\u00e1n m\u00e1s cerca (y m\u00e1s c\u00f3modos) y, seguramente, ser\u00e1 m\u00e1s f\u00e1cil para ellos interactuar contigo. Muchas veces las pantallas nos hacen parecer fr\u00edos y distantes. No invitan a conectar. Ahora, en LinkedIn, eso lo podemos cambiar gracias a las historias.<\/p>\n<p><b>4. Lo \u00faltimo en tus productos y servicios<\/b>: ahora estar\u00e1s vendiendo sin quererlo. Por ejemplo, al mostrar lo \u00faltimo en tu tienda, o una actualizaci\u00f3n de tu marca, estar\u00e1s REFORZANDO TU PRODUCTO. El hecho de publicarlo en una story le dar\u00e1 un toque innovador y resaltar\u00e1.<\/p>\n<p><b>5. Preguntas y respuestas<\/b>: anima a tus clientes a preguntar sus dudas. Puedes responderlas t\u00fa o un compa\u00f1ero de trabajo. Esto fomentar\u00e1 la&nbsp;<strong>comunicaci\u00f3n directa y la interacci\u00f3n<\/strong>&nbsp;con tus clientes.<\/p>\n<p><b>6. Iniciativas y proyectos en los que est\u00e9s trabajando<\/b>: comparte los \u00faltimos progresos de las decisiones clave que tom\u00e9is. Tus clientes te considerar\u00e1n una persona activa y comprometida con su trabajo.&nbsp;<\/p>\n<p><b>7. Tu oficina en casa:<\/b>&nbsp;en estos tiempos inciertos, a todo el mundo le gusta conocer ideas para hacer de su teletrabajo algo c\u00f3modo. Aparte de agradec\u00e9rtelo, te llegar\u00e1n a conocer un poco m\u00e1s.<\/p>\n<p><b>8. \u00daltimas noticias en tu sector<\/b>: tus clientes ver\u00e1n que est\u00e1s actualizado en tu \u00e1rea.<\/p>\n<p><b>9. \u201cBehind the scenes\u201d (detr\u00e1s de las c\u00e1maras)<\/b>: siempre es interesante ver el trabajo que hay detr\u00e1s de un producto, un v\u00eddeo o una idea final. El proceso de tu trabajo aporta<\/p>\n<p><b>10. Cultura empresarial:<\/b>&nbsp;toda empresa tiene tradiciones o peque\u00f1as bromas internas. Mu\u00e9strale a tu cliente c\u00f3mo te relacionas con tus compa\u00f1eros y le har\u00e1s sentir como parte del equipo.<\/p>\n<p><b>11. Actividades de team building<\/b>: en el caso de tener un equipo, es bueno que vean que te relacionas con ellos. Eso dar\u00e1 una imagen de cohesi\u00f3n, uni\u00f3n y saber hacer. El trabajo en equipo se aprecia siempre.&nbsp;<\/p>\n<p>\u00bfQu\u00e9 te parecen las stories en LinkedIn? \u00bfTe gustan o disgustan? Cu\u00e9ntame y te leo.<\/p>\n<p><a href=\"https:\/\/ingesaez.es\/\"><em>Inge Saez<\/em><\/a><\/p>\n<\/div>\n<\/div>\n<\/div>\n<\/div>\n<\/div>\n<\/div>\n<\/div>\n<\/div>\n<\/section>\n<div id=\"telet-2986201685\" class=\"telet-despues-del-contenido telet-entity-placement\"><a target=\"_blank\" href=\"\/\/aff.lucushost.com\/resources\/click\/?n=gDxoXMAJ&aff=756\"><img decoding=\"async\" border=\"0\" alt=\"LucusHost, el mejor hosting\" src=\"\/\/aff.lucushost.com\/resources\/banners\/?zoneid=5123&n=gDxoXMAJ&aff=756\" \/><\/a><\/div>","protected":false},"excerpt":{"rendered":"<p>LAS STORIES EN LINKEDIN SON LO MEJOR\u2026. \u00bfO no?&nbsp; Lo que est\u00e1 claro es que son lo m\u00e1s llamativo de las novedades de 2020. Al igual que Instagram o Facebook,&hellip; <\/p>\n","protected":false},"author":1,"featured_media":595,"comment_status":"open","ping_status":"open","sticky":false,"template":"","format":"standard","meta":{"_jetpack_memberships_contains_paid_content":false,"footnotes":"","_links_to":"","_links_to_target":""},"categories":[11],"tags":[15,14],"class_list":["post-2678","post","type-post","status-publish","format-standard","has-post-thumbnail","hentry","category-redes-sociales","tag-fuprisa","tag-jose-manuel-fuentes-prieto"],"nelio_content":{"autoShareEndMode":"never","automationSources":{"useCustomSentences":false,"customSentences":[]},"efiAlt":"","efiUrl":"","followers":[1],"highlights":[],"isAutoShareEnabled":true,"networkImageIds":[],"permalinkQueryArgs":[],"series":[],"suggestedReferences":[]},"jetpack_featured_media_url":"https:\/\/teletrabajoynegocios.com\/telesecretarias\/wp-content\/uploads\/sites\/2\/2020\/02\/teletrabajadora1.jpg","jetpack_sharing_enabled":true,"_links":{"self":[{"href":"https:\/\/teletrabajoynegocios.com\/telesecretarias\/wp-json\/wp\/v2\/posts\/2678","targetHints":{"allow":["GET"]}}],"collection":[{"href":"https:\/\/teletrabajoynegocios.com\/telesecretarias\/wp-json\/wp\/v2\/posts"}],"about":[{"href":"https:\/\/teletrabajoynegocios.com\/telesecretarias\/wp-json\/wp\/v2\/types\/post"}],"author":[{"embeddable":true,"href":"https:\/\/teletrabajoynegocios.com\/telesecretarias\/wp-json\/wp\/v2\/users\/1"}],"replies":[{"embeddable":true,"href":"https:\/\/teletrabajoynegocios.com\/telesecretarias\/wp-json\/wp\/v2\/comments?post=2678"}],"version-history":[{"count":1,"href":"https:\/\/teletrabajoynegocios.com\/telesecretarias\/wp-json\/wp\/v2\/posts\/2678\/revisions"}],"predecessor-version":[{"id":2679,"href":"https:\/\/teletrabajoynegocios.com\/telesecretarias\/wp-json\/wp\/v2\/posts\/2678\/revisions\/2679"}],"wp:featuredmedia":[{"embeddable":true,"href":"https:\/\/teletrabajoynegocios.com\/telesecretarias\/wp-json\/wp\/v2\/media\/595"}],"wp:attachment":[{"href":"https:\/\/teletrabajoynegocios.com\/telesecretarias\/wp-json\/wp\/v2\/media?parent=2678"}],"wp:term":[{"taxonomy":"category","embeddable":true,"href":"https:\/\/teletrabajoynegocios.com\/telesecretarias\/wp-json\/wp\/v2\/categories?post=2678"},{"taxonomy":"post_tag","embeddable":true,"href":"https:\/\/teletrabajoynegocios.com\/telesecretarias\/wp-json\/wp\/v2\/tags?post=2678"}],"curies":[{"name":"wp","href":"https:\/\/api.w.org\/{rel}","templated":true}]}}