{"id":2692,"date":"2020-12-15T11:08:51","date_gmt":"2020-12-15T10:08:51","guid":{"rendered":"https:\/\/teletrabajoynegocios.com\/telesecretarias\/?p=2692"},"modified":"2021-01-08T14:04:06","modified_gmt":"2021-01-08T13:04:06","slug":"como-y-por-que-deshabilitar-aplicaciones-que-cargan-de-inicio-en-windows-10","status":"publish","type":"post","link":"https:\/\/teletrabajoynegocios.com\/telesecretarias\/como-y-por-que-deshabilitar-aplicaciones-que-cargan-de-inicio-en-windows-10\/","title":{"rendered":"C\u00f3mo, y por qu\u00e9, deshabilitar aplicaciones que cargan de inicio en Windows 10"},"content":{"rendered":"<div id=\"telet-3368573737\" class=\"telet-antes-del-contenido telet-entity-placement\"><a href=\"https:\/\/quaderno.io\/?via=jose-manuel94\" aria-label=\"Quaderno General (Spanish) &#8211; 728&#215;90\"><img loading=\"lazy\" decoding=\"async\" src=\"https:\/\/teletrabajoynegocios.com\/telesecretarias\/wp-content\/uploads\/sites\/2\/2020\/11\/Quaderno-General-Spanish-728x90-1.png\" alt=\"\"  srcset=\"https:\/\/teletrabajoynegocios.com\/telesecretarias\/wp-content\/uploads\/sites\/2\/2020\/11\/Quaderno-General-Spanish-728x90-1.png 728w, https:\/\/teletrabajoynegocios.com\/telesecretarias\/wp-content\/uploads\/sites\/2\/2020\/11\/Quaderno-General-Spanish-728x90-1-300x37.png 300w\" sizes=\"(max-width: 728px) 100vw, 728px\" width=\"728\" height=\"90\"   \/><\/a><\/div><p>Las aplicaciones que cargan de inicio pueden acabar siendo&nbsp;<strong>un problema importante en&nbsp;<a href=\"https:\/\/www.muypymes.com\/?s=windows+10\" target=\"_blank\" rel=\"noopener noreferrer\">Windows 10<\/a><\/strong>, sobre todo cuando estamos utilizando un equipo que tiene recursos limitados. En este art\u00edculo vamos a ver qu\u00e9 son exactamente este tipo de aplicaciones, por qu\u00e9 pueden tener un impacto negativo y qu\u00e9 debemos hacer para deshabilitarlas.<\/p>\n<p>Bien, empezamos por el principio. Las aplicaciones que cargan de inicio son aquellas que durante el proceso de instalaci\u00f3n&nbsp;<strong>han sido configuradas autom\u00e1ticamente para cargar desde el momento en el que arrancamos el equipo.<\/strong>&nbsp;Estas aplicaciones se inician con el arranque del equipo, y quedan abiertas en segundo plano consumiendo recursos del sistema. En muchos casos, podemos verlas listadas en la bandeja del sistema (barra de tareas).<\/p>\n<hr>\n<p><img decoding=\"async\" src=\"https:\/\/teletrabajoynegocios.com\/teletrabajador\/wp-content\/uploads\/sites\/3\/2020\/07\/articulos.png\"><\/p>\n<div class=\"wp-rss-template-container\" data-wpra-template=\"default\" data-template-ctx=\"W10=\">\n    <div class=\"wp-rss-aggregator wpra-list-template  \" data-page=\"1\">\n    \n    \n<ul class=\"wpra-item-list rss-aggregator wpra-item-list--bullets wpra-item-list--default\"\n    start=\"1\">\n                        <li class=\"wpra-item feed-item \">\n            \n            \n\n    <a  href=\"https:\/\/distritoemprendedores.com\/blog\/2026\/03\/16\/hello-world\/\" target=\"_blank\" rel=\"nofollow\" class=\"\">Hello world!<\/a>\n\n\n\n\n\n\n<div class=\"wprss-feed-meta\">\n            <span class=\"feed-source\">\n            Source:\n\n                            Distrito Emprendedores\n                    <\/span>\n    \n            <span class=\"feed-date\">\n            Published on 2026-03-16\n        <\/span>\n    \n    <\/div>\n\n\n\n\n\n            \n        <\/li>\n                    <li class=\"wpra-item feed-item \">\n            \n            \n\n    <a  href=\"https:\/\/www.dropbox.com\/scl\/fi\/b6csvpbfxu24vaezmo3es\/62bed0634df20e5ef35346439fdd423f_franquicias.pdf?rlkey=mfp2795s4n89mw35l0yeu2vl5&amp;e=2&amp;st=57kabuy0&amp;dl=0#new_tab\" target=\"_blank\" rel=\"nofollow\" class=\"\">Las franquicias espa\u00f1olas duplican su presencia en mercados for\u00e1neos<\/a>\n\n\n\n\n\n\n<div class=\"wprss-feed-meta\">\n            <span class=\"feed-source\">\n            Source:\n\n                            Distrito Emprendedores\n                    <\/span>\n    \n            <span class=\"feed-date\">\n            Published on 2026-03-11\n        <\/span>\n    \n    <\/div>\n\n\n\n\n\n            \n        <\/li>\n                    <li class=\"wpra-item feed-item \">\n            \n            \n\n    <a  href=\"https:\/\/distritoemprendedores.es\/blog\/5-errores-fatales-al-internacionalizar-tu-franquicia\/\" target=\"_blank\" rel=\"nofollow\" class=\"\">5 errores fatales al internacionalizar tu franquicia<\/a>\n\n\n\n\n\n\n<div class=\"wprss-feed-meta\">\n            <span class=\"feed-source\">\n            Source:\n\n                            Distrito Emprendedores\n                    <\/span>\n    \n            <span class=\"feed-date\">\n            Published on 2026-03-10\n        <\/span>\n    \n    <\/div>\n\n\n\n\n\n            \n        <\/li>\n                    <li class=\"wpra-item feed-item \">\n            \n            \n\n    <a  href=\"https:\/\/distritoemprendedores.es\/blog\/un-nuevo-prime-time-para-las-marcas-afterwork-tardeo-y-futbol-se-consolidan-como-los-grandes-motores-del-consumo-experiencial\/\" target=\"_blank\" rel=\"nofollow\" class=\"\">Un nuevo prime time para las marcas: afterwork, tardeo y f\u00fatbol se consolidan como los grandes motores del consumo experiencial<\/a>\n\n\n\n\n\n\n<div class=\"wprss-feed-meta\">\n            <span class=\"feed-source\">\n            Source:\n\n                            Distrito Emprendedores\n                    <\/span>\n    \n            <span class=\"feed-date\">\n            Published on 2026-03-09\n        <\/span>\n    \n    <\/div>\n\n\n\n\n\n            \n        <\/li>\n                    <li class=\"wpra-item feed-item \">\n            \n            \n\n    <a  href=\"https:\/\/distritoemprendedores.es\/blog\/la-ventaja-competitiva-esta-en-entender-como-pregunta-el-consumidor\/\" target=\"_blank\" rel=\"nofollow\" class=\"\">La ventaja competitiva est\u00e1 en entender c\u00f3mo pregunta el consumidor<\/a>\n\n\n\n\n\n\n<div class=\"wprss-feed-meta\">\n            <span class=\"feed-source\">\n            Source:\n\n                            Distrito Emprendedores\n                    <\/span>\n    \n            <span class=\"feed-date\">\n            Published on 2026-03-08\n        <\/span>\n    \n    <\/div>\n\n\n\n\n\n            \n        <\/li>\n                    <li class=\"wpra-item feed-item \">\n            \n            \n\n    <a  href=\"https:\/\/distritoemprendedores.es\/blog\/solo-el-7-de-los-espanoles-cree-a-las-marcas-cuando-comunican-sus-valores-con-hechos-demostrables\/\" target=\"_blank\" rel=\"nofollow\" class=\"\">Solo el 7% de los espa\u00f1oles cree a las marcas cuando comunican sus valores con hechos demostrables<\/a>\n\n\n\n\n\n\n<div class=\"wprss-feed-meta\">\n            <span class=\"feed-source\">\n            Source:\n\n                            Distrito Emprendedores\n                    <\/span>\n    \n            <span class=\"feed-date\">\n            Published on 2026-03-07\n        <\/span>\n    \n    <\/div>\n\n\n\n\n\n            \n        <\/li>\n                    <li class=\"wpra-item feed-item \">\n            \n            \n\n    <a  href=\"https:\/\/distritoemprendedores.es\/blog\/el-38-de-las-empresas-creadas-en-2019-ha-echado-ya-el-cierre\/\" target=\"_blank\" rel=\"nofollow\" class=\"\">El 38% de las empresas creadas en 2019 ha echado ya el cierre<\/a>\n\n\n\n\n\n\n<div class=\"wprss-feed-meta\">\n            <span class=\"feed-source\">\n            Source:\n\n                            Distrito Emprendedores\n                    <\/span>\n    \n            <span class=\"feed-date\">\n            Published on 2026-03-06\n        <\/span>\n    \n    <\/div>\n\n\n\n\n\n            \n        <\/li>\n                    <li class=\"wpra-item feed-item \">\n            \n            \n\n    <a  href=\"https:\/\/distritoemprendedores.es\/blog\/descubre-las-oportunidades-y-tendencias-en-el-mercado-de-la-franquicia-para-2026\/\" target=\"_blank\" rel=\"nofollow\" class=\"\">Descubre las oportunidades y tendencias en el mercado de la franquicia para 2026<\/a>\n\n\n\n\n\n\n<div class=\"wprss-feed-meta\">\n            <span class=\"feed-source\">\n            Source:\n\n                            Distrito Emprendedores\n                    <\/span>\n    \n            <span class=\"feed-date\">\n            Published on 2026-03-05\n        <\/span>\n    \n    <\/div>\n\n\n\n\n\n            \n        <\/li>\n                    <li class=\"wpra-item feed-item \">\n            \n            \n\n    <a  href=\"https:\/\/distritoemprendedores.es\/blog\/las-startups-de-salud-mas-punteras-del-mundo\/\" target=\"_blank\" rel=\"nofollow\" class=\"\">Las startups de salud m\u00e1s punteras del mundo<\/a>\n\n\n\n\n\n\n<div class=\"wprss-feed-meta\">\n            <span class=\"feed-source\">\n            Source:\n\n                            Distrito Emprendedores\n                    <\/span>\n    \n            <span class=\"feed-date\">\n            Published on 2026-03-04\n        <\/span>\n    \n    <\/div>\n\n\n\n\n\n            \n        <\/li>\n                    <li class=\"wpra-item feed-item \">\n            \n            \n\n    <a  href=\"https:\/\/distritoemprendedores.es\/blog\/puesta-en-marcha-de-un-negocio-primeros-pasos-para-validar-vender-y-controlar-la-tesoreria\/\" target=\"_blank\" rel=\"nofollow\" class=\"\">Puesta en marcha de un negocio: primeros pasos para validar, vender y controlar la tesorer\u00eda<\/a>\n\n\n\n\n\n\n<div class=\"wprss-feed-meta\">\n            <span class=\"feed-source\">\n            Source:\n\n                            Distrito Emprendedores\n                    <\/span>\n    \n            <span class=\"feed-date\">\n            Published on 2026-03-03\n        <\/span>\n    \n    <\/div>\n\n\n\n\n\n            \n        <\/li>\n                    <li class=\"wpra-item feed-item \">\n            \n            \n\n    <a  href=\"https:\/\/distritoemprendedores.es\/blog\/6-franquicias-sin-apenas-competencia-en-el-mercado\/\" target=\"_blank\" rel=\"nofollow\" class=\"\">6 franquicias sin apenas competencia en el mercado<\/a>\n\n\n\n\n\n\n<div class=\"wprss-feed-meta\">\n            <span class=\"feed-source\">\n            Source:\n\n                            Distrito Emprendedores\n                    <\/span>\n    \n            <span class=\"feed-date\">\n            Published on 2026-03-02\n        <\/span>\n    \n    <\/div>\n\n\n\n\n\n            \n        <\/li>\n                    <li class=\"wpra-item feed-item \">\n            \n            \n\n    <a  href=\"https:\/\/digistorage.es\/links\/71d78951-a420-4f5b-8de6-7b35ae7efc1c#new_tab\" target=\"_blank\" rel=\"nofollow\" class=\"\">Los algoritmos amenazan con filtrar las confesiones realizadas al abogado<\/a>\n\n\n\n\n\n\n<div class=\"wprss-feed-meta\">\n            <span class=\"feed-source\">\n            Source:\n\n                            Distrito Emprendedores\n                    <\/span>\n    \n            <span class=\"feed-date\">\n            Published on 2026-03-01\n        <\/span>\n    \n    <\/div>\n\n\n\n\n\n            \n        <\/li>\n                    <li class=\"wpra-item feed-item \">\n            \n            \n\n    <a  href=\"https:\/\/distritoemprendedores.es\/blog\/las-startups-que-mas-innovan-en-el-mundo\/\" target=\"_blank\" rel=\"nofollow\" class=\"\">Las startups que m\u00e1s innovan en el mundo<\/a>\n\n\n\n\n\n\n<div class=\"wprss-feed-meta\">\n            <span class=\"feed-source\">\n            Source:\n\n                            Distrito Emprendedores\n                    <\/span>\n    \n            <span class=\"feed-date\">\n            Published on 2026-02-28\n        <\/span>\n    \n    <\/div>\n\n\n\n\n\n            \n        <\/li>\n                    <li class=\"wpra-item feed-item \">\n            \n            \n\n    <a  href=\"https:\/\/distritoemprendedores.es\/blog\/tiktok-genera-31-000-millones-de-euros-para-las-empresas-europeas-y-3-000-millones-en-espana\/\" target=\"_blank\" rel=\"nofollow\" class=\"\">TikTok genera 31.000 millones de euros para las empresas europeas y 3.000 millones en Espa\u00f1a<\/a>\n\n\n\n\n\n\n<div class=\"wprss-feed-meta\">\n            <span class=\"feed-source\">\n            Source:\n\n                            Distrito Emprendedores\n                    <\/span>\n    \n            <span class=\"feed-date\">\n            Published on 2026-02-27\n        <\/span>\n    \n    <\/div>\n\n\n\n\n\n            \n        <\/li>\n                    <li class=\"wpra-item feed-item \">\n            \n            \n\n    <a  href=\"https:\/\/distritoemprendedores.es\/blog\/amazon-planea-un-marketplace-para-hacer-de-puente-entre-los-publishers-y-las-empresas-de-ia\/\" target=\"_blank\" rel=\"nofollow\" class=\"\">Amazon planea un \u00abmarketplace\u00bb para hacer de puente entre los \u00abpublishers\u00bb y las empresas de IA<\/a>\n\n\n\n\n\n\n<div class=\"wprss-feed-meta\">\n            <span class=\"feed-source\">\n            Source:\n\n                            Distrito Emprendedores\n                    <\/span>\n    \n            <span class=\"feed-date\">\n            Published on 2026-02-26\n        <\/span>\n    \n    <\/div>\n\n\n\n\n\n            \n        <\/li>\n        <\/ul>\n\n        \n<\/div>\n\n<\/div>\n\n<hr>\n<p>Son un problema porque&nbsp;<strong>consumen recursos del equipo<\/strong>, como&nbsp;<a href=\"https:\/\/www.muypymes.com\/2019\/08\/20\/memoria-ram-en-equipos-profesionales-cosas-que-debes-saber\" target=\"_blank\" rel=\"noopener noreferrer\">memoria RAM<\/a>&nbsp;y, en algunos casos, ancho de banda y CPU, y hacen que los tiempos de inicio sean m\u00e1s largos. Si las cerramos directamente desde la bandeja del sistema no las habremos deshabilitado, es decir, volver\u00e1n a iniciarse cuando apaguemos y encendamos el equipo de nuevo. Para deshabilitarlas de forma definitiva y evitar que vuelvan a iniciarse cuando encendamos el equipo debemos seguir estos pasos:<\/p>\n<ul>\n<li>Pulsa la tecla Windows y escribe&nbsp;<strong>\u00ab<a href=\"https:\/\/www.muycomputer.com\/2016\/02\/19\/administrador-de-tareas-windows-10\/\" target=\"_blank\" rel=\"noopener noreferrer\">Administrador de Tareas<\/a>\u00bb.<\/strong><\/li>\n<li>Ahora entra en la<strong>&nbsp;pesta\u00f1a \u00abInicio\u00bb<\/strong>, haz clic derecho de rat\u00f3n en los programas que quieras deshabilitar y listo.<\/li>\n<li>Puedes<strong>&nbsp;volver a habilitarlos en cualquier momento<\/strong>&nbsp;repitiendo este proceso.<\/li>\n<li>Los programas que cargan de inicio pueden tener un impacto<strong>&nbsp;bajo, medio o alto<\/strong>&nbsp;en el tiempo de arranque, y algunos pueden aparecer como<strong>&nbsp;\u00abno medido\u00bb.<\/strong><\/li>\n<\/ul>\n<p>Para conseguir los mejores resultados te recomiendo que busques y que deshabilites aquellas aplicaciones que tengan un mayor consumo de recursos, es decir, que aparezcan catalogadas como de<strong>&nbsp;impacto alto.<\/strong><\/p>\n<p>Las aplicaciones que cargan de inicio tambi\u00e9n pueden generar&nbsp;<strong>un consumo elevado de energ\u00eda<\/strong>, algo que puede ser importante si trabajas desde un port\u00e1til y necesitas apurar al m\u00e1ximo la vida de la bater\u00eda.<\/p>\n<p><a title=\"\" href=\"https:\/\/www.muypymes.com\/author\/isidro-ros\">Isidro Ros<\/a><\/p>\n<div id=\"telet-2382622364\" class=\"telet-despues-del-contenido telet-entity-placement\"><a target=\"_blank\" href=\"\/\/aff.lucushost.com\/resources\/click\/?n=gDxoXMAJ&aff=756\"><img decoding=\"async\" border=\"0\" alt=\"LucusHost, el mejor hosting\" src=\"\/\/aff.lucushost.com\/resources\/banners\/?zoneid=5123&n=gDxoXMAJ&aff=756\" \/><\/a><\/div>","protected":false},"excerpt":{"rendered":"<p>Las aplicaciones que cargan de inicio pueden acabar siendo&nbsp;un problema importante en&nbsp;Windows 10, sobre todo cuando estamos utilizando un equipo que tiene recursos limitados. En este art\u00edculo vamos a ver&hellip; <\/p>\n","protected":false},"author":1,"featured_media":2693,"comment_status":"open","ping_status":"open","sticky":false,"template":"","format":"standard","meta":{"_jetpack_memberships_contains_paid_content":false,"footnotes":"","_links_to":"","_links_to_target":""},"categories":[9],"tags":[15,14],"class_list":["post-2692","post","type-post","status-publish","format-standard","has-post-thumbnail","hentry","category-ofimatica","tag-fuprisa","tag-jose-manuel-fuentes-prieto"],"nelio_content":{"autoShareEndMode":"never","automationSources":{"useCustomSentences":false,"customSentences":[]},"efiAlt":"","efiUrl":"","followers":[1],"highlights":[],"isAutoShareEnabled":true,"networkImageIds":[],"permalinkQueryArgs":[],"series":[],"suggestedReferences":[]},"jetpack_featured_media_url":"https:\/\/teletrabajoynegocios.com\/telesecretarias\/wp-content\/uploads\/sites\/2\/2020\/12\/windows10.jpg","jetpack_sharing_enabled":true,"_links":{"self":[{"href":"https:\/\/teletrabajoynegocios.com\/telesecretarias\/wp-json\/wp\/v2\/posts\/2692","targetHints":{"allow":["GET"]}}],"collection":[{"href":"https:\/\/teletrabajoynegocios.com\/telesecretarias\/wp-json\/wp\/v2\/posts"}],"about":[{"href":"https:\/\/teletrabajoynegocios.com\/telesecretarias\/wp-json\/wp\/v2\/types\/post"}],"author":[{"embeddable":true,"href":"https:\/\/teletrabajoynegocios.com\/telesecretarias\/wp-json\/wp\/v2\/users\/1"}],"replies":[{"embeddable":true,"href":"https:\/\/teletrabajoynegocios.com\/telesecretarias\/wp-json\/wp\/v2\/comments?post=2692"}],"version-history":[{"count":2,"href":"https:\/\/teletrabajoynegocios.com\/telesecretarias\/wp-json\/wp\/v2\/posts\/2692\/revisions"}],"predecessor-version":[{"id":2697,"href":"https:\/\/teletrabajoynegocios.com\/telesecretarias\/wp-json\/wp\/v2\/posts\/2692\/revisions\/2697"}],"wp:featuredmedia":[{"embeddable":true,"href":"https:\/\/teletrabajoynegocios.com\/telesecretarias\/wp-json\/wp\/v2\/media\/2693"}],"wp:attachment":[{"href":"https:\/\/teletrabajoynegocios.com\/telesecretarias\/wp-json\/wp\/v2\/media?parent=2692"}],"wp:term":[{"taxonomy":"category","embeddable":true,"href":"https:\/\/teletrabajoynegocios.com\/telesecretarias\/wp-json\/wp\/v2\/categories?post=2692"},{"taxonomy":"post_tag","embeddable":true,"href":"https:\/\/teletrabajoynegocios.com\/telesecretarias\/wp-json\/wp\/v2\/tags?post=2692"}],"curies":[{"name":"wp","href":"https:\/\/api.w.org\/{rel}","templated":true}]}}