{"id":2714,"date":"2020-12-16T13:03:59","date_gmt":"2020-12-16T12:03:59","guid":{"rendered":"https:\/\/teletrabajoynegocios.com\/telesecretarias\/?p=2714"},"modified":"2020-12-14T13:07:40","modified_gmt":"2020-12-14T12:07:40","slug":"quien-utiliza-mas-el-ordenador-en-casa-la-brecha-digital-de-genero-en-espana","status":"publish","type":"post","link":"https:\/\/teletrabajoynegocios.com\/telesecretarias\/quien-utiliza-mas-el-ordenador-en-casa-la-brecha-digital-de-genero-en-espana\/","title":{"rendered":"\u00bfQui\u00e9n utiliza m\u00e1s el ordenador en casa? La brecha digital de g\u00e9nero en Espa\u00f1a"},"content":{"rendered":"<div id=\"telet-3583275684\" class=\"telet-antes-del-contenido telet-entity-placement\"><a href=\"https:\/\/quaderno.io\/?via=jose-manuel94\" aria-label=\"Quaderno General (Spanish) &#8211; 728&#215;90\"><img loading=\"lazy\" decoding=\"async\" src=\"https:\/\/teletrabajoynegocios.com\/telesecretarias\/wp-content\/uploads\/sites\/2\/2020\/11\/Quaderno-General-Spanish-728x90-1.png\" alt=\"\"  srcset=\"https:\/\/teletrabajoynegocios.com\/telesecretarias\/wp-content\/uploads\/sites\/2\/2020\/11\/Quaderno-General-Spanish-728x90-1.png 728w, https:\/\/teletrabajoynegocios.com\/telesecretarias\/wp-content\/uploads\/sites\/2\/2020\/11\/Quaderno-General-Spanish-728x90-1-300x37.png 300w\" sizes=\"(max-width: 728px) 100vw, 728px\" width=\"728\" height=\"90\"   \/><\/a><\/div><div class=\"entry-headline\">\n<p>Las redes sociales han cambiado el mundo y la forma de relacionarnos condicionando nuestras vidas en todos los sentidos. En el terreno del feminismo en Espa\u00f1a, nos encontramos con la brecha digital como una de las variables m\u00e1s decisivas.<\/p>\n<\/div>\n<div class=\"entry-content\">\n<p>La lucha por la igualdad de g\u00e9nero en la red choca con la realidad de un acceso muy desigual a la tecnolog\u00eda, que afecta especialmente a las mujeres.<\/p>\n<p>Existen numerosos portales o webs, foros, chats, servicios de informaci\u00f3n que contienen noticias y distintos documentos que intentan cubrir las opciones informativas de y para las mujeres en Internet desde diversos puntos de vista. Para beneficiarse de ello es imprescindible que la poblaci\u00f3n tenga ciertos conocimientos tecnol\u00f3gicos que permitan alzar la voz en internet, independientemente del sexo. Pero, en este sentido, como indica Cecilia Casta\u00f1o, catedr\u00e1tica y experta en Tecnolog\u00eda de la Informaci\u00f3n, la&nbsp;<a href=\"https:\/\/dialnet.unirioja.es\/servlet\/articulo?codigo=2768167\" target=\"_blank\" rel=\"nofollow noopener\">dedicaci\u00f3n al entorno familiar<\/a>, por parte de las mujeres, y la falta de tiempo para introducirse en la tecnolog\u00eda acent\u00faa la brecha digital ya existente en nuestro pa\u00eds.<\/p>\n<h2>Del conocimiento a las habilidades<\/h2>\n<p>La primera de las brechas digitales, la del conocimiento, tiene que ver con las diferencias de acceso de hombres y mujeres a internet. Tiene tambi\u00e9n un claro componente generacional y educativo, y viene acompa\u00f1ada de la segunda brecha digital, la de las habilidades, necesarias para vivir y trabajar en sociedades donde la alfabetizaci\u00f3n digital es primordial.<\/p>\n<p>Analizando la brecha digital desde la perspectiva s\u00f3lo de la alfabetizaci\u00f3n, es decir, saber leer y escribir, comprobamos que en Espa\u00f1a siguen existiendo personas sin acceso a la educaci\u00f3n. Esta circunstancia condiciona las siguientes brechas, como indica la periodista y creadora del Feminismo social Montserrat Boix en el libro&nbsp;<a href=\"https:\/\/publicaciones.ua.es\/es\/catalogo\/ciberfeminismo-en-espana-discurso-teorico-y-practicas-digitales\/978-84-1302-030-3\" target=\"_blank\" rel=\"nofollow noopener\"><em>Ciberfeminismo en Espa\u00f1a: Discurso te\u00f3rico y pr\u00e1cticas digitales<\/em><\/a>, en el que est\u00e1 basado este art\u00edculo. La alfabetizaci\u00f3n de la poblaci\u00f3n es un primer objetivo, en el que podemos descubrir que \u201ctiene que ver con generaciones y situaciones econ\u00f3micas, y no tanto con el hecho de ser mujeres\u201d.<\/p>\n<h2>Zonas geogr\u00e1ficas sin acceso<\/h2>\n<p>Observa Boix que, en ciertas partes de la geograf\u00eda espa\u00f1ola, hay dificultades para acceder a internet. Esto hace dif\u00edcil la formaci\u00f3n en las zonas rurales, puesto que dependen de las comunidades y gobiernos, y tambi\u00e9n de las estrategias relacionadas con la Sociedad de la Informaci\u00f3n del gobierno de cada comunidad.<\/p>\n<p>La brecha digital est\u00e1 muy presente en nuestras entrevistas y condiciona el activismo en la red. Por eso, de acuerdo con los expertos Mart\u00ednez Su\u00e1rez y Berm\u00fadez Rey es necesario incidir en&nbsp;<a href=\"https:\/\/www.eduso.net\/res\/pdf\/14\/brecha_res_14.pdf\" target=\"_blank\" rel=\"nofollow noopener\">la brecha de g\u00e9nero<\/a>: no s\u00f3lo por la desigualdad de acceso de la mujer a los \u00f3rganos e instituciones de mayor representaci\u00f3n en la red, o el n\u00famero de mujeres formadas en Tecnolog\u00edas de la Informaci\u00f3n y la Comunicaci\u00f3n (TIC), entre otros, sino porque la red se convierte en otra estructura m\u00e1s de dominaci\u00f3n masculina habi\u00e9ndose detectado incluso un problema m\u00e1s en relaci\u00f3n al&nbsp;<a href=\"https:\/\/dialnet.unirioja.es\/servlet\/libro?codigo=59410\" target=\"_blank\" rel=\"nofollow noopener\">ciberacoso<\/a>&nbsp;y al sexting.<\/p>\n<hr>\n<p><img decoding=\"async\" src=\"https:\/\/teletrabajoynegocios.com\/teletrabajador\/wp-content\/uploads\/sites\/3\/2020\/07\/articulos.png\"><\/p>\n<div class=\"wp-rss-template-container\" data-wpra-template=\"default\" data-template-ctx=\"W10=\">\n    <div class=\"wp-rss-aggregator wpra-list-template  \" data-page=\"1\">\n    \n    \n<ul class=\"wpra-item-list rss-aggregator wpra-item-list--bullets wpra-item-list--default\"\n    start=\"1\">\n                        <li class=\"wpra-item feed-item \">\n            \n            \n\n    <a  href=\"https:\/\/distritoemprendedores.com\/blog\/2026\/03\/16\/hello-world\/\" target=\"_blank\" rel=\"nofollow\" class=\"\">Hello world!<\/a>\n\n\n\n\n\n\n<div class=\"wprss-feed-meta\">\n            <span class=\"feed-source\">\n            Source:\n\n                            Distrito Emprendedores\n                    <\/span>\n    \n            <span class=\"feed-date\">\n            Published on 2026-03-16\n        <\/span>\n    \n    <\/div>\n\n\n\n\n\n            \n        <\/li>\n                    <li class=\"wpra-item feed-item \">\n            \n            \n\n    <a  href=\"https:\/\/www.dropbox.com\/scl\/fi\/b6csvpbfxu24vaezmo3es\/62bed0634df20e5ef35346439fdd423f_franquicias.pdf?rlkey=mfp2795s4n89mw35l0yeu2vl5&amp;e=2&amp;st=57kabuy0&amp;dl=0#new_tab\" target=\"_blank\" rel=\"nofollow\" class=\"\">Las franquicias espa\u00f1olas duplican su presencia en mercados for\u00e1neos<\/a>\n\n\n\n\n\n\n<div class=\"wprss-feed-meta\">\n            <span class=\"feed-source\">\n            Source:\n\n                            Distrito Emprendedores\n                    <\/span>\n    \n            <span class=\"feed-date\">\n            Published on 2026-03-11\n        <\/span>\n    \n    <\/div>\n\n\n\n\n\n            \n        <\/li>\n                    <li class=\"wpra-item feed-item \">\n            \n            \n\n    <a  href=\"https:\/\/distritoemprendedores.es\/blog\/5-errores-fatales-al-internacionalizar-tu-franquicia\/\" target=\"_blank\" rel=\"nofollow\" class=\"\">5 errores fatales al internacionalizar tu franquicia<\/a>\n\n\n\n\n\n\n<div class=\"wprss-feed-meta\">\n            <span class=\"feed-source\">\n            Source:\n\n                            Distrito Emprendedores\n                    <\/span>\n    \n            <span class=\"feed-date\">\n            Published on 2026-03-10\n        <\/span>\n    \n    <\/div>\n\n\n\n\n\n            \n        <\/li>\n                    <li class=\"wpra-item feed-item \">\n            \n            \n\n    <a  href=\"https:\/\/distritoemprendedores.es\/blog\/un-nuevo-prime-time-para-las-marcas-afterwork-tardeo-y-futbol-se-consolidan-como-los-grandes-motores-del-consumo-experiencial\/\" target=\"_blank\" rel=\"nofollow\" class=\"\">Un nuevo prime time para las marcas: afterwork, tardeo y f\u00fatbol se consolidan como los grandes motores del consumo experiencial<\/a>\n\n\n\n\n\n\n<div class=\"wprss-feed-meta\">\n            <span class=\"feed-source\">\n            Source:\n\n                            Distrito Emprendedores\n                    <\/span>\n    \n            <span class=\"feed-date\">\n            Published on 2026-03-09\n        <\/span>\n    \n    <\/div>\n\n\n\n\n\n            \n        <\/li>\n                    <li class=\"wpra-item feed-item \">\n            \n            \n\n    <a  href=\"https:\/\/distritoemprendedores.es\/blog\/la-ventaja-competitiva-esta-en-entender-como-pregunta-el-consumidor\/\" target=\"_blank\" rel=\"nofollow\" class=\"\">La ventaja competitiva est\u00e1 en entender c\u00f3mo pregunta el consumidor<\/a>\n\n\n\n\n\n\n<div class=\"wprss-feed-meta\">\n            <span class=\"feed-source\">\n            Source:\n\n                            Distrito Emprendedores\n                    <\/span>\n    \n            <span class=\"feed-date\">\n            Published on 2026-03-08\n        <\/span>\n    \n    <\/div>\n\n\n\n\n\n            \n        <\/li>\n                    <li class=\"wpra-item feed-item \">\n            \n            \n\n    <a  href=\"https:\/\/distritoemprendedores.es\/blog\/solo-el-7-de-los-espanoles-cree-a-las-marcas-cuando-comunican-sus-valores-con-hechos-demostrables\/\" target=\"_blank\" rel=\"nofollow\" class=\"\">Solo el 7% de los espa\u00f1oles cree a las marcas cuando comunican sus valores con hechos demostrables<\/a>\n\n\n\n\n\n\n<div class=\"wprss-feed-meta\">\n            <span class=\"feed-source\">\n            Source:\n\n                            Distrito Emprendedores\n                    <\/span>\n    \n            <span class=\"feed-date\">\n            Published on 2026-03-07\n        <\/span>\n    \n    <\/div>\n\n\n\n\n\n            \n        <\/li>\n                    <li class=\"wpra-item feed-item \">\n            \n            \n\n    <a  href=\"https:\/\/distritoemprendedores.es\/blog\/el-38-de-las-empresas-creadas-en-2019-ha-echado-ya-el-cierre\/\" target=\"_blank\" rel=\"nofollow\" class=\"\">El 38% de las empresas creadas en 2019 ha echado ya el cierre<\/a>\n\n\n\n\n\n\n<div class=\"wprss-feed-meta\">\n            <span class=\"feed-source\">\n            Source:\n\n                            Distrito Emprendedores\n                    <\/span>\n    \n            <span class=\"feed-date\">\n            Published on 2026-03-06\n        <\/span>\n    \n    <\/div>\n\n\n\n\n\n            \n        <\/li>\n                    <li class=\"wpra-item feed-item \">\n            \n            \n\n    <a  href=\"https:\/\/distritoemprendedores.es\/blog\/descubre-las-oportunidades-y-tendencias-en-el-mercado-de-la-franquicia-para-2026\/\" target=\"_blank\" rel=\"nofollow\" class=\"\">Descubre las oportunidades y tendencias en el mercado de la franquicia para 2026<\/a>\n\n\n\n\n\n\n<div class=\"wprss-feed-meta\">\n            <span class=\"feed-source\">\n            Source:\n\n                            Distrito Emprendedores\n                    <\/span>\n    \n            <span class=\"feed-date\">\n            Published on 2026-03-05\n        <\/span>\n    \n    <\/div>\n\n\n\n\n\n            \n        <\/li>\n                    <li class=\"wpra-item feed-item \">\n            \n            \n\n    <a  href=\"https:\/\/distritoemprendedores.es\/blog\/las-startups-de-salud-mas-punteras-del-mundo\/\" target=\"_blank\" rel=\"nofollow\" class=\"\">Las startups de salud m\u00e1s punteras del mundo<\/a>\n\n\n\n\n\n\n<div class=\"wprss-feed-meta\">\n            <span class=\"feed-source\">\n            Source:\n\n                            Distrito Emprendedores\n                    <\/span>\n    \n            <span class=\"feed-date\">\n            Published on 2026-03-04\n        <\/span>\n    \n    <\/div>\n\n\n\n\n\n            \n        <\/li>\n                    <li class=\"wpra-item feed-item \">\n            \n            \n\n    <a  href=\"https:\/\/distritoemprendedores.es\/blog\/puesta-en-marcha-de-un-negocio-primeros-pasos-para-validar-vender-y-controlar-la-tesoreria\/\" target=\"_blank\" rel=\"nofollow\" class=\"\">Puesta en marcha de un negocio: primeros pasos para validar, vender y controlar la tesorer\u00eda<\/a>\n\n\n\n\n\n\n<div class=\"wprss-feed-meta\">\n            <span class=\"feed-source\">\n            Source:\n\n                            Distrito Emprendedores\n                    <\/span>\n    \n            <span class=\"feed-date\">\n            Published on 2026-03-03\n        <\/span>\n    \n    <\/div>\n\n\n\n\n\n            \n        <\/li>\n                    <li class=\"wpra-item feed-item \">\n            \n            \n\n    <a  href=\"https:\/\/distritoemprendedores.es\/blog\/6-franquicias-sin-apenas-competencia-en-el-mercado\/\" target=\"_blank\" rel=\"nofollow\" class=\"\">6 franquicias sin apenas competencia en el mercado<\/a>\n\n\n\n\n\n\n<div class=\"wprss-feed-meta\">\n            <span class=\"feed-source\">\n            Source:\n\n                            Distrito Emprendedores\n                    <\/span>\n    \n            <span class=\"feed-date\">\n            Published on 2026-03-02\n        <\/span>\n    \n    <\/div>\n\n\n\n\n\n            \n        <\/li>\n                    <li class=\"wpra-item feed-item \">\n            \n            \n\n    <a  href=\"https:\/\/digistorage.es\/links\/71d78951-a420-4f5b-8de6-7b35ae7efc1c#new_tab\" target=\"_blank\" rel=\"nofollow\" class=\"\">Los algoritmos amenazan con filtrar las confesiones realizadas al abogado<\/a>\n\n\n\n\n\n\n<div class=\"wprss-feed-meta\">\n            <span class=\"feed-source\">\n            Source:\n\n                            Distrito Emprendedores\n                    <\/span>\n    \n            <span class=\"feed-date\">\n            Published on 2026-03-01\n        <\/span>\n    \n    <\/div>\n\n\n\n\n\n            \n        <\/li>\n                    <li class=\"wpra-item feed-item \">\n            \n            \n\n    <a  href=\"https:\/\/distritoemprendedores.es\/blog\/las-startups-que-mas-innovan-en-el-mundo\/\" target=\"_blank\" rel=\"nofollow\" class=\"\">Las startups que m\u00e1s innovan en el mundo<\/a>\n\n\n\n\n\n\n<div class=\"wprss-feed-meta\">\n            <span class=\"feed-source\">\n            Source:\n\n                            Distrito Emprendedores\n                    <\/span>\n    \n            <span class=\"feed-date\">\n            Published on 2026-02-28\n        <\/span>\n    \n    <\/div>\n\n\n\n\n\n            \n        <\/li>\n                    <li class=\"wpra-item feed-item \">\n            \n            \n\n    <a  href=\"https:\/\/distritoemprendedores.es\/blog\/tiktok-genera-31-000-millones-de-euros-para-las-empresas-europeas-y-3-000-millones-en-espana\/\" target=\"_blank\" rel=\"nofollow\" class=\"\">TikTok genera 31.000 millones de euros para las empresas europeas y 3.000 millones en Espa\u00f1a<\/a>\n\n\n\n\n\n\n<div class=\"wprss-feed-meta\">\n            <span class=\"feed-source\">\n            Source:\n\n                            Distrito Emprendedores\n                    <\/span>\n    \n            <span class=\"feed-date\">\n            Published on 2026-02-27\n        <\/span>\n    \n    <\/div>\n\n\n\n\n\n            \n        <\/li>\n                    <li class=\"wpra-item feed-item \">\n            \n            \n\n    <a  href=\"https:\/\/distritoemprendedores.es\/blog\/amazon-planea-un-marketplace-para-hacer-de-puente-entre-los-publishers-y-las-empresas-de-ia\/\" target=\"_blank\" rel=\"nofollow\" class=\"\">Amazon planea un \u00abmarketplace\u00bb para hacer de puente entre los \u00abpublishers\u00bb y las empresas de IA<\/a>\n\n\n\n\n\n\n<div class=\"wprss-feed-meta\">\n            <span class=\"feed-source\">\n            Source:\n\n                            Distrito Emprendedores\n                    <\/span>\n    \n            <span class=\"feed-date\">\n            Published on 2026-02-26\n        <\/span>\n    \n    <\/div>\n\n\n\n\n\n            \n        <\/li>\n        <\/ul>\n\n        \n<\/div>\n\n<\/div>\n\n<hr>\n<h2>La brecha de habilidades<\/h2>\n<p>En una sociedad caracterizada por la difusi\u00f3n masiva de las TIC, donde el acceso y uso de ordenadores e internet, y especialmente las habilidades digitales, se convierten en estrat\u00e9gicas para la ciudadan\u00eda y para el conjunto del sistema,&nbsp;<a href=\"https:\/\/dialnet.unirioja.es\/servlet\/autor?codigo=334882\" target=\"_blank\" rel=\"nofollow noopener\">Fern\u00e1ndez del Moral<\/a><br \/>\nse plantea en qu\u00e9 consistir\u00eda una tercera brecha. El autor precisa que se trata de la separaci\u00f3n entre el conocimiento experto, el que m\u00e1s y mejor nos acerca a la verdad de las cosas, y el conocimiento social, que circula por internet y en el que indefectiblemente terminan la mayor parte de los internautas vengan de donde vengan y se dirijan a d\u00f3nde se dirijan.<\/p>\n<p>Es decir, seg\u00fan Fern\u00e1ndez del Moral, las redes sociales no dejan de presentar los mismos inconvenientes que presentaba en su d\u00eda la propia sociedad en red, la que impone la existencia de los n\u00f3dulos o nudos donde est\u00e1 todo el mundo y de los agujeros o huecos donde no hay nadie.<\/p>\n<h2>De lectoras a creadoras de contenido<\/h2>\n<p>En las entrevistas realizadas en&nbsp;<a href=\"http:\/\/rua.ua.es\/dspace\/handle\/10045\/110543\" target=\"_blank\" rel=\"nofollow noopener\">nuestra investigaci\u00f3n<\/a>, los distintos puntos de vista sobre la situaci\u00f3n de las mujeres e internet en Espa\u00f1a alcanzan conclusiones similares: Ana Mart\u00ednez Collado, doctora especializada en estudios de g\u00e9nero, resalta que \u201cmientras la desigualdad de g\u00e9nero exista siempre seremos una minor\u00eda\u201d.<\/p>\n<p>Ana Navarrete, artista y docente, cree que si las mujeres no tienen una gran predicaci\u00f3n en el mundo de las tecnolog\u00edas y las industrias tecnol\u00f3gicas y visuales, la raz\u00f3n no es que no est\u00e9n capacitadas, \u201ces porque hay una estructura muy compleja para que una mujer ascienda puestos dentro de esas industrias\u201d.<\/p>\n<p>Sostiene Mart\u00ednez Collado que la brecha digital existe porque lo verdaderamente significativo es que la poblaci\u00f3n femenina realmente participe, que su contenido sea una fuente de informaci\u00f3n y de difusi\u00f3n para que se lleve a cabo el verdadero empoderamiento.<\/p>\n<p>La catedr\u00e1tica Cecilia Casta\u00f1o se muestra un tanto esc\u00e9ptica ante el empoderamiento ciberfeminista porque \u201clas tecnolog\u00edas de la informaci\u00f3n avanzan muy r\u00e1pido, las mujeres vamos llegando a todo, pero cuando llegamos, la frontera ya se ha desplazado m\u00e1s all\u00e1, los hombres est\u00e1n all\u00ed pero nosotras no\u201d.<\/p>\n<p>En este asunto Angustias Bertomeu, experta en desarrollos de software con perspectiva de g\u00e9nero y alfabetizaci\u00f3n TIC, aporta otro punto de vista enfocado al contenido en la red: los contenidos existentes en internet est\u00e1n muy masculinizados. Las mujeres no producimos contenidos propios, no los subimos o se suben muy poco y eso resta visibilidad y perspectiva feminista. \u201cLa brecha implica la falta de informaci\u00f3n, la falta de formaci\u00f3n, la falta de acceso a oportunidades, pero adem\u00e1s es que, como no produces, tu punto de vista no aparece\u201d.<\/p>\n<p>A juicio de Bertomeu, parte de la poblaci\u00f3n \u201cest\u00e1 fuera de la Sociedad de la Informaci\u00f3n y eso es un lastre important\u00edsimo\u201d. Y sugiere la autora la responsabilidad del sistema patriarcal en este reparto desigual del dinero, el acceso, la influencia, y el poder. \u201cEl problema est\u00e1 mucho m\u00e1s arriba, al margen de lo cotidiano, que es que si hay un hombre en una casa parece que el ordenador es suyo\u201d.<\/p>\n<p>La brecha digital se reducir\u00eda, pues, si las organizaciones pol\u00edticas se involucrasen en la ayuda para acabar con la desigualdad, incluyendo formaci\u00f3n TIC en sus programas e integrando en los proyectos que se financian las repercusiones de g\u00e9nero.<\/p>\n<p><a href=\"https:\/\/theconversation.com\/profiles\/rocio-gago-gelado-1166752\" target=\"_blank\" rel=\"nofollow noopener\">Roc\u00edo Gago Gelado<\/a>, Profesora del grado de Comunicaci\u00f3n audiovisual.,&nbsp;<em><a href=\"https:\/\/theconversation.com\/institutions\/universidad-nebrija-3497\" target=\"_blank\" rel=\"nofollow noopener\">Universidad Nebrija<\/a><\/em><\/p>\n<p>Este art\u00edculo fue publicado originalmente en&nbsp;<a href=\"https:\/\/theconversation.com\/\" target=\"_blank\" rel=\"nofollow noopener\">The Conversation<\/a>. Lea el&nbsp;<a href=\"https:\/\/theconversation.com\/quien-utiliza-mas-el-ordenador-en-casa-la-brecha-digital-de-genero-en-espana-148072\" target=\"_blank\" rel=\"nofollow noopener\">original<\/a>.<\/p>\n<\/div>\n<div id=\"telet-109572956\" class=\"telet-despues-del-contenido telet-entity-placement\"><a target=\"_blank\" href=\"\/\/aff.lucushost.com\/resources\/click\/?n=gDxoXMAJ&aff=756\"><img decoding=\"async\" border=\"0\" alt=\"LucusHost, el mejor hosting\" src=\"\/\/aff.lucushost.com\/resources\/banners\/?zoneid=5123&n=gDxoXMAJ&aff=756\" \/><\/a><\/div>","protected":false},"excerpt":{"rendered":"<p>Las redes sociales han cambiado el mundo y la forma de relacionarnos condicionando nuestras vidas en todos los sentidos. En el terreno del feminismo en Espa\u00f1a, nos encontramos con la&hellip; <\/p>\n","protected":false},"author":1,"featured_media":2715,"comment_status":"open","ping_status":"open","sticky":false,"template":"","format":"standard","meta":{"_jetpack_memberships_contains_paid_content":false,"footnotes":"","_links_to":"","_links_to_target":""},"categories":[5],"tags":[15,14],"class_list":["post-2714","post","type-post","status-publish","format-standard","has-post-thumbnail","hentry","category-conciliacion","tag-fuprisa","tag-jose-manuel-fuentes-prieto"],"nelio_content":{"autoShareEndMode":"never","automationSources":{"useCustomSentences":false,"customSentences":[]},"efiAlt":"","efiUrl":"","followers":[1],"highlights":[],"isAutoShareEnabled":true,"networkImageIds":[],"permalinkQueryArgs":[],"series":[],"suggestedReferences":[]},"jetpack_featured_media_url":"https:\/\/teletrabajoynegocios.com\/telesecretarias\/wp-content\/uploads\/sites\/2\/2020\/12\/brecha-genero-espana.jpg","jetpack_sharing_enabled":true,"_links":{"self":[{"href":"https:\/\/teletrabajoynegocios.com\/telesecretarias\/wp-json\/wp\/v2\/posts\/2714","targetHints":{"allow":["GET"]}}],"collection":[{"href":"https:\/\/teletrabajoynegocios.com\/telesecretarias\/wp-json\/wp\/v2\/posts"}],"about":[{"href":"https:\/\/teletrabajoynegocios.com\/telesecretarias\/wp-json\/wp\/v2\/types\/post"}],"author":[{"embeddable":true,"href":"https:\/\/teletrabajoynegocios.com\/telesecretarias\/wp-json\/wp\/v2\/users\/1"}],"replies":[{"embeddable":true,"href":"https:\/\/teletrabajoynegocios.com\/telesecretarias\/wp-json\/wp\/v2\/comments?post=2714"}],"version-history":[{"count":1,"href":"https:\/\/teletrabajoynegocios.com\/telesecretarias\/wp-json\/wp\/v2\/posts\/2714\/revisions"}],"predecessor-version":[{"id":2716,"href":"https:\/\/teletrabajoynegocios.com\/telesecretarias\/wp-json\/wp\/v2\/posts\/2714\/revisions\/2716"}],"wp:featuredmedia":[{"embeddable":true,"href":"https:\/\/teletrabajoynegocios.com\/telesecretarias\/wp-json\/wp\/v2\/media\/2715"}],"wp:attachment":[{"href":"https:\/\/teletrabajoynegocios.com\/telesecretarias\/wp-json\/wp\/v2\/media?parent=2714"}],"wp:term":[{"taxonomy":"category","embeddable":true,"href":"https:\/\/teletrabajoynegocios.com\/telesecretarias\/wp-json\/wp\/v2\/categories?post=2714"},{"taxonomy":"post_tag","embeddable":true,"href":"https:\/\/teletrabajoynegocios.com\/telesecretarias\/wp-json\/wp\/v2\/tags?post=2714"}],"curies":[{"name":"wp","href":"https:\/\/api.w.org\/{rel}","templated":true}]}}